{"id":34476,"date":"2024-11-19T18:51:03","date_gmt":"2024-11-20T00:51:03","guid":{"rendered":"https:\/\/diarioabcdemichoacan.com.mx\/lasnoticias\/?p=34476"},"modified":"2024-11-19T18:51:03","modified_gmt":"2024-11-20T00:51:03","slug":"se-registra-accidente-de-motocicleta-en-patzcuaro-mujer-queda-herida","status":"publish","type":"post","link":"https:\/\/diarioabcdemichoacan.com.mx\/lasnoticias\/se-registra-accidente-de-motocicleta-en-patzcuaro-mujer-queda-herida\/","title":{"rendered":"Se registra accidente de motocicleta en P\u00e1tzcuaro; mujer queda herida"},"content":{"rendered":"<ul>\n<li>La afectada fue auxiliada por personal del CRUM.<\/li>\n<\/ul>\n<p><em>Por: Juan Manuel \u00c1lvarez.<\/em><\/p>\n<hr \/>\n<p>P\u00e1tzcuaro, Michoac\u00e1n.- Una mujer result\u00f3 lesionada tras sufrir un accidente de motocicleta en la cabecera municipal de P\u00e1tzcuaro, informaron fuentes allegadas a las autoridades policiales y de rescate.<\/p>\n<p>El percance ocurri\u00f3 la tarde de este martes sobre la avenida L\u00e1zaro C\u00e1rdenas, en la colonia Centro, justo a la altura del sitio conocido como El Jorongo.<\/p>\n<p>Unas personas reportaron la situaci\u00f3n al n\u00famero de emergencias, despu\u00e9s se presentaron param\u00e9dicos del Centro Regulador de Urgencias M\u00e9dicas (CRUM), quienes auxiliaron a la susodicha y la canalizaron a un hospital para su adecuada valoraci\u00f3n m\u00e9dica.<\/p>\n<p>Trascendi\u00f3 que la paciente responde al nombre de Jimena del Roc\u00edo, de aproximadamente 33 a\u00f1os de edad, quien sufri\u00f3 una aparente fractura de tobillo derecho. Agentes de Tr\u00e1nsito se encargaron del peritaje correspondiente y el motociclo siniestrado fue retirado de la vialidad.<\/p>\n","protected":false},"excerpt":{"rendered":"<p>La afectada fue auxiliada por personal del CRUM. Por: Juan Manuel \u00c1lvarez. P\u00e1tzcuaro, Michoac\u00e1n.- Una mujer result\u00f3 lesionada tras sufrir un accidente de motocicleta en la cabecera municipal de P\u00e1tzcuaro, informaron fuentes allegadas a las autoridades policiales y de rescate. El percance ocurri\u00f3 la tarde de este martes sobre la avenida L\u00e1zaro C\u00e1rdenas, en la [&hellip;]<\/p>\n","protected":false},"author":8,"featured_media":34477,"comment_status":"closed","ping_status":"closed","sticky":false,"template":"","format":"standard","meta":{"footnotes":""},"categories":[10,25],"tags":[],"class_list":{"0":"post-34476","1":"post","2":"type-post","3":"status-publish","4":"format-standard","5":"has-post-thumbnail","7":"category-estado","8":"category-seguridad"},"yoast_head":"<!-- This site is optimized with the Yoast SEO plugin v24.0 - https:\/\/yoast.com\/wordpress\/plugins\/seo\/ -->\n<title>Se registra accidente de motocicleta en P\u00e1tzcuaro; mujer queda herida - Diario ABC de Michoac\u00e1n<\/title>\n<meta name=\"robots\" content=\"index, follow, max-snippet:-1, max-image-preview:large, max-video-preview:-1\" \/>\n<link rel=\"canonical\" href=\"https:\/\/diarioabcdemichoacan.com.mx\/lasnoticias\/se-registra-accidente-de-motocicleta-en-patzcuaro-mujer-queda-herida\/\" \/>\n<meta property=\"og:locale\" content=\"es_ES\" \/>\n<meta property=\"og:type\" content=\"article\" \/>\n<meta property=\"og:title\" content=\"Se registra accidente de motocicleta en P\u00e1tzcuaro; mujer queda herida - Diario ABC de Michoac\u00e1n\" \/>\n<meta property=\"og:description\" content=\"La afectada fue auxiliada por personal del CRUM. Por: Juan Manuel \u00c1lvarez. P\u00e1tzcuaro, Michoac\u00e1n.- Una mujer result\u00f3 lesionada tras sufrir un accidente de motocicleta en la cabecera municipal de P\u00e1tzcuaro, informaron fuentes allegadas a las autoridades policiales y de rescate. El percance ocurri\u00f3 la tarde de este martes sobre la avenida L\u00e1zaro C\u00e1rdenas, en la [&hellip;]\" \/>\n<meta property=\"og:url\" content=\"https:\/\/diarioabcdemichoacan.com.mx\/lasnoticias\/se-registra-accidente-de-motocicleta-en-patzcuaro-mujer-queda-herida\/\" \/>\n<meta property=\"og:site_name\" content=\"Diario ABC de Michoac\u00e1n\" \/>\n<meta property=\"article:published_time\" content=\"2024-11-20T00:51:03+00:00\" \/>\n<meta property=\"og:image\" content=\"https:\/\/diarioabcdemichoacan.com.mx\/lasnoticias\/wp-content\/uploads\/2024\/11\/WhatsApp-Image-2024-11-19-at-18.48.12.jpeg\" \/>\n\t<meta property=\"og:image:width\" content=\"800\" \/>\n\t<meta property=\"og:image:height\" content=\"360\" \/>\n\t<meta property=\"og:image:type\" content=\"image\/jpeg\" \/>\n<meta name=\"author\" content=\"MD\" \/>\n<meta name=\"twitter:card\" content=\"summary_large_image\" \/>\n<meta name=\"twitter:label1\" content=\"Escrito por\" \/>\n\t<meta name=\"twitter:data1\" content=\"MD\" \/>\n\t<meta name=\"twitter:label2\" content=\"Tiempo de lectura\" \/>\n\t<meta name=\"twitter:data2\" content=\"1 minuto\" \/>\n<script type=\"application\/ld+json\" class=\"yoast-schema-graph\">{\"@context\":\"https:\/\/schema.org\",\"@graph\":[{\"@type\":\"WebPage\",\"@id\":\"https:\/\/diarioabcdemichoacan.com.mx\/lasnoticias\/se-registra-accidente-de-motocicleta-en-patzcuaro-mujer-queda-herida\/\",\"url\":\"https:\/\/diarioabcdemichoacan.com.mx\/lasnoticias\/se-registra-accidente-de-motocicleta-en-patzcuaro-mujer-queda-herida\/\",\"name\":\"Se registra accidente de motocicleta en P\u00e1tzcuaro; mujer queda herida - Diario ABC de Michoac\u00e1n\",\"isPartOf\":{\"@id\":\"https:\/\/diarioabcdemichoacan.com.mx\/lasnoticias\/#website\"},\"primaryImageOfPage\":{\"@id\":\"https:\/\/diarioabcdemichoacan.com.mx\/lasnoticias\/se-registra-accidente-de-motocicleta-en-patzcuaro-mujer-queda-herida\/#primaryimage\"},\"image\":{\"@id\":\"https:\/\/diarioabcdemichoacan.com.mx\/lasnoticias\/se-registra-accidente-de-motocicleta-en-patzcuaro-mujer-queda-herida\/#primaryimage\"},\"thumbnailUrl\":\"https:\/\/diarioabcdemichoacan.com.mx\/lasnoticias\/wp-content\/uploads\/2024\/11\/WhatsApp-Image-2024-11-19-at-18.48.12.jpeg\",\"datePublished\":\"2024-11-20T00:51:03+00:00\",\"dateModified\":\"2024-11-20T00:51:03+00:00\",\"author\":{\"@id\":\"https:\/\/diarioabcdemichoacan.com.mx\/lasnoticias\/#\/schema\/person\/657e7c20ff5297f317664d985712e8e8\"},\"breadcrumb\":{\"@id\":\"https:\/\/diarioabcdemichoacan.com.mx\/lasnoticias\/se-registra-accidente-de-motocicleta-en-patzcuaro-mujer-queda-herida\/#breadcrumb\"},\"inLanguage\":\"es\",\"potentialAction\":[{\"@type\":\"ReadAction\",\"target\":[\"https:\/\/diarioabcdemichoacan.com.mx\/lasnoticias\/se-registra-accidente-de-motocicleta-en-patzcuaro-mujer-queda-herida\/\"]}]},{\"@type\":\"ImageObject\",\"inLanguage\":\"es\",\"@id\":\"https:\/\/diarioabcdemichoacan.com.mx\/lasnoticias\/se-registra-accidente-de-motocicleta-en-patzcuaro-mujer-queda-herida\/#primaryimage\",\"url\":\"https:\/\/diarioabcdemichoacan.com.mx\/lasnoticias\/wp-content\/uploads\/2024\/11\/WhatsApp-Image-2024-11-19-at-18.48.12.jpeg\",\"contentUrl\":\"https:\/\/diarioabcdemichoacan.com.mx\/lasnoticias\/wp-content\/uploads\/2024\/11\/WhatsApp-Image-2024-11-19-at-18.48.12.jpeg\",\"width\":800,\"height\":360},{\"@type\":\"BreadcrumbList\",\"@id\":\"https:\/\/diarioabcdemichoacan.com.mx\/lasnoticias\/se-registra-accidente-de-motocicleta-en-patzcuaro-mujer-queda-herida\/#breadcrumb\",\"itemListElement\":[{\"@type\":\"ListItem\",\"position\":1,\"name\":\"Portada\",\"item\":\"https:\/\/diarioabcdemichoacan.com.mx\/lasnoticias\/\"},{\"@type\":\"ListItem\",\"position\":2,\"name\":\"Se registra accidente de motocicleta en P\u00e1tzcuaro; mujer queda herida\"}]},{\"@type\":\"WebSite\",\"@id\":\"https:\/\/diarioabcdemichoacan.com.mx\/lasnoticias\/#website\",\"url\":\"https:\/\/diarioabcdemichoacan.com.mx\/lasnoticias\/\",\"name\":\"Diario ABC de Michoac\u00e1n\",\"description\":\"Las noticias al momento\",\"potentialAction\":[{\"@type\":\"SearchAction\",\"target\":{\"@type\":\"EntryPoint\",\"urlTemplate\":\"https:\/\/diarioabcdemichoacan.com.mx\/lasnoticias\/?s={search_term_string}\"},\"query-input\":{\"@type\":\"PropertyValueSpecification\",\"valueRequired\":true,\"valueName\":\"search_term_string\"}}],\"inLanguage\":\"es\"},{\"@type\":\"Person\",\"@id\":\"https:\/\/diarioabcdemichoacan.com.mx\/lasnoticias\/#\/schema\/person\/657e7c20ff5297f317664d985712e8e8\",\"name\":\"MD\",\"image\":{\"@type\":\"ImageObject\",\"inLanguage\":\"es\",\"@id\":\"https:\/\/diarioabcdemichoacan.com.mx\/lasnoticias\/#\/schema\/person\/image\/\",\"url\":\"https:\/\/secure.gravatar.com\/avatar\/a769375eedc94419a5b67bc5d63567af?s=96&d=mm&r=g\",\"contentUrl\":\"https:\/\/secure.gravatar.com\/avatar\/a769375eedc94419a5b67bc5d63567af?s=96&d=mm&r=g\",\"caption\":\"MD\"},\"url\":\"https:\/\/diarioabcdemichoacan.com.mx\/lasnoticias\/author\/merelydpa\/\"}]}<\/script>\n<!-- \/ Yoast SEO plugin. -->","yoast_head_json":{"title":"Se registra accidente de motocicleta en P\u00e1tzcuaro; mujer queda herida - Diario ABC de Michoac\u00e1n","robots":{"index":"index","follow":"follow","max-snippet":"max-snippet:-1","max-image-preview":"max-image-preview:large","max-video-preview":"max-video-preview:-1"},"canonical":"https:\/\/diarioabcdemichoacan.com.mx\/lasnoticias\/se-registra-accidente-de-motocicleta-en-patzcuaro-mujer-queda-herida\/","og_locale":"es_ES","og_type":"article","og_title":"Se registra accidente de motocicleta en P\u00e1tzcuaro; mujer queda herida - Diario ABC de Michoac\u00e1n","og_description":"La afectada fue auxiliada por personal del CRUM. Por: Juan Manuel \u00c1lvarez. P\u00e1tzcuaro, Michoac\u00e1n.- Una mujer result\u00f3 lesionada tras sufrir un accidente de motocicleta en la cabecera municipal de P\u00e1tzcuaro, informaron fuentes allegadas a las autoridades policiales y de rescate. El percance ocurri\u00f3 la tarde de este martes sobre la avenida L\u00e1zaro C\u00e1rdenas, en la [&hellip;]","og_url":"https:\/\/diarioabcdemichoacan.com.mx\/lasnoticias\/se-registra-accidente-de-motocicleta-en-patzcuaro-mujer-queda-herida\/","og_site_name":"Diario ABC de Michoac\u00e1n","article_published_time":"2024-11-20T00:51:03+00:00","og_image":[{"width":800,"height":360,"url":"https:\/\/diarioabcdemichoacan.com.mx\/lasnoticias\/wp-content\/uploads\/2024\/11\/WhatsApp-Image-2024-11-19-at-18.48.12.jpeg","type":"image\/jpeg"}],"author":"MD","twitter_card":"summary_large_image","twitter_misc":{"Escrito por":"MD","Tiempo de lectura":"1 minuto"},"schema":{"@context":"https:\/\/schema.org","@graph":[{"@type":"WebPage","@id":"https:\/\/diarioabcdemichoacan.com.mx\/lasnoticias\/se-registra-accidente-de-motocicleta-en-patzcuaro-mujer-queda-herida\/","url":"https:\/\/diarioabcdemichoacan.com.mx\/lasnoticias\/se-registra-accidente-de-motocicleta-en-patzcuaro-mujer-queda-herida\/","name":"Se registra accidente de motocicleta en P\u00e1tzcuaro; mujer queda herida - Diario ABC de Michoac\u00e1n","isPartOf":{"@id":"https:\/\/diarioabcdemichoacan.com.mx\/lasnoticias\/#website"},"primaryImageOfPage":{"@id":"https:\/\/diarioabcdemichoacan.com.mx\/lasnoticias\/se-registra-accidente-de-motocicleta-en-patzcuaro-mujer-queda-herida\/#primaryimage"},"image":{"@id":"https:\/\/diarioabcdemichoacan.com.mx\/lasnoticias\/se-registra-accidente-de-motocicleta-en-patzcuaro-mujer-queda-herida\/#primaryimage"},"thumbnailUrl":"https:\/\/diarioabcdemichoacan.com.mx\/lasnoticias\/wp-content\/uploads\/2024\/11\/WhatsApp-Image-2024-11-19-at-18.48.12.jpeg","datePublished":"2024-11-20T00:51:03+00:00","dateModified":"2024-11-20T00:51:03+00:00","author":{"@id":"https:\/\/diarioabcdemichoacan.com.mx\/lasnoticias\/#\/schema\/person\/657e7c20ff5297f317664d985712e8e8"},"breadcrumb":{"@id":"https:\/\/diarioabcdemichoacan.com.mx\/lasnoticias\/se-registra-accidente-de-motocicleta-en-patzcuaro-mujer-queda-herida\/#breadcrumb"},"inLanguage":"es","potentialAction":[{"@type":"ReadAction","target":["https:\/\/diarioabcdemichoacan.com.mx\/lasnoticias\/se-registra-accidente-de-motocicleta-en-patzcuaro-mujer-queda-herida\/"]}]},{"@type":"ImageObject","inLanguage":"es","@id":"https:\/\/diarioabcdemichoacan.com.mx\/lasnoticias\/se-registra-accidente-de-motocicleta-en-patzcuaro-mujer-queda-herida\/#primaryimage","url":"https:\/\/diarioabcdemichoacan.com.mx\/lasnoticias\/wp-content\/uploads\/2024\/11\/WhatsApp-Image-2024-11-19-at-18.48.12.jpeg","contentUrl":"https:\/\/diarioabcdemichoacan.com.mx\/lasnoticias\/wp-content\/uploads\/2024\/11\/WhatsApp-Image-2024-11-19-at-18.48.12.jpeg","width":800,"height":360},{"@type":"BreadcrumbList","@id":"https:\/\/diarioabcdemichoacan.com.mx\/lasnoticias\/se-registra-accidente-de-motocicleta-en-patzcuaro-mujer-queda-herida\/#breadcrumb","itemListElement":[{"@type":"ListItem","position":1,"name":"Portada","item":"https:\/\/diarioabcdemichoacan.com.mx\/lasnoticias\/"},{"@type":"ListItem","position":2,"name":"Se registra accidente de motocicleta en P\u00e1tzcuaro; mujer queda herida"}]},{"@type":"WebSite","@id":"https:\/\/diarioabcdemichoacan.com.mx\/lasnoticias\/#website","url":"https:\/\/diarioabcdemichoacan.com.mx\/lasnoticias\/","name":"Diario ABC de Michoac\u00e1n","description":"Las noticias al momento","potentialAction":[{"@type":"SearchAction","target":{"@type":"EntryPoint","urlTemplate":"https:\/\/diarioabcdemichoacan.com.mx\/lasnoticias\/?s={search_term_string}"},"query-input":{"@type":"PropertyValueSpecification","valueRequired":true,"valueName":"search_term_string"}}],"inLanguage":"es"},{"@type":"Person","@id":"https:\/\/diarioabcdemichoacan.com.mx\/lasnoticias\/#\/schema\/person\/657e7c20ff5297f317664d985712e8e8","name":"MD","image":{"@type":"ImageObject","inLanguage":"es","@id":"https:\/\/diarioabcdemichoacan.com.mx\/lasnoticias\/#\/schema\/person\/image\/","url":"https:\/\/secure.gravatar.com\/avatar\/a769375eedc94419a5b67bc5d63567af?s=96&d=mm&r=g","contentUrl":"https:\/\/secure.gravatar.com\/avatar\/a769375eedc94419a5b67bc5d63567af?s=96&d=mm&r=g","caption":"MD"},"url":"https:\/\/diarioabcdemichoacan.com.mx\/lasnoticias\/author\/merelydpa\/"}]}},"_links":{"self":[{"href":"https:\/\/diarioabcdemichoacan.com.mx\/lasnoticias\/wp-json\/wp\/v2\/posts\/34476","targetHints":{"allow":["GET"]}}],"collection":[{"href":"https:\/\/diarioabcdemichoacan.com.mx\/lasnoticias\/wp-json\/wp\/v2\/posts"}],"about":[{"href":"https:\/\/diarioabcdemichoacan.com.mx\/lasnoticias\/wp-json\/wp\/v2\/types\/post"}],"author":[{"embeddable":true,"href":"https:\/\/diarioabcdemichoacan.com.mx\/lasnoticias\/wp-json\/wp\/v2\/users\/8"}],"replies":[{"embeddable":true,"href":"https:\/\/diarioabcdemichoacan.com.mx\/lasnoticias\/wp-json\/wp\/v2\/comments?post=34476"}],"version-history":[{"count":1,"href":"https:\/\/diarioabcdemichoacan.com.mx\/lasnoticias\/wp-json\/wp\/v2\/posts\/34476\/revisions"}],"predecessor-version":[{"id":34478,"href":"https:\/\/diarioabcdemichoacan.com.mx\/lasnoticias\/wp-json\/wp\/v2\/posts\/34476\/revisions\/34478"}],"wp:featuredmedia":[{"embeddable":true,"href":"https:\/\/diarioabcdemichoacan.com.mx\/lasnoticias\/wp-json\/wp\/v2\/media\/34477"}],"wp:attachment":[{"href":"https:\/\/diarioabcdemichoacan.com.mx\/lasnoticias\/wp-json\/wp\/v2\/media?parent=34476"}],"wp:term":[{"taxonomy":"category","embeddable":true,"href":"https:\/\/diarioabcdemichoacan.com.mx\/lasnoticias\/wp-json\/wp\/v2\/categories?post=34476"},{"taxonomy":"post_tag","embeddable":true,"href":"https:\/\/diarioabcdemichoacan.com.mx\/lasnoticias\/wp-json\/wp\/v2\/tags?post=34476"}],"curies":[{"name":"wp","href":"https:\/\/api.w.org\/{rel}","templated":true}]}}