{"id":34492,"date":"2024-11-19T19:10:09","date_gmt":"2024-11-20T01:10:09","guid":{"rendered":"https:\/\/diarioabcdemichoacan.com.mx\/lasnoticias\/?p=34492"},"modified":"2024-11-19T19:10:09","modified_gmt":"2024-11-20T01:10:09","slug":"en-apoyo-a-la-educacion-alfonso-martinez-anuncia-rehabilitacion-integral-de-escuela","status":"publish","type":"post","link":"https:\/\/diarioabcdemichoacan.com.mx\/lasnoticias\/en-apoyo-a-la-educacion-alfonso-martinez-anuncia-rehabilitacion-integral-de-escuela\/","title":{"rendered":"En apoyo a la educaci\u00f3n, Alfonso Mart\u00ednez anuncia rehabilitaci\u00f3n integral de escuela"},"content":{"rendered":"<p>\u2022 Canchas de f\u00fatbol, baloncesto y sala audiovisual ser\u00e1n rehabilitadas.<br \/>\n\u2022 A seguir en la escuela y la preparaci\u00f3n, los invit\u00f3 el Alcalde.<\/p>\n<hr \/>\n<p>Morelia, Michoac\u00e1n.-La Escuela Secundaria Federal N\u00famero 5 \u201cH\u00e9roes de Chapultepec\u201d recibi\u00f3 en su 48 aniversario al Presidente Municipal de Morelia, Alfonso Mart\u00ednez Alc\u00e1zar, quien comprometi\u00f3 tres acciones de rehabilitaci\u00f3n del plantel para incentivar una mejor permanencia y aprovechamiento escolar.<\/p>\n<p>\u201cYo me comprometo a que en el 2025 arreglamos esa sala audiovisual y la vamos a dejar de 10 para que quede como una sala audiovisual digna. Yo me llevo como compromiso de mi administraci\u00f3n 2024-2027, que vamos a arreglar la cancha de f\u00fatbol, la de b\u00e1squetbol y la sala audiovisual\u201d, expres\u00f3 el Alcalde durante el acto conmemorativo.<\/p>\n<p>Es de destacar que, si bien la infraestructura escolar no compete al nivel de Gobierno Municipal, las gestiones de Mart\u00ednez Alc\u00e1zar se han caracterizado por brindar esta clase de apoyos para alentar a que las juventudes morelianas sigan estudiando.<\/p>\n<p>Durante su afectuoso recibimiento en la instituci\u00f3n, el Edil salud\u00f3 a maestros, personal y alumnos, as\u00ed como recorri\u00f3 los pasillos y \u00e1reas deportivas del plantel, as\u00ed revis\u00f3 la sala audiovisual que presenta da\u00f1os no estructurales por los recientes temblores y particip\u00f3 en el corte de list\u00f3n de la nueva \u00e1rea de cafeter\u00eda.<\/p>\n<p>En su mensaje a las y los estudiantes, los alent\u00f3 a que no abandonen la escuela ya que, mientras m\u00e1s se preparen, tendr\u00e1n un futuro m\u00e1s prometedor por delante.<\/p>\n<p>\u201cLa competencia es muy grande y m\u00e1s en un mundo globalizado; en la medida que ustedes se preparen y que lleven un buen equilibrio entre el esparcimiento y el estudio, con ese buen equilibrio, no tengo duda que van a ser personas de \u00e9xito\u201d, los invit\u00f3 el Presidente Municipal.<\/p>\n<p>La directiva escolar agradeci\u00f3 el apoyo del Gobierno Municipal en el marco del evento c\u00edvico y art\u00edstico en el que tambi\u00e9n se dieron cita autoridades educativas, militares y legislativas. Es de esta forma que la administraci\u00f3n de Mart\u00ednez Alc\u00e1zar sigue sumando acciones para que Morelia brille m\u00e1s a trav\u00e9s de la educaci\u00f3n.<\/p>\n<p>COMUNICADO<\/p>\n","protected":false},"excerpt":{"rendered":"<p>\u2022 Canchas de f\u00fatbol, baloncesto y sala audiovisual ser\u00e1n rehabilitadas. \u2022 A seguir en la escuela y la preparaci\u00f3n, los invit\u00f3 el Alcalde. Morelia, Michoac\u00e1n.-La Escuela Secundaria Federal N\u00famero 5 \u201cH\u00e9roes de Chapultepec\u201d recibi\u00f3 en su 48 aniversario al Presidente Municipal de Morelia, Alfonso Mart\u00ednez Alc\u00e1zar, quien comprometi\u00f3 tres acciones de rehabilitaci\u00f3n del plantel para [&hellip;]<\/p>\n","protected":false},"author":8,"featured_media":34493,"comment_status":"closed","ping_status":"closed","sticky":false,"template":"","format":"standard","meta":{"footnotes":""},"categories":[18,15,7],"tags":[],"class_list":{"0":"post-34492","1":"post","2":"type-post","3":"status-publish","4":"format-standard","5":"has-post-thumbnail","7":"category-ayuntamiento-de-morelia","8":"category-educacion","9":"category-morelia"},"yoast_head":"<!-- This site is optimized with the Yoast SEO plugin v24.0 - https:\/\/yoast.com\/wordpress\/plugins\/seo\/ -->\n<title>En apoyo a la educaci\u00f3n, Alfonso Mart\u00ednez anuncia rehabilitaci\u00f3n integral de escuela - Diario ABC de Michoac\u00e1n<\/title>\n<meta name=\"robots\" content=\"index, follow, max-snippet:-1, max-image-preview:large, max-video-preview:-1\" \/>\n<link rel=\"canonical\" href=\"https:\/\/diarioabcdemichoacan.com.mx\/lasnoticias\/en-apoyo-a-la-educacion-alfonso-martinez-anuncia-rehabilitacion-integral-de-escuela\/\" \/>\n<meta property=\"og:locale\" content=\"es_ES\" \/>\n<meta property=\"og:type\" content=\"article\" \/>\n<meta property=\"og:title\" content=\"En apoyo a la educaci\u00f3n, Alfonso Mart\u00ednez anuncia rehabilitaci\u00f3n integral de escuela - Diario ABC de Michoac\u00e1n\" \/>\n<meta property=\"og:description\" content=\"\u2022 Canchas de f\u00fatbol, baloncesto y sala audiovisual ser\u00e1n rehabilitadas. \u2022 A seguir en la escuela y la preparaci\u00f3n, los invit\u00f3 el Alcalde. Morelia, Michoac\u00e1n.-La Escuela Secundaria Federal N\u00famero 5 \u201cH\u00e9roes de Chapultepec\u201d recibi\u00f3 en su 48 aniversario al Presidente Municipal de Morelia, Alfonso Mart\u00ednez Alc\u00e1zar, quien comprometi\u00f3 tres acciones de rehabilitaci\u00f3n del plantel para [&hellip;]\" \/>\n<meta property=\"og:url\" content=\"https:\/\/diarioabcdemichoacan.com.mx\/lasnoticias\/en-apoyo-a-la-educacion-alfonso-martinez-anuncia-rehabilitacion-integral-de-escuela\/\" \/>\n<meta property=\"og:site_name\" content=\"Diario ABC de Michoac\u00e1n\" \/>\n<meta property=\"article:published_time\" content=\"2024-11-20T01:10:09+00:00\" \/>\n<meta property=\"og:image\" content=\"https:\/\/diarioabcdemichoacan.com.mx\/lasnoticias\/wp-content\/uploads\/2024\/11\/WhatsApp-Image-2024-11-19-at-19.06.32.jpeg\" \/>\n\t<meta property=\"og:image:width\" content=\"800\" \/>\n\t<meta property=\"og:image:height\" content=\"533\" \/>\n\t<meta property=\"og:image:type\" content=\"image\/jpeg\" \/>\n<meta name=\"author\" content=\"MD\" \/>\n<meta name=\"twitter:card\" content=\"summary_large_image\" \/>\n<meta name=\"twitter:label1\" content=\"Escrito por\" \/>\n\t<meta name=\"twitter:data1\" content=\"MD\" \/>\n\t<meta name=\"twitter:label2\" content=\"Tiempo de lectura\" \/>\n\t<meta name=\"twitter:data2\" content=\"2 minutos\" \/>\n<script type=\"application\/ld+json\" class=\"yoast-schema-graph\">{\"@context\":\"https:\/\/schema.org\",\"@graph\":[{\"@type\":\"WebPage\",\"@id\":\"https:\/\/diarioabcdemichoacan.com.mx\/lasnoticias\/en-apoyo-a-la-educacion-alfonso-martinez-anuncia-rehabilitacion-integral-de-escuela\/\",\"url\":\"https:\/\/diarioabcdemichoacan.com.mx\/lasnoticias\/en-apoyo-a-la-educacion-alfonso-martinez-anuncia-rehabilitacion-integral-de-escuela\/\",\"name\":\"En apoyo a la educaci\u00f3n, Alfonso Mart\u00ednez anuncia rehabilitaci\u00f3n integral de escuela - Diario ABC de Michoac\u00e1n\",\"isPartOf\":{\"@id\":\"https:\/\/diarioabcdemichoacan.com.mx\/lasnoticias\/#website\"},\"primaryImageOfPage\":{\"@id\":\"https:\/\/diarioabcdemichoacan.com.mx\/lasnoticias\/en-apoyo-a-la-educacion-alfonso-martinez-anuncia-rehabilitacion-integral-de-escuela\/#primaryimage\"},\"image\":{\"@id\":\"https:\/\/diarioabcdemichoacan.com.mx\/lasnoticias\/en-apoyo-a-la-educacion-alfonso-martinez-anuncia-rehabilitacion-integral-de-escuela\/#primaryimage\"},\"thumbnailUrl\":\"https:\/\/diarioabcdemichoacan.com.mx\/lasnoticias\/wp-content\/uploads\/2024\/11\/WhatsApp-Image-2024-11-19-at-19.06.32.jpeg\",\"datePublished\":\"2024-11-20T01:10:09+00:00\",\"dateModified\":\"2024-11-20T01:10:09+00:00\",\"author\":{\"@id\":\"https:\/\/diarioabcdemichoacan.com.mx\/lasnoticias\/#\/schema\/person\/657e7c20ff5297f317664d985712e8e8\"},\"breadcrumb\":{\"@id\":\"https:\/\/diarioabcdemichoacan.com.mx\/lasnoticias\/en-apoyo-a-la-educacion-alfonso-martinez-anuncia-rehabilitacion-integral-de-escuela\/#breadcrumb\"},\"inLanguage\":\"es\",\"potentialAction\":[{\"@type\":\"ReadAction\",\"target\":[\"https:\/\/diarioabcdemichoacan.com.mx\/lasnoticias\/en-apoyo-a-la-educacion-alfonso-martinez-anuncia-rehabilitacion-integral-de-escuela\/\"]}]},{\"@type\":\"ImageObject\",\"inLanguage\":\"es\",\"@id\":\"https:\/\/diarioabcdemichoacan.com.mx\/lasnoticias\/en-apoyo-a-la-educacion-alfonso-martinez-anuncia-rehabilitacion-integral-de-escuela\/#primaryimage\",\"url\":\"https:\/\/diarioabcdemichoacan.com.mx\/lasnoticias\/wp-content\/uploads\/2024\/11\/WhatsApp-Image-2024-11-19-at-19.06.32.jpeg\",\"contentUrl\":\"https:\/\/diarioabcdemichoacan.com.mx\/lasnoticias\/wp-content\/uploads\/2024\/11\/WhatsApp-Image-2024-11-19-at-19.06.32.jpeg\",\"width\":800,\"height\":533},{\"@type\":\"BreadcrumbList\",\"@id\":\"https:\/\/diarioabcdemichoacan.com.mx\/lasnoticias\/en-apoyo-a-la-educacion-alfonso-martinez-anuncia-rehabilitacion-integral-de-escuela\/#breadcrumb\",\"itemListElement\":[{\"@type\":\"ListItem\",\"position\":1,\"name\":\"Portada\",\"item\":\"https:\/\/diarioabcdemichoacan.com.mx\/lasnoticias\/\"},{\"@type\":\"ListItem\",\"position\":2,\"name\":\"En apoyo a la educaci\u00f3n, Alfonso Mart\u00ednez anuncia rehabilitaci\u00f3n integral de escuela\"}]},{\"@type\":\"WebSite\",\"@id\":\"https:\/\/diarioabcdemichoacan.com.mx\/lasnoticias\/#website\",\"url\":\"https:\/\/diarioabcdemichoacan.com.mx\/lasnoticias\/\",\"name\":\"Diario ABC de Michoac\u00e1n\",\"description\":\"Las noticias al momento\",\"potentialAction\":[{\"@type\":\"SearchAction\",\"target\":{\"@type\":\"EntryPoint\",\"urlTemplate\":\"https:\/\/diarioabcdemichoacan.com.mx\/lasnoticias\/?s={search_term_string}\"},\"query-input\":{\"@type\":\"PropertyValueSpecification\",\"valueRequired\":true,\"valueName\":\"search_term_string\"}}],\"inLanguage\":\"es\"},{\"@type\":\"Person\",\"@id\":\"https:\/\/diarioabcdemichoacan.com.mx\/lasnoticias\/#\/schema\/person\/657e7c20ff5297f317664d985712e8e8\",\"name\":\"MD\",\"image\":{\"@type\":\"ImageObject\",\"inLanguage\":\"es\",\"@id\":\"https:\/\/diarioabcdemichoacan.com.mx\/lasnoticias\/#\/schema\/person\/image\/\",\"url\":\"https:\/\/secure.gravatar.com\/avatar\/a769375eedc94419a5b67bc5d63567af?s=96&d=mm&r=g\",\"contentUrl\":\"https:\/\/secure.gravatar.com\/avatar\/a769375eedc94419a5b67bc5d63567af?s=96&d=mm&r=g\",\"caption\":\"MD\"},\"url\":\"https:\/\/diarioabcdemichoacan.com.mx\/lasnoticias\/author\/merelydpa\/\"}]}<\/script>\n<!-- \/ Yoast SEO plugin. -->","yoast_head_json":{"title":"En apoyo a la educaci\u00f3n, Alfonso Mart\u00ednez anuncia rehabilitaci\u00f3n integral de escuela - Diario ABC de Michoac\u00e1n","robots":{"index":"index","follow":"follow","max-snippet":"max-snippet:-1","max-image-preview":"max-image-preview:large","max-video-preview":"max-video-preview:-1"},"canonical":"https:\/\/diarioabcdemichoacan.com.mx\/lasnoticias\/en-apoyo-a-la-educacion-alfonso-martinez-anuncia-rehabilitacion-integral-de-escuela\/","og_locale":"es_ES","og_type":"article","og_title":"En apoyo a la educaci\u00f3n, Alfonso Mart\u00ednez anuncia rehabilitaci\u00f3n integral de escuela - Diario ABC de Michoac\u00e1n","og_description":"\u2022 Canchas de f\u00fatbol, baloncesto y sala audiovisual ser\u00e1n rehabilitadas. \u2022 A seguir en la escuela y la preparaci\u00f3n, los invit\u00f3 el Alcalde. Morelia, Michoac\u00e1n.-La Escuela Secundaria Federal N\u00famero 5 \u201cH\u00e9roes de Chapultepec\u201d recibi\u00f3 en su 48 aniversario al Presidente Municipal de Morelia, Alfonso Mart\u00ednez Alc\u00e1zar, quien comprometi\u00f3 tres acciones de rehabilitaci\u00f3n del plantel para [&hellip;]","og_url":"https:\/\/diarioabcdemichoacan.com.mx\/lasnoticias\/en-apoyo-a-la-educacion-alfonso-martinez-anuncia-rehabilitacion-integral-de-escuela\/","og_site_name":"Diario ABC de Michoac\u00e1n","article_published_time":"2024-11-20T01:10:09+00:00","og_image":[{"width":800,"height":533,"url":"https:\/\/diarioabcdemichoacan.com.mx\/lasnoticias\/wp-content\/uploads\/2024\/11\/WhatsApp-Image-2024-11-19-at-19.06.32.jpeg","type":"image\/jpeg"}],"author":"MD","twitter_card":"summary_large_image","twitter_misc":{"Escrito por":"MD","Tiempo de lectura":"2 minutos"},"schema":{"@context":"https:\/\/schema.org","@graph":[{"@type":"WebPage","@id":"https:\/\/diarioabcdemichoacan.com.mx\/lasnoticias\/en-apoyo-a-la-educacion-alfonso-martinez-anuncia-rehabilitacion-integral-de-escuela\/","url":"https:\/\/diarioabcdemichoacan.com.mx\/lasnoticias\/en-apoyo-a-la-educacion-alfonso-martinez-anuncia-rehabilitacion-integral-de-escuela\/","name":"En apoyo a la educaci\u00f3n, Alfonso Mart\u00ednez anuncia rehabilitaci\u00f3n integral de escuela - Diario ABC de Michoac\u00e1n","isPartOf":{"@id":"https:\/\/diarioabcdemichoacan.com.mx\/lasnoticias\/#website"},"primaryImageOfPage":{"@id":"https:\/\/diarioabcdemichoacan.com.mx\/lasnoticias\/en-apoyo-a-la-educacion-alfonso-martinez-anuncia-rehabilitacion-integral-de-escuela\/#primaryimage"},"image":{"@id":"https:\/\/diarioabcdemichoacan.com.mx\/lasnoticias\/en-apoyo-a-la-educacion-alfonso-martinez-anuncia-rehabilitacion-integral-de-escuela\/#primaryimage"},"thumbnailUrl":"https:\/\/diarioabcdemichoacan.com.mx\/lasnoticias\/wp-content\/uploads\/2024\/11\/WhatsApp-Image-2024-11-19-at-19.06.32.jpeg","datePublished":"2024-11-20T01:10:09+00:00","dateModified":"2024-11-20T01:10:09+00:00","author":{"@id":"https:\/\/diarioabcdemichoacan.com.mx\/lasnoticias\/#\/schema\/person\/657e7c20ff5297f317664d985712e8e8"},"breadcrumb":{"@id":"https:\/\/diarioabcdemichoacan.com.mx\/lasnoticias\/en-apoyo-a-la-educacion-alfonso-martinez-anuncia-rehabilitacion-integral-de-escuela\/#breadcrumb"},"inLanguage":"es","potentialAction":[{"@type":"ReadAction","target":["https:\/\/diarioabcdemichoacan.com.mx\/lasnoticias\/en-apoyo-a-la-educacion-alfonso-martinez-anuncia-rehabilitacion-integral-de-escuela\/"]}]},{"@type":"ImageObject","inLanguage":"es","@id":"https:\/\/diarioabcdemichoacan.com.mx\/lasnoticias\/en-apoyo-a-la-educacion-alfonso-martinez-anuncia-rehabilitacion-integral-de-escuela\/#primaryimage","url":"https:\/\/diarioabcdemichoacan.com.mx\/lasnoticias\/wp-content\/uploads\/2024\/11\/WhatsApp-Image-2024-11-19-at-19.06.32.jpeg","contentUrl":"https:\/\/diarioabcdemichoacan.com.mx\/lasnoticias\/wp-content\/uploads\/2024\/11\/WhatsApp-Image-2024-11-19-at-19.06.32.jpeg","width":800,"height":533},{"@type":"BreadcrumbList","@id":"https:\/\/diarioabcdemichoacan.com.mx\/lasnoticias\/en-apoyo-a-la-educacion-alfonso-martinez-anuncia-rehabilitacion-integral-de-escuela\/#breadcrumb","itemListElement":[{"@type":"ListItem","position":1,"name":"Portada","item":"https:\/\/diarioabcdemichoacan.com.mx\/lasnoticias\/"},{"@type":"ListItem","position":2,"name":"En apoyo a la educaci\u00f3n, Alfonso Mart\u00ednez anuncia rehabilitaci\u00f3n integral de escuela"}]},{"@type":"WebSite","@id":"https:\/\/diarioabcdemichoacan.com.mx\/lasnoticias\/#website","url":"https:\/\/diarioabcdemichoacan.com.mx\/lasnoticias\/","name":"Diario ABC de Michoac\u00e1n","description":"Las noticias al momento","potentialAction":[{"@type":"SearchAction","target":{"@type":"EntryPoint","urlTemplate":"https:\/\/diarioabcdemichoacan.com.mx\/lasnoticias\/?s={search_term_string}"},"query-input":{"@type":"PropertyValueSpecification","valueRequired":true,"valueName":"search_term_string"}}],"inLanguage":"es"},{"@type":"Person","@id":"https:\/\/diarioabcdemichoacan.com.mx\/lasnoticias\/#\/schema\/person\/657e7c20ff5297f317664d985712e8e8","name":"MD","image":{"@type":"ImageObject","inLanguage":"es","@id":"https:\/\/diarioabcdemichoacan.com.mx\/lasnoticias\/#\/schema\/person\/image\/","url":"https:\/\/secure.gravatar.com\/avatar\/a769375eedc94419a5b67bc5d63567af?s=96&d=mm&r=g","contentUrl":"https:\/\/secure.gravatar.com\/avatar\/a769375eedc94419a5b67bc5d63567af?s=96&d=mm&r=g","caption":"MD"},"url":"https:\/\/diarioabcdemichoacan.com.mx\/lasnoticias\/author\/merelydpa\/"}]}},"_links":{"self":[{"href":"https:\/\/diarioabcdemichoacan.com.mx\/lasnoticias\/wp-json\/wp\/v2\/posts\/34492","targetHints":{"allow":["GET"]}}],"collection":[{"href":"https:\/\/diarioabcdemichoacan.com.mx\/lasnoticias\/wp-json\/wp\/v2\/posts"}],"about":[{"href":"https:\/\/diarioabcdemichoacan.com.mx\/lasnoticias\/wp-json\/wp\/v2\/types\/post"}],"author":[{"embeddable":true,"href":"https:\/\/diarioabcdemichoacan.com.mx\/lasnoticias\/wp-json\/wp\/v2\/users\/8"}],"replies":[{"embeddable":true,"href":"https:\/\/diarioabcdemichoacan.com.mx\/lasnoticias\/wp-json\/wp\/v2\/comments?post=34492"}],"version-history":[{"count":1,"href":"https:\/\/diarioabcdemichoacan.com.mx\/lasnoticias\/wp-json\/wp\/v2\/posts\/34492\/revisions"}],"predecessor-version":[{"id":34494,"href":"https:\/\/diarioabcdemichoacan.com.mx\/lasnoticias\/wp-json\/wp\/v2\/posts\/34492\/revisions\/34494"}],"wp:featuredmedia":[{"embeddable":true,"href":"https:\/\/diarioabcdemichoacan.com.mx\/lasnoticias\/wp-json\/wp\/v2\/media\/34493"}],"wp:attachment":[{"href":"https:\/\/diarioabcdemichoacan.com.mx\/lasnoticias\/wp-json\/wp\/v2\/media?parent=34492"}],"wp:term":[{"taxonomy":"category","embeddable":true,"href":"https:\/\/diarioabcdemichoacan.com.mx\/lasnoticias\/wp-json\/wp\/v2\/categories?post=34492"},{"taxonomy":"post_tag","embeddable":true,"href":"https:\/\/diarioabcdemichoacan.com.mx\/lasnoticias\/wp-json\/wp\/v2\/tags?post=34492"}],"curies":[{"name":"wp","href":"https:\/\/api.w.org\/{rel}","templated":true}]}}