{"id":34495,"date":"2024-11-19T19:23:43","date_gmt":"2024-11-20T01:23:43","guid":{"rendered":"https:\/\/diarioabcdemichoacan.com.mx\/lasnoticias\/?p=34495"},"modified":"2024-11-19T19:23:43","modified_gmt":"2024-11-20T01:23:43","slug":"policia-morelia-inaugura-exposicion-fotografica-para-destacar-el-rostro-humano-de-sus-oficiales","status":"publish","type":"post","link":"https:\/\/diarioabcdemichoacan.com.mx\/lasnoticias\/policia-morelia-inaugura-exposicion-fotografica-para-destacar-el-rostro-humano-de-sus-oficiales\/","title":{"rendered":"Polic\u00eda Morelia inaugura exposici\u00f3n fotogr\u00e1fica para destacar el rostro humano de sus oficiales"},"content":{"rendered":"<hr \/>\n<p>Morelia, Michoac\u00e1n.-El Comisionado Municipal de Seguridad, Alejandro G. Cussi, encabez\u00f3 la inauguraci\u00f3n de la exposici\u00f3n fotogr\u00e1fica \u201c#EstamosDeTuLado\u201d, realizada en el Instituto Tecnol\u00f3gico y de Estudios Superiores de Monterrey, campus Morelia.<\/p>\n<p>Esta muestra tiene como prop\u00f3sito principal acercar a la ciudadan\u00eda a la esencia de los oficiales de Polic\u00eda Morelia, retratando su lado humano y destacando las historias y emociones que llevan detr\u00e1s del uniforme. A trav\u00e9s de una serie de retratos, la exposici\u00f3n busca generar una mayor comprensi\u00f3n y empat\u00eda hacia quienes dedican su vida al servicio y protecci\u00f3n de la sociedad.<\/p>\n<p>La exposici\u00f3n \u201c#EstamosDeTuLado\u201d presenta a mujeres y hombres que, adem\u00e1s de desempe\u00f1ar un papel esencial en la seguridad, son tambi\u00e9n ciudadanos comprometidos, con vocaci\u00f3n y entrega en su labor diaria. Este trabajo visual resalta c\u00f3mo, m\u00e1s all\u00e1 de ser figuras de autoridad, los polic\u00edas son piezas clave en la construcci\u00f3n de una ciudad m\u00e1s segura y solidaria.<\/p>\n<p>El evento inaugural cont\u00f3 con la presencia del Director General del Tec de Monterrey y Tec Milenio, campus Morelia, Randall Coffie, as\u00ed como de diversas autoridades acad\u00e9micas y equipo de Polic\u00eda Morelia, quienes reconocieron esta iniciativa para fortalecer el v\u00ednculo entre los oficiales y la ciudadan\u00eda.<\/p>\n<p>La creaci\u00f3n de Polic\u00eda Morelia en 2015, bajo la visi\u00f3n del Presidente Municipal Alfonso Mart\u00ednez Alc\u00e1zar, marc\u00f3 un precedente en la forma de entender y gestionar la seguridad en el municipio. Desde sus inicios, la corporaci\u00f3n ha trabajado para convertirse en un referente de proximidad y confianza, enfoc\u00e1ndose en construir relaciones s\u00f3lidas con la poblaci\u00f3n. La exposici\u00f3n es un reflejo de ese compromiso continuo, al mostrar no solo la labor profesional de los oficiales, sino tambi\u00e9n su lado m\u00e1s humano.<\/p>\n<p>Esta exposici\u00f3n reafirma el compromiso de Polic\u00eda Morelia por mantenerse cercana a la poblaci\u00f3n, fomentando la confianza y el respeto mutuo.<\/p>\n<p>COMUNICADO<\/p>\n","protected":false},"excerpt":{"rendered":"<p>Morelia, Michoac\u00e1n.-El Comisionado Municipal de Seguridad, Alejandro G. Cussi, encabez\u00f3 la inauguraci\u00f3n de la exposici\u00f3n fotogr\u00e1fica \u201c#EstamosDeTuLado\u201d, realizada en el Instituto Tecnol\u00f3gico y de Estudios Superiores de Monterrey, campus Morelia. Esta muestra tiene como prop\u00f3sito principal acercar a la ciudadan\u00eda a la esencia de los oficiales de Polic\u00eda Morelia, retratando su lado humano y destacando [&hellip;]<\/p>\n","protected":false},"author":8,"featured_media":34496,"comment_status":"closed","ping_status":"closed","sticky":false,"template":"","format":"standard","meta":{"footnotes":""},"categories":[7,25],"tags":[],"class_list":{"0":"post-34495","1":"post","2":"type-post","3":"status-publish","4":"format-standard","5":"has-post-thumbnail","7":"category-morelia","8":"category-seguridad"},"yoast_head":"<!-- This site is optimized with the Yoast SEO plugin v24.0 - https:\/\/yoast.com\/wordpress\/plugins\/seo\/ -->\n<title>Polic\u00eda Morelia inaugura exposici\u00f3n fotogr\u00e1fica para destacar el rostro humano de sus oficiales - Diario ABC de Michoac\u00e1n<\/title>\n<meta name=\"robots\" content=\"index, follow, max-snippet:-1, max-image-preview:large, max-video-preview:-1\" \/>\n<link rel=\"canonical\" href=\"https:\/\/diarioabcdemichoacan.com.mx\/lasnoticias\/policia-morelia-inaugura-exposicion-fotografica-para-destacar-el-rostro-humano-de-sus-oficiales\/\" \/>\n<meta property=\"og:locale\" content=\"es_ES\" \/>\n<meta property=\"og:type\" content=\"article\" \/>\n<meta property=\"og:title\" content=\"Polic\u00eda Morelia inaugura exposici\u00f3n fotogr\u00e1fica para destacar el rostro humano de sus oficiales - Diario ABC de Michoac\u00e1n\" \/>\n<meta property=\"og:description\" content=\"Morelia, Michoac\u00e1n.-El Comisionado Municipal de Seguridad, Alejandro G. Cussi, encabez\u00f3 la inauguraci\u00f3n de la exposici\u00f3n fotogr\u00e1fica \u201c#EstamosDeTuLado\u201d, realizada en el Instituto Tecnol\u00f3gico y de Estudios Superiores de Monterrey, campus Morelia. Esta muestra tiene como prop\u00f3sito principal acercar a la ciudadan\u00eda a la esencia de los oficiales de Polic\u00eda Morelia, retratando su lado humano y destacando [&hellip;]\" \/>\n<meta property=\"og:url\" content=\"https:\/\/diarioabcdemichoacan.com.mx\/lasnoticias\/policia-morelia-inaugura-exposicion-fotografica-para-destacar-el-rostro-humano-de-sus-oficiales\/\" \/>\n<meta property=\"og:site_name\" content=\"Diario ABC de Michoac\u00e1n\" \/>\n<meta property=\"article:published_time\" content=\"2024-11-20T01:23:43+00:00\" \/>\n<meta property=\"og:image\" content=\"https:\/\/diarioabcdemichoacan.com.mx\/lasnoticias\/wp-content\/uploads\/2024\/11\/WhatsApp-Image-2024-11-19-at-19.21.43.jpeg\" \/>\n\t<meta property=\"og:image:width\" content=\"800\" \/>\n\t<meta property=\"og:image:height\" content=\"533\" \/>\n\t<meta property=\"og:image:type\" content=\"image\/jpeg\" \/>\n<meta name=\"author\" content=\"MD\" \/>\n<meta name=\"twitter:card\" content=\"summary_large_image\" \/>\n<meta name=\"twitter:label1\" content=\"Escrito por\" \/>\n\t<meta name=\"twitter:data1\" content=\"MD\" \/>\n\t<meta name=\"twitter:label2\" content=\"Tiempo de lectura\" \/>\n\t<meta name=\"twitter:data2\" content=\"2 minutos\" \/>\n<script type=\"application\/ld+json\" class=\"yoast-schema-graph\">{\"@context\":\"https:\/\/schema.org\",\"@graph\":[{\"@type\":\"WebPage\",\"@id\":\"https:\/\/diarioabcdemichoacan.com.mx\/lasnoticias\/policia-morelia-inaugura-exposicion-fotografica-para-destacar-el-rostro-humano-de-sus-oficiales\/\",\"url\":\"https:\/\/diarioabcdemichoacan.com.mx\/lasnoticias\/policia-morelia-inaugura-exposicion-fotografica-para-destacar-el-rostro-humano-de-sus-oficiales\/\",\"name\":\"Polic\u00eda Morelia inaugura exposici\u00f3n fotogr\u00e1fica para destacar el rostro humano de sus oficiales - Diario ABC de Michoac\u00e1n\",\"isPartOf\":{\"@id\":\"https:\/\/diarioabcdemichoacan.com.mx\/lasnoticias\/#website\"},\"primaryImageOfPage\":{\"@id\":\"https:\/\/diarioabcdemichoacan.com.mx\/lasnoticias\/policia-morelia-inaugura-exposicion-fotografica-para-destacar-el-rostro-humano-de-sus-oficiales\/#primaryimage\"},\"image\":{\"@id\":\"https:\/\/diarioabcdemichoacan.com.mx\/lasnoticias\/policia-morelia-inaugura-exposicion-fotografica-para-destacar-el-rostro-humano-de-sus-oficiales\/#primaryimage\"},\"thumbnailUrl\":\"https:\/\/diarioabcdemichoacan.com.mx\/lasnoticias\/wp-content\/uploads\/2024\/11\/WhatsApp-Image-2024-11-19-at-19.21.43.jpeg\",\"datePublished\":\"2024-11-20T01:23:43+00:00\",\"dateModified\":\"2024-11-20T01:23:43+00:00\",\"author\":{\"@id\":\"https:\/\/diarioabcdemichoacan.com.mx\/lasnoticias\/#\/schema\/person\/657e7c20ff5297f317664d985712e8e8\"},\"breadcrumb\":{\"@id\":\"https:\/\/diarioabcdemichoacan.com.mx\/lasnoticias\/policia-morelia-inaugura-exposicion-fotografica-para-destacar-el-rostro-humano-de-sus-oficiales\/#breadcrumb\"},\"inLanguage\":\"es\",\"potentialAction\":[{\"@type\":\"ReadAction\",\"target\":[\"https:\/\/diarioabcdemichoacan.com.mx\/lasnoticias\/policia-morelia-inaugura-exposicion-fotografica-para-destacar-el-rostro-humano-de-sus-oficiales\/\"]}]},{\"@type\":\"ImageObject\",\"inLanguage\":\"es\",\"@id\":\"https:\/\/diarioabcdemichoacan.com.mx\/lasnoticias\/policia-morelia-inaugura-exposicion-fotografica-para-destacar-el-rostro-humano-de-sus-oficiales\/#primaryimage\",\"url\":\"https:\/\/diarioabcdemichoacan.com.mx\/lasnoticias\/wp-content\/uploads\/2024\/11\/WhatsApp-Image-2024-11-19-at-19.21.43.jpeg\",\"contentUrl\":\"https:\/\/diarioabcdemichoacan.com.mx\/lasnoticias\/wp-content\/uploads\/2024\/11\/WhatsApp-Image-2024-11-19-at-19.21.43.jpeg\",\"width\":800,\"height\":533},{\"@type\":\"BreadcrumbList\",\"@id\":\"https:\/\/diarioabcdemichoacan.com.mx\/lasnoticias\/policia-morelia-inaugura-exposicion-fotografica-para-destacar-el-rostro-humano-de-sus-oficiales\/#breadcrumb\",\"itemListElement\":[{\"@type\":\"ListItem\",\"position\":1,\"name\":\"Portada\",\"item\":\"https:\/\/diarioabcdemichoacan.com.mx\/lasnoticias\/\"},{\"@type\":\"ListItem\",\"position\":2,\"name\":\"Polic\u00eda Morelia inaugura exposici\u00f3n fotogr\u00e1fica para destacar el rostro humano de sus oficiales\"}]},{\"@type\":\"WebSite\",\"@id\":\"https:\/\/diarioabcdemichoacan.com.mx\/lasnoticias\/#website\",\"url\":\"https:\/\/diarioabcdemichoacan.com.mx\/lasnoticias\/\",\"name\":\"Diario ABC de Michoac\u00e1n\",\"description\":\"Las noticias al momento\",\"potentialAction\":[{\"@type\":\"SearchAction\",\"target\":{\"@type\":\"EntryPoint\",\"urlTemplate\":\"https:\/\/diarioabcdemichoacan.com.mx\/lasnoticias\/?s={search_term_string}\"},\"query-input\":{\"@type\":\"PropertyValueSpecification\",\"valueRequired\":true,\"valueName\":\"search_term_string\"}}],\"inLanguage\":\"es\"},{\"@type\":\"Person\",\"@id\":\"https:\/\/diarioabcdemichoacan.com.mx\/lasnoticias\/#\/schema\/person\/657e7c20ff5297f317664d985712e8e8\",\"name\":\"MD\",\"image\":{\"@type\":\"ImageObject\",\"inLanguage\":\"es\",\"@id\":\"https:\/\/diarioabcdemichoacan.com.mx\/lasnoticias\/#\/schema\/person\/image\/\",\"url\":\"https:\/\/secure.gravatar.com\/avatar\/a769375eedc94419a5b67bc5d63567af?s=96&d=mm&r=g\",\"contentUrl\":\"https:\/\/secure.gravatar.com\/avatar\/a769375eedc94419a5b67bc5d63567af?s=96&d=mm&r=g\",\"caption\":\"MD\"},\"url\":\"https:\/\/diarioabcdemichoacan.com.mx\/lasnoticias\/author\/merelydpa\/\"}]}<\/script>\n<!-- \/ Yoast SEO plugin. -->","yoast_head_json":{"title":"Polic\u00eda Morelia inaugura exposici\u00f3n fotogr\u00e1fica para destacar el rostro humano de sus oficiales - Diario ABC de Michoac\u00e1n","robots":{"index":"index","follow":"follow","max-snippet":"max-snippet:-1","max-image-preview":"max-image-preview:large","max-video-preview":"max-video-preview:-1"},"canonical":"https:\/\/diarioabcdemichoacan.com.mx\/lasnoticias\/policia-morelia-inaugura-exposicion-fotografica-para-destacar-el-rostro-humano-de-sus-oficiales\/","og_locale":"es_ES","og_type":"article","og_title":"Polic\u00eda Morelia inaugura exposici\u00f3n fotogr\u00e1fica para destacar el rostro humano de sus oficiales - Diario ABC de Michoac\u00e1n","og_description":"Morelia, Michoac\u00e1n.-El Comisionado Municipal de Seguridad, Alejandro G. Cussi, encabez\u00f3 la inauguraci\u00f3n de la exposici\u00f3n fotogr\u00e1fica \u201c#EstamosDeTuLado\u201d, realizada en el Instituto Tecnol\u00f3gico y de Estudios Superiores de Monterrey, campus Morelia. Esta muestra tiene como prop\u00f3sito principal acercar a la ciudadan\u00eda a la esencia de los oficiales de Polic\u00eda Morelia, retratando su lado humano y destacando [&hellip;]","og_url":"https:\/\/diarioabcdemichoacan.com.mx\/lasnoticias\/policia-morelia-inaugura-exposicion-fotografica-para-destacar-el-rostro-humano-de-sus-oficiales\/","og_site_name":"Diario ABC de Michoac\u00e1n","article_published_time":"2024-11-20T01:23:43+00:00","og_image":[{"width":800,"height":533,"url":"https:\/\/diarioabcdemichoacan.com.mx\/lasnoticias\/wp-content\/uploads\/2024\/11\/WhatsApp-Image-2024-11-19-at-19.21.43.jpeg","type":"image\/jpeg"}],"author":"MD","twitter_card":"summary_large_image","twitter_misc":{"Escrito por":"MD","Tiempo de lectura":"2 minutos"},"schema":{"@context":"https:\/\/schema.org","@graph":[{"@type":"WebPage","@id":"https:\/\/diarioabcdemichoacan.com.mx\/lasnoticias\/policia-morelia-inaugura-exposicion-fotografica-para-destacar-el-rostro-humano-de-sus-oficiales\/","url":"https:\/\/diarioabcdemichoacan.com.mx\/lasnoticias\/policia-morelia-inaugura-exposicion-fotografica-para-destacar-el-rostro-humano-de-sus-oficiales\/","name":"Polic\u00eda Morelia inaugura exposici\u00f3n fotogr\u00e1fica para destacar el rostro humano de sus oficiales - Diario ABC de Michoac\u00e1n","isPartOf":{"@id":"https:\/\/diarioabcdemichoacan.com.mx\/lasnoticias\/#website"},"primaryImageOfPage":{"@id":"https:\/\/diarioabcdemichoacan.com.mx\/lasnoticias\/policia-morelia-inaugura-exposicion-fotografica-para-destacar-el-rostro-humano-de-sus-oficiales\/#primaryimage"},"image":{"@id":"https:\/\/diarioabcdemichoacan.com.mx\/lasnoticias\/policia-morelia-inaugura-exposicion-fotografica-para-destacar-el-rostro-humano-de-sus-oficiales\/#primaryimage"},"thumbnailUrl":"https:\/\/diarioabcdemichoacan.com.mx\/lasnoticias\/wp-content\/uploads\/2024\/11\/WhatsApp-Image-2024-11-19-at-19.21.43.jpeg","datePublished":"2024-11-20T01:23:43+00:00","dateModified":"2024-11-20T01:23:43+00:00","author":{"@id":"https:\/\/diarioabcdemichoacan.com.mx\/lasnoticias\/#\/schema\/person\/657e7c20ff5297f317664d985712e8e8"},"breadcrumb":{"@id":"https:\/\/diarioabcdemichoacan.com.mx\/lasnoticias\/policia-morelia-inaugura-exposicion-fotografica-para-destacar-el-rostro-humano-de-sus-oficiales\/#breadcrumb"},"inLanguage":"es","potentialAction":[{"@type":"ReadAction","target":["https:\/\/diarioabcdemichoacan.com.mx\/lasnoticias\/policia-morelia-inaugura-exposicion-fotografica-para-destacar-el-rostro-humano-de-sus-oficiales\/"]}]},{"@type":"ImageObject","inLanguage":"es","@id":"https:\/\/diarioabcdemichoacan.com.mx\/lasnoticias\/policia-morelia-inaugura-exposicion-fotografica-para-destacar-el-rostro-humano-de-sus-oficiales\/#primaryimage","url":"https:\/\/diarioabcdemichoacan.com.mx\/lasnoticias\/wp-content\/uploads\/2024\/11\/WhatsApp-Image-2024-11-19-at-19.21.43.jpeg","contentUrl":"https:\/\/diarioabcdemichoacan.com.mx\/lasnoticias\/wp-content\/uploads\/2024\/11\/WhatsApp-Image-2024-11-19-at-19.21.43.jpeg","width":800,"height":533},{"@type":"BreadcrumbList","@id":"https:\/\/diarioabcdemichoacan.com.mx\/lasnoticias\/policia-morelia-inaugura-exposicion-fotografica-para-destacar-el-rostro-humano-de-sus-oficiales\/#breadcrumb","itemListElement":[{"@type":"ListItem","position":1,"name":"Portada","item":"https:\/\/diarioabcdemichoacan.com.mx\/lasnoticias\/"},{"@type":"ListItem","position":2,"name":"Polic\u00eda Morelia inaugura exposici\u00f3n fotogr\u00e1fica para destacar el rostro humano de sus oficiales"}]},{"@type":"WebSite","@id":"https:\/\/diarioabcdemichoacan.com.mx\/lasnoticias\/#website","url":"https:\/\/diarioabcdemichoacan.com.mx\/lasnoticias\/","name":"Diario ABC de Michoac\u00e1n","description":"Las noticias al momento","potentialAction":[{"@type":"SearchAction","target":{"@type":"EntryPoint","urlTemplate":"https:\/\/diarioabcdemichoacan.com.mx\/lasnoticias\/?s={search_term_string}"},"query-input":{"@type":"PropertyValueSpecification","valueRequired":true,"valueName":"search_term_string"}}],"inLanguage":"es"},{"@type":"Person","@id":"https:\/\/diarioabcdemichoacan.com.mx\/lasnoticias\/#\/schema\/person\/657e7c20ff5297f317664d985712e8e8","name":"MD","image":{"@type":"ImageObject","inLanguage":"es","@id":"https:\/\/diarioabcdemichoacan.com.mx\/lasnoticias\/#\/schema\/person\/image\/","url":"https:\/\/secure.gravatar.com\/avatar\/a769375eedc94419a5b67bc5d63567af?s=96&d=mm&r=g","contentUrl":"https:\/\/secure.gravatar.com\/avatar\/a769375eedc94419a5b67bc5d63567af?s=96&d=mm&r=g","caption":"MD"},"url":"https:\/\/diarioabcdemichoacan.com.mx\/lasnoticias\/author\/merelydpa\/"}]}},"_links":{"self":[{"href":"https:\/\/diarioabcdemichoacan.com.mx\/lasnoticias\/wp-json\/wp\/v2\/posts\/34495","targetHints":{"allow":["GET"]}}],"collection":[{"href":"https:\/\/diarioabcdemichoacan.com.mx\/lasnoticias\/wp-json\/wp\/v2\/posts"}],"about":[{"href":"https:\/\/diarioabcdemichoacan.com.mx\/lasnoticias\/wp-json\/wp\/v2\/types\/post"}],"author":[{"embeddable":true,"href":"https:\/\/diarioabcdemichoacan.com.mx\/lasnoticias\/wp-json\/wp\/v2\/users\/8"}],"replies":[{"embeddable":true,"href":"https:\/\/diarioabcdemichoacan.com.mx\/lasnoticias\/wp-json\/wp\/v2\/comments?post=34495"}],"version-history":[{"count":1,"href":"https:\/\/diarioabcdemichoacan.com.mx\/lasnoticias\/wp-json\/wp\/v2\/posts\/34495\/revisions"}],"predecessor-version":[{"id":34497,"href":"https:\/\/diarioabcdemichoacan.com.mx\/lasnoticias\/wp-json\/wp\/v2\/posts\/34495\/revisions\/34497"}],"wp:featuredmedia":[{"embeddable":true,"href":"https:\/\/diarioabcdemichoacan.com.mx\/lasnoticias\/wp-json\/wp\/v2\/media\/34496"}],"wp:attachment":[{"href":"https:\/\/diarioabcdemichoacan.com.mx\/lasnoticias\/wp-json\/wp\/v2\/media?parent=34495"}],"wp:term":[{"taxonomy":"category","embeddable":true,"href":"https:\/\/diarioabcdemichoacan.com.mx\/lasnoticias\/wp-json\/wp\/v2\/categories?post=34495"},{"taxonomy":"post_tag","embeddable":true,"href":"https:\/\/diarioabcdemichoacan.com.mx\/lasnoticias\/wp-json\/wp\/v2\/tags?post=34495"}],"curies":[{"name":"wp","href":"https:\/\/api.w.org\/{rel}","templated":true}]}}