{"id":35072,"date":"2024-11-23T14:02:00","date_gmt":"2024-11-23T20:02:00","guid":{"rendered":"https:\/\/diarioabcdemichoacan.com.mx\/lasnoticias\/?p=35072"},"modified":"2024-11-23T14:02:00","modified_gmt":"2024-11-23T20:02:00","slug":"promueve-alfonso-martinez-mayor-inversion-para-el-desarrollo","status":"publish","type":"post","link":"https:\/\/diarioabcdemichoacan.com.mx\/lasnoticias\/promueve-alfonso-martinez-mayor-inversion-para-el-desarrollo\/","title":{"rendered":"Promueve Alfonso Mart\u00ednez, mayor inversi\u00f3n para el desarrollo"},"content":{"rendered":"<p>\u2022 Encabeza en L\u00e1zaro C\u00e1rdenas II Reuni\u00f3n de la Misi\u00f3n Comercial de Nanning, China<\/p>\n<p>\u2022 Piden empresarios del puerto sean invitados a futuras misiones<br \/>\n\u2022 Recorre las instalaciones de ASIPONA<\/p>\n<hr \/>\n<p>L\u00e1zaro C\u00e1rdenas, Michoac\u00e1n.- El Presidente Municipal de Morelia, Alfonso Mart\u00ednez Alc\u00e1zar, reconoci\u00f3 a L\u00e1zaro C\u00e1rdenas como un puerto de gran potencial y una ciudad clave de colaboraci\u00f3n con la capital michoacana, esto en el marco de la \u00abSegunda Reuni\u00f3n de la Misi\u00f3n Comercial de Nanning, China 2024\u00bb.<\/p>\n<p>A nombre de la sede anfitriona, Mar\u00eda \u00c1lvarez Mart\u00ednez, Gerente de Comercializaci\u00f3n de la Administraci\u00f3n del Sistema Portuario Nacional L\u00e1zaro C\u00e1rdenas (ASIPONA), agradeci\u00f3 la visita y pidi\u00f3 que en futuras misiones se ampl\u00ede la invitaci\u00f3n a empresarios e inversionistas del puerto.<\/p>\n<p>Por su parte, Abelardo Lozano Herrera, Delegado Estatal de la Confederaci\u00f3n Nacional de Transportistas Mexicanos (CONATRAM), se\u00f1al\u00f3 que esta visita comercial a China ha permitido ser un punto de partida del que se desprender\u00e1n acciones positivas para el puerto y el sector que representa.<\/p>\n<p>Reunido en las instalaciones de la ASIPONA con decenas de empresarios que formaron parte de esta importante misi\u00f3n comercial, Mart\u00ednez Alc\u00e1zar agradeci\u00f3 la bienvenida a \u00abun lugar tan importante para Michoac\u00e1n y para M\u00e9xico como es el puerto de L\u00e1zaro C\u00e1rdenas\u00bb.<\/p>\n<p>En un ambiente propositivo por los alcances que esta acci\u00f3n transnacional puede alcanzar, invit\u00f3 a los empresarios y representantes de L\u00e1zaro C\u00e1rdenas, Apatzing\u00e1n, Zit\u00e1cuaro, Uruapan y Morelia a considerarse como parte de una regi\u00f3n y un mismo equipo para aprovechar su posici\u00f3n geogr\u00e1fica y el contacto con la siempre creciente China.<\/p>\n<p>\u00abQuiero decirles que hay proyectos en proceso de construcci\u00f3n entre Nanning, China, y Morelia, Michoac\u00e1n, M\u00e9xico. Vendr\u00e1n negocios para China, negocios para Morelia y muchos empleos\u00bb, anunci\u00f3 el Alcalde capitalino.<\/p>\n<p>COMUNICADO<\/p>\n","protected":false},"excerpt":{"rendered":"<p>\u2022 Encabeza en L\u00e1zaro C\u00e1rdenas II Reuni\u00f3n de la Misi\u00f3n Comercial de Nanning, China \u2022 Piden empresarios del puerto sean invitados a futuras misiones \u2022 Recorre las instalaciones de ASIPONA L\u00e1zaro C\u00e1rdenas, Michoac\u00e1n.- El Presidente Municipal de Morelia, Alfonso Mart\u00ednez Alc\u00e1zar, reconoci\u00f3 a L\u00e1zaro C\u00e1rdenas como un puerto de gran potencial y una ciudad clave [&hellip;]<\/p>\n","protected":false},"author":8,"featured_media":35073,"comment_status":"closed","ping_status":"closed","sticky":false,"template":"","format":"standard","meta":{"footnotes":""},"categories":[18,7],"tags":[],"class_list":{"0":"post-35072","1":"post","2":"type-post","3":"status-publish","4":"format-standard","5":"has-post-thumbnail","7":"category-ayuntamiento-de-morelia","8":"category-morelia"},"yoast_head":"<!-- This site is optimized with the Yoast SEO plugin v24.0 - https:\/\/yoast.com\/wordpress\/plugins\/seo\/ -->\n<title>Promueve Alfonso Mart\u00ednez, mayor inversi\u00f3n para el desarrollo - Diario ABC de Michoac\u00e1n<\/title>\n<meta name=\"robots\" content=\"index, follow, max-snippet:-1, max-image-preview:large, max-video-preview:-1\" \/>\n<link rel=\"canonical\" href=\"https:\/\/diarioabcdemichoacan.com.mx\/lasnoticias\/promueve-alfonso-martinez-mayor-inversion-para-el-desarrollo\/\" \/>\n<meta property=\"og:locale\" content=\"es_ES\" \/>\n<meta property=\"og:type\" content=\"article\" \/>\n<meta property=\"og:title\" content=\"Promueve Alfonso Mart\u00ednez, mayor inversi\u00f3n para el desarrollo - Diario ABC de Michoac\u00e1n\" \/>\n<meta property=\"og:description\" content=\"\u2022 Encabeza en L\u00e1zaro C\u00e1rdenas II Reuni\u00f3n de la Misi\u00f3n Comercial de Nanning, China \u2022 Piden empresarios del puerto sean invitados a futuras misiones \u2022 Recorre las instalaciones de ASIPONA L\u00e1zaro C\u00e1rdenas, Michoac\u00e1n.- El Presidente Municipal de Morelia, Alfonso Mart\u00ednez Alc\u00e1zar, reconoci\u00f3 a L\u00e1zaro C\u00e1rdenas como un puerto de gran potencial y una ciudad clave [&hellip;]\" \/>\n<meta property=\"og:url\" content=\"https:\/\/diarioabcdemichoacan.com.mx\/lasnoticias\/promueve-alfonso-martinez-mayor-inversion-para-el-desarrollo\/\" \/>\n<meta property=\"og:site_name\" content=\"Diario ABC de Michoac\u00e1n\" \/>\n<meta property=\"article:published_time\" content=\"2024-11-23T20:02:00+00:00\" \/>\n<meta property=\"og:image\" content=\"https:\/\/diarioabcdemichoacan.com.mx\/lasnoticias\/wp-content\/uploads\/2024\/11\/deb1f067-ecd7-49ce-9169-0f0a5dbb506d.jpeg\" \/>\n\t<meta property=\"og:image:width\" content=\"1280\" \/>\n\t<meta property=\"og:image:height\" content=\"853\" \/>\n\t<meta property=\"og:image:type\" content=\"image\/jpeg\" \/>\n<meta name=\"author\" content=\"MD\" \/>\n<meta name=\"twitter:card\" content=\"summary_large_image\" \/>\n<meta name=\"twitter:label1\" content=\"Escrito por\" \/>\n\t<meta name=\"twitter:data1\" content=\"MD\" \/>\n\t<meta name=\"twitter:label2\" content=\"Tiempo de lectura\" \/>\n\t<meta name=\"twitter:data2\" content=\"2 minutos\" \/>\n<script type=\"application\/ld+json\" class=\"yoast-schema-graph\">{\"@context\":\"https:\/\/schema.org\",\"@graph\":[{\"@type\":\"WebPage\",\"@id\":\"https:\/\/diarioabcdemichoacan.com.mx\/lasnoticias\/promueve-alfonso-martinez-mayor-inversion-para-el-desarrollo\/\",\"url\":\"https:\/\/diarioabcdemichoacan.com.mx\/lasnoticias\/promueve-alfonso-martinez-mayor-inversion-para-el-desarrollo\/\",\"name\":\"Promueve Alfonso Mart\u00ednez, mayor inversi\u00f3n para el desarrollo - Diario ABC de Michoac\u00e1n\",\"isPartOf\":{\"@id\":\"https:\/\/diarioabcdemichoacan.com.mx\/lasnoticias\/#website\"},\"primaryImageOfPage\":{\"@id\":\"https:\/\/diarioabcdemichoacan.com.mx\/lasnoticias\/promueve-alfonso-martinez-mayor-inversion-para-el-desarrollo\/#primaryimage\"},\"image\":{\"@id\":\"https:\/\/diarioabcdemichoacan.com.mx\/lasnoticias\/promueve-alfonso-martinez-mayor-inversion-para-el-desarrollo\/#primaryimage\"},\"thumbnailUrl\":\"https:\/\/diarioabcdemichoacan.com.mx\/lasnoticias\/wp-content\/uploads\/2024\/11\/deb1f067-ecd7-49ce-9169-0f0a5dbb506d.jpeg\",\"datePublished\":\"2024-11-23T20:02:00+00:00\",\"dateModified\":\"2024-11-23T20:02:00+00:00\",\"author\":{\"@id\":\"https:\/\/diarioabcdemichoacan.com.mx\/lasnoticias\/#\/schema\/person\/657e7c20ff5297f317664d985712e8e8\"},\"breadcrumb\":{\"@id\":\"https:\/\/diarioabcdemichoacan.com.mx\/lasnoticias\/promueve-alfonso-martinez-mayor-inversion-para-el-desarrollo\/#breadcrumb\"},\"inLanguage\":\"es\",\"potentialAction\":[{\"@type\":\"ReadAction\",\"target\":[\"https:\/\/diarioabcdemichoacan.com.mx\/lasnoticias\/promueve-alfonso-martinez-mayor-inversion-para-el-desarrollo\/\"]}]},{\"@type\":\"ImageObject\",\"inLanguage\":\"es\",\"@id\":\"https:\/\/diarioabcdemichoacan.com.mx\/lasnoticias\/promueve-alfonso-martinez-mayor-inversion-para-el-desarrollo\/#primaryimage\",\"url\":\"https:\/\/diarioabcdemichoacan.com.mx\/lasnoticias\/wp-content\/uploads\/2024\/11\/deb1f067-ecd7-49ce-9169-0f0a5dbb506d.jpeg\",\"contentUrl\":\"https:\/\/diarioabcdemichoacan.com.mx\/lasnoticias\/wp-content\/uploads\/2024\/11\/deb1f067-ecd7-49ce-9169-0f0a5dbb506d.jpeg\",\"width\":1280,\"height\":853},{\"@type\":\"BreadcrumbList\",\"@id\":\"https:\/\/diarioabcdemichoacan.com.mx\/lasnoticias\/promueve-alfonso-martinez-mayor-inversion-para-el-desarrollo\/#breadcrumb\",\"itemListElement\":[{\"@type\":\"ListItem\",\"position\":1,\"name\":\"Portada\",\"item\":\"https:\/\/diarioabcdemichoacan.com.mx\/lasnoticias\/\"},{\"@type\":\"ListItem\",\"position\":2,\"name\":\"Promueve Alfonso Mart\u00ednez, mayor inversi\u00f3n para el desarrollo\"}]},{\"@type\":\"WebSite\",\"@id\":\"https:\/\/diarioabcdemichoacan.com.mx\/lasnoticias\/#website\",\"url\":\"https:\/\/diarioabcdemichoacan.com.mx\/lasnoticias\/\",\"name\":\"Diario ABC de Michoac\u00e1n\",\"description\":\"Las noticias al momento\",\"potentialAction\":[{\"@type\":\"SearchAction\",\"target\":{\"@type\":\"EntryPoint\",\"urlTemplate\":\"https:\/\/diarioabcdemichoacan.com.mx\/lasnoticias\/?s={search_term_string}\"},\"query-input\":{\"@type\":\"PropertyValueSpecification\",\"valueRequired\":true,\"valueName\":\"search_term_string\"}}],\"inLanguage\":\"es\"},{\"@type\":\"Person\",\"@id\":\"https:\/\/diarioabcdemichoacan.com.mx\/lasnoticias\/#\/schema\/person\/657e7c20ff5297f317664d985712e8e8\",\"name\":\"MD\",\"image\":{\"@type\":\"ImageObject\",\"inLanguage\":\"es\",\"@id\":\"https:\/\/diarioabcdemichoacan.com.mx\/lasnoticias\/#\/schema\/person\/image\/\",\"url\":\"https:\/\/secure.gravatar.com\/avatar\/a769375eedc94419a5b67bc5d63567af?s=96&d=mm&r=g\",\"contentUrl\":\"https:\/\/secure.gravatar.com\/avatar\/a769375eedc94419a5b67bc5d63567af?s=96&d=mm&r=g\",\"caption\":\"MD\"},\"url\":\"https:\/\/diarioabcdemichoacan.com.mx\/lasnoticias\/author\/merelydpa\/\"}]}<\/script>\n<!-- \/ Yoast SEO plugin. -->","yoast_head_json":{"title":"Promueve Alfonso Mart\u00ednez, mayor inversi\u00f3n para el desarrollo - Diario ABC de Michoac\u00e1n","robots":{"index":"index","follow":"follow","max-snippet":"max-snippet:-1","max-image-preview":"max-image-preview:large","max-video-preview":"max-video-preview:-1"},"canonical":"https:\/\/diarioabcdemichoacan.com.mx\/lasnoticias\/promueve-alfonso-martinez-mayor-inversion-para-el-desarrollo\/","og_locale":"es_ES","og_type":"article","og_title":"Promueve Alfonso Mart\u00ednez, mayor inversi\u00f3n para el desarrollo - Diario ABC de Michoac\u00e1n","og_description":"\u2022 Encabeza en L\u00e1zaro C\u00e1rdenas II Reuni\u00f3n de la Misi\u00f3n Comercial de Nanning, China \u2022 Piden empresarios del puerto sean invitados a futuras misiones \u2022 Recorre las instalaciones de ASIPONA L\u00e1zaro C\u00e1rdenas, Michoac\u00e1n.- El Presidente Municipal de Morelia, Alfonso Mart\u00ednez Alc\u00e1zar, reconoci\u00f3 a L\u00e1zaro C\u00e1rdenas como un puerto de gran potencial y una ciudad clave [&hellip;]","og_url":"https:\/\/diarioabcdemichoacan.com.mx\/lasnoticias\/promueve-alfonso-martinez-mayor-inversion-para-el-desarrollo\/","og_site_name":"Diario ABC de Michoac\u00e1n","article_published_time":"2024-11-23T20:02:00+00:00","og_image":[{"width":1280,"height":853,"url":"https:\/\/diarioabcdemichoacan.com.mx\/lasnoticias\/wp-content\/uploads\/2024\/11\/deb1f067-ecd7-49ce-9169-0f0a5dbb506d.jpeg","type":"image\/jpeg"}],"author":"MD","twitter_card":"summary_large_image","twitter_misc":{"Escrito por":"MD","Tiempo de lectura":"2 minutos"},"schema":{"@context":"https:\/\/schema.org","@graph":[{"@type":"WebPage","@id":"https:\/\/diarioabcdemichoacan.com.mx\/lasnoticias\/promueve-alfonso-martinez-mayor-inversion-para-el-desarrollo\/","url":"https:\/\/diarioabcdemichoacan.com.mx\/lasnoticias\/promueve-alfonso-martinez-mayor-inversion-para-el-desarrollo\/","name":"Promueve Alfonso Mart\u00ednez, mayor inversi\u00f3n para el desarrollo - Diario ABC de Michoac\u00e1n","isPartOf":{"@id":"https:\/\/diarioabcdemichoacan.com.mx\/lasnoticias\/#website"},"primaryImageOfPage":{"@id":"https:\/\/diarioabcdemichoacan.com.mx\/lasnoticias\/promueve-alfonso-martinez-mayor-inversion-para-el-desarrollo\/#primaryimage"},"image":{"@id":"https:\/\/diarioabcdemichoacan.com.mx\/lasnoticias\/promueve-alfonso-martinez-mayor-inversion-para-el-desarrollo\/#primaryimage"},"thumbnailUrl":"https:\/\/diarioabcdemichoacan.com.mx\/lasnoticias\/wp-content\/uploads\/2024\/11\/deb1f067-ecd7-49ce-9169-0f0a5dbb506d.jpeg","datePublished":"2024-11-23T20:02:00+00:00","dateModified":"2024-11-23T20:02:00+00:00","author":{"@id":"https:\/\/diarioabcdemichoacan.com.mx\/lasnoticias\/#\/schema\/person\/657e7c20ff5297f317664d985712e8e8"},"breadcrumb":{"@id":"https:\/\/diarioabcdemichoacan.com.mx\/lasnoticias\/promueve-alfonso-martinez-mayor-inversion-para-el-desarrollo\/#breadcrumb"},"inLanguage":"es","potentialAction":[{"@type":"ReadAction","target":["https:\/\/diarioabcdemichoacan.com.mx\/lasnoticias\/promueve-alfonso-martinez-mayor-inversion-para-el-desarrollo\/"]}]},{"@type":"ImageObject","inLanguage":"es","@id":"https:\/\/diarioabcdemichoacan.com.mx\/lasnoticias\/promueve-alfonso-martinez-mayor-inversion-para-el-desarrollo\/#primaryimage","url":"https:\/\/diarioabcdemichoacan.com.mx\/lasnoticias\/wp-content\/uploads\/2024\/11\/deb1f067-ecd7-49ce-9169-0f0a5dbb506d.jpeg","contentUrl":"https:\/\/diarioabcdemichoacan.com.mx\/lasnoticias\/wp-content\/uploads\/2024\/11\/deb1f067-ecd7-49ce-9169-0f0a5dbb506d.jpeg","width":1280,"height":853},{"@type":"BreadcrumbList","@id":"https:\/\/diarioabcdemichoacan.com.mx\/lasnoticias\/promueve-alfonso-martinez-mayor-inversion-para-el-desarrollo\/#breadcrumb","itemListElement":[{"@type":"ListItem","position":1,"name":"Portada","item":"https:\/\/diarioabcdemichoacan.com.mx\/lasnoticias\/"},{"@type":"ListItem","position":2,"name":"Promueve Alfonso Mart\u00ednez, mayor inversi\u00f3n para el desarrollo"}]},{"@type":"WebSite","@id":"https:\/\/diarioabcdemichoacan.com.mx\/lasnoticias\/#website","url":"https:\/\/diarioabcdemichoacan.com.mx\/lasnoticias\/","name":"Diario ABC de Michoac\u00e1n","description":"Las noticias al momento","potentialAction":[{"@type":"SearchAction","target":{"@type":"EntryPoint","urlTemplate":"https:\/\/diarioabcdemichoacan.com.mx\/lasnoticias\/?s={search_term_string}"},"query-input":{"@type":"PropertyValueSpecification","valueRequired":true,"valueName":"search_term_string"}}],"inLanguage":"es"},{"@type":"Person","@id":"https:\/\/diarioabcdemichoacan.com.mx\/lasnoticias\/#\/schema\/person\/657e7c20ff5297f317664d985712e8e8","name":"MD","image":{"@type":"ImageObject","inLanguage":"es","@id":"https:\/\/diarioabcdemichoacan.com.mx\/lasnoticias\/#\/schema\/person\/image\/","url":"https:\/\/secure.gravatar.com\/avatar\/a769375eedc94419a5b67bc5d63567af?s=96&d=mm&r=g","contentUrl":"https:\/\/secure.gravatar.com\/avatar\/a769375eedc94419a5b67bc5d63567af?s=96&d=mm&r=g","caption":"MD"},"url":"https:\/\/diarioabcdemichoacan.com.mx\/lasnoticias\/author\/merelydpa\/"}]}},"_links":{"self":[{"href":"https:\/\/diarioabcdemichoacan.com.mx\/lasnoticias\/wp-json\/wp\/v2\/posts\/35072","targetHints":{"allow":["GET"]}}],"collection":[{"href":"https:\/\/diarioabcdemichoacan.com.mx\/lasnoticias\/wp-json\/wp\/v2\/posts"}],"about":[{"href":"https:\/\/diarioabcdemichoacan.com.mx\/lasnoticias\/wp-json\/wp\/v2\/types\/post"}],"author":[{"embeddable":true,"href":"https:\/\/diarioabcdemichoacan.com.mx\/lasnoticias\/wp-json\/wp\/v2\/users\/8"}],"replies":[{"embeddable":true,"href":"https:\/\/diarioabcdemichoacan.com.mx\/lasnoticias\/wp-json\/wp\/v2\/comments?post=35072"}],"version-history":[{"count":1,"href":"https:\/\/diarioabcdemichoacan.com.mx\/lasnoticias\/wp-json\/wp\/v2\/posts\/35072\/revisions"}],"predecessor-version":[{"id":35074,"href":"https:\/\/diarioabcdemichoacan.com.mx\/lasnoticias\/wp-json\/wp\/v2\/posts\/35072\/revisions\/35074"}],"wp:featuredmedia":[{"embeddable":true,"href":"https:\/\/diarioabcdemichoacan.com.mx\/lasnoticias\/wp-json\/wp\/v2\/media\/35073"}],"wp:attachment":[{"href":"https:\/\/diarioabcdemichoacan.com.mx\/lasnoticias\/wp-json\/wp\/v2\/media?parent=35072"}],"wp:term":[{"taxonomy":"category","embeddable":true,"href":"https:\/\/diarioabcdemichoacan.com.mx\/lasnoticias\/wp-json\/wp\/v2\/categories?post=35072"},{"taxonomy":"post_tag","embeddable":true,"href":"https:\/\/diarioabcdemichoacan.com.mx\/lasnoticias\/wp-json\/wp\/v2\/tags?post=35072"}],"curies":[{"name":"wp","href":"https:\/\/api.w.org\/{rel}","templated":true}]}}