{"id":35411,"date":"2024-11-25T17:35:32","date_gmt":"2024-11-25T23:35:32","guid":{"rendered":"https:\/\/diarioabcdemichoacan.com.mx\/lasnoticias\/?p=35411"},"modified":"2024-11-25T17:35:32","modified_gmt":"2024-11-25T23:35:32","slug":"identifican-al-presunto-delincuente-atrapado-por-la-gc-en-posesion-de-camioneta-robada-al-sur-de-morelia","status":"publish","type":"post","link":"https:\/\/diarioabcdemichoacan.com.mx\/lasnoticias\/identifican-al-presunto-delincuente-atrapado-por-la-gc-en-posesion-de-camioneta-robada-al-sur-de-morelia\/","title":{"rendered":"Identifican al presunto delincuente atrapado por la GC en posesi\u00f3n de camioneta robada, al sur de Morelia"},"content":{"rendered":"<ul>\n<li>Los oficiales le aseguraron metanfetamina.<\/li>\n<li>El susodicho y un c\u00f3mplice viajaban a bordo del mencionado veh\u00edculo con reporte de robo.<\/li>\n<\/ul>\n<p><em>Por: Juan Manuel \u00c1lvarez.<\/em><\/p>\n<hr \/>\n<p>Morelia, Michoac\u00e1n.- Bryan Yair, de 22 a\u00f1os de edad, vecino de la colonia Praderas del Sur, es el presunto delincuente que los elementos de la Guardia Civil (GC) detuvieron en la zona sur de Morelia, hecho en el que los uniformados recuperaron una camioneta robada, informaron fuentes allegadas al tema.<\/p>\n<p>Al ahora indiciado le encontraron entre sus pertenencias personales tres envoltorios de metanfetamina, indicaron autoridades policiales. Cabe recordar que durante el mediod\u00eda de este lunes, Bryan y su c\u00f3mplice viajaban a bordo del referido veh\u00edculo de la marca Chrysler Voyager, color azul marino, con placas sobrepuestas PFL594A.<\/p>\n<p>Trascendi\u00f3 que los susodichos transitaban a exceso de velocidad, entonces los patrulleros estatales les marcaron el alto, pero los sospechosos, al llegar a la avenida de Los Tucanes, localizada en la colonia Ampliaci\u00f3n Loma Larga, descendieron r\u00e1pidamente del automotor y este continu\u00f3 avanzando sin control hasta estrellarse contra una camioneta amarilla.<\/p>\n<p>En el sitio fue capturado Bryan, en tanto que su compinche consigui\u00f3 darse a la fuga. El sujeto asegurado, la sustancia il\u00edcita y la unidad robada quedaron a disposici\u00f3n de la instancia competente.<\/p>\n","protected":false},"excerpt":{"rendered":"<p>Los oficiales le aseguraron metanfetamina. El susodicho y un c\u00f3mplice viajaban a bordo del mencionado veh\u00edculo con reporte de robo. Por: Juan Manuel \u00c1lvarez. Morelia, Michoac\u00e1n.- Bryan Yair, de 22 a\u00f1os de edad, vecino de la colonia Praderas del Sur, es el presunto delincuente que los elementos de la Guardia Civil (GC) detuvieron en la [&hellip;]<\/p>\n","protected":false},"author":8,"featured_media":35430,"comment_status":"closed","ping_status":"closed","sticky":false,"template":"","format":"standard","meta":{"footnotes":""},"categories":[7,25],"tags":[],"class_list":{"0":"post-35411","1":"post","2":"type-post","3":"status-publish","4":"format-standard","5":"has-post-thumbnail","7":"category-morelia","8":"category-seguridad"},"yoast_head":"<!-- This site is optimized with the Yoast SEO plugin v24.0 - https:\/\/yoast.com\/wordpress\/plugins\/seo\/ -->\n<title>Identifican al presunto delincuente atrapado por la GC en posesi\u00f3n de camioneta robada, al sur de Morelia - Diario ABC de Michoac\u00e1n<\/title>\n<meta name=\"robots\" content=\"index, follow, max-snippet:-1, max-image-preview:large, max-video-preview:-1\" \/>\n<link rel=\"canonical\" href=\"https:\/\/diarioabcdemichoacan.com.mx\/lasnoticias\/identifican-al-presunto-delincuente-atrapado-por-la-gc-en-posesion-de-camioneta-robada-al-sur-de-morelia\/\" \/>\n<meta property=\"og:locale\" content=\"es_ES\" \/>\n<meta property=\"og:type\" content=\"article\" \/>\n<meta property=\"og:title\" content=\"Identifican al presunto delincuente atrapado por la GC en posesi\u00f3n de camioneta robada, al sur de Morelia - Diario ABC de Michoac\u00e1n\" \/>\n<meta property=\"og:description\" content=\"Los oficiales le aseguraron metanfetamina. El susodicho y un c\u00f3mplice viajaban a bordo del mencionado veh\u00edculo con reporte de robo. Por: Juan Manuel \u00c1lvarez. Morelia, Michoac\u00e1n.- Bryan Yair, de 22 a\u00f1os de edad, vecino de la colonia Praderas del Sur, es el presunto delincuente que los elementos de la Guardia Civil (GC) detuvieron en la [&hellip;]\" \/>\n<meta property=\"og:url\" content=\"https:\/\/diarioabcdemichoacan.com.mx\/lasnoticias\/identifican-al-presunto-delincuente-atrapado-por-la-gc-en-posesion-de-camioneta-robada-al-sur-de-morelia\/\" \/>\n<meta property=\"og:site_name\" content=\"Diario ABC de Michoac\u00e1n\" \/>\n<meta property=\"article:published_time\" content=\"2024-11-25T23:35:32+00:00\" \/>\n<meta property=\"og:image\" content=\"https:\/\/diarioabcdemichoacan.com.mx\/lasnoticias\/wp-content\/uploads\/2024\/11\/WhatsApp-Image-2024-11-25-at-17.32.29.jpeg\" \/>\n\t<meta property=\"og:image:width\" content=\"800\" \/>\n\t<meta property=\"og:image:height\" content=\"360\" \/>\n\t<meta property=\"og:image:type\" content=\"image\/jpeg\" \/>\n<meta name=\"author\" content=\"MD\" \/>\n<meta name=\"twitter:card\" content=\"summary_large_image\" \/>\n<meta name=\"twitter:label1\" content=\"Escrito por\" \/>\n\t<meta name=\"twitter:data1\" content=\"MD\" \/>\n\t<meta name=\"twitter:label2\" content=\"Tiempo de lectura\" \/>\n\t<meta name=\"twitter:data2\" content=\"2 minutos\" \/>\n<script type=\"application\/ld+json\" class=\"yoast-schema-graph\">{\"@context\":\"https:\/\/schema.org\",\"@graph\":[{\"@type\":\"WebPage\",\"@id\":\"https:\/\/diarioabcdemichoacan.com.mx\/lasnoticias\/identifican-al-presunto-delincuente-atrapado-por-la-gc-en-posesion-de-camioneta-robada-al-sur-de-morelia\/\",\"url\":\"https:\/\/diarioabcdemichoacan.com.mx\/lasnoticias\/identifican-al-presunto-delincuente-atrapado-por-la-gc-en-posesion-de-camioneta-robada-al-sur-de-morelia\/\",\"name\":\"Identifican al presunto delincuente atrapado por la GC en posesi\u00f3n de camioneta robada, al sur de Morelia - Diario ABC de Michoac\u00e1n\",\"isPartOf\":{\"@id\":\"https:\/\/diarioabcdemichoacan.com.mx\/lasnoticias\/#website\"},\"primaryImageOfPage\":{\"@id\":\"https:\/\/diarioabcdemichoacan.com.mx\/lasnoticias\/identifican-al-presunto-delincuente-atrapado-por-la-gc-en-posesion-de-camioneta-robada-al-sur-de-morelia\/#primaryimage\"},\"image\":{\"@id\":\"https:\/\/diarioabcdemichoacan.com.mx\/lasnoticias\/identifican-al-presunto-delincuente-atrapado-por-la-gc-en-posesion-de-camioneta-robada-al-sur-de-morelia\/#primaryimage\"},\"thumbnailUrl\":\"https:\/\/diarioabcdemichoacan.com.mx\/lasnoticias\/wp-content\/uploads\/2024\/11\/WhatsApp-Image-2024-11-25-at-17.32.29.jpeg\",\"datePublished\":\"2024-11-25T23:35:32+00:00\",\"dateModified\":\"2024-11-25T23:35:32+00:00\",\"author\":{\"@id\":\"https:\/\/diarioabcdemichoacan.com.mx\/lasnoticias\/#\/schema\/person\/657e7c20ff5297f317664d985712e8e8\"},\"breadcrumb\":{\"@id\":\"https:\/\/diarioabcdemichoacan.com.mx\/lasnoticias\/identifican-al-presunto-delincuente-atrapado-por-la-gc-en-posesion-de-camioneta-robada-al-sur-de-morelia\/#breadcrumb\"},\"inLanguage\":\"es\",\"potentialAction\":[{\"@type\":\"ReadAction\",\"target\":[\"https:\/\/diarioabcdemichoacan.com.mx\/lasnoticias\/identifican-al-presunto-delincuente-atrapado-por-la-gc-en-posesion-de-camioneta-robada-al-sur-de-morelia\/\"]}]},{\"@type\":\"ImageObject\",\"inLanguage\":\"es\",\"@id\":\"https:\/\/diarioabcdemichoacan.com.mx\/lasnoticias\/identifican-al-presunto-delincuente-atrapado-por-la-gc-en-posesion-de-camioneta-robada-al-sur-de-morelia\/#primaryimage\",\"url\":\"https:\/\/diarioabcdemichoacan.com.mx\/lasnoticias\/wp-content\/uploads\/2024\/11\/WhatsApp-Image-2024-11-25-at-17.32.29.jpeg\",\"contentUrl\":\"https:\/\/diarioabcdemichoacan.com.mx\/lasnoticias\/wp-content\/uploads\/2024\/11\/WhatsApp-Image-2024-11-25-at-17.32.29.jpeg\",\"width\":800,\"height\":360},{\"@type\":\"BreadcrumbList\",\"@id\":\"https:\/\/diarioabcdemichoacan.com.mx\/lasnoticias\/identifican-al-presunto-delincuente-atrapado-por-la-gc-en-posesion-de-camioneta-robada-al-sur-de-morelia\/#breadcrumb\",\"itemListElement\":[{\"@type\":\"ListItem\",\"position\":1,\"name\":\"Portada\",\"item\":\"https:\/\/diarioabcdemichoacan.com.mx\/lasnoticias\/\"},{\"@type\":\"ListItem\",\"position\":2,\"name\":\"Identifican al presunto delincuente atrapado por la GC en posesi\u00f3n de camioneta robada, al sur de Morelia\"}]},{\"@type\":\"WebSite\",\"@id\":\"https:\/\/diarioabcdemichoacan.com.mx\/lasnoticias\/#website\",\"url\":\"https:\/\/diarioabcdemichoacan.com.mx\/lasnoticias\/\",\"name\":\"Diario ABC de Michoac\u00e1n\",\"description\":\"Las noticias al momento\",\"potentialAction\":[{\"@type\":\"SearchAction\",\"target\":{\"@type\":\"EntryPoint\",\"urlTemplate\":\"https:\/\/diarioabcdemichoacan.com.mx\/lasnoticias\/?s={search_term_string}\"},\"query-input\":{\"@type\":\"PropertyValueSpecification\",\"valueRequired\":true,\"valueName\":\"search_term_string\"}}],\"inLanguage\":\"es\"},{\"@type\":\"Person\",\"@id\":\"https:\/\/diarioabcdemichoacan.com.mx\/lasnoticias\/#\/schema\/person\/657e7c20ff5297f317664d985712e8e8\",\"name\":\"MD\",\"image\":{\"@type\":\"ImageObject\",\"inLanguage\":\"es\",\"@id\":\"https:\/\/diarioabcdemichoacan.com.mx\/lasnoticias\/#\/schema\/person\/image\/\",\"url\":\"https:\/\/secure.gravatar.com\/avatar\/a769375eedc94419a5b67bc5d63567af?s=96&d=mm&r=g\",\"contentUrl\":\"https:\/\/secure.gravatar.com\/avatar\/a769375eedc94419a5b67bc5d63567af?s=96&d=mm&r=g\",\"caption\":\"MD\"},\"url\":\"https:\/\/diarioabcdemichoacan.com.mx\/lasnoticias\/author\/merelydpa\/\"}]}<\/script>\n<!-- \/ Yoast SEO plugin. -->","yoast_head_json":{"title":"Identifican al presunto delincuente atrapado por la GC en posesi\u00f3n de camioneta robada, al sur de Morelia - Diario ABC de Michoac\u00e1n","robots":{"index":"index","follow":"follow","max-snippet":"max-snippet:-1","max-image-preview":"max-image-preview:large","max-video-preview":"max-video-preview:-1"},"canonical":"https:\/\/diarioabcdemichoacan.com.mx\/lasnoticias\/identifican-al-presunto-delincuente-atrapado-por-la-gc-en-posesion-de-camioneta-robada-al-sur-de-morelia\/","og_locale":"es_ES","og_type":"article","og_title":"Identifican al presunto delincuente atrapado por la GC en posesi\u00f3n de camioneta robada, al sur de Morelia - Diario ABC de Michoac\u00e1n","og_description":"Los oficiales le aseguraron metanfetamina. El susodicho y un c\u00f3mplice viajaban a bordo del mencionado veh\u00edculo con reporte de robo. Por: Juan Manuel \u00c1lvarez. Morelia, Michoac\u00e1n.- Bryan Yair, de 22 a\u00f1os de edad, vecino de la colonia Praderas del Sur, es el presunto delincuente que los elementos de la Guardia Civil (GC) detuvieron en la [&hellip;]","og_url":"https:\/\/diarioabcdemichoacan.com.mx\/lasnoticias\/identifican-al-presunto-delincuente-atrapado-por-la-gc-en-posesion-de-camioneta-robada-al-sur-de-morelia\/","og_site_name":"Diario ABC de Michoac\u00e1n","article_published_time":"2024-11-25T23:35:32+00:00","og_image":[{"width":800,"height":360,"url":"https:\/\/diarioabcdemichoacan.com.mx\/lasnoticias\/wp-content\/uploads\/2024\/11\/WhatsApp-Image-2024-11-25-at-17.32.29.jpeg","type":"image\/jpeg"}],"author":"MD","twitter_card":"summary_large_image","twitter_misc":{"Escrito por":"MD","Tiempo de lectura":"2 minutos"},"schema":{"@context":"https:\/\/schema.org","@graph":[{"@type":"WebPage","@id":"https:\/\/diarioabcdemichoacan.com.mx\/lasnoticias\/identifican-al-presunto-delincuente-atrapado-por-la-gc-en-posesion-de-camioneta-robada-al-sur-de-morelia\/","url":"https:\/\/diarioabcdemichoacan.com.mx\/lasnoticias\/identifican-al-presunto-delincuente-atrapado-por-la-gc-en-posesion-de-camioneta-robada-al-sur-de-morelia\/","name":"Identifican al presunto delincuente atrapado por la GC en posesi\u00f3n de camioneta robada, al sur de Morelia - Diario ABC de Michoac\u00e1n","isPartOf":{"@id":"https:\/\/diarioabcdemichoacan.com.mx\/lasnoticias\/#website"},"primaryImageOfPage":{"@id":"https:\/\/diarioabcdemichoacan.com.mx\/lasnoticias\/identifican-al-presunto-delincuente-atrapado-por-la-gc-en-posesion-de-camioneta-robada-al-sur-de-morelia\/#primaryimage"},"image":{"@id":"https:\/\/diarioabcdemichoacan.com.mx\/lasnoticias\/identifican-al-presunto-delincuente-atrapado-por-la-gc-en-posesion-de-camioneta-robada-al-sur-de-morelia\/#primaryimage"},"thumbnailUrl":"https:\/\/diarioabcdemichoacan.com.mx\/lasnoticias\/wp-content\/uploads\/2024\/11\/WhatsApp-Image-2024-11-25-at-17.32.29.jpeg","datePublished":"2024-11-25T23:35:32+00:00","dateModified":"2024-11-25T23:35:32+00:00","author":{"@id":"https:\/\/diarioabcdemichoacan.com.mx\/lasnoticias\/#\/schema\/person\/657e7c20ff5297f317664d985712e8e8"},"breadcrumb":{"@id":"https:\/\/diarioabcdemichoacan.com.mx\/lasnoticias\/identifican-al-presunto-delincuente-atrapado-por-la-gc-en-posesion-de-camioneta-robada-al-sur-de-morelia\/#breadcrumb"},"inLanguage":"es","potentialAction":[{"@type":"ReadAction","target":["https:\/\/diarioabcdemichoacan.com.mx\/lasnoticias\/identifican-al-presunto-delincuente-atrapado-por-la-gc-en-posesion-de-camioneta-robada-al-sur-de-morelia\/"]}]},{"@type":"ImageObject","inLanguage":"es","@id":"https:\/\/diarioabcdemichoacan.com.mx\/lasnoticias\/identifican-al-presunto-delincuente-atrapado-por-la-gc-en-posesion-de-camioneta-robada-al-sur-de-morelia\/#primaryimage","url":"https:\/\/diarioabcdemichoacan.com.mx\/lasnoticias\/wp-content\/uploads\/2024\/11\/WhatsApp-Image-2024-11-25-at-17.32.29.jpeg","contentUrl":"https:\/\/diarioabcdemichoacan.com.mx\/lasnoticias\/wp-content\/uploads\/2024\/11\/WhatsApp-Image-2024-11-25-at-17.32.29.jpeg","width":800,"height":360},{"@type":"BreadcrumbList","@id":"https:\/\/diarioabcdemichoacan.com.mx\/lasnoticias\/identifican-al-presunto-delincuente-atrapado-por-la-gc-en-posesion-de-camioneta-robada-al-sur-de-morelia\/#breadcrumb","itemListElement":[{"@type":"ListItem","position":1,"name":"Portada","item":"https:\/\/diarioabcdemichoacan.com.mx\/lasnoticias\/"},{"@type":"ListItem","position":2,"name":"Identifican al presunto delincuente atrapado por la GC en posesi\u00f3n de camioneta robada, al sur de Morelia"}]},{"@type":"WebSite","@id":"https:\/\/diarioabcdemichoacan.com.mx\/lasnoticias\/#website","url":"https:\/\/diarioabcdemichoacan.com.mx\/lasnoticias\/","name":"Diario ABC de Michoac\u00e1n","description":"Las noticias al momento","potentialAction":[{"@type":"SearchAction","target":{"@type":"EntryPoint","urlTemplate":"https:\/\/diarioabcdemichoacan.com.mx\/lasnoticias\/?s={search_term_string}"},"query-input":{"@type":"PropertyValueSpecification","valueRequired":true,"valueName":"search_term_string"}}],"inLanguage":"es"},{"@type":"Person","@id":"https:\/\/diarioabcdemichoacan.com.mx\/lasnoticias\/#\/schema\/person\/657e7c20ff5297f317664d985712e8e8","name":"MD","image":{"@type":"ImageObject","inLanguage":"es","@id":"https:\/\/diarioabcdemichoacan.com.mx\/lasnoticias\/#\/schema\/person\/image\/","url":"https:\/\/secure.gravatar.com\/avatar\/a769375eedc94419a5b67bc5d63567af?s=96&d=mm&r=g","contentUrl":"https:\/\/secure.gravatar.com\/avatar\/a769375eedc94419a5b67bc5d63567af?s=96&d=mm&r=g","caption":"MD"},"url":"https:\/\/diarioabcdemichoacan.com.mx\/lasnoticias\/author\/merelydpa\/"}]}},"_links":{"self":[{"href":"https:\/\/diarioabcdemichoacan.com.mx\/lasnoticias\/wp-json\/wp\/v2\/posts\/35411","targetHints":{"allow":["GET"]}}],"collection":[{"href":"https:\/\/diarioabcdemichoacan.com.mx\/lasnoticias\/wp-json\/wp\/v2\/posts"}],"about":[{"href":"https:\/\/diarioabcdemichoacan.com.mx\/lasnoticias\/wp-json\/wp\/v2\/types\/post"}],"author":[{"embeddable":true,"href":"https:\/\/diarioabcdemichoacan.com.mx\/lasnoticias\/wp-json\/wp\/v2\/users\/8"}],"replies":[{"embeddable":true,"href":"https:\/\/diarioabcdemichoacan.com.mx\/lasnoticias\/wp-json\/wp\/v2\/comments?post=35411"}],"version-history":[{"count":1,"href":"https:\/\/diarioabcdemichoacan.com.mx\/lasnoticias\/wp-json\/wp\/v2\/posts\/35411\/revisions"}],"predecessor-version":[{"id":35431,"href":"https:\/\/diarioabcdemichoacan.com.mx\/lasnoticias\/wp-json\/wp\/v2\/posts\/35411\/revisions\/35431"}],"wp:featuredmedia":[{"embeddable":true,"href":"https:\/\/diarioabcdemichoacan.com.mx\/lasnoticias\/wp-json\/wp\/v2\/media\/35430"}],"wp:attachment":[{"href":"https:\/\/diarioabcdemichoacan.com.mx\/lasnoticias\/wp-json\/wp\/v2\/media?parent=35411"}],"wp:term":[{"taxonomy":"category","embeddable":true,"href":"https:\/\/diarioabcdemichoacan.com.mx\/lasnoticias\/wp-json\/wp\/v2\/categories?post=35411"},{"taxonomy":"post_tag","embeddable":true,"href":"https:\/\/diarioabcdemichoacan.com.mx\/lasnoticias\/wp-json\/wp\/v2\/tags?post=35411"}],"curies":[{"name":"wp","href":"https:\/\/api.w.org\/{rel}","templated":true}]}}