{"id":35418,"date":"2024-11-25T17:02:03","date_gmt":"2024-11-25T23:02:03","guid":{"rendered":"https:\/\/diarioabcdemichoacan.com.mx\/lasnoticias\/?p=35418"},"modified":"2024-11-25T17:02:03","modified_gmt":"2024-11-25T23:02:03","slug":"michoacanas-levantan-la-voz-contra-la-violencia-de-genero","status":"publish","type":"post","link":"https:\/\/diarioabcdemichoacan.com.mx\/lasnoticias\/michoacanas-levantan-la-voz-contra-la-violencia-de-genero\/","title":{"rendered":"Michoacanas levantan la voz contra la violencia de g\u00e9nero"},"content":{"rendered":"<h2>Participan en Rompamos el ciclo, como parte de las actividades por el D\u00eda Internacional de la Eliminaci\u00f3n de la Violencia contra la Mujer.<\/h2>\n<p>&nbsp;<\/p>\n<p>&nbsp;<\/p>\n<hr \/>\n<p>Morelia, Mich.- Michoac\u00e1n levant\u00f3 la voz contra la violencia de g\u00e9nero. La titular de la Secretar\u00eda de Igualdad Sustantiva y Desarrollo de las Mujeres Michoacanas (Seimujer), Alejandra Anguiano Gonz\u00e1lez, puntualiz\u00f3 que no se puede permitir perder la vida de aquellas que luchan por la igualdad de g\u00e9nero y que otras m\u00e1s lo cuentan con las cicatrices que callan lo que han vivido.<\/p>\n<p>&nbsp;<\/p>\n<p>Durante el evento denominado Rompamos el ciclo, como parte de las actividades por el D\u00eda Internacional de la Eliminaci\u00f3n de la Violencia contra la Mujer, la titular de la dependencia puntualiz\u00f3 que no se trata de un problema aislado, ya que se manifiesta de muchas formas, que la violencia puede ser silenciosa y colarse en los hogares, el trabajo, las escuelas, las redes sociales y diversos entornos.<\/p>\n<p><img loading=\"lazy\" decoding=\"async\" class=\"alignnone size-medium wp-image-35420\" src=\"https:\/\/diarioabcdemichoacan.com.mx\/lasnoticias\/wp-content\/uploads\/2024\/11\/IMG-20241125-WA0132-500x333.jpg\" alt=\"\" width=\"500\" height=\"333\" srcset=\"https:\/\/diarioabcdemichoacan.com.mx\/lasnoticias\/wp-content\/uploads\/2024\/11\/IMG-20241125-WA0132-500x333.jpg 500w, https:\/\/diarioabcdemichoacan.com.mx\/lasnoticias\/wp-content\/uploads\/2024\/11\/IMG-20241125-WA0132-1024x682.jpg 1024w, https:\/\/diarioabcdemichoacan.com.mx\/lasnoticias\/wp-content\/uploads\/2024\/11\/IMG-20241125-WA0132-768x512.jpg 768w, https:\/\/diarioabcdemichoacan.com.mx\/lasnoticias\/wp-content\/uploads\/2024\/11\/IMG-20241125-WA0132-1536x1023.jpg 1536w, https:\/\/diarioabcdemichoacan.com.mx\/lasnoticias\/wp-content\/uploads\/2024\/11\/IMG-20241125-WA0132-150x100.jpg 150w, https:\/\/diarioabcdemichoacan.com.mx\/lasnoticias\/wp-content\/uploads\/2024\/11\/IMG-20241125-WA0132-300x200.jpg 300w, https:\/\/diarioabcdemichoacan.com.mx\/lasnoticias\/wp-content\/uploads\/2024\/11\/IMG-20241125-WA0132-696x464.jpg 696w, https:\/\/diarioabcdemichoacan.com.mx\/lasnoticias\/wp-content\/uploads\/2024\/11\/IMG-20241125-WA0132-1068x712.jpg 1068w, https:\/\/diarioabcdemichoacan.com.mx\/lasnoticias\/wp-content\/uploads\/2024\/11\/IMG-20241125-WA0132.jpg 1600w\" sizes=\"auto, (max-width: 500px) 100vw, 500px\" \/><\/p>\n<p>\u201cLa lucha es nuestra y ya sabemos que calladitas no nos vemos m\u00e1s bonitas\u201d, manifest\u00f3 Anguiano Gonz\u00e1lez, al precisar que desde cualquier trinchera se puede luchar para que en Michoac\u00e1n todas sean libres y no haya m\u00e1s violencia de g\u00e9nero.<\/p>\n<p>&nbsp;<\/p>\n<p>Entre las actividades que se llevaron a cabo como parte de los 16 d\u00edas de activismo en contra de la violencia de g\u00e9nero, se present\u00f3 la puesta en escena El Aleteo de las Mariposas, por la compa\u00f1\u00eda Improvisaci\u00f3n Teatral Improbables, que aborda la situaci\u00f3n de violencia que viven las mujeres; una oportunidad para escuchar y reflexionar con cada uno de los casos que se presentaron.<\/p>\n<p><img loading=\"lazy\" decoding=\"async\" class=\"alignnone size-medium wp-image-35424\" src=\"https:\/\/diarioabcdemichoacan.com.mx\/lasnoticias\/wp-content\/uploads\/2024\/11\/IMG-20241125-WA0127-500x333.jpg\" alt=\"\" width=\"500\" height=\"333\" srcset=\"https:\/\/diarioabcdemichoacan.com.mx\/lasnoticias\/wp-content\/uploads\/2024\/11\/IMG-20241125-WA0127-500x333.jpg 500w, https:\/\/diarioabcdemichoacan.com.mx\/lasnoticias\/wp-content\/uploads\/2024\/11\/IMG-20241125-WA0127-1024x682.jpg 1024w, https:\/\/diarioabcdemichoacan.com.mx\/lasnoticias\/wp-content\/uploads\/2024\/11\/IMG-20241125-WA0127-768x512.jpg 768w, https:\/\/diarioabcdemichoacan.com.mx\/lasnoticias\/wp-content\/uploads\/2024\/11\/IMG-20241125-WA0127-1536x1023.jpg 1536w, https:\/\/diarioabcdemichoacan.com.mx\/lasnoticias\/wp-content\/uploads\/2024\/11\/IMG-20241125-WA0127-150x100.jpg 150w, https:\/\/diarioabcdemichoacan.com.mx\/lasnoticias\/wp-content\/uploads\/2024\/11\/IMG-20241125-WA0127-300x200.jpg 300w, https:\/\/diarioabcdemichoacan.com.mx\/lasnoticias\/wp-content\/uploads\/2024\/11\/IMG-20241125-WA0127-696x464.jpg 696w, https:\/\/diarioabcdemichoacan.com.mx\/lasnoticias\/wp-content\/uploads\/2024\/11\/IMG-20241125-WA0127-1068x712.jpg 1068w, https:\/\/diarioabcdemichoacan.com.mx\/lasnoticias\/wp-content\/uploads\/2024\/11\/IMG-20241125-WA0127.jpg 1600w\" sizes=\"auto, (max-width: 500px) 100vw, 500px\" \/><\/p>\n<p>Tambi\u00e9n se llev\u00f3 a cabo la ponencia Cuerpos en transformaci\u00f3n: desafiando la violencia est\u00e9tica, a cargo de la youtuber Hypat\u00eda Rosado, donde se abord\u00f3 la realidad que viven miles de mujeres al no estar en el sistema patriarcal y de medios de comunicaci\u00f3n en cuanto a los est\u00e1ndares de belleza, la cual tambi\u00e9n es una modalidad de violencia que afecta desde las ni\u00f1as y pasa por la adolescencia, la juventud y la vida adulta.<\/p>\n","protected":false},"excerpt":{"rendered":"<p>Participan en Rompamos el ciclo, como parte de las actividades por el D\u00eda Internacional de la Eliminaci\u00f3n de la Violencia contra la Mujer. &nbsp; &nbsp; Morelia, Mich.- Michoac\u00e1n levant\u00f3 la voz contra la violencia de g\u00e9nero. La titular de la Secretar\u00eda de Igualdad Sustantiva y Desarrollo de las Mujeres Michoacanas (Seimujer), Alejandra Anguiano Gonz\u00e1lez, puntualiz\u00f3 [&hellip;]<\/p>\n","protected":false},"author":9,"featured_media":35426,"comment_status":"closed","ping_status":"closed","sticky":false,"template":"","format":"standard","meta":{"footnotes":""},"categories":[10,17,28,27],"tags":[],"class_list":{"0":"post-35418","1":"post","2":"type-post","3":"status-publish","4":"format-standard","5":"has-post-thumbnail","7":"category-estado","8":"category-gobierno-de-michoacan","9":"category-politica","10":"category-slider"},"yoast_head":"<!-- This site is optimized with the Yoast SEO plugin v24.0 - https:\/\/yoast.com\/wordpress\/plugins\/seo\/ -->\n<title>Michoacanas levantan la voz contra la violencia de g\u00e9nero - Diario ABC de Michoac\u00e1n<\/title>\n<meta name=\"robots\" content=\"index, follow, max-snippet:-1, max-image-preview:large, max-video-preview:-1\" \/>\n<link rel=\"canonical\" href=\"https:\/\/diarioabcdemichoacan.com.mx\/lasnoticias\/michoacanas-levantan-la-voz-contra-la-violencia-de-genero\/\" \/>\n<meta property=\"og:locale\" content=\"es_ES\" \/>\n<meta property=\"og:type\" content=\"article\" \/>\n<meta property=\"og:title\" content=\"Michoacanas levantan la voz contra la violencia de g\u00e9nero - Diario ABC de Michoac\u00e1n\" \/>\n<meta property=\"og:description\" content=\"Participan en Rompamos el ciclo, como parte de las actividades por el D\u00eda Internacional de la Eliminaci\u00f3n de la Violencia contra la Mujer. &nbsp; &nbsp; Morelia, Mich.- Michoac\u00e1n levant\u00f3 la voz contra la violencia de g\u00e9nero. La titular de la Secretar\u00eda de Igualdad Sustantiva y Desarrollo de las Mujeres Michoacanas (Seimujer), Alejandra Anguiano Gonz\u00e1lez, puntualiz\u00f3 [&hellip;]\" \/>\n<meta property=\"og:url\" content=\"https:\/\/diarioabcdemichoacan.com.mx\/lasnoticias\/michoacanas-levantan-la-voz-contra-la-violencia-de-genero\/\" \/>\n<meta property=\"og:site_name\" content=\"Diario ABC de Michoac\u00e1n\" \/>\n<meta property=\"article:published_time\" content=\"2024-11-25T23:02:03+00:00\" \/>\n<meta property=\"og:image\" content=\"https:\/\/diarioabcdemichoacan.com.mx\/lasnoticias\/wp-content\/uploads\/2024\/11\/IMG-20241125-WA0125.jpg\" \/>\n\t<meta property=\"og:image:width\" content=\"1600\" \/>\n\t<meta property=\"og:image:height\" content=\"1066\" \/>\n\t<meta property=\"og:image:type\" content=\"image\/jpeg\" \/>\n<meta name=\"author\" content=\"AR\" \/>\n<meta name=\"twitter:card\" content=\"summary_large_image\" \/>\n<meta name=\"twitter:label1\" content=\"Escrito por\" \/>\n\t<meta name=\"twitter:data1\" content=\"AR\" \/>\n\t<meta name=\"twitter:label2\" content=\"Tiempo de lectura\" \/>\n\t<meta name=\"twitter:data2\" content=\"3 minutos\" \/>\n<script type=\"application\/ld+json\" class=\"yoast-schema-graph\">{\"@context\":\"https:\/\/schema.org\",\"@graph\":[{\"@type\":\"WebPage\",\"@id\":\"https:\/\/diarioabcdemichoacan.com.mx\/lasnoticias\/michoacanas-levantan-la-voz-contra-la-violencia-de-genero\/\",\"url\":\"https:\/\/diarioabcdemichoacan.com.mx\/lasnoticias\/michoacanas-levantan-la-voz-contra-la-violencia-de-genero\/\",\"name\":\"Michoacanas levantan la voz contra la violencia de g\u00e9nero - Diario ABC de Michoac\u00e1n\",\"isPartOf\":{\"@id\":\"https:\/\/diarioabcdemichoacan.com.mx\/lasnoticias\/#website\"},\"primaryImageOfPage\":{\"@id\":\"https:\/\/diarioabcdemichoacan.com.mx\/lasnoticias\/michoacanas-levantan-la-voz-contra-la-violencia-de-genero\/#primaryimage\"},\"image\":{\"@id\":\"https:\/\/diarioabcdemichoacan.com.mx\/lasnoticias\/michoacanas-levantan-la-voz-contra-la-violencia-de-genero\/#primaryimage\"},\"thumbnailUrl\":\"https:\/\/diarioabcdemichoacan.com.mx\/lasnoticias\/wp-content\/uploads\/2024\/11\/IMG-20241125-WA0125.jpg\",\"datePublished\":\"2024-11-25T23:02:03+00:00\",\"dateModified\":\"2024-11-25T23:02:03+00:00\",\"author\":{\"@id\":\"https:\/\/diarioabcdemichoacan.com.mx\/lasnoticias\/#\/schema\/person\/19ae376040f6cbc489682ebdd8524852\"},\"breadcrumb\":{\"@id\":\"https:\/\/diarioabcdemichoacan.com.mx\/lasnoticias\/michoacanas-levantan-la-voz-contra-la-violencia-de-genero\/#breadcrumb\"},\"inLanguage\":\"es\",\"potentialAction\":[{\"@type\":\"ReadAction\",\"target\":[\"https:\/\/diarioabcdemichoacan.com.mx\/lasnoticias\/michoacanas-levantan-la-voz-contra-la-violencia-de-genero\/\"]}]},{\"@type\":\"ImageObject\",\"inLanguage\":\"es\",\"@id\":\"https:\/\/diarioabcdemichoacan.com.mx\/lasnoticias\/michoacanas-levantan-la-voz-contra-la-violencia-de-genero\/#primaryimage\",\"url\":\"https:\/\/diarioabcdemichoacan.com.mx\/lasnoticias\/wp-content\/uploads\/2024\/11\/IMG-20241125-WA0125.jpg\",\"contentUrl\":\"https:\/\/diarioabcdemichoacan.com.mx\/lasnoticias\/wp-content\/uploads\/2024\/11\/IMG-20241125-WA0125.jpg\",\"width\":1600,\"height\":1066},{\"@type\":\"BreadcrumbList\",\"@id\":\"https:\/\/diarioabcdemichoacan.com.mx\/lasnoticias\/michoacanas-levantan-la-voz-contra-la-violencia-de-genero\/#breadcrumb\",\"itemListElement\":[{\"@type\":\"ListItem\",\"position\":1,\"name\":\"Portada\",\"item\":\"https:\/\/diarioabcdemichoacan.com.mx\/lasnoticias\/\"},{\"@type\":\"ListItem\",\"position\":2,\"name\":\"Michoacanas levantan la voz contra la violencia de g\u00e9nero\"}]},{\"@type\":\"WebSite\",\"@id\":\"https:\/\/diarioabcdemichoacan.com.mx\/lasnoticias\/#website\",\"url\":\"https:\/\/diarioabcdemichoacan.com.mx\/lasnoticias\/\",\"name\":\"Diario ABC de Michoac\u00e1n\",\"description\":\"Las noticias al momento\",\"potentialAction\":[{\"@type\":\"SearchAction\",\"target\":{\"@type\":\"EntryPoint\",\"urlTemplate\":\"https:\/\/diarioabcdemichoacan.com.mx\/lasnoticias\/?s={search_term_string}\"},\"query-input\":{\"@type\":\"PropertyValueSpecification\",\"valueRequired\":true,\"valueName\":\"search_term_string\"}}],\"inLanguage\":\"es\"},{\"@type\":\"Person\",\"@id\":\"https:\/\/diarioabcdemichoacan.com.mx\/lasnoticias\/#\/schema\/person\/19ae376040f6cbc489682ebdd8524852\",\"name\":\"AR\",\"image\":{\"@type\":\"ImageObject\",\"inLanguage\":\"es\",\"@id\":\"https:\/\/diarioabcdemichoacan.com.mx\/lasnoticias\/#\/schema\/person\/image\/\",\"url\":\"https:\/\/secure.gravatar.com\/avatar\/44eca2ff970262234e20e1e082872af0?s=96&d=mm&r=g\",\"contentUrl\":\"https:\/\/secure.gravatar.com\/avatar\/44eca2ff970262234e20e1e082872af0?s=96&d=mm&r=g\",\"caption\":\"AR\"},\"url\":\"https:\/\/diarioabcdemichoacan.com.mx\/lasnoticias\/author\/adrian\/\"}]}<\/script>\n<!-- \/ Yoast SEO plugin. -->","yoast_head_json":{"title":"Michoacanas levantan la voz contra la violencia de g\u00e9nero - Diario ABC de Michoac\u00e1n","robots":{"index":"index","follow":"follow","max-snippet":"max-snippet:-1","max-image-preview":"max-image-preview:large","max-video-preview":"max-video-preview:-1"},"canonical":"https:\/\/diarioabcdemichoacan.com.mx\/lasnoticias\/michoacanas-levantan-la-voz-contra-la-violencia-de-genero\/","og_locale":"es_ES","og_type":"article","og_title":"Michoacanas levantan la voz contra la violencia de g\u00e9nero - Diario ABC de Michoac\u00e1n","og_description":"Participan en Rompamos el ciclo, como parte de las actividades por el D\u00eda Internacional de la Eliminaci\u00f3n de la Violencia contra la Mujer. &nbsp; &nbsp; Morelia, Mich.- Michoac\u00e1n levant\u00f3 la voz contra la violencia de g\u00e9nero. La titular de la Secretar\u00eda de Igualdad Sustantiva y Desarrollo de las Mujeres Michoacanas (Seimujer), Alejandra Anguiano Gonz\u00e1lez, puntualiz\u00f3 [&hellip;]","og_url":"https:\/\/diarioabcdemichoacan.com.mx\/lasnoticias\/michoacanas-levantan-la-voz-contra-la-violencia-de-genero\/","og_site_name":"Diario ABC de Michoac\u00e1n","article_published_time":"2024-11-25T23:02:03+00:00","og_image":[{"width":1600,"height":1066,"url":"https:\/\/diarioabcdemichoacan.com.mx\/lasnoticias\/wp-content\/uploads\/2024\/11\/IMG-20241125-WA0125.jpg","type":"image\/jpeg"}],"author":"AR","twitter_card":"summary_large_image","twitter_misc":{"Escrito por":"AR","Tiempo de lectura":"3 minutos"},"schema":{"@context":"https:\/\/schema.org","@graph":[{"@type":"WebPage","@id":"https:\/\/diarioabcdemichoacan.com.mx\/lasnoticias\/michoacanas-levantan-la-voz-contra-la-violencia-de-genero\/","url":"https:\/\/diarioabcdemichoacan.com.mx\/lasnoticias\/michoacanas-levantan-la-voz-contra-la-violencia-de-genero\/","name":"Michoacanas levantan la voz contra la violencia de g\u00e9nero - Diario ABC de Michoac\u00e1n","isPartOf":{"@id":"https:\/\/diarioabcdemichoacan.com.mx\/lasnoticias\/#website"},"primaryImageOfPage":{"@id":"https:\/\/diarioabcdemichoacan.com.mx\/lasnoticias\/michoacanas-levantan-la-voz-contra-la-violencia-de-genero\/#primaryimage"},"image":{"@id":"https:\/\/diarioabcdemichoacan.com.mx\/lasnoticias\/michoacanas-levantan-la-voz-contra-la-violencia-de-genero\/#primaryimage"},"thumbnailUrl":"https:\/\/diarioabcdemichoacan.com.mx\/lasnoticias\/wp-content\/uploads\/2024\/11\/IMG-20241125-WA0125.jpg","datePublished":"2024-11-25T23:02:03+00:00","dateModified":"2024-11-25T23:02:03+00:00","author":{"@id":"https:\/\/diarioabcdemichoacan.com.mx\/lasnoticias\/#\/schema\/person\/19ae376040f6cbc489682ebdd8524852"},"breadcrumb":{"@id":"https:\/\/diarioabcdemichoacan.com.mx\/lasnoticias\/michoacanas-levantan-la-voz-contra-la-violencia-de-genero\/#breadcrumb"},"inLanguage":"es","potentialAction":[{"@type":"ReadAction","target":["https:\/\/diarioabcdemichoacan.com.mx\/lasnoticias\/michoacanas-levantan-la-voz-contra-la-violencia-de-genero\/"]}]},{"@type":"ImageObject","inLanguage":"es","@id":"https:\/\/diarioabcdemichoacan.com.mx\/lasnoticias\/michoacanas-levantan-la-voz-contra-la-violencia-de-genero\/#primaryimage","url":"https:\/\/diarioabcdemichoacan.com.mx\/lasnoticias\/wp-content\/uploads\/2024\/11\/IMG-20241125-WA0125.jpg","contentUrl":"https:\/\/diarioabcdemichoacan.com.mx\/lasnoticias\/wp-content\/uploads\/2024\/11\/IMG-20241125-WA0125.jpg","width":1600,"height":1066},{"@type":"BreadcrumbList","@id":"https:\/\/diarioabcdemichoacan.com.mx\/lasnoticias\/michoacanas-levantan-la-voz-contra-la-violencia-de-genero\/#breadcrumb","itemListElement":[{"@type":"ListItem","position":1,"name":"Portada","item":"https:\/\/diarioabcdemichoacan.com.mx\/lasnoticias\/"},{"@type":"ListItem","position":2,"name":"Michoacanas levantan la voz contra la violencia de g\u00e9nero"}]},{"@type":"WebSite","@id":"https:\/\/diarioabcdemichoacan.com.mx\/lasnoticias\/#website","url":"https:\/\/diarioabcdemichoacan.com.mx\/lasnoticias\/","name":"Diario ABC de Michoac\u00e1n","description":"Las noticias al momento","potentialAction":[{"@type":"SearchAction","target":{"@type":"EntryPoint","urlTemplate":"https:\/\/diarioabcdemichoacan.com.mx\/lasnoticias\/?s={search_term_string}"},"query-input":{"@type":"PropertyValueSpecification","valueRequired":true,"valueName":"search_term_string"}}],"inLanguage":"es"},{"@type":"Person","@id":"https:\/\/diarioabcdemichoacan.com.mx\/lasnoticias\/#\/schema\/person\/19ae376040f6cbc489682ebdd8524852","name":"AR","image":{"@type":"ImageObject","inLanguage":"es","@id":"https:\/\/diarioabcdemichoacan.com.mx\/lasnoticias\/#\/schema\/person\/image\/","url":"https:\/\/secure.gravatar.com\/avatar\/44eca2ff970262234e20e1e082872af0?s=96&d=mm&r=g","contentUrl":"https:\/\/secure.gravatar.com\/avatar\/44eca2ff970262234e20e1e082872af0?s=96&d=mm&r=g","caption":"AR"},"url":"https:\/\/diarioabcdemichoacan.com.mx\/lasnoticias\/author\/adrian\/"}]}},"_links":{"self":[{"href":"https:\/\/diarioabcdemichoacan.com.mx\/lasnoticias\/wp-json\/wp\/v2\/posts\/35418","targetHints":{"allow":["GET"]}}],"collection":[{"href":"https:\/\/diarioabcdemichoacan.com.mx\/lasnoticias\/wp-json\/wp\/v2\/posts"}],"about":[{"href":"https:\/\/diarioabcdemichoacan.com.mx\/lasnoticias\/wp-json\/wp\/v2\/types\/post"}],"author":[{"embeddable":true,"href":"https:\/\/diarioabcdemichoacan.com.mx\/lasnoticias\/wp-json\/wp\/v2\/users\/9"}],"replies":[{"embeddable":true,"href":"https:\/\/diarioabcdemichoacan.com.mx\/lasnoticias\/wp-json\/wp\/v2\/comments?post=35418"}],"version-history":[{"count":1,"href":"https:\/\/diarioabcdemichoacan.com.mx\/lasnoticias\/wp-json\/wp\/v2\/posts\/35418\/revisions"}],"predecessor-version":[{"id":35429,"href":"https:\/\/diarioabcdemichoacan.com.mx\/lasnoticias\/wp-json\/wp\/v2\/posts\/35418\/revisions\/35429"}],"wp:featuredmedia":[{"embeddable":true,"href":"https:\/\/diarioabcdemichoacan.com.mx\/lasnoticias\/wp-json\/wp\/v2\/media\/35426"}],"wp:attachment":[{"href":"https:\/\/diarioabcdemichoacan.com.mx\/lasnoticias\/wp-json\/wp\/v2\/media?parent=35418"}],"wp:term":[{"taxonomy":"category","embeddable":true,"href":"https:\/\/diarioabcdemichoacan.com.mx\/lasnoticias\/wp-json\/wp\/v2\/categories?post=35418"},{"taxonomy":"post_tag","embeddable":true,"href":"https:\/\/diarioabcdemichoacan.com.mx\/lasnoticias\/wp-json\/wp\/v2\/tags?post=35418"}],"curies":[{"name":"wp","href":"https:\/\/api.w.org\/{rel}","templated":true}]}}