{"id":38569,"date":"2024-12-16T13:47:13","date_gmt":"2024-12-16T19:47:13","guid":{"rendered":"https:\/\/diarioabcdemichoacan.com.mx\/lasnoticias\/?p=38569"},"modified":"2024-12-16T13:47:13","modified_gmt":"2024-12-16T19:47:13","slug":"automovilista-muere-al-chocar-contra-remolque-de-trailer-en-la-mexico-guadalajara","status":"publish","type":"post","link":"https:\/\/diarioabcdemichoacan.com.mx\/lasnoticias\/automovilista-muere-al-chocar-contra-remolque-de-trailer-en-la-mexico-guadalajara\/","title":{"rendered":"Automovilista muere al chocar contra remolque de tr\u00e1iler en la M\u00e9xico-Guadalajara."},"content":{"rendered":"<h2>Ocurri\u00f3 en el municipio de Zinap\u00e9cuaro.<\/h2>\n<p>&nbsp;<\/p>\n<h6>Por Juan Manuel \u00c1lvarez.<\/h6>\n<hr \/>\n<p>Zinap\u00e9cuaro, Mich. &#8211; Un hombre falleci\u00f3 tras el choque de su veh\u00edculo contra la retaguardia de un remolque de tr\u00e1iler, esto sobre la autopista M\u00e9xico &#8211; Guadalajara, dentro del municipio de Zinap\u00e9cuaro, informaron autoridades policiales.<\/p>\n<p>&nbsp;<\/p>\n<p>El accidente se registr\u00f3 la tarde de este lunes aproximadamente en el kil\u00f3metro 203, cerca la caseta de cobro de Zinap\u00e9cuaro y en las inmediaciones de la poblaci\u00f3n de San Jos\u00e9 La Trasquila. Varios automovilistas vieron el veh\u00edculo siniestrado y alertaron al n\u00famero de emergencias 911.<\/p>\n<p>&nbsp;<\/p>\n<p><img loading=\"lazy\" decoding=\"async\" class=\"alignnone size-medium wp-image-38578\" src=\"https:\/\/diarioabcdemichoacan.com.mx\/lasnoticias\/wp-content\/uploads\/2024\/12\/WhatsApp-Image-2024-12-16-at-13.45.13-2-500x207.jpeg\" alt=\"\" width=\"500\" height=\"207\" srcset=\"https:\/\/diarioabcdemichoacan.com.mx\/lasnoticias\/wp-content\/uploads\/2024\/12\/WhatsApp-Image-2024-12-16-at-13.45.13-2-500x207.jpeg 500w, https:\/\/diarioabcdemichoacan.com.mx\/lasnoticias\/wp-content\/uploads\/2024\/12\/WhatsApp-Image-2024-12-16-at-13.45.13-2-1024x424.jpeg 1024w, https:\/\/diarioabcdemichoacan.com.mx\/lasnoticias\/wp-content\/uploads\/2024\/12\/WhatsApp-Image-2024-12-16-at-13.45.13-2-768x318.jpeg 768w, https:\/\/diarioabcdemichoacan.com.mx\/lasnoticias\/wp-content\/uploads\/2024\/12\/WhatsApp-Image-2024-12-16-at-13.45.13-2-1536x636.jpeg 1536w, https:\/\/diarioabcdemichoacan.com.mx\/lasnoticias\/wp-content\/uploads\/2024\/12\/WhatsApp-Image-2024-12-16-at-13.45.13-2-1014x420.jpeg 1014w, https:\/\/diarioabcdemichoacan.com.mx\/lasnoticias\/wp-content\/uploads\/2024\/12\/WhatsApp-Image-2024-12-16-at-13.45.13-2-150x62.jpeg 150w, https:\/\/diarioabcdemichoacan.com.mx\/lasnoticias\/wp-content\/uploads\/2024\/12\/WhatsApp-Image-2024-12-16-at-13.45.13-2-300x124.jpeg 300w, https:\/\/diarioabcdemichoacan.com.mx\/lasnoticias\/wp-content\/uploads\/2024\/12\/WhatsApp-Image-2024-12-16-at-13.45.13-2-696x288.jpeg 696w, https:\/\/diarioabcdemichoacan.com.mx\/lasnoticias\/wp-content\/uploads\/2024\/12\/WhatsApp-Image-2024-12-16-at-13.45.13-2-1068x443.jpeg 1068w, https:\/\/diarioabcdemichoacan.com.mx\/lasnoticias\/wp-content\/uploads\/2024\/12\/WhatsApp-Image-2024-12-16-at-13.45.13-2.jpeg 1600w\" sizes=\"auto, (max-width: 500px) 100vw, 500px\" \/><\/p>\n<p>&nbsp;<\/p>\n<p>Polic\u00edas y param\u00e9dicos acudieron al referido lugar y confirmaron el deceso del ocupante del mencionado coche, automotor de la marca Nissan March, color plata, el cual termin\u00f3 totalmente destrozado de la parte frontal. La identidad del finado hasta el momento es desconocida.<\/p>\n<p>&nbsp;<\/p>\n<p>Los oficiales delimitaron el per\u00edmetro y solicitaron la intervenci\u00f3n de la Fiscal\u00eda Regional, cuyos especialistas se encargaron de las investigaciones correspondientes y trasladaron el cuerpo a la morgue para la pr\u00e1ctica de la necropsia de ley.<\/p>\n","protected":false},"excerpt":{"rendered":"<p>Ocurri\u00f3 en el municipio de Zinap\u00e9cuaro. &nbsp; Por Juan Manuel \u00c1lvarez. Zinap\u00e9cuaro, Mich. &#8211; Un hombre falleci\u00f3 tras el choque de su veh\u00edculo contra la retaguardia de un remolque de tr\u00e1iler, esto sobre la autopista M\u00e9xico &#8211; Guadalajara, dentro del municipio de Zinap\u00e9cuaro, informaron autoridades policiales. &nbsp; El accidente se registr\u00f3 la tarde de este [&hellip;]<\/p>\n","protected":false},"author":9,"featured_media":38577,"comment_status":"closed","ping_status":"closed","sticky":false,"template":"","format":"standard","meta":{"footnotes":""},"categories":[26,27],"tags":[],"class_list":{"0":"post-38569","1":"post","2":"type-post","3":"status-publish","4":"format-standard","5":"has-post-thumbnail","7":"category-nota-roja","8":"category-slider"},"yoast_head":"<!-- This site is optimized with the Yoast SEO plugin v24.0 - https:\/\/yoast.com\/wordpress\/plugins\/seo\/ -->\n<title>Automovilista muere al chocar contra remolque de tr\u00e1iler en la M\u00e9xico-Guadalajara. - Diario ABC de Michoac\u00e1n<\/title>\n<meta name=\"robots\" content=\"index, follow, max-snippet:-1, max-image-preview:large, max-video-preview:-1\" \/>\n<link rel=\"canonical\" href=\"https:\/\/diarioabcdemichoacan.com.mx\/lasnoticias\/automovilista-muere-al-chocar-contra-remolque-de-trailer-en-la-mexico-guadalajara\/\" \/>\n<meta property=\"og:locale\" content=\"es_ES\" \/>\n<meta property=\"og:type\" content=\"article\" \/>\n<meta property=\"og:title\" content=\"Automovilista muere al chocar contra remolque de tr\u00e1iler en la M\u00e9xico-Guadalajara. - Diario ABC de Michoac\u00e1n\" \/>\n<meta property=\"og:description\" content=\"Ocurri\u00f3 en el municipio de Zinap\u00e9cuaro. &nbsp; Por Juan Manuel \u00c1lvarez. Zinap\u00e9cuaro, Mich. &#8211; Un hombre falleci\u00f3 tras el choque de su veh\u00edculo contra la retaguardia de un remolque de tr\u00e1iler, esto sobre la autopista M\u00e9xico &#8211; Guadalajara, dentro del municipio de Zinap\u00e9cuaro, informaron autoridades policiales. &nbsp; El accidente se registr\u00f3 la tarde de este [&hellip;]\" \/>\n<meta property=\"og:url\" content=\"https:\/\/diarioabcdemichoacan.com.mx\/lasnoticias\/automovilista-muere-al-chocar-contra-remolque-de-trailer-en-la-mexico-guadalajara\/\" \/>\n<meta property=\"og:site_name\" content=\"Diario ABC de Michoac\u00e1n\" \/>\n<meta property=\"article:published_time\" content=\"2024-12-16T19:47:13+00:00\" \/>\n<meta property=\"og:image\" content=\"https:\/\/diarioabcdemichoacan.com.mx\/lasnoticias\/wp-content\/uploads\/2024\/12\/WhatsApp-Image-2024-12-16-at-13.45.14.jpeg\" \/>\n\t<meta property=\"og:image:width\" content=\"1599\" \/>\n\t<meta property=\"og:image:height\" content=\"899\" \/>\n\t<meta property=\"og:image:type\" content=\"image\/jpeg\" \/>\n<meta name=\"author\" content=\"AR\" \/>\n<meta name=\"twitter:card\" content=\"summary_large_image\" \/>\n<meta name=\"twitter:label1\" content=\"Escrito por\" \/>\n\t<meta name=\"twitter:data1\" content=\"AR\" \/>\n\t<meta name=\"twitter:label2\" content=\"Tiempo de lectura\" \/>\n\t<meta name=\"twitter:data2\" content=\"2 minutos\" \/>\n<script type=\"application\/ld+json\" class=\"yoast-schema-graph\">{\"@context\":\"https:\/\/schema.org\",\"@graph\":[{\"@type\":\"WebPage\",\"@id\":\"https:\/\/diarioabcdemichoacan.com.mx\/lasnoticias\/automovilista-muere-al-chocar-contra-remolque-de-trailer-en-la-mexico-guadalajara\/\",\"url\":\"https:\/\/diarioabcdemichoacan.com.mx\/lasnoticias\/automovilista-muere-al-chocar-contra-remolque-de-trailer-en-la-mexico-guadalajara\/\",\"name\":\"Automovilista muere al chocar contra remolque de tr\u00e1iler en la M\u00e9xico-Guadalajara. - Diario ABC de Michoac\u00e1n\",\"isPartOf\":{\"@id\":\"https:\/\/diarioabcdemichoacan.com.mx\/lasnoticias\/#website\"},\"primaryImageOfPage\":{\"@id\":\"https:\/\/diarioabcdemichoacan.com.mx\/lasnoticias\/automovilista-muere-al-chocar-contra-remolque-de-trailer-en-la-mexico-guadalajara\/#primaryimage\"},\"image\":{\"@id\":\"https:\/\/diarioabcdemichoacan.com.mx\/lasnoticias\/automovilista-muere-al-chocar-contra-remolque-de-trailer-en-la-mexico-guadalajara\/#primaryimage\"},\"thumbnailUrl\":\"https:\/\/diarioabcdemichoacan.com.mx\/lasnoticias\/wp-content\/uploads\/2024\/12\/WhatsApp-Image-2024-12-16-at-13.45.14.jpeg\",\"datePublished\":\"2024-12-16T19:47:13+00:00\",\"dateModified\":\"2024-12-16T19:47:13+00:00\",\"author\":{\"@id\":\"https:\/\/diarioabcdemichoacan.com.mx\/lasnoticias\/#\/schema\/person\/19ae376040f6cbc489682ebdd8524852\"},\"breadcrumb\":{\"@id\":\"https:\/\/diarioabcdemichoacan.com.mx\/lasnoticias\/automovilista-muere-al-chocar-contra-remolque-de-trailer-en-la-mexico-guadalajara\/#breadcrumb\"},\"inLanguage\":\"es\",\"potentialAction\":[{\"@type\":\"ReadAction\",\"target\":[\"https:\/\/diarioabcdemichoacan.com.mx\/lasnoticias\/automovilista-muere-al-chocar-contra-remolque-de-trailer-en-la-mexico-guadalajara\/\"]}]},{\"@type\":\"ImageObject\",\"inLanguage\":\"es\",\"@id\":\"https:\/\/diarioabcdemichoacan.com.mx\/lasnoticias\/automovilista-muere-al-chocar-contra-remolque-de-trailer-en-la-mexico-guadalajara\/#primaryimage\",\"url\":\"https:\/\/diarioabcdemichoacan.com.mx\/lasnoticias\/wp-content\/uploads\/2024\/12\/WhatsApp-Image-2024-12-16-at-13.45.14.jpeg\",\"contentUrl\":\"https:\/\/diarioabcdemichoacan.com.mx\/lasnoticias\/wp-content\/uploads\/2024\/12\/WhatsApp-Image-2024-12-16-at-13.45.14.jpeg\",\"width\":1599,\"height\":899},{\"@type\":\"BreadcrumbList\",\"@id\":\"https:\/\/diarioabcdemichoacan.com.mx\/lasnoticias\/automovilista-muere-al-chocar-contra-remolque-de-trailer-en-la-mexico-guadalajara\/#breadcrumb\",\"itemListElement\":[{\"@type\":\"ListItem\",\"position\":1,\"name\":\"Portada\",\"item\":\"https:\/\/diarioabcdemichoacan.com.mx\/lasnoticias\/\"},{\"@type\":\"ListItem\",\"position\":2,\"name\":\"Automovilista muere al chocar contra remolque de tr\u00e1iler en la M\u00e9xico-Guadalajara.\"}]},{\"@type\":\"WebSite\",\"@id\":\"https:\/\/diarioabcdemichoacan.com.mx\/lasnoticias\/#website\",\"url\":\"https:\/\/diarioabcdemichoacan.com.mx\/lasnoticias\/\",\"name\":\"Diario ABC de Michoac\u00e1n\",\"description\":\"Las noticias al momento\",\"potentialAction\":[{\"@type\":\"SearchAction\",\"target\":{\"@type\":\"EntryPoint\",\"urlTemplate\":\"https:\/\/diarioabcdemichoacan.com.mx\/lasnoticias\/?s={search_term_string}\"},\"query-input\":{\"@type\":\"PropertyValueSpecification\",\"valueRequired\":true,\"valueName\":\"search_term_string\"}}],\"inLanguage\":\"es\"},{\"@type\":\"Person\",\"@id\":\"https:\/\/diarioabcdemichoacan.com.mx\/lasnoticias\/#\/schema\/person\/19ae376040f6cbc489682ebdd8524852\",\"name\":\"AR\",\"image\":{\"@type\":\"ImageObject\",\"inLanguage\":\"es\",\"@id\":\"https:\/\/diarioabcdemichoacan.com.mx\/lasnoticias\/#\/schema\/person\/image\/\",\"url\":\"https:\/\/secure.gravatar.com\/avatar\/44eca2ff970262234e20e1e082872af0?s=96&d=mm&r=g\",\"contentUrl\":\"https:\/\/secure.gravatar.com\/avatar\/44eca2ff970262234e20e1e082872af0?s=96&d=mm&r=g\",\"caption\":\"AR\"},\"url\":\"https:\/\/diarioabcdemichoacan.com.mx\/lasnoticias\/author\/adrian\/\"}]}<\/script>\n<!-- \/ Yoast SEO plugin. -->","yoast_head_json":{"title":"Automovilista muere al chocar contra remolque de tr\u00e1iler en la M\u00e9xico-Guadalajara. - Diario ABC de Michoac\u00e1n","robots":{"index":"index","follow":"follow","max-snippet":"max-snippet:-1","max-image-preview":"max-image-preview:large","max-video-preview":"max-video-preview:-1"},"canonical":"https:\/\/diarioabcdemichoacan.com.mx\/lasnoticias\/automovilista-muere-al-chocar-contra-remolque-de-trailer-en-la-mexico-guadalajara\/","og_locale":"es_ES","og_type":"article","og_title":"Automovilista muere al chocar contra remolque de tr\u00e1iler en la M\u00e9xico-Guadalajara. - Diario ABC de Michoac\u00e1n","og_description":"Ocurri\u00f3 en el municipio de Zinap\u00e9cuaro. &nbsp; Por Juan Manuel \u00c1lvarez. Zinap\u00e9cuaro, Mich. &#8211; Un hombre falleci\u00f3 tras el choque de su veh\u00edculo contra la retaguardia de un remolque de tr\u00e1iler, esto sobre la autopista M\u00e9xico &#8211; Guadalajara, dentro del municipio de Zinap\u00e9cuaro, informaron autoridades policiales. &nbsp; El accidente se registr\u00f3 la tarde de este [&hellip;]","og_url":"https:\/\/diarioabcdemichoacan.com.mx\/lasnoticias\/automovilista-muere-al-chocar-contra-remolque-de-trailer-en-la-mexico-guadalajara\/","og_site_name":"Diario ABC de Michoac\u00e1n","article_published_time":"2024-12-16T19:47:13+00:00","og_image":[{"width":1599,"height":899,"url":"https:\/\/diarioabcdemichoacan.com.mx\/lasnoticias\/wp-content\/uploads\/2024\/12\/WhatsApp-Image-2024-12-16-at-13.45.14.jpeg","type":"image\/jpeg"}],"author":"AR","twitter_card":"summary_large_image","twitter_misc":{"Escrito por":"AR","Tiempo de lectura":"2 minutos"},"schema":{"@context":"https:\/\/schema.org","@graph":[{"@type":"WebPage","@id":"https:\/\/diarioabcdemichoacan.com.mx\/lasnoticias\/automovilista-muere-al-chocar-contra-remolque-de-trailer-en-la-mexico-guadalajara\/","url":"https:\/\/diarioabcdemichoacan.com.mx\/lasnoticias\/automovilista-muere-al-chocar-contra-remolque-de-trailer-en-la-mexico-guadalajara\/","name":"Automovilista muere al chocar contra remolque de tr\u00e1iler en la M\u00e9xico-Guadalajara. - Diario ABC de Michoac\u00e1n","isPartOf":{"@id":"https:\/\/diarioabcdemichoacan.com.mx\/lasnoticias\/#website"},"primaryImageOfPage":{"@id":"https:\/\/diarioabcdemichoacan.com.mx\/lasnoticias\/automovilista-muere-al-chocar-contra-remolque-de-trailer-en-la-mexico-guadalajara\/#primaryimage"},"image":{"@id":"https:\/\/diarioabcdemichoacan.com.mx\/lasnoticias\/automovilista-muere-al-chocar-contra-remolque-de-trailer-en-la-mexico-guadalajara\/#primaryimage"},"thumbnailUrl":"https:\/\/diarioabcdemichoacan.com.mx\/lasnoticias\/wp-content\/uploads\/2024\/12\/WhatsApp-Image-2024-12-16-at-13.45.14.jpeg","datePublished":"2024-12-16T19:47:13+00:00","dateModified":"2024-12-16T19:47:13+00:00","author":{"@id":"https:\/\/diarioabcdemichoacan.com.mx\/lasnoticias\/#\/schema\/person\/19ae376040f6cbc489682ebdd8524852"},"breadcrumb":{"@id":"https:\/\/diarioabcdemichoacan.com.mx\/lasnoticias\/automovilista-muere-al-chocar-contra-remolque-de-trailer-en-la-mexico-guadalajara\/#breadcrumb"},"inLanguage":"es","potentialAction":[{"@type":"ReadAction","target":["https:\/\/diarioabcdemichoacan.com.mx\/lasnoticias\/automovilista-muere-al-chocar-contra-remolque-de-trailer-en-la-mexico-guadalajara\/"]}]},{"@type":"ImageObject","inLanguage":"es","@id":"https:\/\/diarioabcdemichoacan.com.mx\/lasnoticias\/automovilista-muere-al-chocar-contra-remolque-de-trailer-en-la-mexico-guadalajara\/#primaryimage","url":"https:\/\/diarioabcdemichoacan.com.mx\/lasnoticias\/wp-content\/uploads\/2024\/12\/WhatsApp-Image-2024-12-16-at-13.45.14.jpeg","contentUrl":"https:\/\/diarioabcdemichoacan.com.mx\/lasnoticias\/wp-content\/uploads\/2024\/12\/WhatsApp-Image-2024-12-16-at-13.45.14.jpeg","width":1599,"height":899},{"@type":"BreadcrumbList","@id":"https:\/\/diarioabcdemichoacan.com.mx\/lasnoticias\/automovilista-muere-al-chocar-contra-remolque-de-trailer-en-la-mexico-guadalajara\/#breadcrumb","itemListElement":[{"@type":"ListItem","position":1,"name":"Portada","item":"https:\/\/diarioabcdemichoacan.com.mx\/lasnoticias\/"},{"@type":"ListItem","position":2,"name":"Automovilista muere al chocar contra remolque de tr\u00e1iler en la M\u00e9xico-Guadalajara."}]},{"@type":"WebSite","@id":"https:\/\/diarioabcdemichoacan.com.mx\/lasnoticias\/#website","url":"https:\/\/diarioabcdemichoacan.com.mx\/lasnoticias\/","name":"Diario ABC de Michoac\u00e1n","description":"Las noticias al momento","potentialAction":[{"@type":"SearchAction","target":{"@type":"EntryPoint","urlTemplate":"https:\/\/diarioabcdemichoacan.com.mx\/lasnoticias\/?s={search_term_string}"},"query-input":{"@type":"PropertyValueSpecification","valueRequired":true,"valueName":"search_term_string"}}],"inLanguage":"es"},{"@type":"Person","@id":"https:\/\/diarioabcdemichoacan.com.mx\/lasnoticias\/#\/schema\/person\/19ae376040f6cbc489682ebdd8524852","name":"AR","image":{"@type":"ImageObject","inLanguage":"es","@id":"https:\/\/diarioabcdemichoacan.com.mx\/lasnoticias\/#\/schema\/person\/image\/","url":"https:\/\/secure.gravatar.com\/avatar\/44eca2ff970262234e20e1e082872af0?s=96&d=mm&r=g","contentUrl":"https:\/\/secure.gravatar.com\/avatar\/44eca2ff970262234e20e1e082872af0?s=96&d=mm&r=g","caption":"AR"},"url":"https:\/\/diarioabcdemichoacan.com.mx\/lasnoticias\/author\/adrian\/"}]}},"_links":{"self":[{"href":"https:\/\/diarioabcdemichoacan.com.mx\/lasnoticias\/wp-json\/wp\/v2\/posts\/38569","targetHints":{"allow":["GET"]}}],"collection":[{"href":"https:\/\/diarioabcdemichoacan.com.mx\/lasnoticias\/wp-json\/wp\/v2\/posts"}],"about":[{"href":"https:\/\/diarioabcdemichoacan.com.mx\/lasnoticias\/wp-json\/wp\/v2\/types\/post"}],"author":[{"embeddable":true,"href":"https:\/\/diarioabcdemichoacan.com.mx\/lasnoticias\/wp-json\/wp\/v2\/users\/9"}],"replies":[{"embeddable":true,"href":"https:\/\/diarioabcdemichoacan.com.mx\/lasnoticias\/wp-json\/wp\/v2\/comments?post=38569"}],"version-history":[{"count":1,"href":"https:\/\/diarioabcdemichoacan.com.mx\/lasnoticias\/wp-json\/wp\/v2\/posts\/38569\/revisions"}],"predecessor-version":[{"id":38581,"href":"https:\/\/diarioabcdemichoacan.com.mx\/lasnoticias\/wp-json\/wp\/v2\/posts\/38569\/revisions\/38581"}],"wp:featuredmedia":[{"embeddable":true,"href":"https:\/\/diarioabcdemichoacan.com.mx\/lasnoticias\/wp-json\/wp\/v2\/media\/38577"}],"wp:attachment":[{"href":"https:\/\/diarioabcdemichoacan.com.mx\/lasnoticias\/wp-json\/wp\/v2\/media?parent=38569"}],"wp:term":[{"taxonomy":"category","embeddable":true,"href":"https:\/\/diarioabcdemichoacan.com.mx\/lasnoticias\/wp-json\/wp\/v2\/categories?post=38569"},{"taxonomy":"post_tag","embeddable":true,"href":"https:\/\/diarioabcdemichoacan.com.mx\/lasnoticias\/wp-json\/wp\/v2\/tags?post=38569"}],"curies":[{"name":"wp","href":"https:\/\/api.w.org\/{rel}","templated":true}]}}