{"id":38582,"date":"2024-12-16T14:33:38","date_gmt":"2024-12-16T20:33:38","guid":{"rendered":"https:\/\/diarioabcdemichoacan.com.mx\/lasnoticias\/?p=38582"},"modified":"2024-12-16T14:35:38","modified_gmt":"2024-12-16T20:35:38","slug":"comunidad-migrante-ante-la-expectativa-por-posibles-deportaciones","status":"publish","type":"post","link":"https:\/\/diarioabcdemichoacan.com.mx\/lasnoticias\/comunidad-migrante-ante-la-expectativa-por-posibles-deportaciones\/","title":{"rendered":"Comunidad migrante ante la expectativa por posibles deportaciones."},"content":{"rendered":"<h2>Casas de migrantes colaboran en la atenci\u00f3n de los connacionales pese a la falta de atenci\u00f3n gubernamental.<\/h2>\n<p>&nbsp;<\/p>\n<h6>Por Sara\u00ed Rangel.<\/h6>\n<hr \/>\n<p>Morelia, Mich. &#8211; El temor y el desconocimiento, son los principales motivos por los cuales, nuestros connacionales no acuden a los consulados en los Estados Unidos, para realizar tr\u00e1mites, muchas veces necesarios y que son subsanados por casas y clubes de migrantes.<\/p>\n<p>&nbsp;<\/p>\n<p>Actualmente, ante el regreso de Donald Trump a la presidencia de ese pa\u00eds, se vive una gran expectativa por posibles deportaciones masivas, lo cual motiva a la generaci\u00f3n del Foro Binacional de las Personas Migrantes Michoacanas y sus Familias, a realizarse el pr\u00f3ximo mi\u00e9rcoles 18 de diciembre a las 9 de la ma\u00f1ana en el Centro Administrativo de Morelia (CAM).<\/p>\n<p>&nbsp;<\/p>\n<p><img loading=\"lazy\" decoding=\"async\" class=\"alignnone size-medium wp-image-38590\" src=\"https:\/\/diarioabcdemichoacan.com.mx\/lasnoticias\/wp-content\/uploads\/2024\/12\/WhatsApp-Image-2024-12-16-at-14.18.42-2-500x250.jpeg\" alt=\"\" width=\"500\" height=\"250\" srcset=\"https:\/\/diarioabcdemichoacan.com.mx\/lasnoticias\/wp-content\/uploads\/2024\/12\/WhatsApp-Image-2024-12-16-at-14.18.42-2-500x250.jpeg 500w, https:\/\/diarioabcdemichoacan.com.mx\/lasnoticias\/wp-content\/uploads\/2024\/12\/WhatsApp-Image-2024-12-16-at-14.18.42-2-1024x512.jpeg 1024w, https:\/\/diarioabcdemichoacan.com.mx\/lasnoticias\/wp-content\/uploads\/2024\/12\/WhatsApp-Image-2024-12-16-at-14.18.42-2-768x384.jpeg 768w, https:\/\/diarioabcdemichoacan.com.mx\/lasnoticias\/wp-content\/uploads\/2024\/12\/WhatsApp-Image-2024-12-16-at-14.18.42-2-1536x768.jpeg 1536w, https:\/\/diarioabcdemichoacan.com.mx\/lasnoticias\/wp-content\/uploads\/2024\/12\/WhatsApp-Image-2024-12-16-at-14.18.42-2-839x420.jpeg 839w, https:\/\/diarioabcdemichoacan.com.mx\/lasnoticias\/wp-content\/uploads\/2024\/12\/WhatsApp-Image-2024-12-16-at-14.18.42-2-150x75.jpeg 150w, https:\/\/diarioabcdemichoacan.com.mx\/lasnoticias\/wp-content\/uploads\/2024\/12\/WhatsApp-Image-2024-12-16-at-14.18.42-2-300x150.jpeg 300w, https:\/\/diarioabcdemichoacan.com.mx\/lasnoticias\/wp-content\/uploads\/2024\/12\/WhatsApp-Image-2024-12-16-at-14.18.42-2-696x348.jpeg 696w, https:\/\/diarioabcdemichoacan.com.mx\/lasnoticias\/wp-content\/uploads\/2024\/12\/WhatsApp-Image-2024-12-16-at-14.18.42-2-1068x534.jpeg 1068w, https:\/\/diarioabcdemichoacan.com.mx\/lasnoticias\/wp-content\/uploads\/2024\/12\/WhatsApp-Image-2024-12-16-at-14.18.42-2.jpeg 1599w\" sizes=\"auto, (max-width: 500px) 100vw, 500px\" \/><\/p>\n<p>&nbsp;<\/p>\n<p>Estado Binacional, retos de la pol\u00edtica migratoria, Desarrollo Integral, fortalecimiento y bienestar de los michoacanos residentes en el extranjero, son parte de la agenda propuesta para la jornada, que pretende ser un espacio de di\u00e1logo, reflexi\u00f3n y organizaci\u00f3n, pero tambi\u00e9n de aprendizaje, aportaciones y creaci\u00f3n de mecanismos de apoyo a la comunidad migrante.<\/p>\n<p>&nbsp;<\/p>\n<p>\u201cHay que estar preparados para una recepci\u00f3n digna, pero tambi\u00e9n para prever c\u00f3mo se va a insertar de nuevo a la vida social y econ\u00f3mica a nuestros paisanos\u201d, se\u00f1al\u00f3 en rueda de prensa Gamaliel Esparza integrante del Consejo Econ\u00f3mico y Social de Michoac\u00e1n.<\/p>\n<p>&nbsp;<\/p>\n<p><img loading=\"lazy\" decoding=\"async\" class=\"alignnone size-medium wp-image-38589\" src=\"https:\/\/diarioabcdemichoacan.com.mx\/lasnoticias\/wp-content\/uploads\/2024\/12\/WhatsApp-Image-2024-12-16-at-14.18.43-500x275.jpeg\" alt=\"\" width=\"500\" height=\"275\" srcset=\"https:\/\/diarioabcdemichoacan.com.mx\/lasnoticias\/wp-content\/uploads\/2024\/12\/WhatsApp-Image-2024-12-16-at-14.18.43-500x275.jpeg 500w, https:\/\/diarioabcdemichoacan.com.mx\/lasnoticias\/wp-content\/uploads\/2024\/12\/WhatsApp-Image-2024-12-16-at-14.18.43-1024x563.jpeg 1024w, https:\/\/diarioabcdemichoacan.com.mx\/lasnoticias\/wp-content\/uploads\/2024\/12\/WhatsApp-Image-2024-12-16-at-14.18.43-768x422.jpeg 768w, https:\/\/diarioabcdemichoacan.com.mx\/lasnoticias\/wp-content\/uploads\/2024\/12\/WhatsApp-Image-2024-12-16-at-14.18.43-1536x844.jpeg 1536w, https:\/\/diarioabcdemichoacan.com.mx\/lasnoticias\/wp-content\/uploads\/2024\/12\/WhatsApp-Image-2024-12-16-at-14.18.43-765x420.jpeg 765w, https:\/\/diarioabcdemichoacan.com.mx\/lasnoticias\/wp-content\/uploads\/2024\/12\/WhatsApp-Image-2024-12-16-at-14.18.43-150x82.jpeg 150w, https:\/\/diarioabcdemichoacan.com.mx\/lasnoticias\/wp-content\/uploads\/2024\/12\/WhatsApp-Image-2024-12-16-at-14.18.43-300x165.jpeg 300w, https:\/\/diarioabcdemichoacan.com.mx\/lasnoticias\/wp-content\/uploads\/2024\/12\/WhatsApp-Image-2024-12-16-at-14.18.43-696x382.jpeg 696w, https:\/\/diarioabcdemichoacan.com.mx\/lasnoticias\/wp-content\/uploads\/2024\/12\/WhatsApp-Image-2024-12-16-at-14.18.43-1068x587.jpeg 1068w, https:\/\/diarioabcdemichoacan.com.mx\/lasnoticias\/wp-content\/uploads\/2024\/12\/WhatsApp-Image-2024-12-16-at-14.18.43.jpeg 1600w\" sizes=\"auto, (max-width: 500px) 100vw, 500px\" \/><\/p>\n<p>&nbsp;<\/p>\n<p>Otro aspecto importante a considerar son los efectos derivados de un decremento en el n\u00famero de remesas, pues Michoac\u00e1n es el segundo estado con mayor recepci\u00f3n en el pa\u00eds, lo que impacta de manera importante no solo en la econom\u00eda de las familias que radican en el estado, sino tambi\u00e9n en la recaudaci\u00f3n de impuestos.<\/p>\n<p>&nbsp;<\/p>\n<p>Al respecto Rosalba Venegas Gardu\u00f1o, Secretaria de Bien Com\u00fan y Pol\u00edtica Social de Morelia, puso especial \u00e9nfasis en la calidad de vida de las personas, a partir de la protecci\u00f3n de sus derechos y dignidad, para lo cual el trabajo de las Casas de Migrantes es fundamental, pues complementan las acciones gubernamentales.<\/p>\n","protected":false},"excerpt":{"rendered":"<p>Casas de migrantes colaboran en la atenci\u00f3n de los connacionales pese a la falta de atenci\u00f3n gubernamental. &nbsp; Por Sara\u00ed Rangel. Morelia, Mich. &#8211; El temor y el desconocimiento, son los principales motivos por los cuales, nuestros connacionales no acuden a los consulados en los Estados Unidos, para realizar tr\u00e1mites, muchas veces necesarios y que [&hellip;]<\/p>\n","protected":false},"author":9,"featured_media":38591,"comment_status":"closed","ping_status":"closed","sticky":false,"template":"","format":"standard","meta":{"footnotes":""},"categories":[18,7,27],"tags":[],"class_list":{"0":"post-38582","1":"post","2":"type-post","3":"status-publish","4":"format-standard","5":"has-post-thumbnail","7":"category-ayuntamiento-de-morelia","8":"category-morelia","9":"category-slider"},"yoast_head":"<!-- This site is optimized with the Yoast SEO plugin v24.0 - https:\/\/yoast.com\/wordpress\/plugins\/seo\/ -->\n<title>Comunidad migrante ante la expectativa por posibles deportaciones. - Diario ABC de Michoac\u00e1n<\/title>\n<meta name=\"robots\" content=\"index, follow, max-snippet:-1, max-image-preview:large, max-video-preview:-1\" \/>\n<link rel=\"canonical\" href=\"https:\/\/diarioabcdemichoacan.com.mx\/lasnoticias\/comunidad-migrante-ante-la-expectativa-por-posibles-deportaciones\/\" \/>\n<meta property=\"og:locale\" content=\"es_ES\" \/>\n<meta property=\"og:type\" content=\"article\" \/>\n<meta property=\"og:title\" content=\"Comunidad migrante ante la expectativa por posibles deportaciones. - Diario ABC de Michoac\u00e1n\" \/>\n<meta property=\"og:description\" content=\"Casas de migrantes colaboran en la atenci\u00f3n de los connacionales pese a la falta de atenci\u00f3n gubernamental. &nbsp; Por Sara\u00ed Rangel. Morelia, Mich. &#8211; El temor y el desconocimiento, son los principales motivos por los cuales, nuestros connacionales no acuden a los consulados en los Estados Unidos, para realizar tr\u00e1mites, muchas veces necesarios y que [&hellip;]\" \/>\n<meta property=\"og:url\" content=\"https:\/\/diarioabcdemichoacan.com.mx\/lasnoticias\/comunidad-migrante-ante-la-expectativa-por-posibles-deportaciones\/\" \/>\n<meta property=\"og:site_name\" content=\"Diario ABC de Michoac\u00e1n\" \/>\n<meta property=\"article:published_time\" content=\"2024-12-16T20:33:38+00:00\" \/>\n<meta property=\"article:modified_time\" content=\"2024-12-16T20:35:38+00:00\" \/>\n<meta property=\"og:image\" content=\"https:\/\/diarioabcdemichoacan.com.mx\/lasnoticias\/wp-content\/uploads\/2024\/12\/WhatsApp-Image-2024-12-16-at-14.18.42-1.jpeg\" \/>\n\t<meta property=\"og:image:width\" content=\"1575\" \/>\n\t<meta property=\"og:image:height\" content=\"878\" \/>\n\t<meta property=\"og:image:type\" content=\"image\/jpeg\" \/>\n<meta name=\"author\" content=\"AR\" \/>\n<meta name=\"twitter:card\" content=\"summary_large_image\" \/>\n<meta name=\"twitter:label1\" content=\"Escrito por\" \/>\n\t<meta name=\"twitter:data1\" content=\"AR\" \/>\n\t<meta name=\"twitter:label2\" content=\"Tiempo de lectura\" \/>\n\t<meta name=\"twitter:data2\" content=\"3 minutos\" \/>\n<script type=\"application\/ld+json\" class=\"yoast-schema-graph\">{\"@context\":\"https:\/\/schema.org\",\"@graph\":[{\"@type\":\"WebPage\",\"@id\":\"https:\/\/diarioabcdemichoacan.com.mx\/lasnoticias\/comunidad-migrante-ante-la-expectativa-por-posibles-deportaciones\/\",\"url\":\"https:\/\/diarioabcdemichoacan.com.mx\/lasnoticias\/comunidad-migrante-ante-la-expectativa-por-posibles-deportaciones\/\",\"name\":\"Comunidad migrante ante la expectativa por posibles deportaciones. - Diario ABC de Michoac\u00e1n\",\"isPartOf\":{\"@id\":\"https:\/\/diarioabcdemichoacan.com.mx\/lasnoticias\/#website\"},\"primaryImageOfPage\":{\"@id\":\"https:\/\/diarioabcdemichoacan.com.mx\/lasnoticias\/comunidad-migrante-ante-la-expectativa-por-posibles-deportaciones\/#primaryimage\"},\"image\":{\"@id\":\"https:\/\/diarioabcdemichoacan.com.mx\/lasnoticias\/comunidad-migrante-ante-la-expectativa-por-posibles-deportaciones\/#primaryimage\"},\"thumbnailUrl\":\"https:\/\/diarioabcdemichoacan.com.mx\/lasnoticias\/wp-content\/uploads\/2024\/12\/WhatsApp-Image-2024-12-16-at-14.18.42-1.jpeg\",\"datePublished\":\"2024-12-16T20:33:38+00:00\",\"dateModified\":\"2024-12-16T20:35:38+00:00\",\"author\":{\"@id\":\"https:\/\/diarioabcdemichoacan.com.mx\/lasnoticias\/#\/schema\/person\/19ae376040f6cbc489682ebdd8524852\"},\"breadcrumb\":{\"@id\":\"https:\/\/diarioabcdemichoacan.com.mx\/lasnoticias\/comunidad-migrante-ante-la-expectativa-por-posibles-deportaciones\/#breadcrumb\"},\"inLanguage\":\"es\",\"potentialAction\":[{\"@type\":\"ReadAction\",\"target\":[\"https:\/\/diarioabcdemichoacan.com.mx\/lasnoticias\/comunidad-migrante-ante-la-expectativa-por-posibles-deportaciones\/\"]}]},{\"@type\":\"ImageObject\",\"inLanguage\":\"es\",\"@id\":\"https:\/\/diarioabcdemichoacan.com.mx\/lasnoticias\/comunidad-migrante-ante-la-expectativa-por-posibles-deportaciones\/#primaryimage\",\"url\":\"https:\/\/diarioabcdemichoacan.com.mx\/lasnoticias\/wp-content\/uploads\/2024\/12\/WhatsApp-Image-2024-12-16-at-14.18.42-1.jpeg\",\"contentUrl\":\"https:\/\/diarioabcdemichoacan.com.mx\/lasnoticias\/wp-content\/uploads\/2024\/12\/WhatsApp-Image-2024-12-16-at-14.18.42-1.jpeg\",\"width\":1575,\"height\":878},{\"@type\":\"BreadcrumbList\",\"@id\":\"https:\/\/diarioabcdemichoacan.com.mx\/lasnoticias\/comunidad-migrante-ante-la-expectativa-por-posibles-deportaciones\/#breadcrumb\",\"itemListElement\":[{\"@type\":\"ListItem\",\"position\":1,\"name\":\"Portada\",\"item\":\"https:\/\/diarioabcdemichoacan.com.mx\/lasnoticias\/\"},{\"@type\":\"ListItem\",\"position\":2,\"name\":\"Comunidad migrante ante la expectativa por posibles deportaciones.\"}]},{\"@type\":\"WebSite\",\"@id\":\"https:\/\/diarioabcdemichoacan.com.mx\/lasnoticias\/#website\",\"url\":\"https:\/\/diarioabcdemichoacan.com.mx\/lasnoticias\/\",\"name\":\"Diario ABC de Michoac\u00e1n\",\"description\":\"Las noticias al momento\",\"potentialAction\":[{\"@type\":\"SearchAction\",\"target\":{\"@type\":\"EntryPoint\",\"urlTemplate\":\"https:\/\/diarioabcdemichoacan.com.mx\/lasnoticias\/?s={search_term_string}\"},\"query-input\":{\"@type\":\"PropertyValueSpecification\",\"valueRequired\":true,\"valueName\":\"search_term_string\"}}],\"inLanguage\":\"es\"},{\"@type\":\"Person\",\"@id\":\"https:\/\/diarioabcdemichoacan.com.mx\/lasnoticias\/#\/schema\/person\/19ae376040f6cbc489682ebdd8524852\",\"name\":\"AR\",\"image\":{\"@type\":\"ImageObject\",\"inLanguage\":\"es\",\"@id\":\"https:\/\/diarioabcdemichoacan.com.mx\/lasnoticias\/#\/schema\/person\/image\/\",\"url\":\"https:\/\/secure.gravatar.com\/avatar\/44eca2ff970262234e20e1e082872af0?s=96&d=mm&r=g\",\"contentUrl\":\"https:\/\/secure.gravatar.com\/avatar\/44eca2ff970262234e20e1e082872af0?s=96&d=mm&r=g\",\"caption\":\"AR\"},\"url\":\"https:\/\/diarioabcdemichoacan.com.mx\/lasnoticias\/author\/adrian\/\"}]}<\/script>\n<!-- \/ Yoast SEO plugin. -->","yoast_head_json":{"title":"Comunidad migrante ante la expectativa por posibles deportaciones. - Diario ABC de Michoac\u00e1n","robots":{"index":"index","follow":"follow","max-snippet":"max-snippet:-1","max-image-preview":"max-image-preview:large","max-video-preview":"max-video-preview:-1"},"canonical":"https:\/\/diarioabcdemichoacan.com.mx\/lasnoticias\/comunidad-migrante-ante-la-expectativa-por-posibles-deportaciones\/","og_locale":"es_ES","og_type":"article","og_title":"Comunidad migrante ante la expectativa por posibles deportaciones. - Diario ABC de Michoac\u00e1n","og_description":"Casas de migrantes colaboran en la atenci\u00f3n de los connacionales pese a la falta de atenci\u00f3n gubernamental. &nbsp; Por Sara\u00ed Rangel. Morelia, Mich. &#8211; El temor y el desconocimiento, son los principales motivos por los cuales, nuestros connacionales no acuden a los consulados en los Estados Unidos, para realizar tr\u00e1mites, muchas veces necesarios y que [&hellip;]","og_url":"https:\/\/diarioabcdemichoacan.com.mx\/lasnoticias\/comunidad-migrante-ante-la-expectativa-por-posibles-deportaciones\/","og_site_name":"Diario ABC de Michoac\u00e1n","article_published_time":"2024-12-16T20:33:38+00:00","article_modified_time":"2024-12-16T20:35:38+00:00","og_image":[{"width":1575,"height":878,"url":"https:\/\/diarioabcdemichoacan.com.mx\/lasnoticias\/wp-content\/uploads\/2024\/12\/WhatsApp-Image-2024-12-16-at-14.18.42-1.jpeg","type":"image\/jpeg"}],"author":"AR","twitter_card":"summary_large_image","twitter_misc":{"Escrito por":"AR","Tiempo de lectura":"3 minutos"},"schema":{"@context":"https:\/\/schema.org","@graph":[{"@type":"WebPage","@id":"https:\/\/diarioabcdemichoacan.com.mx\/lasnoticias\/comunidad-migrante-ante-la-expectativa-por-posibles-deportaciones\/","url":"https:\/\/diarioabcdemichoacan.com.mx\/lasnoticias\/comunidad-migrante-ante-la-expectativa-por-posibles-deportaciones\/","name":"Comunidad migrante ante la expectativa por posibles deportaciones. - Diario ABC de Michoac\u00e1n","isPartOf":{"@id":"https:\/\/diarioabcdemichoacan.com.mx\/lasnoticias\/#website"},"primaryImageOfPage":{"@id":"https:\/\/diarioabcdemichoacan.com.mx\/lasnoticias\/comunidad-migrante-ante-la-expectativa-por-posibles-deportaciones\/#primaryimage"},"image":{"@id":"https:\/\/diarioabcdemichoacan.com.mx\/lasnoticias\/comunidad-migrante-ante-la-expectativa-por-posibles-deportaciones\/#primaryimage"},"thumbnailUrl":"https:\/\/diarioabcdemichoacan.com.mx\/lasnoticias\/wp-content\/uploads\/2024\/12\/WhatsApp-Image-2024-12-16-at-14.18.42-1.jpeg","datePublished":"2024-12-16T20:33:38+00:00","dateModified":"2024-12-16T20:35:38+00:00","author":{"@id":"https:\/\/diarioabcdemichoacan.com.mx\/lasnoticias\/#\/schema\/person\/19ae376040f6cbc489682ebdd8524852"},"breadcrumb":{"@id":"https:\/\/diarioabcdemichoacan.com.mx\/lasnoticias\/comunidad-migrante-ante-la-expectativa-por-posibles-deportaciones\/#breadcrumb"},"inLanguage":"es","potentialAction":[{"@type":"ReadAction","target":["https:\/\/diarioabcdemichoacan.com.mx\/lasnoticias\/comunidad-migrante-ante-la-expectativa-por-posibles-deportaciones\/"]}]},{"@type":"ImageObject","inLanguage":"es","@id":"https:\/\/diarioabcdemichoacan.com.mx\/lasnoticias\/comunidad-migrante-ante-la-expectativa-por-posibles-deportaciones\/#primaryimage","url":"https:\/\/diarioabcdemichoacan.com.mx\/lasnoticias\/wp-content\/uploads\/2024\/12\/WhatsApp-Image-2024-12-16-at-14.18.42-1.jpeg","contentUrl":"https:\/\/diarioabcdemichoacan.com.mx\/lasnoticias\/wp-content\/uploads\/2024\/12\/WhatsApp-Image-2024-12-16-at-14.18.42-1.jpeg","width":1575,"height":878},{"@type":"BreadcrumbList","@id":"https:\/\/diarioabcdemichoacan.com.mx\/lasnoticias\/comunidad-migrante-ante-la-expectativa-por-posibles-deportaciones\/#breadcrumb","itemListElement":[{"@type":"ListItem","position":1,"name":"Portada","item":"https:\/\/diarioabcdemichoacan.com.mx\/lasnoticias\/"},{"@type":"ListItem","position":2,"name":"Comunidad migrante ante la expectativa por posibles deportaciones."}]},{"@type":"WebSite","@id":"https:\/\/diarioabcdemichoacan.com.mx\/lasnoticias\/#website","url":"https:\/\/diarioabcdemichoacan.com.mx\/lasnoticias\/","name":"Diario ABC de Michoac\u00e1n","description":"Las noticias al momento","potentialAction":[{"@type":"SearchAction","target":{"@type":"EntryPoint","urlTemplate":"https:\/\/diarioabcdemichoacan.com.mx\/lasnoticias\/?s={search_term_string}"},"query-input":{"@type":"PropertyValueSpecification","valueRequired":true,"valueName":"search_term_string"}}],"inLanguage":"es"},{"@type":"Person","@id":"https:\/\/diarioabcdemichoacan.com.mx\/lasnoticias\/#\/schema\/person\/19ae376040f6cbc489682ebdd8524852","name":"AR","image":{"@type":"ImageObject","inLanguage":"es","@id":"https:\/\/diarioabcdemichoacan.com.mx\/lasnoticias\/#\/schema\/person\/image\/","url":"https:\/\/secure.gravatar.com\/avatar\/44eca2ff970262234e20e1e082872af0?s=96&d=mm&r=g","contentUrl":"https:\/\/secure.gravatar.com\/avatar\/44eca2ff970262234e20e1e082872af0?s=96&d=mm&r=g","caption":"AR"},"url":"https:\/\/diarioabcdemichoacan.com.mx\/lasnoticias\/author\/adrian\/"}]}},"_links":{"self":[{"href":"https:\/\/diarioabcdemichoacan.com.mx\/lasnoticias\/wp-json\/wp\/v2\/posts\/38582","targetHints":{"allow":["GET"]}}],"collection":[{"href":"https:\/\/diarioabcdemichoacan.com.mx\/lasnoticias\/wp-json\/wp\/v2\/posts"}],"about":[{"href":"https:\/\/diarioabcdemichoacan.com.mx\/lasnoticias\/wp-json\/wp\/v2\/types\/post"}],"author":[{"embeddable":true,"href":"https:\/\/diarioabcdemichoacan.com.mx\/lasnoticias\/wp-json\/wp\/v2\/users\/9"}],"replies":[{"embeddable":true,"href":"https:\/\/diarioabcdemichoacan.com.mx\/lasnoticias\/wp-json\/wp\/v2\/comments?post=38582"}],"version-history":[{"count":1,"href":"https:\/\/diarioabcdemichoacan.com.mx\/lasnoticias\/wp-json\/wp\/v2\/posts\/38582\/revisions"}],"predecessor-version":[{"id":38601,"href":"https:\/\/diarioabcdemichoacan.com.mx\/lasnoticias\/wp-json\/wp\/v2\/posts\/38582\/revisions\/38601"}],"wp:featuredmedia":[{"embeddable":true,"href":"https:\/\/diarioabcdemichoacan.com.mx\/lasnoticias\/wp-json\/wp\/v2\/media\/38591"}],"wp:attachment":[{"href":"https:\/\/diarioabcdemichoacan.com.mx\/lasnoticias\/wp-json\/wp\/v2\/media?parent=38582"}],"wp:term":[{"taxonomy":"category","embeddable":true,"href":"https:\/\/diarioabcdemichoacan.com.mx\/lasnoticias\/wp-json\/wp\/v2\/categories?post=38582"},{"taxonomy":"post_tag","embeddable":true,"href":"https:\/\/diarioabcdemichoacan.com.mx\/lasnoticias\/wp-json\/wp\/v2\/tags?post=38582"}],"curies":[{"name":"wp","href":"https:\/\/api.w.org\/{rel}","templated":true}]}}