{"id":40956,"date":"2025-01-05T15:10:52","date_gmt":"2025-01-05T21:10:52","guid":{"rendered":"https:\/\/diarioabcdemichoacan.com.mx\/lasnoticias\/?p=40956"},"modified":"2025-01-05T15:10:52","modified_gmt":"2025-01-05T21:10:52","slug":"arranca-obra-de-distribuidor-vial-en-el-mercado-de-abastos","status":"publish","type":"post","link":"https:\/\/diarioabcdemichoacan.com.mx\/lasnoticias\/arranca-obra-de-distribuidor-vial-en-el-mercado-de-abastos\/","title":{"rendered":"Arranca obra de Distribuidor vial en el Mercado de abastos"},"content":{"rendered":"<p>En diciembre 2025 se entregar\u00e1 la obra, comparte el Gobernador Alfredo Ram\u00edrez Bedolla<\/p>\n<p>Por Sara\u00ed Rangel<\/p>\n<hr \/>\n<p>Morelia, Mich.- Con una inversi\u00f3n estatal de 440 millones de pesos correspondiente al programa de obras multianuales, arranc\u00f3 en el libramiento de Morelia la construcci\u00f3n del Distribuidor Vial <em>Er\u00e9ndira<\/em> con el cual se busca aligerar y agilizar el flujo vehicular de la zona del Mercado de Abastos.<\/p>\n<p>Se trata de una obra integral que comprende dos puentes vehiculares, una explanada arbolada, parque lineal, pasos peatonales seguros y un m\u00f3dulo del Gobierno del Estado para la atenci\u00f3n de mujeres.<\/p>\n<p>Al encabezar el arranque de la construcci\u00f3n, el Gobernador Alfredo Ram\u00edrez Bedolla Bedolla comprometi\u00f3 que estar\u00e1 concluida en el mes de diciembre de 2025.<\/p>\n<p>\u00abEs una obra muy necesaria, porque diariamente confluyen entre 20 mil y 30 mil personas, no nada m\u00e1s de Morelia sino de todo el centro del estado, que vienen a surtir para sus negocios\u00bb, apunt\u00f3, se trata de un centro econ\u00f3mico muy importante para Morelia y Michoac\u00e1n.<\/p>\n<p>De acuerdo con Rogelio Zaraz\u00faa S\u00e1nchez, Secretario de Comunicaciones y Obras P\u00fablicas (SCOP), para este proyecto se ha tenido acercamiento con locatarios y vecinos \u00abque son los que m\u00e1s entienden la din\u00e1mica de la zona\u00bb.<\/p>\n<p>Como parte de la obras complementarias, se habilitar\u00e1 espacios de convivencia y se reforestar\u00e1 con \u00e1rboles de la regi\u00f3n. El m\u00f3dulo de atenci\u00f3n estar\u00e1 atendido por la Secretar\u00eda de Igualdad Sustantiva y Desarrollo de las Mujeres.<\/p>\n<p>Los permisos ante al Ayuntamiento est\u00e1n al corriente y tambi\u00e9n se coordinan para evitar congestionamiento por los trabajos a trav\u00e9s de dejar habilitados dos carriles y maniobras pesadas por las noches.<\/p>\n","protected":false},"excerpt":{"rendered":"<p>En diciembre 2025 se entregar\u00e1 la obra, comparte el Gobernador Alfredo Ram\u00edrez Bedolla Por Sara\u00ed Rangel Morelia, Mich.- Con una inversi\u00f3n estatal de 440 millones de pesos correspondiente al programa de obras multianuales, arranc\u00f3 en el libramiento de Morelia la construcci\u00f3n del Distribuidor Vial Er\u00e9ndira con el cual se busca aligerar y agilizar el flujo [&hellip;]<\/p>\n","protected":false},"author":6,"featured_media":40957,"comment_status":"closed","ping_status":"closed","sticky":false,"template":"","format":"standard","meta":{"footnotes":""},"categories":[10,17,7],"tags":[],"class_list":{"0":"post-40956","1":"post","2":"type-post","3":"status-publish","4":"format-standard","5":"has-post-thumbnail","7":"category-estado","8":"category-gobierno-de-michoacan","9":"category-morelia"},"yoast_head":"<!-- This site is optimized with the Yoast SEO plugin v24.0 - https:\/\/yoast.com\/wordpress\/plugins\/seo\/ -->\n<title>Arranca obra de Distribuidor vial en el Mercado de abastos - Diario ABC de Michoac\u00e1n<\/title>\n<meta name=\"robots\" content=\"index, follow, max-snippet:-1, max-image-preview:large, max-video-preview:-1\" \/>\n<link rel=\"canonical\" href=\"https:\/\/diarioabcdemichoacan.com.mx\/lasnoticias\/arranca-obra-de-distribuidor-vial-en-el-mercado-de-abastos\/\" \/>\n<meta property=\"og:locale\" content=\"es_ES\" \/>\n<meta property=\"og:type\" content=\"article\" \/>\n<meta property=\"og:title\" content=\"Arranca obra de Distribuidor vial en el Mercado de abastos - Diario ABC de Michoac\u00e1n\" \/>\n<meta property=\"og:description\" content=\"En diciembre 2025 se entregar\u00e1 la obra, comparte el Gobernador Alfredo Ram\u00edrez Bedolla Por Sara\u00ed Rangel Morelia, Mich.- Con una inversi\u00f3n estatal de 440 millones de pesos correspondiente al programa de obras multianuales, arranc\u00f3 en el libramiento de Morelia la construcci\u00f3n del Distribuidor Vial Er\u00e9ndira con el cual se busca aligerar y agilizar el flujo [&hellip;]\" \/>\n<meta property=\"og:url\" content=\"https:\/\/diarioabcdemichoacan.com.mx\/lasnoticias\/arranca-obra-de-distribuidor-vial-en-el-mercado-de-abastos\/\" \/>\n<meta property=\"og:site_name\" content=\"Diario ABC de Michoac\u00e1n\" \/>\n<meta property=\"article:published_time\" content=\"2025-01-05T21:10:52+00:00\" \/>\n<meta property=\"og:image\" content=\"https:\/\/diarioabcdemichoacan.com.mx\/lasnoticias\/wp-content\/uploads\/2025\/01\/IMG-20250105-WA0044.jpg\" \/>\n\t<meta property=\"og:image:width\" content=\"1280\" \/>\n\t<meta property=\"og:image:height\" content=\"960\" \/>\n\t<meta property=\"og:image:type\" content=\"image\/jpeg\" \/>\n<meta name=\"author\" content=\"MB\" \/>\n<meta name=\"twitter:card\" content=\"summary_large_image\" \/>\n<meta name=\"twitter:label1\" content=\"Escrito por\" \/>\n\t<meta name=\"twitter:data1\" content=\"MB\" \/>\n\t<meta name=\"twitter:label2\" content=\"Tiempo de lectura\" \/>\n\t<meta name=\"twitter:data2\" content=\"2 minutos\" \/>\n<script type=\"application\/ld+json\" class=\"yoast-schema-graph\">{\"@context\":\"https:\/\/schema.org\",\"@graph\":[{\"@type\":\"WebPage\",\"@id\":\"https:\/\/diarioabcdemichoacan.com.mx\/lasnoticias\/arranca-obra-de-distribuidor-vial-en-el-mercado-de-abastos\/\",\"url\":\"https:\/\/diarioabcdemichoacan.com.mx\/lasnoticias\/arranca-obra-de-distribuidor-vial-en-el-mercado-de-abastos\/\",\"name\":\"Arranca obra de Distribuidor vial en el Mercado de abastos - Diario ABC de Michoac\u00e1n\",\"isPartOf\":{\"@id\":\"https:\/\/diarioabcdemichoacan.com.mx\/lasnoticias\/#website\"},\"primaryImageOfPage\":{\"@id\":\"https:\/\/diarioabcdemichoacan.com.mx\/lasnoticias\/arranca-obra-de-distribuidor-vial-en-el-mercado-de-abastos\/#primaryimage\"},\"image\":{\"@id\":\"https:\/\/diarioabcdemichoacan.com.mx\/lasnoticias\/arranca-obra-de-distribuidor-vial-en-el-mercado-de-abastos\/#primaryimage\"},\"thumbnailUrl\":\"https:\/\/diarioabcdemichoacan.com.mx\/lasnoticias\/wp-content\/uploads\/2025\/01\/IMG-20250105-WA0044.jpg\",\"datePublished\":\"2025-01-05T21:10:52+00:00\",\"dateModified\":\"2025-01-05T21:10:52+00:00\",\"author\":{\"@id\":\"https:\/\/diarioabcdemichoacan.com.mx\/lasnoticias\/#\/schema\/person\/0546f9c3407148f7452ca932715c5e88\"},\"breadcrumb\":{\"@id\":\"https:\/\/diarioabcdemichoacan.com.mx\/lasnoticias\/arranca-obra-de-distribuidor-vial-en-el-mercado-de-abastos\/#breadcrumb\"},\"inLanguage\":\"es\",\"potentialAction\":[{\"@type\":\"ReadAction\",\"target\":[\"https:\/\/diarioabcdemichoacan.com.mx\/lasnoticias\/arranca-obra-de-distribuidor-vial-en-el-mercado-de-abastos\/\"]}]},{\"@type\":\"ImageObject\",\"inLanguage\":\"es\",\"@id\":\"https:\/\/diarioabcdemichoacan.com.mx\/lasnoticias\/arranca-obra-de-distribuidor-vial-en-el-mercado-de-abastos\/#primaryimage\",\"url\":\"https:\/\/diarioabcdemichoacan.com.mx\/lasnoticias\/wp-content\/uploads\/2025\/01\/IMG-20250105-WA0044.jpg\",\"contentUrl\":\"https:\/\/diarioabcdemichoacan.com.mx\/lasnoticias\/wp-content\/uploads\/2025\/01\/IMG-20250105-WA0044.jpg\",\"width\":1280,\"height\":960},{\"@type\":\"BreadcrumbList\",\"@id\":\"https:\/\/diarioabcdemichoacan.com.mx\/lasnoticias\/arranca-obra-de-distribuidor-vial-en-el-mercado-de-abastos\/#breadcrumb\",\"itemListElement\":[{\"@type\":\"ListItem\",\"position\":1,\"name\":\"Portada\",\"item\":\"https:\/\/diarioabcdemichoacan.com.mx\/lasnoticias\/\"},{\"@type\":\"ListItem\",\"position\":2,\"name\":\"Arranca obra de Distribuidor vial en el Mercado de abastos\"}]},{\"@type\":\"WebSite\",\"@id\":\"https:\/\/diarioabcdemichoacan.com.mx\/lasnoticias\/#website\",\"url\":\"https:\/\/diarioabcdemichoacan.com.mx\/lasnoticias\/\",\"name\":\"Diario ABC de Michoac\u00e1n\",\"description\":\"Las noticias al momento\",\"potentialAction\":[{\"@type\":\"SearchAction\",\"target\":{\"@type\":\"EntryPoint\",\"urlTemplate\":\"https:\/\/diarioabcdemichoacan.com.mx\/lasnoticias\/?s={search_term_string}\"},\"query-input\":{\"@type\":\"PropertyValueSpecification\",\"valueRequired\":true,\"valueName\":\"search_term_string\"}}],\"inLanguage\":\"es\"},{\"@type\":\"Person\",\"@id\":\"https:\/\/diarioabcdemichoacan.com.mx\/lasnoticias\/#\/schema\/person\/0546f9c3407148f7452ca932715c5e88\",\"name\":\"MB\",\"image\":{\"@type\":\"ImageObject\",\"inLanguage\":\"es\",\"@id\":\"https:\/\/diarioabcdemichoacan.com.mx\/lasnoticias\/#\/schema\/person\/image\/\",\"url\":\"https:\/\/secure.gravatar.com\/avatar\/adcd41fde6b8d0b5d9d0de001d3112b3?s=96&d=mm&r=g\",\"contentUrl\":\"https:\/\/secure.gravatar.com\/avatar\/adcd41fde6b8d0b5d9d0de001d3112b3?s=96&d=mm&r=g\",\"caption\":\"MB\"},\"url\":\"https:\/\/diarioabcdemichoacan.com.mx\/lasnoticias\/author\/bomariano03\/\"}]}<\/script>\n<!-- \/ Yoast SEO plugin. -->","yoast_head_json":{"title":"Arranca obra de Distribuidor vial en el Mercado de abastos - Diario ABC de Michoac\u00e1n","robots":{"index":"index","follow":"follow","max-snippet":"max-snippet:-1","max-image-preview":"max-image-preview:large","max-video-preview":"max-video-preview:-1"},"canonical":"https:\/\/diarioabcdemichoacan.com.mx\/lasnoticias\/arranca-obra-de-distribuidor-vial-en-el-mercado-de-abastos\/","og_locale":"es_ES","og_type":"article","og_title":"Arranca obra de Distribuidor vial en el Mercado de abastos - Diario ABC de Michoac\u00e1n","og_description":"En diciembre 2025 se entregar\u00e1 la obra, comparte el Gobernador Alfredo Ram\u00edrez Bedolla Por Sara\u00ed Rangel Morelia, Mich.- Con una inversi\u00f3n estatal de 440 millones de pesos correspondiente al programa de obras multianuales, arranc\u00f3 en el libramiento de Morelia la construcci\u00f3n del Distribuidor Vial Er\u00e9ndira con el cual se busca aligerar y agilizar el flujo [&hellip;]","og_url":"https:\/\/diarioabcdemichoacan.com.mx\/lasnoticias\/arranca-obra-de-distribuidor-vial-en-el-mercado-de-abastos\/","og_site_name":"Diario ABC de Michoac\u00e1n","article_published_time":"2025-01-05T21:10:52+00:00","og_image":[{"width":1280,"height":960,"url":"https:\/\/diarioabcdemichoacan.com.mx\/lasnoticias\/wp-content\/uploads\/2025\/01\/IMG-20250105-WA0044.jpg","type":"image\/jpeg"}],"author":"MB","twitter_card":"summary_large_image","twitter_misc":{"Escrito por":"MB","Tiempo de lectura":"2 minutos"},"schema":{"@context":"https:\/\/schema.org","@graph":[{"@type":"WebPage","@id":"https:\/\/diarioabcdemichoacan.com.mx\/lasnoticias\/arranca-obra-de-distribuidor-vial-en-el-mercado-de-abastos\/","url":"https:\/\/diarioabcdemichoacan.com.mx\/lasnoticias\/arranca-obra-de-distribuidor-vial-en-el-mercado-de-abastos\/","name":"Arranca obra de Distribuidor vial en el Mercado de abastos - Diario ABC de Michoac\u00e1n","isPartOf":{"@id":"https:\/\/diarioabcdemichoacan.com.mx\/lasnoticias\/#website"},"primaryImageOfPage":{"@id":"https:\/\/diarioabcdemichoacan.com.mx\/lasnoticias\/arranca-obra-de-distribuidor-vial-en-el-mercado-de-abastos\/#primaryimage"},"image":{"@id":"https:\/\/diarioabcdemichoacan.com.mx\/lasnoticias\/arranca-obra-de-distribuidor-vial-en-el-mercado-de-abastos\/#primaryimage"},"thumbnailUrl":"https:\/\/diarioabcdemichoacan.com.mx\/lasnoticias\/wp-content\/uploads\/2025\/01\/IMG-20250105-WA0044.jpg","datePublished":"2025-01-05T21:10:52+00:00","dateModified":"2025-01-05T21:10:52+00:00","author":{"@id":"https:\/\/diarioabcdemichoacan.com.mx\/lasnoticias\/#\/schema\/person\/0546f9c3407148f7452ca932715c5e88"},"breadcrumb":{"@id":"https:\/\/diarioabcdemichoacan.com.mx\/lasnoticias\/arranca-obra-de-distribuidor-vial-en-el-mercado-de-abastos\/#breadcrumb"},"inLanguage":"es","potentialAction":[{"@type":"ReadAction","target":["https:\/\/diarioabcdemichoacan.com.mx\/lasnoticias\/arranca-obra-de-distribuidor-vial-en-el-mercado-de-abastos\/"]}]},{"@type":"ImageObject","inLanguage":"es","@id":"https:\/\/diarioabcdemichoacan.com.mx\/lasnoticias\/arranca-obra-de-distribuidor-vial-en-el-mercado-de-abastos\/#primaryimage","url":"https:\/\/diarioabcdemichoacan.com.mx\/lasnoticias\/wp-content\/uploads\/2025\/01\/IMG-20250105-WA0044.jpg","contentUrl":"https:\/\/diarioabcdemichoacan.com.mx\/lasnoticias\/wp-content\/uploads\/2025\/01\/IMG-20250105-WA0044.jpg","width":1280,"height":960},{"@type":"BreadcrumbList","@id":"https:\/\/diarioabcdemichoacan.com.mx\/lasnoticias\/arranca-obra-de-distribuidor-vial-en-el-mercado-de-abastos\/#breadcrumb","itemListElement":[{"@type":"ListItem","position":1,"name":"Portada","item":"https:\/\/diarioabcdemichoacan.com.mx\/lasnoticias\/"},{"@type":"ListItem","position":2,"name":"Arranca obra de Distribuidor vial en el Mercado de abastos"}]},{"@type":"WebSite","@id":"https:\/\/diarioabcdemichoacan.com.mx\/lasnoticias\/#website","url":"https:\/\/diarioabcdemichoacan.com.mx\/lasnoticias\/","name":"Diario ABC de Michoac\u00e1n","description":"Las noticias al momento","potentialAction":[{"@type":"SearchAction","target":{"@type":"EntryPoint","urlTemplate":"https:\/\/diarioabcdemichoacan.com.mx\/lasnoticias\/?s={search_term_string}"},"query-input":{"@type":"PropertyValueSpecification","valueRequired":true,"valueName":"search_term_string"}}],"inLanguage":"es"},{"@type":"Person","@id":"https:\/\/diarioabcdemichoacan.com.mx\/lasnoticias\/#\/schema\/person\/0546f9c3407148f7452ca932715c5e88","name":"MB","image":{"@type":"ImageObject","inLanguage":"es","@id":"https:\/\/diarioabcdemichoacan.com.mx\/lasnoticias\/#\/schema\/person\/image\/","url":"https:\/\/secure.gravatar.com\/avatar\/adcd41fde6b8d0b5d9d0de001d3112b3?s=96&d=mm&r=g","contentUrl":"https:\/\/secure.gravatar.com\/avatar\/adcd41fde6b8d0b5d9d0de001d3112b3?s=96&d=mm&r=g","caption":"MB"},"url":"https:\/\/diarioabcdemichoacan.com.mx\/lasnoticias\/author\/bomariano03\/"}]}},"_links":{"self":[{"href":"https:\/\/diarioabcdemichoacan.com.mx\/lasnoticias\/wp-json\/wp\/v2\/posts\/40956","targetHints":{"allow":["GET"]}}],"collection":[{"href":"https:\/\/diarioabcdemichoacan.com.mx\/lasnoticias\/wp-json\/wp\/v2\/posts"}],"about":[{"href":"https:\/\/diarioabcdemichoacan.com.mx\/lasnoticias\/wp-json\/wp\/v2\/types\/post"}],"author":[{"embeddable":true,"href":"https:\/\/diarioabcdemichoacan.com.mx\/lasnoticias\/wp-json\/wp\/v2\/users\/6"}],"replies":[{"embeddable":true,"href":"https:\/\/diarioabcdemichoacan.com.mx\/lasnoticias\/wp-json\/wp\/v2\/comments?post=40956"}],"version-history":[{"count":1,"href":"https:\/\/diarioabcdemichoacan.com.mx\/lasnoticias\/wp-json\/wp\/v2\/posts\/40956\/revisions"}],"predecessor-version":[{"id":40958,"href":"https:\/\/diarioabcdemichoacan.com.mx\/lasnoticias\/wp-json\/wp\/v2\/posts\/40956\/revisions\/40958"}],"wp:featuredmedia":[{"embeddable":true,"href":"https:\/\/diarioabcdemichoacan.com.mx\/lasnoticias\/wp-json\/wp\/v2\/media\/40957"}],"wp:attachment":[{"href":"https:\/\/diarioabcdemichoacan.com.mx\/lasnoticias\/wp-json\/wp\/v2\/media?parent=40956"}],"wp:term":[{"taxonomy":"category","embeddable":true,"href":"https:\/\/diarioabcdemichoacan.com.mx\/lasnoticias\/wp-json\/wp\/v2\/categories?post=40956"},{"taxonomy":"post_tag","embeddable":true,"href":"https:\/\/diarioabcdemichoacan.com.mx\/lasnoticias\/wp-json\/wp\/v2\/tags?post=40956"}],"curies":[{"name":"wp","href":"https:\/\/api.w.org\/{rel}","templated":true}]}}