{"id":40962,"date":"2025-01-05T15:32:01","date_gmt":"2025-01-05T21:32:01","guid":{"rendered":"https:\/\/diarioabcdemichoacan.com.mx\/lasnoticias\/?p=40962"},"modified":"2025-01-05T15:32:01","modified_gmt":"2025-01-05T21:32:01","slug":"convocan-a-inscribirse-en-la-escuela-de-bomberos-capitan-mariano-rincon","status":"publish","type":"post","link":"https:\/\/diarioabcdemichoacan.com.mx\/lasnoticias\/convocan-a-inscribirse-en-la-escuela-de-bomberos-capitan-mariano-rincon\/","title":{"rendered":"Convocan a inscribirse en la Escuela de Bomberos \u00abCapit\u00e1n Mariano Rinc\u00f3n\u00bb"},"content":{"rendered":"<p>Por Roberto Mestizo Ch\u00e1vez<\/p>\n<hr \/>\n<p>Uruapan, Mich.- El H. Cuerpo Voluntario de Bomberos de Uruapan, dio a conocer la convocatoria para ingresar a la Escuela de Bomberos \u00abCapitan Mariano Rinc\u00f3n\u00bb, en su XV Generaci\u00f3n.<\/p>\n<p>El curso iniciar\u00e1 el 1 de Febrero y tendr\u00e1 una duraci\u00f3n de nueve meses, por lo que concluir\u00e1 a finales de octubre; no tendr\u00e1 costo alguno para los participantes y las clases se impartir\u00e1n los s\u00e1bados por la tarde y los domingos por la ma\u00f1ana.<\/p>\n<p>Entre los temas a impartir se encuentran: Inducci\u00f3n a Bomberos, Historia del combate de incendios, Legislaci\u00f3n del bombero, Teor\u00eda del fuego, Uso y manejo de extintores, Equipo de protecci\u00f3n personal, Uso y manejo de mangueras, Abastecimiento de agua, Manejo de chorros, Escaleras, Entradas forzadas, Ventilaci\u00f3n, Operaci\u00f3n de bombas, Primeros auxilios, B\u00fasqueda y rescate, Materiales peligrosos, Manejo de electricidad en emergencias, Sistema de comando de incidentes, Extracci\u00f3n vehicular, Manejo de herramienta, Protecci\u00f3n de bienes, Manejo de gas L.P., Incendios forestales, Orden cerrado y Disciplina militarizada.<\/p>\n<p>El cupo m\u00e1ximo de participantes es de 30 personas, y hasta este domingo eran nueve los confirmados.<\/p>\n<p>Los interesados en participar deben ser mayores de 18 a\u00f1os, y presentarse en la estaci\u00f3n que el H. Cuerpo Voluntario de Bomberos tiene en la avenida Latinoamericana esquina con Sim\u00f3n Bol\u00edvar, colonia Los \u00c1ngeles, con la siguiente documentaci\u00f3n:<\/p>\n<p>Comprobante de estudios o de trabajo; original y copia simple de la credencial del INE; CURP; copia simple del acta de nacimiento; copia simple de comprobante de domicilio; original de certificado m\u00e9dico; solicitud, que se entregar\u00e1 en el lugar, y dos fotos tama\u00f1o infantil, en blanco y negro.<\/p>\n<p>Para mayores informes comunicarse al n\u00famero telef\u00f3nico 452 52 406 16, al n\u00famero de WhatsApp 452 12 103 49 o a trav\u00e9s de la red social Facebook, Bomberos Voluntarios de Uruapan.<\/p>\n","protected":false},"excerpt":{"rendered":"<p>Por Roberto Mestizo Ch\u00e1vez Uruapan, Mich.- El H. Cuerpo Voluntario de Bomberos de Uruapan, dio a conocer la convocatoria para ingresar a la Escuela de Bomberos \u00abCapitan Mariano Rinc\u00f3n\u00bb, en su XV Generaci\u00f3n. El curso iniciar\u00e1 el 1 de Febrero y tendr\u00e1 una duraci\u00f3n de nueve meses, por lo que concluir\u00e1 a finales de octubre; [&hellip;]<\/p>\n","protected":false},"author":6,"featured_media":40965,"comment_status":"closed","ping_status":"closed","sticky":false,"template":"","format":"standard","meta":{"footnotes":""},"categories":[3],"tags":[],"class_list":{"0":"post-40962","1":"post","2":"type-post","3":"status-publish","4":"format-standard","5":"has-post-thumbnail","7":"category-uruapan"},"yoast_head":"<!-- This site is optimized with the Yoast SEO plugin v24.0 - https:\/\/yoast.com\/wordpress\/plugins\/seo\/ -->\n<title>Convocan a inscribirse en la Escuela de Bomberos &quot;Capit\u00e1n Mariano Rinc\u00f3n&quot; - Diario ABC de Michoac\u00e1n<\/title>\n<meta name=\"robots\" content=\"index, follow, max-snippet:-1, max-image-preview:large, max-video-preview:-1\" \/>\n<link rel=\"canonical\" href=\"https:\/\/diarioabcdemichoacan.com.mx\/lasnoticias\/convocan-a-inscribirse-en-la-escuela-de-bomberos-capitan-mariano-rincon\/\" \/>\n<meta property=\"og:locale\" content=\"es_ES\" \/>\n<meta property=\"og:type\" content=\"article\" \/>\n<meta property=\"og:title\" content=\"Convocan a inscribirse en la Escuela de Bomberos &quot;Capit\u00e1n Mariano Rinc\u00f3n&quot; - Diario ABC de Michoac\u00e1n\" \/>\n<meta property=\"og:description\" content=\"Por Roberto Mestizo Ch\u00e1vez Uruapan, Mich.- El H. Cuerpo Voluntario de Bomberos de Uruapan, dio a conocer la convocatoria para ingresar a la Escuela de Bomberos \u00abCapitan Mariano Rinc\u00f3n\u00bb, en su XV Generaci\u00f3n. El curso iniciar\u00e1 el 1 de Febrero y tendr\u00e1 una duraci\u00f3n de nueve meses, por lo que concluir\u00e1 a finales de octubre; [&hellip;]\" \/>\n<meta property=\"og:url\" content=\"https:\/\/diarioabcdemichoacan.com.mx\/lasnoticias\/convocan-a-inscribirse-en-la-escuela-de-bomberos-capitan-mariano-rincon\/\" \/>\n<meta property=\"og:site_name\" content=\"Diario ABC de Michoac\u00e1n\" \/>\n<meta property=\"article:published_time\" content=\"2025-01-05T21:32:01+00:00\" \/>\n<meta property=\"og:image\" content=\"https:\/\/diarioabcdemichoacan.com.mx\/lasnoticias\/wp-content\/uploads\/2025\/01\/Polish_20250105_153103104.jpg\" \/>\n\t<meta property=\"og:image:width\" content=\"1080\" \/>\n\t<meta property=\"og:image:height\" content=\"608\" \/>\n\t<meta property=\"og:image:type\" content=\"image\/jpeg\" \/>\n<meta name=\"author\" content=\"MB\" \/>\n<meta name=\"twitter:card\" content=\"summary_large_image\" \/>\n<meta name=\"twitter:label1\" content=\"Escrito por\" \/>\n\t<meta name=\"twitter:data1\" content=\"MB\" \/>\n\t<meta name=\"twitter:label2\" content=\"Tiempo de lectura\" \/>\n\t<meta name=\"twitter:data2\" content=\"2 minutos\" \/>\n<script type=\"application\/ld+json\" class=\"yoast-schema-graph\">{\"@context\":\"https:\/\/schema.org\",\"@graph\":[{\"@type\":\"WebPage\",\"@id\":\"https:\/\/diarioabcdemichoacan.com.mx\/lasnoticias\/convocan-a-inscribirse-en-la-escuela-de-bomberos-capitan-mariano-rincon\/\",\"url\":\"https:\/\/diarioabcdemichoacan.com.mx\/lasnoticias\/convocan-a-inscribirse-en-la-escuela-de-bomberos-capitan-mariano-rincon\/\",\"name\":\"Convocan a inscribirse en la Escuela de Bomberos \\\"Capit\u00e1n Mariano Rinc\u00f3n\\\" - Diario ABC de Michoac\u00e1n\",\"isPartOf\":{\"@id\":\"https:\/\/diarioabcdemichoacan.com.mx\/lasnoticias\/#website\"},\"primaryImageOfPage\":{\"@id\":\"https:\/\/diarioabcdemichoacan.com.mx\/lasnoticias\/convocan-a-inscribirse-en-la-escuela-de-bomberos-capitan-mariano-rincon\/#primaryimage\"},\"image\":{\"@id\":\"https:\/\/diarioabcdemichoacan.com.mx\/lasnoticias\/convocan-a-inscribirse-en-la-escuela-de-bomberos-capitan-mariano-rincon\/#primaryimage\"},\"thumbnailUrl\":\"https:\/\/diarioabcdemichoacan.com.mx\/lasnoticias\/wp-content\/uploads\/2025\/01\/Polish_20250105_153103104.jpg\",\"datePublished\":\"2025-01-05T21:32:01+00:00\",\"dateModified\":\"2025-01-05T21:32:01+00:00\",\"author\":{\"@id\":\"https:\/\/diarioabcdemichoacan.com.mx\/lasnoticias\/#\/schema\/person\/0546f9c3407148f7452ca932715c5e88\"},\"breadcrumb\":{\"@id\":\"https:\/\/diarioabcdemichoacan.com.mx\/lasnoticias\/convocan-a-inscribirse-en-la-escuela-de-bomberos-capitan-mariano-rincon\/#breadcrumb\"},\"inLanguage\":\"es\",\"potentialAction\":[{\"@type\":\"ReadAction\",\"target\":[\"https:\/\/diarioabcdemichoacan.com.mx\/lasnoticias\/convocan-a-inscribirse-en-la-escuela-de-bomberos-capitan-mariano-rincon\/\"]}]},{\"@type\":\"ImageObject\",\"inLanguage\":\"es\",\"@id\":\"https:\/\/diarioabcdemichoacan.com.mx\/lasnoticias\/convocan-a-inscribirse-en-la-escuela-de-bomberos-capitan-mariano-rincon\/#primaryimage\",\"url\":\"https:\/\/diarioabcdemichoacan.com.mx\/lasnoticias\/wp-content\/uploads\/2025\/01\/Polish_20250105_153103104.jpg\",\"contentUrl\":\"https:\/\/diarioabcdemichoacan.com.mx\/lasnoticias\/wp-content\/uploads\/2025\/01\/Polish_20250105_153103104.jpg\",\"width\":1080,\"height\":608},{\"@type\":\"BreadcrumbList\",\"@id\":\"https:\/\/diarioabcdemichoacan.com.mx\/lasnoticias\/convocan-a-inscribirse-en-la-escuela-de-bomberos-capitan-mariano-rincon\/#breadcrumb\",\"itemListElement\":[{\"@type\":\"ListItem\",\"position\":1,\"name\":\"Portada\",\"item\":\"https:\/\/diarioabcdemichoacan.com.mx\/lasnoticias\/\"},{\"@type\":\"ListItem\",\"position\":2,\"name\":\"Convocan a inscribirse en la Escuela de Bomberos \u00abCapit\u00e1n Mariano Rinc\u00f3n\u00bb\"}]},{\"@type\":\"WebSite\",\"@id\":\"https:\/\/diarioabcdemichoacan.com.mx\/lasnoticias\/#website\",\"url\":\"https:\/\/diarioabcdemichoacan.com.mx\/lasnoticias\/\",\"name\":\"Diario ABC de Michoac\u00e1n\",\"description\":\"Las noticias al momento\",\"potentialAction\":[{\"@type\":\"SearchAction\",\"target\":{\"@type\":\"EntryPoint\",\"urlTemplate\":\"https:\/\/diarioabcdemichoacan.com.mx\/lasnoticias\/?s={search_term_string}\"},\"query-input\":{\"@type\":\"PropertyValueSpecification\",\"valueRequired\":true,\"valueName\":\"search_term_string\"}}],\"inLanguage\":\"es\"},{\"@type\":\"Person\",\"@id\":\"https:\/\/diarioabcdemichoacan.com.mx\/lasnoticias\/#\/schema\/person\/0546f9c3407148f7452ca932715c5e88\",\"name\":\"MB\",\"image\":{\"@type\":\"ImageObject\",\"inLanguage\":\"es\",\"@id\":\"https:\/\/diarioabcdemichoacan.com.mx\/lasnoticias\/#\/schema\/person\/image\/\",\"url\":\"https:\/\/secure.gravatar.com\/avatar\/adcd41fde6b8d0b5d9d0de001d3112b3?s=96&d=mm&r=g\",\"contentUrl\":\"https:\/\/secure.gravatar.com\/avatar\/adcd41fde6b8d0b5d9d0de001d3112b3?s=96&d=mm&r=g\",\"caption\":\"MB\"},\"url\":\"https:\/\/diarioabcdemichoacan.com.mx\/lasnoticias\/author\/bomariano03\/\"}]}<\/script>\n<!-- \/ Yoast SEO plugin. -->","yoast_head_json":{"title":"Convocan a inscribirse en la Escuela de Bomberos \"Capit\u00e1n Mariano Rinc\u00f3n\" - Diario ABC de Michoac\u00e1n","robots":{"index":"index","follow":"follow","max-snippet":"max-snippet:-1","max-image-preview":"max-image-preview:large","max-video-preview":"max-video-preview:-1"},"canonical":"https:\/\/diarioabcdemichoacan.com.mx\/lasnoticias\/convocan-a-inscribirse-en-la-escuela-de-bomberos-capitan-mariano-rincon\/","og_locale":"es_ES","og_type":"article","og_title":"Convocan a inscribirse en la Escuela de Bomberos \"Capit\u00e1n Mariano Rinc\u00f3n\" - Diario ABC de Michoac\u00e1n","og_description":"Por Roberto Mestizo Ch\u00e1vez Uruapan, Mich.- El H. Cuerpo Voluntario de Bomberos de Uruapan, dio a conocer la convocatoria para ingresar a la Escuela de Bomberos \u00abCapitan Mariano Rinc\u00f3n\u00bb, en su XV Generaci\u00f3n. El curso iniciar\u00e1 el 1 de Febrero y tendr\u00e1 una duraci\u00f3n de nueve meses, por lo que concluir\u00e1 a finales de octubre; [&hellip;]","og_url":"https:\/\/diarioabcdemichoacan.com.mx\/lasnoticias\/convocan-a-inscribirse-en-la-escuela-de-bomberos-capitan-mariano-rincon\/","og_site_name":"Diario ABC de Michoac\u00e1n","article_published_time":"2025-01-05T21:32:01+00:00","og_image":[{"width":1080,"height":608,"url":"https:\/\/diarioabcdemichoacan.com.mx\/lasnoticias\/wp-content\/uploads\/2025\/01\/Polish_20250105_153103104.jpg","type":"image\/jpeg"}],"author":"MB","twitter_card":"summary_large_image","twitter_misc":{"Escrito por":"MB","Tiempo de lectura":"2 minutos"},"schema":{"@context":"https:\/\/schema.org","@graph":[{"@type":"WebPage","@id":"https:\/\/diarioabcdemichoacan.com.mx\/lasnoticias\/convocan-a-inscribirse-en-la-escuela-de-bomberos-capitan-mariano-rincon\/","url":"https:\/\/diarioabcdemichoacan.com.mx\/lasnoticias\/convocan-a-inscribirse-en-la-escuela-de-bomberos-capitan-mariano-rincon\/","name":"Convocan a inscribirse en la Escuela de Bomberos \"Capit\u00e1n Mariano Rinc\u00f3n\" - Diario ABC de Michoac\u00e1n","isPartOf":{"@id":"https:\/\/diarioabcdemichoacan.com.mx\/lasnoticias\/#website"},"primaryImageOfPage":{"@id":"https:\/\/diarioabcdemichoacan.com.mx\/lasnoticias\/convocan-a-inscribirse-en-la-escuela-de-bomberos-capitan-mariano-rincon\/#primaryimage"},"image":{"@id":"https:\/\/diarioabcdemichoacan.com.mx\/lasnoticias\/convocan-a-inscribirse-en-la-escuela-de-bomberos-capitan-mariano-rincon\/#primaryimage"},"thumbnailUrl":"https:\/\/diarioabcdemichoacan.com.mx\/lasnoticias\/wp-content\/uploads\/2025\/01\/Polish_20250105_153103104.jpg","datePublished":"2025-01-05T21:32:01+00:00","dateModified":"2025-01-05T21:32:01+00:00","author":{"@id":"https:\/\/diarioabcdemichoacan.com.mx\/lasnoticias\/#\/schema\/person\/0546f9c3407148f7452ca932715c5e88"},"breadcrumb":{"@id":"https:\/\/diarioabcdemichoacan.com.mx\/lasnoticias\/convocan-a-inscribirse-en-la-escuela-de-bomberos-capitan-mariano-rincon\/#breadcrumb"},"inLanguage":"es","potentialAction":[{"@type":"ReadAction","target":["https:\/\/diarioabcdemichoacan.com.mx\/lasnoticias\/convocan-a-inscribirse-en-la-escuela-de-bomberos-capitan-mariano-rincon\/"]}]},{"@type":"ImageObject","inLanguage":"es","@id":"https:\/\/diarioabcdemichoacan.com.mx\/lasnoticias\/convocan-a-inscribirse-en-la-escuela-de-bomberos-capitan-mariano-rincon\/#primaryimage","url":"https:\/\/diarioabcdemichoacan.com.mx\/lasnoticias\/wp-content\/uploads\/2025\/01\/Polish_20250105_153103104.jpg","contentUrl":"https:\/\/diarioabcdemichoacan.com.mx\/lasnoticias\/wp-content\/uploads\/2025\/01\/Polish_20250105_153103104.jpg","width":1080,"height":608},{"@type":"BreadcrumbList","@id":"https:\/\/diarioabcdemichoacan.com.mx\/lasnoticias\/convocan-a-inscribirse-en-la-escuela-de-bomberos-capitan-mariano-rincon\/#breadcrumb","itemListElement":[{"@type":"ListItem","position":1,"name":"Portada","item":"https:\/\/diarioabcdemichoacan.com.mx\/lasnoticias\/"},{"@type":"ListItem","position":2,"name":"Convocan a inscribirse en la Escuela de Bomberos \u00abCapit\u00e1n Mariano Rinc\u00f3n\u00bb"}]},{"@type":"WebSite","@id":"https:\/\/diarioabcdemichoacan.com.mx\/lasnoticias\/#website","url":"https:\/\/diarioabcdemichoacan.com.mx\/lasnoticias\/","name":"Diario ABC de Michoac\u00e1n","description":"Las noticias al momento","potentialAction":[{"@type":"SearchAction","target":{"@type":"EntryPoint","urlTemplate":"https:\/\/diarioabcdemichoacan.com.mx\/lasnoticias\/?s={search_term_string}"},"query-input":{"@type":"PropertyValueSpecification","valueRequired":true,"valueName":"search_term_string"}}],"inLanguage":"es"},{"@type":"Person","@id":"https:\/\/diarioabcdemichoacan.com.mx\/lasnoticias\/#\/schema\/person\/0546f9c3407148f7452ca932715c5e88","name":"MB","image":{"@type":"ImageObject","inLanguage":"es","@id":"https:\/\/diarioabcdemichoacan.com.mx\/lasnoticias\/#\/schema\/person\/image\/","url":"https:\/\/secure.gravatar.com\/avatar\/adcd41fde6b8d0b5d9d0de001d3112b3?s=96&d=mm&r=g","contentUrl":"https:\/\/secure.gravatar.com\/avatar\/adcd41fde6b8d0b5d9d0de001d3112b3?s=96&d=mm&r=g","caption":"MB"},"url":"https:\/\/diarioabcdemichoacan.com.mx\/lasnoticias\/author\/bomariano03\/"}]}},"_links":{"self":[{"href":"https:\/\/diarioabcdemichoacan.com.mx\/lasnoticias\/wp-json\/wp\/v2\/posts\/40962","targetHints":{"allow":["GET"]}}],"collection":[{"href":"https:\/\/diarioabcdemichoacan.com.mx\/lasnoticias\/wp-json\/wp\/v2\/posts"}],"about":[{"href":"https:\/\/diarioabcdemichoacan.com.mx\/lasnoticias\/wp-json\/wp\/v2\/types\/post"}],"author":[{"embeddable":true,"href":"https:\/\/diarioabcdemichoacan.com.mx\/lasnoticias\/wp-json\/wp\/v2\/users\/6"}],"replies":[{"embeddable":true,"href":"https:\/\/diarioabcdemichoacan.com.mx\/lasnoticias\/wp-json\/wp\/v2\/comments?post=40962"}],"version-history":[{"count":1,"href":"https:\/\/diarioabcdemichoacan.com.mx\/lasnoticias\/wp-json\/wp\/v2\/posts\/40962\/revisions"}],"predecessor-version":[{"id":40966,"href":"https:\/\/diarioabcdemichoacan.com.mx\/lasnoticias\/wp-json\/wp\/v2\/posts\/40962\/revisions\/40966"}],"wp:featuredmedia":[{"embeddable":true,"href":"https:\/\/diarioabcdemichoacan.com.mx\/lasnoticias\/wp-json\/wp\/v2\/media\/40965"}],"wp:attachment":[{"href":"https:\/\/diarioabcdemichoacan.com.mx\/lasnoticias\/wp-json\/wp\/v2\/media?parent=40962"}],"wp:term":[{"taxonomy":"category","embeddable":true,"href":"https:\/\/diarioabcdemichoacan.com.mx\/lasnoticias\/wp-json\/wp\/v2\/categories?post=40962"},{"taxonomy":"post_tag","embeddable":true,"href":"https:\/\/diarioabcdemichoacan.com.mx\/lasnoticias\/wp-json\/wp\/v2\/tags?post=40962"}],"curies":[{"name":"wp","href":"https:\/\/api.w.org\/{rel}","templated":true}]}}