{"id":40967,"date":"2025-01-05T15:34:08","date_gmt":"2025-01-05T21:34:08","guid":{"rendered":"https:\/\/diarioabcdemichoacan.com.mx\/lasnoticias\/?p=40967"},"modified":"2025-01-05T15:34:08","modified_gmt":"2025-01-05T21:34:08","slug":"arranca-bedolla-construccion-del-distribuidor-vial-del-mercado-de-abastos","status":"publish","type":"post","link":"https:\/\/diarioabcdemichoacan.com.mx\/lasnoticias\/arranca-bedolla-construccion-del-distribuidor-vial-del-mercado-de-abastos\/","title":{"rendered":"Arranca Bedolla construcci\u00f3n del distribuidor vial del Mercado de Abastos"},"content":{"rendered":"<p>Obra de inversi\u00f3n multianual que forma parte de varios proyectos estatales que beneficiar\u00e1n a Morelia<\/p>\n<hr \/>\n<p>Morelia, Michoac\u00e1n.- El gobernador Alfredo Ram\u00edrez Bedolla dio inicio a la construcci\u00f3n del distribuidor vial del Mercado de Abastos, obra de inversi\u00f3n multianual que forma parte de los proyectos estrat\u00e9gicos del estado para mejorar la movilidad y seguridad vial de Morelia.<\/p>\n<p>El mandatario inform\u00f3 que con una inversi\u00f3n de 442 millones de pesos se construir\u00e1 la infraestructura con dos viaductos elevados de tres carriles, calles laterales, 6 mil 700 metros cuadrados de espacio p\u00fablico en bajopuente con ciclov\u00edas, juegos infantiles, skatepark, alumbrado p\u00fablico y cruces seguros para peatones.<\/p>\n<p>Comparti\u00f3 que esta obra denominada \u201cPaso Er\u00e9ndira\u201d desahogar\u00e1 el tr\u00e1fico vehicular de la zona donde diariamente transitan 77 mil 832 veh\u00edculos, lo que representa el 85 por ciento de las unidades que circulan por esta v\u00eda del perif\u00e9rico de Morelia.<\/p>\n<p>Adem\u00e1s de que ser\u00e1 un punto de encuentro familiar, para j\u00f3venes y de atenci\u00f3n ciudadana, ya que habr\u00e1 m\u00f3dulos de la Secretar\u00eda de Igualdad Sustantiva y Desarrollo de las Mujeres Michoacanas y del Sistema Integral de Financiamiento para el Desarrollo de Michoac\u00e1n (S\u00ed Financia), por lo que el compromiso es que concluya la obra en diciembre de este a\u00f1o.<\/p>\n<p>El gobernador agreg\u00f3 que continuar\u00e1n proyectos por el desarrollo de Morelia y adelant\u00f3 que en marzo de este a\u00f1o se inaugurar\u00e1 el paso elevado de Villas del Pedregal y arrancar\u00e1 la construcci\u00f3n del paso elevado en las inmediaciones de la empresa Pepsi.<\/p>\n<p>As\u00ed como el telef\u00e9rico de Morelia y la inauguraci\u00f3n del primer segmento del segundo anillo perif\u00e9rico, entre otras obras que se ejecutan por el Gobierno de Michoac\u00e1n.<\/p>\n<p>Participaron los secretarios de Comunicaciones y Obras P\u00fablicas, Rogelio Zaraz\u00faa S\u00e1nchez; de Desarrollo Urbano y Movilidad, Gladyz Butanda Mac\u00edas; de Finanzas y Administraci\u00f3n, Luis Navarro Garc\u00eda; de Medio Ambiente, Alejandro M\u00e9ndez; y de Desarrollo Econ\u00f3mico, Claudio M\u00e9ndez.<\/p>\n<p>COMUNICADO<\/p>\n","protected":false},"excerpt":{"rendered":"<p>Obra de inversi\u00f3n multianual que forma parte de varios proyectos estatales que beneficiar\u00e1n a Morelia Morelia, Michoac\u00e1n.- El gobernador Alfredo Ram\u00edrez Bedolla dio inicio a la construcci\u00f3n del distribuidor vial del Mercado de Abastos, obra de inversi\u00f3n multianual que forma parte de los proyectos estrat\u00e9gicos del estado para mejorar la movilidad y seguridad vial de [&hellip;]<\/p>\n","protected":false},"author":6,"featured_media":40968,"comment_status":"closed","ping_status":"closed","sticky":false,"template":"","format":"standard","meta":{"footnotes":""},"categories":[17,7],"tags":[],"class_list":{"0":"post-40967","1":"post","2":"type-post","3":"status-publish","4":"format-standard","5":"has-post-thumbnail","7":"category-gobierno-de-michoacan","8":"category-morelia"},"yoast_head":"<!-- This site is optimized with the Yoast SEO plugin v24.0 - https:\/\/yoast.com\/wordpress\/plugins\/seo\/ -->\n<title>Arranca Bedolla construcci\u00f3n del distribuidor vial del Mercado de Abastos - Diario ABC de Michoac\u00e1n<\/title>\n<meta name=\"robots\" content=\"index, follow, max-snippet:-1, max-image-preview:large, max-video-preview:-1\" \/>\n<link rel=\"canonical\" href=\"https:\/\/diarioabcdemichoacan.com.mx\/lasnoticias\/arranca-bedolla-construccion-del-distribuidor-vial-del-mercado-de-abastos\/\" \/>\n<meta property=\"og:locale\" content=\"es_ES\" \/>\n<meta property=\"og:type\" content=\"article\" \/>\n<meta property=\"og:title\" content=\"Arranca Bedolla construcci\u00f3n del distribuidor vial del Mercado de Abastos - Diario ABC de Michoac\u00e1n\" \/>\n<meta property=\"og:description\" content=\"Obra de inversi\u00f3n multianual que forma parte de varios proyectos estatales que beneficiar\u00e1n a Morelia Morelia, Michoac\u00e1n.- El gobernador Alfredo Ram\u00edrez Bedolla dio inicio a la construcci\u00f3n del distribuidor vial del Mercado de Abastos, obra de inversi\u00f3n multianual que forma parte de los proyectos estrat\u00e9gicos del estado para mejorar la movilidad y seguridad vial de [&hellip;]\" \/>\n<meta property=\"og:url\" content=\"https:\/\/diarioabcdemichoacan.com.mx\/lasnoticias\/arranca-bedolla-construccion-del-distribuidor-vial-del-mercado-de-abastos\/\" \/>\n<meta property=\"og:site_name\" content=\"Diario ABC de Michoac\u00e1n\" \/>\n<meta property=\"article:published_time\" content=\"2025-01-05T21:34:08+00:00\" \/>\n<meta property=\"og:image\" content=\"https:\/\/diarioabcdemichoacan.com.mx\/lasnoticias\/wp-content\/uploads\/2025\/01\/IMG-20250105-WA0047.jpg\" \/>\n\t<meta property=\"og:image:width\" content=\"1600\" \/>\n\t<meta property=\"og:image:height\" content=\"1067\" \/>\n\t<meta property=\"og:image:type\" content=\"image\/jpeg\" \/>\n<meta name=\"author\" content=\"MB\" \/>\n<meta name=\"twitter:card\" content=\"summary_large_image\" \/>\n<meta name=\"twitter:label1\" content=\"Escrito por\" \/>\n\t<meta name=\"twitter:data1\" content=\"MB\" \/>\n\t<meta name=\"twitter:label2\" content=\"Tiempo de lectura\" \/>\n\t<meta name=\"twitter:data2\" content=\"2 minutos\" \/>\n<script type=\"application\/ld+json\" class=\"yoast-schema-graph\">{\"@context\":\"https:\/\/schema.org\",\"@graph\":[{\"@type\":\"WebPage\",\"@id\":\"https:\/\/diarioabcdemichoacan.com.mx\/lasnoticias\/arranca-bedolla-construccion-del-distribuidor-vial-del-mercado-de-abastos\/\",\"url\":\"https:\/\/diarioabcdemichoacan.com.mx\/lasnoticias\/arranca-bedolla-construccion-del-distribuidor-vial-del-mercado-de-abastos\/\",\"name\":\"Arranca Bedolla construcci\u00f3n del distribuidor vial del Mercado de Abastos - Diario ABC de Michoac\u00e1n\",\"isPartOf\":{\"@id\":\"https:\/\/diarioabcdemichoacan.com.mx\/lasnoticias\/#website\"},\"primaryImageOfPage\":{\"@id\":\"https:\/\/diarioabcdemichoacan.com.mx\/lasnoticias\/arranca-bedolla-construccion-del-distribuidor-vial-del-mercado-de-abastos\/#primaryimage\"},\"image\":{\"@id\":\"https:\/\/diarioabcdemichoacan.com.mx\/lasnoticias\/arranca-bedolla-construccion-del-distribuidor-vial-del-mercado-de-abastos\/#primaryimage\"},\"thumbnailUrl\":\"https:\/\/diarioabcdemichoacan.com.mx\/lasnoticias\/wp-content\/uploads\/2025\/01\/IMG-20250105-WA0047.jpg\",\"datePublished\":\"2025-01-05T21:34:08+00:00\",\"dateModified\":\"2025-01-05T21:34:08+00:00\",\"author\":{\"@id\":\"https:\/\/diarioabcdemichoacan.com.mx\/lasnoticias\/#\/schema\/person\/0546f9c3407148f7452ca932715c5e88\"},\"breadcrumb\":{\"@id\":\"https:\/\/diarioabcdemichoacan.com.mx\/lasnoticias\/arranca-bedolla-construccion-del-distribuidor-vial-del-mercado-de-abastos\/#breadcrumb\"},\"inLanguage\":\"es\",\"potentialAction\":[{\"@type\":\"ReadAction\",\"target\":[\"https:\/\/diarioabcdemichoacan.com.mx\/lasnoticias\/arranca-bedolla-construccion-del-distribuidor-vial-del-mercado-de-abastos\/\"]}]},{\"@type\":\"ImageObject\",\"inLanguage\":\"es\",\"@id\":\"https:\/\/diarioabcdemichoacan.com.mx\/lasnoticias\/arranca-bedolla-construccion-del-distribuidor-vial-del-mercado-de-abastos\/#primaryimage\",\"url\":\"https:\/\/diarioabcdemichoacan.com.mx\/lasnoticias\/wp-content\/uploads\/2025\/01\/IMG-20250105-WA0047.jpg\",\"contentUrl\":\"https:\/\/diarioabcdemichoacan.com.mx\/lasnoticias\/wp-content\/uploads\/2025\/01\/IMG-20250105-WA0047.jpg\",\"width\":1600,\"height\":1067},{\"@type\":\"BreadcrumbList\",\"@id\":\"https:\/\/diarioabcdemichoacan.com.mx\/lasnoticias\/arranca-bedolla-construccion-del-distribuidor-vial-del-mercado-de-abastos\/#breadcrumb\",\"itemListElement\":[{\"@type\":\"ListItem\",\"position\":1,\"name\":\"Portada\",\"item\":\"https:\/\/diarioabcdemichoacan.com.mx\/lasnoticias\/\"},{\"@type\":\"ListItem\",\"position\":2,\"name\":\"Arranca Bedolla construcci\u00f3n del distribuidor vial del Mercado de Abastos\"}]},{\"@type\":\"WebSite\",\"@id\":\"https:\/\/diarioabcdemichoacan.com.mx\/lasnoticias\/#website\",\"url\":\"https:\/\/diarioabcdemichoacan.com.mx\/lasnoticias\/\",\"name\":\"Diario ABC de Michoac\u00e1n\",\"description\":\"Las noticias al momento\",\"potentialAction\":[{\"@type\":\"SearchAction\",\"target\":{\"@type\":\"EntryPoint\",\"urlTemplate\":\"https:\/\/diarioabcdemichoacan.com.mx\/lasnoticias\/?s={search_term_string}\"},\"query-input\":{\"@type\":\"PropertyValueSpecification\",\"valueRequired\":true,\"valueName\":\"search_term_string\"}}],\"inLanguage\":\"es\"},{\"@type\":\"Person\",\"@id\":\"https:\/\/diarioabcdemichoacan.com.mx\/lasnoticias\/#\/schema\/person\/0546f9c3407148f7452ca932715c5e88\",\"name\":\"MB\",\"image\":{\"@type\":\"ImageObject\",\"inLanguage\":\"es\",\"@id\":\"https:\/\/diarioabcdemichoacan.com.mx\/lasnoticias\/#\/schema\/person\/image\/\",\"url\":\"https:\/\/secure.gravatar.com\/avatar\/adcd41fde6b8d0b5d9d0de001d3112b3?s=96&d=mm&r=g\",\"contentUrl\":\"https:\/\/secure.gravatar.com\/avatar\/adcd41fde6b8d0b5d9d0de001d3112b3?s=96&d=mm&r=g\",\"caption\":\"MB\"},\"url\":\"https:\/\/diarioabcdemichoacan.com.mx\/lasnoticias\/author\/bomariano03\/\"}]}<\/script>\n<!-- \/ Yoast SEO plugin. -->","yoast_head_json":{"title":"Arranca Bedolla construcci\u00f3n del distribuidor vial del Mercado de Abastos - Diario ABC de Michoac\u00e1n","robots":{"index":"index","follow":"follow","max-snippet":"max-snippet:-1","max-image-preview":"max-image-preview:large","max-video-preview":"max-video-preview:-1"},"canonical":"https:\/\/diarioabcdemichoacan.com.mx\/lasnoticias\/arranca-bedolla-construccion-del-distribuidor-vial-del-mercado-de-abastos\/","og_locale":"es_ES","og_type":"article","og_title":"Arranca Bedolla construcci\u00f3n del distribuidor vial del Mercado de Abastos - Diario ABC de Michoac\u00e1n","og_description":"Obra de inversi\u00f3n multianual que forma parte de varios proyectos estatales que beneficiar\u00e1n a Morelia Morelia, Michoac\u00e1n.- El gobernador Alfredo Ram\u00edrez Bedolla dio inicio a la construcci\u00f3n del distribuidor vial del Mercado de Abastos, obra de inversi\u00f3n multianual que forma parte de los proyectos estrat\u00e9gicos del estado para mejorar la movilidad y seguridad vial de [&hellip;]","og_url":"https:\/\/diarioabcdemichoacan.com.mx\/lasnoticias\/arranca-bedolla-construccion-del-distribuidor-vial-del-mercado-de-abastos\/","og_site_name":"Diario ABC de Michoac\u00e1n","article_published_time":"2025-01-05T21:34:08+00:00","og_image":[{"width":1600,"height":1067,"url":"https:\/\/diarioabcdemichoacan.com.mx\/lasnoticias\/wp-content\/uploads\/2025\/01\/IMG-20250105-WA0047.jpg","type":"image\/jpeg"}],"author":"MB","twitter_card":"summary_large_image","twitter_misc":{"Escrito por":"MB","Tiempo de lectura":"2 minutos"},"schema":{"@context":"https:\/\/schema.org","@graph":[{"@type":"WebPage","@id":"https:\/\/diarioabcdemichoacan.com.mx\/lasnoticias\/arranca-bedolla-construccion-del-distribuidor-vial-del-mercado-de-abastos\/","url":"https:\/\/diarioabcdemichoacan.com.mx\/lasnoticias\/arranca-bedolla-construccion-del-distribuidor-vial-del-mercado-de-abastos\/","name":"Arranca Bedolla construcci\u00f3n del distribuidor vial del Mercado de Abastos - Diario ABC de Michoac\u00e1n","isPartOf":{"@id":"https:\/\/diarioabcdemichoacan.com.mx\/lasnoticias\/#website"},"primaryImageOfPage":{"@id":"https:\/\/diarioabcdemichoacan.com.mx\/lasnoticias\/arranca-bedolla-construccion-del-distribuidor-vial-del-mercado-de-abastos\/#primaryimage"},"image":{"@id":"https:\/\/diarioabcdemichoacan.com.mx\/lasnoticias\/arranca-bedolla-construccion-del-distribuidor-vial-del-mercado-de-abastos\/#primaryimage"},"thumbnailUrl":"https:\/\/diarioabcdemichoacan.com.mx\/lasnoticias\/wp-content\/uploads\/2025\/01\/IMG-20250105-WA0047.jpg","datePublished":"2025-01-05T21:34:08+00:00","dateModified":"2025-01-05T21:34:08+00:00","author":{"@id":"https:\/\/diarioabcdemichoacan.com.mx\/lasnoticias\/#\/schema\/person\/0546f9c3407148f7452ca932715c5e88"},"breadcrumb":{"@id":"https:\/\/diarioabcdemichoacan.com.mx\/lasnoticias\/arranca-bedolla-construccion-del-distribuidor-vial-del-mercado-de-abastos\/#breadcrumb"},"inLanguage":"es","potentialAction":[{"@type":"ReadAction","target":["https:\/\/diarioabcdemichoacan.com.mx\/lasnoticias\/arranca-bedolla-construccion-del-distribuidor-vial-del-mercado-de-abastos\/"]}]},{"@type":"ImageObject","inLanguage":"es","@id":"https:\/\/diarioabcdemichoacan.com.mx\/lasnoticias\/arranca-bedolla-construccion-del-distribuidor-vial-del-mercado-de-abastos\/#primaryimage","url":"https:\/\/diarioabcdemichoacan.com.mx\/lasnoticias\/wp-content\/uploads\/2025\/01\/IMG-20250105-WA0047.jpg","contentUrl":"https:\/\/diarioabcdemichoacan.com.mx\/lasnoticias\/wp-content\/uploads\/2025\/01\/IMG-20250105-WA0047.jpg","width":1600,"height":1067},{"@type":"BreadcrumbList","@id":"https:\/\/diarioabcdemichoacan.com.mx\/lasnoticias\/arranca-bedolla-construccion-del-distribuidor-vial-del-mercado-de-abastos\/#breadcrumb","itemListElement":[{"@type":"ListItem","position":1,"name":"Portada","item":"https:\/\/diarioabcdemichoacan.com.mx\/lasnoticias\/"},{"@type":"ListItem","position":2,"name":"Arranca Bedolla construcci\u00f3n del distribuidor vial del Mercado de Abastos"}]},{"@type":"WebSite","@id":"https:\/\/diarioabcdemichoacan.com.mx\/lasnoticias\/#website","url":"https:\/\/diarioabcdemichoacan.com.mx\/lasnoticias\/","name":"Diario ABC de Michoac\u00e1n","description":"Las noticias al momento","potentialAction":[{"@type":"SearchAction","target":{"@type":"EntryPoint","urlTemplate":"https:\/\/diarioabcdemichoacan.com.mx\/lasnoticias\/?s={search_term_string}"},"query-input":{"@type":"PropertyValueSpecification","valueRequired":true,"valueName":"search_term_string"}}],"inLanguage":"es"},{"@type":"Person","@id":"https:\/\/diarioabcdemichoacan.com.mx\/lasnoticias\/#\/schema\/person\/0546f9c3407148f7452ca932715c5e88","name":"MB","image":{"@type":"ImageObject","inLanguage":"es","@id":"https:\/\/diarioabcdemichoacan.com.mx\/lasnoticias\/#\/schema\/person\/image\/","url":"https:\/\/secure.gravatar.com\/avatar\/adcd41fde6b8d0b5d9d0de001d3112b3?s=96&d=mm&r=g","contentUrl":"https:\/\/secure.gravatar.com\/avatar\/adcd41fde6b8d0b5d9d0de001d3112b3?s=96&d=mm&r=g","caption":"MB"},"url":"https:\/\/diarioabcdemichoacan.com.mx\/lasnoticias\/author\/bomariano03\/"}]}},"_links":{"self":[{"href":"https:\/\/diarioabcdemichoacan.com.mx\/lasnoticias\/wp-json\/wp\/v2\/posts\/40967","targetHints":{"allow":["GET"]}}],"collection":[{"href":"https:\/\/diarioabcdemichoacan.com.mx\/lasnoticias\/wp-json\/wp\/v2\/posts"}],"about":[{"href":"https:\/\/diarioabcdemichoacan.com.mx\/lasnoticias\/wp-json\/wp\/v2\/types\/post"}],"author":[{"embeddable":true,"href":"https:\/\/diarioabcdemichoacan.com.mx\/lasnoticias\/wp-json\/wp\/v2\/users\/6"}],"replies":[{"embeddable":true,"href":"https:\/\/diarioabcdemichoacan.com.mx\/lasnoticias\/wp-json\/wp\/v2\/comments?post=40967"}],"version-history":[{"count":1,"href":"https:\/\/diarioabcdemichoacan.com.mx\/lasnoticias\/wp-json\/wp\/v2\/posts\/40967\/revisions"}],"predecessor-version":[{"id":40969,"href":"https:\/\/diarioabcdemichoacan.com.mx\/lasnoticias\/wp-json\/wp\/v2\/posts\/40967\/revisions\/40969"}],"wp:featuredmedia":[{"embeddable":true,"href":"https:\/\/diarioabcdemichoacan.com.mx\/lasnoticias\/wp-json\/wp\/v2\/media\/40968"}],"wp:attachment":[{"href":"https:\/\/diarioabcdemichoacan.com.mx\/lasnoticias\/wp-json\/wp\/v2\/media?parent=40967"}],"wp:term":[{"taxonomy":"category","embeddable":true,"href":"https:\/\/diarioabcdemichoacan.com.mx\/lasnoticias\/wp-json\/wp\/v2\/categories?post=40967"},{"taxonomy":"post_tag","embeddable":true,"href":"https:\/\/diarioabcdemichoacan.com.mx\/lasnoticias\/wp-json\/wp\/v2\/tags?post=40967"}],"curies":[{"name":"wp","href":"https:\/\/api.w.org\/{rel}","templated":true}]}}