{"id":40974,"date":"2025-01-05T16:15:53","date_gmt":"2025-01-05T22:15:53","guid":{"rendered":"https:\/\/diarioabcdemichoacan.com.mx\/lasnoticias\/?p=40974"},"modified":"2025-01-05T16:15:53","modified_gmt":"2025-01-05T22:15:53","slug":"activa-gobierno-de-morelia-brigadas-de-contingencia-por-lluvias","status":"publish","type":"post","link":"https:\/\/diarioabcdemichoacan.com.mx\/lasnoticias\/activa-gobierno-de-morelia-brigadas-de-contingencia-por-lluvias\/","title":{"rendered":"Activa Gobierno de Morelia brigadas de contingencia por lluvias"},"content":{"rendered":"<p>Morelia, Michoac\u00e1n.- El Gobierno de Morelia que encabeza el Alcalde, Alfonso Mart\u00ednez Alc\u00e1zar, despleg\u00f3 sus brigadas de atenci\u00f3n por la lluvia que se registra en la capital michoacana.<\/p>\n<p>La Coordinaci\u00f3n Municipal de Protecci\u00f3n Civil, Polic\u00eda Morelia, la Secretaria de Servicios P\u00fablicos, el OOAPAS, entre otras dependencias y organismos municipales iniciaron recorridos por diferentes puntos de la ciudad.<\/p>\n<p>De manera especial se mantiene presencia al poniente de la ciudad, en zonas bajas y puntos susceptibles de afectaci\u00f3n como el cruce de Bulevar Garc\u00eda de Le\u00f3n y Ventura Puente.<\/p>\n<p>Est\u00e1n en operaci\u00f3n los c\u00e1rcamos de Prados Verdes, Itz\u00edcuaros, Mora Tovar, Higueras y Prados Verdes.<\/p>\n","protected":false},"excerpt":{"rendered":"<p>Morelia, Michoac\u00e1n.- El Gobierno de Morelia que encabeza el Alcalde, Alfonso Mart\u00ednez Alc\u00e1zar, despleg\u00f3 sus brigadas de atenci\u00f3n por la lluvia que se registra en la capital michoacana. La Coordinaci\u00f3n Municipal de Protecci\u00f3n Civil, Polic\u00eda Morelia, la Secretaria de Servicios P\u00fablicos, el OOAPAS, entre otras dependencias y organismos municipales iniciaron recorridos por diferentes puntos de [&hellip;]<\/p>\n","protected":false},"author":6,"featured_media":40975,"comment_status":"closed","ping_status":"closed","sticky":false,"template":"","format":"standard","meta":{"footnotes":""},"categories":[18,7,26,25],"tags":[],"class_list":{"0":"post-40974","1":"post","2":"type-post","3":"status-publish","4":"format-standard","5":"has-post-thumbnail","7":"category-ayuntamiento-de-morelia","8":"category-morelia","9":"category-nota-roja","10":"category-seguridad"},"yoast_head":"<!-- This site is optimized with the Yoast SEO plugin v24.0 - https:\/\/yoast.com\/wordpress\/plugins\/seo\/ -->\n<title>Activa Gobierno de Morelia brigadas de contingencia por lluvias - Diario ABC de Michoac\u00e1n<\/title>\n<meta name=\"robots\" content=\"index, follow, max-snippet:-1, max-image-preview:large, max-video-preview:-1\" \/>\n<link rel=\"canonical\" href=\"https:\/\/diarioabcdemichoacan.com.mx\/lasnoticias\/activa-gobierno-de-morelia-brigadas-de-contingencia-por-lluvias\/\" \/>\n<meta property=\"og:locale\" content=\"es_ES\" \/>\n<meta property=\"og:type\" content=\"article\" \/>\n<meta property=\"og:title\" content=\"Activa Gobierno de Morelia brigadas de contingencia por lluvias - Diario ABC de Michoac\u00e1n\" \/>\n<meta property=\"og:description\" content=\"Morelia, Michoac\u00e1n.- El Gobierno de Morelia que encabeza el Alcalde, Alfonso Mart\u00ednez Alc\u00e1zar, despleg\u00f3 sus brigadas de atenci\u00f3n por la lluvia que se registra en la capital michoacana. La Coordinaci\u00f3n Municipal de Protecci\u00f3n Civil, Polic\u00eda Morelia, la Secretaria de Servicios P\u00fablicos, el OOAPAS, entre otras dependencias y organismos municipales iniciaron recorridos por diferentes puntos de [&hellip;]\" \/>\n<meta property=\"og:url\" content=\"https:\/\/diarioabcdemichoacan.com.mx\/lasnoticias\/activa-gobierno-de-morelia-brigadas-de-contingencia-por-lluvias\/\" \/>\n<meta property=\"og:site_name\" content=\"Diario ABC de Michoac\u00e1n\" \/>\n<meta property=\"article:published_time\" content=\"2025-01-05T22:15:53+00:00\" \/>\n<meta property=\"og:image\" content=\"https:\/\/diarioabcdemichoacan.com.mx\/lasnoticias\/wp-content\/uploads\/2025\/01\/Polish_20250105_161015183-scaled.jpg\" \/>\n\t<meta property=\"og:image:width\" content=\"2560\" \/>\n\t<meta property=\"og:image:height\" content=\"2560\" \/>\n\t<meta property=\"og:image:type\" content=\"image\/jpeg\" \/>\n<meta name=\"author\" content=\"MB\" \/>\n<meta name=\"twitter:card\" content=\"summary_large_image\" \/>\n<meta name=\"twitter:label1\" content=\"Escrito por\" \/>\n\t<meta name=\"twitter:data1\" content=\"MB\" \/>\n\t<meta name=\"twitter:label2\" content=\"Tiempo de lectura\" \/>\n\t<meta name=\"twitter:data2\" content=\"1 minuto\" \/>\n<script type=\"application\/ld+json\" class=\"yoast-schema-graph\">{\"@context\":\"https:\/\/schema.org\",\"@graph\":[{\"@type\":\"WebPage\",\"@id\":\"https:\/\/diarioabcdemichoacan.com.mx\/lasnoticias\/activa-gobierno-de-morelia-brigadas-de-contingencia-por-lluvias\/\",\"url\":\"https:\/\/diarioabcdemichoacan.com.mx\/lasnoticias\/activa-gobierno-de-morelia-brigadas-de-contingencia-por-lluvias\/\",\"name\":\"Activa Gobierno de Morelia brigadas de contingencia por lluvias - Diario ABC de Michoac\u00e1n\",\"isPartOf\":{\"@id\":\"https:\/\/diarioabcdemichoacan.com.mx\/lasnoticias\/#website\"},\"primaryImageOfPage\":{\"@id\":\"https:\/\/diarioabcdemichoacan.com.mx\/lasnoticias\/activa-gobierno-de-morelia-brigadas-de-contingencia-por-lluvias\/#primaryimage\"},\"image\":{\"@id\":\"https:\/\/diarioabcdemichoacan.com.mx\/lasnoticias\/activa-gobierno-de-morelia-brigadas-de-contingencia-por-lluvias\/#primaryimage\"},\"thumbnailUrl\":\"https:\/\/diarioabcdemichoacan.com.mx\/lasnoticias\/wp-content\/uploads\/2025\/01\/Polish_20250105_161015183-scaled.jpg\",\"datePublished\":\"2025-01-05T22:15:53+00:00\",\"dateModified\":\"2025-01-05T22:15:53+00:00\",\"author\":{\"@id\":\"https:\/\/diarioabcdemichoacan.com.mx\/lasnoticias\/#\/schema\/person\/0546f9c3407148f7452ca932715c5e88\"},\"breadcrumb\":{\"@id\":\"https:\/\/diarioabcdemichoacan.com.mx\/lasnoticias\/activa-gobierno-de-morelia-brigadas-de-contingencia-por-lluvias\/#breadcrumb\"},\"inLanguage\":\"es\",\"potentialAction\":[{\"@type\":\"ReadAction\",\"target\":[\"https:\/\/diarioabcdemichoacan.com.mx\/lasnoticias\/activa-gobierno-de-morelia-brigadas-de-contingencia-por-lluvias\/\"]}]},{\"@type\":\"ImageObject\",\"inLanguage\":\"es\",\"@id\":\"https:\/\/diarioabcdemichoacan.com.mx\/lasnoticias\/activa-gobierno-de-morelia-brigadas-de-contingencia-por-lluvias\/#primaryimage\",\"url\":\"https:\/\/diarioabcdemichoacan.com.mx\/lasnoticias\/wp-content\/uploads\/2025\/01\/Polish_20250105_161015183-scaled.jpg\",\"contentUrl\":\"https:\/\/diarioabcdemichoacan.com.mx\/lasnoticias\/wp-content\/uploads\/2025\/01\/Polish_20250105_161015183-scaled.jpg\",\"width\":2560,\"height\":2560},{\"@type\":\"BreadcrumbList\",\"@id\":\"https:\/\/diarioabcdemichoacan.com.mx\/lasnoticias\/activa-gobierno-de-morelia-brigadas-de-contingencia-por-lluvias\/#breadcrumb\",\"itemListElement\":[{\"@type\":\"ListItem\",\"position\":1,\"name\":\"Portada\",\"item\":\"https:\/\/diarioabcdemichoacan.com.mx\/lasnoticias\/\"},{\"@type\":\"ListItem\",\"position\":2,\"name\":\"Activa Gobierno de Morelia brigadas de contingencia por lluvias\"}]},{\"@type\":\"WebSite\",\"@id\":\"https:\/\/diarioabcdemichoacan.com.mx\/lasnoticias\/#website\",\"url\":\"https:\/\/diarioabcdemichoacan.com.mx\/lasnoticias\/\",\"name\":\"Diario ABC de Michoac\u00e1n\",\"description\":\"Las noticias al momento\",\"potentialAction\":[{\"@type\":\"SearchAction\",\"target\":{\"@type\":\"EntryPoint\",\"urlTemplate\":\"https:\/\/diarioabcdemichoacan.com.mx\/lasnoticias\/?s={search_term_string}\"},\"query-input\":{\"@type\":\"PropertyValueSpecification\",\"valueRequired\":true,\"valueName\":\"search_term_string\"}}],\"inLanguage\":\"es\"},{\"@type\":\"Person\",\"@id\":\"https:\/\/diarioabcdemichoacan.com.mx\/lasnoticias\/#\/schema\/person\/0546f9c3407148f7452ca932715c5e88\",\"name\":\"MB\",\"image\":{\"@type\":\"ImageObject\",\"inLanguage\":\"es\",\"@id\":\"https:\/\/diarioabcdemichoacan.com.mx\/lasnoticias\/#\/schema\/person\/image\/\",\"url\":\"https:\/\/secure.gravatar.com\/avatar\/adcd41fde6b8d0b5d9d0de001d3112b3?s=96&d=mm&r=g\",\"contentUrl\":\"https:\/\/secure.gravatar.com\/avatar\/adcd41fde6b8d0b5d9d0de001d3112b3?s=96&d=mm&r=g\",\"caption\":\"MB\"},\"url\":\"https:\/\/diarioabcdemichoacan.com.mx\/lasnoticias\/author\/bomariano03\/\"}]}<\/script>\n<!-- \/ Yoast SEO plugin. -->","yoast_head_json":{"title":"Activa Gobierno de Morelia brigadas de contingencia por lluvias - Diario ABC de Michoac\u00e1n","robots":{"index":"index","follow":"follow","max-snippet":"max-snippet:-1","max-image-preview":"max-image-preview:large","max-video-preview":"max-video-preview:-1"},"canonical":"https:\/\/diarioabcdemichoacan.com.mx\/lasnoticias\/activa-gobierno-de-morelia-brigadas-de-contingencia-por-lluvias\/","og_locale":"es_ES","og_type":"article","og_title":"Activa Gobierno de Morelia brigadas de contingencia por lluvias - Diario ABC de Michoac\u00e1n","og_description":"Morelia, Michoac\u00e1n.- El Gobierno de Morelia que encabeza el Alcalde, Alfonso Mart\u00ednez Alc\u00e1zar, despleg\u00f3 sus brigadas de atenci\u00f3n por la lluvia que se registra en la capital michoacana. La Coordinaci\u00f3n Municipal de Protecci\u00f3n Civil, Polic\u00eda Morelia, la Secretaria de Servicios P\u00fablicos, el OOAPAS, entre otras dependencias y organismos municipales iniciaron recorridos por diferentes puntos de [&hellip;]","og_url":"https:\/\/diarioabcdemichoacan.com.mx\/lasnoticias\/activa-gobierno-de-morelia-brigadas-de-contingencia-por-lluvias\/","og_site_name":"Diario ABC de Michoac\u00e1n","article_published_time":"2025-01-05T22:15:53+00:00","og_image":[{"width":2560,"height":2560,"url":"https:\/\/diarioabcdemichoacan.com.mx\/lasnoticias\/wp-content\/uploads\/2025\/01\/Polish_20250105_161015183-scaled.jpg","type":"image\/jpeg"}],"author":"MB","twitter_card":"summary_large_image","twitter_misc":{"Escrito por":"MB","Tiempo de lectura":"1 minuto"},"schema":{"@context":"https:\/\/schema.org","@graph":[{"@type":"WebPage","@id":"https:\/\/diarioabcdemichoacan.com.mx\/lasnoticias\/activa-gobierno-de-morelia-brigadas-de-contingencia-por-lluvias\/","url":"https:\/\/diarioabcdemichoacan.com.mx\/lasnoticias\/activa-gobierno-de-morelia-brigadas-de-contingencia-por-lluvias\/","name":"Activa Gobierno de Morelia brigadas de contingencia por lluvias - Diario ABC de Michoac\u00e1n","isPartOf":{"@id":"https:\/\/diarioabcdemichoacan.com.mx\/lasnoticias\/#website"},"primaryImageOfPage":{"@id":"https:\/\/diarioabcdemichoacan.com.mx\/lasnoticias\/activa-gobierno-de-morelia-brigadas-de-contingencia-por-lluvias\/#primaryimage"},"image":{"@id":"https:\/\/diarioabcdemichoacan.com.mx\/lasnoticias\/activa-gobierno-de-morelia-brigadas-de-contingencia-por-lluvias\/#primaryimage"},"thumbnailUrl":"https:\/\/diarioabcdemichoacan.com.mx\/lasnoticias\/wp-content\/uploads\/2025\/01\/Polish_20250105_161015183-scaled.jpg","datePublished":"2025-01-05T22:15:53+00:00","dateModified":"2025-01-05T22:15:53+00:00","author":{"@id":"https:\/\/diarioabcdemichoacan.com.mx\/lasnoticias\/#\/schema\/person\/0546f9c3407148f7452ca932715c5e88"},"breadcrumb":{"@id":"https:\/\/diarioabcdemichoacan.com.mx\/lasnoticias\/activa-gobierno-de-morelia-brigadas-de-contingencia-por-lluvias\/#breadcrumb"},"inLanguage":"es","potentialAction":[{"@type":"ReadAction","target":["https:\/\/diarioabcdemichoacan.com.mx\/lasnoticias\/activa-gobierno-de-morelia-brigadas-de-contingencia-por-lluvias\/"]}]},{"@type":"ImageObject","inLanguage":"es","@id":"https:\/\/diarioabcdemichoacan.com.mx\/lasnoticias\/activa-gobierno-de-morelia-brigadas-de-contingencia-por-lluvias\/#primaryimage","url":"https:\/\/diarioabcdemichoacan.com.mx\/lasnoticias\/wp-content\/uploads\/2025\/01\/Polish_20250105_161015183-scaled.jpg","contentUrl":"https:\/\/diarioabcdemichoacan.com.mx\/lasnoticias\/wp-content\/uploads\/2025\/01\/Polish_20250105_161015183-scaled.jpg","width":2560,"height":2560},{"@type":"BreadcrumbList","@id":"https:\/\/diarioabcdemichoacan.com.mx\/lasnoticias\/activa-gobierno-de-morelia-brigadas-de-contingencia-por-lluvias\/#breadcrumb","itemListElement":[{"@type":"ListItem","position":1,"name":"Portada","item":"https:\/\/diarioabcdemichoacan.com.mx\/lasnoticias\/"},{"@type":"ListItem","position":2,"name":"Activa Gobierno de Morelia brigadas de contingencia por lluvias"}]},{"@type":"WebSite","@id":"https:\/\/diarioabcdemichoacan.com.mx\/lasnoticias\/#website","url":"https:\/\/diarioabcdemichoacan.com.mx\/lasnoticias\/","name":"Diario ABC de Michoac\u00e1n","description":"Las noticias al momento","potentialAction":[{"@type":"SearchAction","target":{"@type":"EntryPoint","urlTemplate":"https:\/\/diarioabcdemichoacan.com.mx\/lasnoticias\/?s={search_term_string}"},"query-input":{"@type":"PropertyValueSpecification","valueRequired":true,"valueName":"search_term_string"}}],"inLanguage":"es"},{"@type":"Person","@id":"https:\/\/diarioabcdemichoacan.com.mx\/lasnoticias\/#\/schema\/person\/0546f9c3407148f7452ca932715c5e88","name":"MB","image":{"@type":"ImageObject","inLanguage":"es","@id":"https:\/\/diarioabcdemichoacan.com.mx\/lasnoticias\/#\/schema\/person\/image\/","url":"https:\/\/secure.gravatar.com\/avatar\/adcd41fde6b8d0b5d9d0de001d3112b3?s=96&d=mm&r=g","contentUrl":"https:\/\/secure.gravatar.com\/avatar\/adcd41fde6b8d0b5d9d0de001d3112b3?s=96&d=mm&r=g","caption":"MB"},"url":"https:\/\/diarioabcdemichoacan.com.mx\/lasnoticias\/author\/bomariano03\/"}]}},"_links":{"self":[{"href":"https:\/\/diarioabcdemichoacan.com.mx\/lasnoticias\/wp-json\/wp\/v2\/posts\/40974","targetHints":{"allow":["GET"]}}],"collection":[{"href":"https:\/\/diarioabcdemichoacan.com.mx\/lasnoticias\/wp-json\/wp\/v2\/posts"}],"about":[{"href":"https:\/\/diarioabcdemichoacan.com.mx\/lasnoticias\/wp-json\/wp\/v2\/types\/post"}],"author":[{"embeddable":true,"href":"https:\/\/diarioabcdemichoacan.com.mx\/lasnoticias\/wp-json\/wp\/v2\/users\/6"}],"replies":[{"embeddable":true,"href":"https:\/\/diarioabcdemichoacan.com.mx\/lasnoticias\/wp-json\/wp\/v2\/comments?post=40974"}],"version-history":[{"count":1,"href":"https:\/\/diarioabcdemichoacan.com.mx\/lasnoticias\/wp-json\/wp\/v2\/posts\/40974\/revisions"}],"predecessor-version":[{"id":40976,"href":"https:\/\/diarioabcdemichoacan.com.mx\/lasnoticias\/wp-json\/wp\/v2\/posts\/40974\/revisions\/40976"}],"wp:featuredmedia":[{"embeddable":true,"href":"https:\/\/diarioabcdemichoacan.com.mx\/lasnoticias\/wp-json\/wp\/v2\/media\/40975"}],"wp:attachment":[{"href":"https:\/\/diarioabcdemichoacan.com.mx\/lasnoticias\/wp-json\/wp\/v2\/media?parent=40974"}],"wp:term":[{"taxonomy":"category","embeddable":true,"href":"https:\/\/diarioabcdemichoacan.com.mx\/lasnoticias\/wp-json\/wp\/v2\/categories?post=40974"},{"taxonomy":"post_tag","embeddable":true,"href":"https:\/\/diarioabcdemichoacan.com.mx\/lasnoticias\/wp-json\/wp\/v2\/tags?post=40974"}],"curies":[{"name":"wp","href":"https:\/\/api.w.org\/{rel}","templated":true}]}}