{"id":40985,"date":"2025-01-05T18:52:01","date_gmt":"2025-01-06T00:52:01","guid":{"rendered":"https:\/\/diarioabcdemichoacan.com.mx\/lasnoticias\/?p=40985"},"modified":"2025-01-05T18:52:01","modified_gmt":"2025-01-06T00:52:01","slug":"aunque-este-ano-no-hubo-aumento-al-impuesto-predial-si-habra-quienes-deban-pagar-mas-que-el-ano-pasado-carlos-manzo","status":"publish","type":"post","link":"https:\/\/diarioabcdemichoacan.com.mx\/lasnoticias\/aunque-este-ano-no-hubo-aumento-al-impuesto-predial-si-habra-quienes-deban-pagar-mas-que-el-ano-pasado-carlos-manzo\/","title":{"rendered":"Aunque este a\u00f1o no hubo aumento al impuesto predial, si habr\u00e1 quienes deban pagar m\u00e1s que el a\u00f1o pasado: Carlos Manzo"},"content":{"rendered":"<p>Roberto Mestizo Ch\u00e1vez<\/p>\n<hr \/>\n<p>Uruapan, Mich.- Aunque en la Ley de Ingresos del Municipio de Uruapan para el ciclo fiscal 2025 no se contemplan aumentos al impuesto predial respecto al a\u00f1o pasado, en el caso de varios inmuebles si se deber\u00e1 hacer un pago mayor este a\u00f1o, pero por \u00abactualizaci\u00f3n de datos\u00bb.<\/p>\n<p>As\u00ed lo se\u00f1al\u00f3 el presidente municipal, Carlos Alberto Manzo Rodr\u00edguez, quien reiter\u00f3 que para este a\u00f1o no se contemplaron aumentos al impuesto predial, que generalmente es igual al \u00edndice inflacionario estimado para el a\u00f1o fiscal.<\/p>\n<p>Tampoco, dijo en entrevista, se ha realizado una reevaluaci\u00f3n catastral, aunque si se autoriz\u00f3 hacerla en la presente administraci\u00f3n municipal, toda vez que la evaluaci\u00f3n vigente data de hace poco m\u00e1s de 20 a\u00f1os, y en ese periodo han subido los precios de los inmuebles.<\/p>\n<p>El aumento que se puede dar este a\u00f1o est\u00e1 relacionado, dijo, con la actualizaci\u00f3n de algunos datos, expuso, y explic\u00f3 que, por ejemplo, existen inmuebles que est\u00e1n registrados como lotes bald\u00edos, pero la realidad es que en ellos ya se tienen construcciones que no fueron reportadas al catastro, y por lo tanto su valor aument\u00f3 y debe pagar m\u00e1s impuestos.<\/p>\n<p>Asimismo, agreg\u00f3, existen propiedades reportadas con ciertas dimensiones, por ejemplo ochenta metros cuadrados, pero al paso de los a\u00f1os se adquirieron inmuebles aleda\u00f1os, y ahora son, digamos, de ciento ochenta metros cuadrados.<\/p>\n<p>Dijo que esos casos se han podido detectar gracias a los avances tecnol\u00f3gicos, concretamente al trabajo de drones, que v\u00eda a\u00e9rea, y mediante una base de datos, pueden actualizar esos registros, finaliz\u00f3.<\/p>\n","protected":false},"excerpt":{"rendered":"<p>Roberto Mestizo Ch\u00e1vez Uruapan, Mich.- Aunque en la Ley de Ingresos del Municipio de Uruapan para el ciclo fiscal 2025 no se contemplan aumentos al impuesto predial respecto al a\u00f1o pasado, en el caso de varios inmuebles si se deber\u00e1 hacer un pago mayor este a\u00f1o, pero por \u00abactualizaci\u00f3n de datos\u00bb. As\u00ed lo se\u00f1al\u00f3 el [&hellip;]<\/p>\n","protected":false},"author":6,"featured_media":40219,"comment_status":"closed","ping_status":"closed","sticky":false,"template":"","format":"standard","meta":{"footnotes":""},"categories":[3],"tags":[],"class_list":{"0":"post-40985","1":"post","2":"type-post","3":"status-publish","4":"format-standard","5":"has-post-thumbnail","7":"category-uruapan"},"yoast_head":"<!-- This site is optimized with the Yoast SEO plugin v24.0 - https:\/\/yoast.com\/wordpress\/plugins\/seo\/ -->\n<title>Aunque este a\u00f1o no hubo aumento al impuesto predial, si habr\u00e1 quienes deban pagar m\u00e1s que el a\u00f1o pasado: Carlos Manzo - Diario ABC de Michoac\u00e1n<\/title>\n<meta name=\"robots\" content=\"index, follow, max-snippet:-1, max-image-preview:large, max-video-preview:-1\" \/>\n<link rel=\"canonical\" href=\"https:\/\/diarioabcdemichoacan.com.mx\/lasnoticias\/aunque-este-ano-no-hubo-aumento-al-impuesto-predial-si-habra-quienes-deban-pagar-mas-que-el-ano-pasado-carlos-manzo\/\" \/>\n<meta property=\"og:locale\" content=\"es_ES\" \/>\n<meta property=\"og:type\" content=\"article\" \/>\n<meta property=\"og:title\" content=\"Aunque este a\u00f1o no hubo aumento al impuesto predial, si habr\u00e1 quienes deban pagar m\u00e1s que el a\u00f1o pasado: Carlos Manzo - Diario ABC de Michoac\u00e1n\" \/>\n<meta property=\"og:description\" content=\"Roberto Mestizo Ch\u00e1vez Uruapan, Mich.- Aunque en la Ley de Ingresos del Municipio de Uruapan para el ciclo fiscal 2025 no se contemplan aumentos al impuesto predial respecto al a\u00f1o pasado, en el caso de varios inmuebles si se deber\u00e1 hacer un pago mayor este a\u00f1o, pero por \u00abactualizaci\u00f3n de datos\u00bb. As\u00ed lo se\u00f1al\u00f3 el [&hellip;]\" \/>\n<meta property=\"og:url\" content=\"https:\/\/diarioabcdemichoacan.com.mx\/lasnoticias\/aunque-este-ano-no-hubo-aumento-al-impuesto-predial-si-habra-quienes-deban-pagar-mas-que-el-ano-pasado-carlos-manzo\/\" \/>\n<meta property=\"og:site_name\" content=\"Diario ABC de Michoac\u00e1n\" \/>\n<meta property=\"article:published_time\" content=\"2025-01-06T00:52:01+00:00\" \/>\n<meta property=\"og:image\" content=\"https:\/\/diarioabcdemichoacan.com.mx\/lasnoticias\/wp-content\/uploads\/2024\/12\/WhatsApp-Image-2024-12-29-at-17.50.34-1.jpeg\" \/>\n\t<meta property=\"og:image:width\" content=\"1184\" \/>\n\t<meta property=\"og:image:height\" content=\"1600\" \/>\n\t<meta property=\"og:image:type\" content=\"image\/jpeg\" \/>\n<meta name=\"author\" content=\"MB\" \/>\n<meta name=\"twitter:card\" content=\"summary_large_image\" \/>\n<meta name=\"twitter:label1\" content=\"Escrito por\" \/>\n\t<meta name=\"twitter:data1\" content=\"MB\" \/>\n\t<meta name=\"twitter:label2\" content=\"Tiempo de lectura\" \/>\n\t<meta name=\"twitter:data2\" content=\"2 minutos\" \/>\n<script type=\"application\/ld+json\" class=\"yoast-schema-graph\">{\"@context\":\"https:\/\/schema.org\",\"@graph\":[{\"@type\":\"WebPage\",\"@id\":\"https:\/\/diarioabcdemichoacan.com.mx\/lasnoticias\/aunque-este-ano-no-hubo-aumento-al-impuesto-predial-si-habra-quienes-deban-pagar-mas-que-el-ano-pasado-carlos-manzo\/\",\"url\":\"https:\/\/diarioabcdemichoacan.com.mx\/lasnoticias\/aunque-este-ano-no-hubo-aumento-al-impuesto-predial-si-habra-quienes-deban-pagar-mas-que-el-ano-pasado-carlos-manzo\/\",\"name\":\"Aunque este a\u00f1o no hubo aumento al impuesto predial, si habr\u00e1 quienes deban pagar m\u00e1s que el a\u00f1o pasado: Carlos Manzo - Diario ABC de Michoac\u00e1n\",\"isPartOf\":{\"@id\":\"https:\/\/diarioabcdemichoacan.com.mx\/lasnoticias\/#website\"},\"primaryImageOfPage\":{\"@id\":\"https:\/\/diarioabcdemichoacan.com.mx\/lasnoticias\/aunque-este-ano-no-hubo-aumento-al-impuesto-predial-si-habra-quienes-deban-pagar-mas-que-el-ano-pasado-carlos-manzo\/#primaryimage\"},\"image\":{\"@id\":\"https:\/\/diarioabcdemichoacan.com.mx\/lasnoticias\/aunque-este-ano-no-hubo-aumento-al-impuesto-predial-si-habra-quienes-deban-pagar-mas-que-el-ano-pasado-carlos-manzo\/#primaryimage\"},\"thumbnailUrl\":\"https:\/\/diarioabcdemichoacan.com.mx\/lasnoticias\/wp-content\/uploads\/2024\/12\/WhatsApp-Image-2024-12-29-at-17.50.34-1.jpeg\",\"datePublished\":\"2025-01-06T00:52:01+00:00\",\"dateModified\":\"2025-01-06T00:52:01+00:00\",\"author\":{\"@id\":\"https:\/\/diarioabcdemichoacan.com.mx\/lasnoticias\/#\/schema\/person\/0546f9c3407148f7452ca932715c5e88\"},\"breadcrumb\":{\"@id\":\"https:\/\/diarioabcdemichoacan.com.mx\/lasnoticias\/aunque-este-ano-no-hubo-aumento-al-impuesto-predial-si-habra-quienes-deban-pagar-mas-que-el-ano-pasado-carlos-manzo\/#breadcrumb\"},\"inLanguage\":\"es\",\"potentialAction\":[{\"@type\":\"ReadAction\",\"target\":[\"https:\/\/diarioabcdemichoacan.com.mx\/lasnoticias\/aunque-este-ano-no-hubo-aumento-al-impuesto-predial-si-habra-quienes-deban-pagar-mas-que-el-ano-pasado-carlos-manzo\/\"]}]},{\"@type\":\"ImageObject\",\"inLanguage\":\"es\",\"@id\":\"https:\/\/diarioabcdemichoacan.com.mx\/lasnoticias\/aunque-este-ano-no-hubo-aumento-al-impuesto-predial-si-habra-quienes-deban-pagar-mas-que-el-ano-pasado-carlos-manzo\/#primaryimage\",\"url\":\"https:\/\/diarioabcdemichoacan.com.mx\/lasnoticias\/wp-content\/uploads\/2024\/12\/WhatsApp-Image-2024-12-29-at-17.50.34-1.jpeg\",\"contentUrl\":\"https:\/\/diarioabcdemichoacan.com.mx\/lasnoticias\/wp-content\/uploads\/2024\/12\/WhatsApp-Image-2024-12-29-at-17.50.34-1.jpeg\",\"width\":1184,\"height\":1600},{\"@type\":\"BreadcrumbList\",\"@id\":\"https:\/\/diarioabcdemichoacan.com.mx\/lasnoticias\/aunque-este-ano-no-hubo-aumento-al-impuesto-predial-si-habra-quienes-deban-pagar-mas-que-el-ano-pasado-carlos-manzo\/#breadcrumb\",\"itemListElement\":[{\"@type\":\"ListItem\",\"position\":1,\"name\":\"Portada\",\"item\":\"https:\/\/diarioabcdemichoacan.com.mx\/lasnoticias\/\"},{\"@type\":\"ListItem\",\"position\":2,\"name\":\"Aunque este a\u00f1o no hubo aumento al impuesto predial, si habr\u00e1 quienes deban pagar m\u00e1s que el a\u00f1o pasado: Carlos Manzo\"}]},{\"@type\":\"WebSite\",\"@id\":\"https:\/\/diarioabcdemichoacan.com.mx\/lasnoticias\/#website\",\"url\":\"https:\/\/diarioabcdemichoacan.com.mx\/lasnoticias\/\",\"name\":\"Diario ABC de Michoac\u00e1n\",\"description\":\"Las noticias al momento\",\"potentialAction\":[{\"@type\":\"SearchAction\",\"target\":{\"@type\":\"EntryPoint\",\"urlTemplate\":\"https:\/\/diarioabcdemichoacan.com.mx\/lasnoticias\/?s={search_term_string}\"},\"query-input\":{\"@type\":\"PropertyValueSpecification\",\"valueRequired\":true,\"valueName\":\"search_term_string\"}}],\"inLanguage\":\"es\"},{\"@type\":\"Person\",\"@id\":\"https:\/\/diarioabcdemichoacan.com.mx\/lasnoticias\/#\/schema\/person\/0546f9c3407148f7452ca932715c5e88\",\"name\":\"MB\",\"image\":{\"@type\":\"ImageObject\",\"inLanguage\":\"es\",\"@id\":\"https:\/\/diarioabcdemichoacan.com.mx\/lasnoticias\/#\/schema\/person\/image\/\",\"url\":\"https:\/\/secure.gravatar.com\/avatar\/adcd41fde6b8d0b5d9d0de001d3112b3?s=96&d=mm&r=g\",\"contentUrl\":\"https:\/\/secure.gravatar.com\/avatar\/adcd41fde6b8d0b5d9d0de001d3112b3?s=96&d=mm&r=g\",\"caption\":\"MB\"},\"url\":\"https:\/\/diarioabcdemichoacan.com.mx\/lasnoticias\/author\/bomariano03\/\"}]}<\/script>\n<!-- \/ Yoast SEO plugin. -->","yoast_head_json":{"title":"Aunque este a\u00f1o no hubo aumento al impuesto predial, si habr\u00e1 quienes deban pagar m\u00e1s que el a\u00f1o pasado: Carlos Manzo - Diario ABC de Michoac\u00e1n","robots":{"index":"index","follow":"follow","max-snippet":"max-snippet:-1","max-image-preview":"max-image-preview:large","max-video-preview":"max-video-preview:-1"},"canonical":"https:\/\/diarioabcdemichoacan.com.mx\/lasnoticias\/aunque-este-ano-no-hubo-aumento-al-impuesto-predial-si-habra-quienes-deban-pagar-mas-que-el-ano-pasado-carlos-manzo\/","og_locale":"es_ES","og_type":"article","og_title":"Aunque este a\u00f1o no hubo aumento al impuesto predial, si habr\u00e1 quienes deban pagar m\u00e1s que el a\u00f1o pasado: Carlos Manzo - Diario ABC de Michoac\u00e1n","og_description":"Roberto Mestizo Ch\u00e1vez Uruapan, Mich.- Aunque en la Ley de Ingresos del Municipio de Uruapan para el ciclo fiscal 2025 no se contemplan aumentos al impuesto predial respecto al a\u00f1o pasado, en el caso de varios inmuebles si se deber\u00e1 hacer un pago mayor este a\u00f1o, pero por \u00abactualizaci\u00f3n de datos\u00bb. As\u00ed lo se\u00f1al\u00f3 el [&hellip;]","og_url":"https:\/\/diarioabcdemichoacan.com.mx\/lasnoticias\/aunque-este-ano-no-hubo-aumento-al-impuesto-predial-si-habra-quienes-deban-pagar-mas-que-el-ano-pasado-carlos-manzo\/","og_site_name":"Diario ABC de Michoac\u00e1n","article_published_time":"2025-01-06T00:52:01+00:00","og_image":[{"width":1184,"height":1600,"url":"https:\/\/diarioabcdemichoacan.com.mx\/lasnoticias\/wp-content\/uploads\/2024\/12\/WhatsApp-Image-2024-12-29-at-17.50.34-1.jpeg","type":"image\/jpeg"}],"author":"MB","twitter_card":"summary_large_image","twitter_misc":{"Escrito por":"MB","Tiempo de lectura":"2 minutos"},"schema":{"@context":"https:\/\/schema.org","@graph":[{"@type":"WebPage","@id":"https:\/\/diarioabcdemichoacan.com.mx\/lasnoticias\/aunque-este-ano-no-hubo-aumento-al-impuesto-predial-si-habra-quienes-deban-pagar-mas-que-el-ano-pasado-carlos-manzo\/","url":"https:\/\/diarioabcdemichoacan.com.mx\/lasnoticias\/aunque-este-ano-no-hubo-aumento-al-impuesto-predial-si-habra-quienes-deban-pagar-mas-que-el-ano-pasado-carlos-manzo\/","name":"Aunque este a\u00f1o no hubo aumento al impuesto predial, si habr\u00e1 quienes deban pagar m\u00e1s que el a\u00f1o pasado: Carlos Manzo - Diario ABC de Michoac\u00e1n","isPartOf":{"@id":"https:\/\/diarioabcdemichoacan.com.mx\/lasnoticias\/#website"},"primaryImageOfPage":{"@id":"https:\/\/diarioabcdemichoacan.com.mx\/lasnoticias\/aunque-este-ano-no-hubo-aumento-al-impuesto-predial-si-habra-quienes-deban-pagar-mas-que-el-ano-pasado-carlos-manzo\/#primaryimage"},"image":{"@id":"https:\/\/diarioabcdemichoacan.com.mx\/lasnoticias\/aunque-este-ano-no-hubo-aumento-al-impuesto-predial-si-habra-quienes-deban-pagar-mas-que-el-ano-pasado-carlos-manzo\/#primaryimage"},"thumbnailUrl":"https:\/\/diarioabcdemichoacan.com.mx\/lasnoticias\/wp-content\/uploads\/2024\/12\/WhatsApp-Image-2024-12-29-at-17.50.34-1.jpeg","datePublished":"2025-01-06T00:52:01+00:00","dateModified":"2025-01-06T00:52:01+00:00","author":{"@id":"https:\/\/diarioabcdemichoacan.com.mx\/lasnoticias\/#\/schema\/person\/0546f9c3407148f7452ca932715c5e88"},"breadcrumb":{"@id":"https:\/\/diarioabcdemichoacan.com.mx\/lasnoticias\/aunque-este-ano-no-hubo-aumento-al-impuesto-predial-si-habra-quienes-deban-pagar-mas-que-el-ano-pasado-carlos-manzo\/#breadcrumb"},"inLanguage":"es","potentialAction":[{"@type":"ReadAction","target":["https:\/\/diarioabcdemichoacan.com.mx\/lasnoticias\/aunque-este-ano-no-hubo-aumento-al-impuesto-predial-si-habra-quienes-deban-pagar-mas-que-el-ano-pasado-carlos-manzo\/"]}]},{"@type":"ImageObject","inLanguage":"es","@id":"https:\/\/diarioabcdemichoacan.com.mx\/lasnoticias\/aunque-este-ano-no-hubo-aumento-al-impuesto-predial-si-habra-quienes-deban-pagar-mas-que-el-ano-pasado-carlos-manzo\/#primaryimage","url":"https:\/\/diarioabcdemichoacan.com.mx\/lasnoticias\/wp-content\/uploads\/2024\/12\/WhatsApp-Image-2024-12-29-at-17.50.34-1.jpeg","contentUrl":"https:\/\/diarioabcdemichoacan.com.mx\/lasnoticias\/wp-content\/uploads\/2024\/12\/WhatsApp-Image-2024-12-29-at-17.50.34-1.jpeg","width":1184,"height":1600},{"@type":"BreadcrumbList","@id":"https:\/\/diarioabcdemichoacan.com.mx\/lasnoticias\/aunque-este-ano-no-hubo-aumento-al-impuesto-predial-si-habra-quienes-deban-pagar-mas-que-el-ano-pasado-carlos-manzo\/#breadcrumb","itemListElement":[{"@type":"ListItem","position":1,"name":"Portada","item":"https:\/\/diarioabcdemichoacan.com.mx\/lasnoticias\/"},{"@type":"ListItem","position":2,"name":"Aunque este a\u00f1o no hubo aumento al impuesto predial, si habr\u00e1 quienes deban pagar m\u00e1s que el a\u00f1o pasado: Carlos Manzo"}]},{"@type":"WebSite","@id":"https:\/\/diarioabcdemichoacan.com.mx\/lasnoticias\/#website","url":"https:\/\/diarioabcdemichoacan.com.mx\/lasnoticias\/","name":"Diario ABC de Michoac\u00e1n","description":"Las noticias al momento","potentialAction":[{"@type":"SearchAction","target":{"@type":"EntryPoint","urlTemplate":"https:\/\/diarioabcdemichoacan.com.mx\/lasnoticias\/?s={search_term_string}"},"query-input":{"@type":"PropertyValueSpecification","valueRequired":true,"valueName":"search_term_string"}}],"inLanguage":"es"},{"@type":"Person","@id":"https:\/\/diarioabcdemichoacan.com.mx\/lasnoticias\/#\/schema\/person\/0546f9c3407148f7452ca932715c5e88","name":"MB","image":{"@type":"ImageObject","inLanguage":"es","@id":"https:\/\/diarioabcdemichoacan.com.mx\/lasnoticias\/#\/schema\/person\/image\/","url":"https:\/\/secure.gravatar.com\/avatar\/adcd41fde6b8d0b5d9d0de001d3112b3?s=96&d=mm&r=g","contentUrl":"https:\/\/secure.gravatar.com\/avatar\/adcd41fde6b8d0b5d9d0de001d3112b3?s=96&d=mm&r=g","caption":"MB"},"url":"https:\/\/diarioabcdemichoacan.com.mx\/lasnoticias\/author\/bomariano03\/"}]}},"_links":{"self":[{"href":"https:\/\/diarioabcdemichoacan.com.mx\/lasnoticias\/wp-json\/wp\/v2\/posts\/40985","targetHints":{"allow":["GET"]}}],"collection":[{"href":"https:\/\/diarioabcdemichoacan.com.mx\/lasnoticias\/wp-json\/wp\/v2\/posts"}],"about":[{"href":"https:\/\/diarioabcdemichoacan.com.mx\/lasnoticias\/wp-json\/wp\/v2\/types\/post"}],"author":[{"embeddable":true,"href":"https:\/\/diarioabcdemichoacan.com.mx\/lasnoticias\/wp-json\/wp\/v2\/users\/6"}],"replies":[{"embeddable":true,"href":"https:\/\/diarioabcdemichoacan.com.mx\/lasnoticias\/wp-json\/wp\/v2\/comments?post=40985"}],"version-history":[{"count":1,"href":"https:\/\/diarioabcdemichoacan.com.mx\/lasnoticias\/wp-json\/wp\/v2\/posts\/40985\/revisions"}],"predecessor-version":[{"id":40986,"href":"https:\/\/diarioabcdemichoacan.com.mx\/lasnoticias\/wp-json\/wp\/v2\/posts\/40985\/revisions\/40986"}],"wp:featuredmedia":[{"embeddable":true,"href":"https:\/\/diarioabcdemichoacan.com.mx\/lasnoticias\/wp-json\/wp\/v2\/media\/40219"}],"wp:attachment":[{"href":"https:\/\/diarioabcdemichoacan.com.mx\/lasnoticias\/wp-json\/wp\/v2\/media?parent=40985"}],"wp:term":[{"taxonomy":"category","embeddable":true,"href":"https:\/\/diarioabcdemichoacan.com.mx\/lasnoticias\/wp-json\/wp\/v2\/categories?post=40985"},{"taxonomy":"post_tag","embeddable":true,"href":"https:\/\/diarioabcdemichoacan.com.mx\/lasnoticias\/wp-json\/wp\/v2\/tags?post=40985"}],"curies":[{"name":"wp","href":"https:\/\/api.w.org\/{rel}","templated":true}]}}