{"id":40990,"date":"2025-01-05T19:21:38","date_gmt":"2025-01-06T01:21:38","guid":{"rendered":"https:\/\/diarioabcdemichoacan.com.mx\/lasnoticias\/?p=40990"},"modified":"2025-01-05T19:21:38","modified_gmt":"2025-01-06T01:21:38","slug":"bajan-ventas-de-carne-pese-a-que-diciembre-era-temporada-alta","status":"publish","type":"post","link":"https:\/\/diarioabcdemichoacan.com.mx\/lasnoticias\/bajan-ventas-de-carne-pese-a-que-diciembre-era-temporada-alta\/","title":{"rendered":"Bajan ventas de carne, pese a que diciembre era temporada alta"},"content":{"rendered":"<p>Por Blanca Sim\u00f3n Ortiz<\/p>\n<hr \/>\n<p>Uruapan, Mich.- En un 30 por ciento en relaci\u00f3n a a\u00f1os anteriores, disminuyeron las ventas de carne durante la temporada decembrina, fechas que eran de gran demanda.<\/p>\n<p>Detallistas de la carne en Uruapan, se\u00f1alaron lo anterior y manifestaron que pese a que los distintos insumos han incrementado de precio, ellos han mantenido el precio del kilogramos de carne en 220 pesos desde mayo de 2022, pues aumentar el costo de los productos c\u00e1rnicos provocar\u00eda una disminuci\u00f3n de ventas.<br \/>\nComentaron que las ventas en los distintos expendios de carne han mermado, pues muchas de las personas que venden alimentos a base de carne se abastecen en establecimientos mayoristas, cuando en a\u00f1os anteriores eran las carnicer\u00edas locales las que surt\u00edan a todos los negocios.<\/p>\n<p>Sin embargo, confiaban que en la pasada temporada decembrina, sus ventas se mejoraran, pues con ello cubren los gastos de fin de a\u00f1o como es pago de aguinaldos y si alcanza alguna rehabilitacion de locales o equipamiento; sin embargo este a\u00f1o las ventas bajaron en un 30 por ciento en relaci\u00f3n a a\u00f1os anteriores.<\/p>\n<p>Recordaron que la demanda de productos porcinos era la que m\u00e1s destacaba en las pasadas fiestas de Navidad, A\u00f1o Nuevo y Posadas, pues los alimentos que suelen realizarse en esas fechas son el tradicional pozole, lomo, pierna, y algo de carne de res, pero en esta ocasi\u00f3n no se vio demanda de estos productos.<\/p>\n<p>Finalmente indicaron que al adquirir carne en los establecimientos peque\u00f1os se garantiza la frescura de este alimento, ya que no tiene conservadores que a la larga podr\u00edan provocar problemas en la salud.<\/p>\n","protected":false},"excerpt":{"rendered":"<p>Por Blanca Sim\u00f3n Ortiz Uruapan, Mich.- En un 30 por ciento en relaci\u00f3n a a\u00f1os anteriores, disminuyeron las ventas de carne durante la temporada decembrina, fechas que eran de gran demanda. Detallistas de la carne en Uruapan, se\u00f1alaron lo anterior y manifestaron que pese a que los distintos insumos han incrementado de precio, ellos han [&hellip;]<\/p>\n","protected":false},"author":6,"featured_media":40991,"comment_status":"closed","ping_status":"closed","sticky":false,"template":"","format":"standard","meta":{"footnotes":""},"categories":[3],"tags":[],"class_list":{"0":"post-40990","1":"post","2":"type-post","3":"status-publish","4":"format-standard","5":"has-post-thumbnail","7":"category-uruapan"},"yoast_head":"<!-- This site is optimized with the Yoast SEO plugin v24.0 - https:\/\/yoast.com\/wordpress\/plugins\/seo\/ -->\n<title>Bajan ventas de carne, pese a que diciembre era temporada alta - Diario ABC de Michoac\u00e1n<\/title>\n<meta name=\"robots\" content=\"index, follow, max-snippet:-1, max-image-preview:large, max-video-preview:-1\" \/>\n<link rel=\"canonical\" href=\"https:\/\/diarioabcdemichoacan.com.mx\/lasnoticias\/bajan-ventas-de-carne-pese-a-que-diciembre-era-temporada-alta\/\" \/>\n<meta property=\"og:locale\" content=\"es_ES\" \/>\n<meta property=\"og:type\" content=\"article\" \/>\n<meta property=\"og:title\" content=\"Bajan ventas de carne, pese a que diciembre era temporada alta - Diario ABC de Michoac\u00e1n\" \/>\n<meta property=\"og:description\" content=\"Por Blanca Sim\u00f3n Ortiz Uruapan, Mich.- En un 30 por ciento en relaci\u00f3n a a\u00f1os anteriores, disminuyeron las ventas de carne durante la temporada decembrina, fechas que eran de gran demanda. Detallistas de la carne en Uruapan, se\u00f1alaron lo anterior y manifestaron que pese a que los distintos insumos han incrementado de precio, ellos han [&hellip;]\" \/>\n<meta property=\"og:url\" content=\"https:\/\/diarioabcdemichoacan.com.mx\/lasnoticias\/bajan-ventas-de-carne-pese-a-que-diciembre-era-temporada-alta\/\" \/>\n<meta property=\"og:site_name\" content=\"Diario ABC de Michoac\u00e1n\" \/>\n<meta property=\"article:published_time\" content=\"2025-01-06T01:21:38+00:00\" \/>\n<meta property=\"og:image\" content=\"https:\/\/diarioabcdemichoacan.com.mx\/lasnoticias\/wp-content\/uploads\/2025\/01\/IMG-20250105-WA0072.jpg\" \/>\n\t<meta property=\"og:image:width\" content=\"1600\" \/>\n\t<meta property=\"og:image:height\" content=\"900\" \/>\n\t<meta property=\"og:image:type\" content=\"image\/jpeg\" \/>\n<meta name=\"author\" content=\"MB\" \/>\n<meta name=\"twitter:card\" content=\"summary_large_image\" \/>\n<meta name=\"twitter:label1\" content=\"Escrito por\" \/>\n\t<meta name=\"twitter:data1\" content=\"MB\" \/>\n\t<meta name=\"twitter:label2\" content=\"Tiempo de lectura\" \/>\n\t<meta name=\"twitter:data2\" content=\"2 minutos\" \/>\n<script type=\"application\/ld+json\" class=\"yoast-schema-graph\">{\"@context\":\"https:\/\/schema.org\",\"@graph\":[{\"@type\":\"WebPage\",\"@id\":\"https:\/\/diarioabcdemichoacan.com.mx\/lasnoticias\/bajan-ventas-de-carne-pese-a-que-diciembre-era-temporada-alta\/\",\"url\":\"https:\/\/diarioabcdemichoacan.com.mx\/lasnoticias\/bajan-ventas-de-carne-pese-a-que-diciembre-era-temporada-alta\/\",\"name\":\"Bajan ventas de carne, pese a que diciembre era temporada alta - Diario ABC de Michoac\u00e1n\",\"isPartOf\":{\"@id\":\"https:\/\/diarioabcdemichoacan.com.mx\/lasnoticias\/#website\"},\"primaryImageOfPage\":{\"@id\":\"https:\/\/diarioabcdemichoacan.com.mx\/lasnoticias\/bajan-ventas-de-carne-pese-a-que-diciembre-era-temporada-alta\/#primaryimage\"},\"image\":{\"@id\":\"https:\/\/diarioabcdemichoacan.com.mx\/lasnoticias\/bajan-ventas-de-carne-pese-a-que-diciembre-era-temporada-alta\/#primaryimage\"},\"thumbnailUrl\":\"https:\/\/diarioabcdemichoacan.com.mx\/lasnoticias\/wp-content\/uploads\/2025\/01\/IMG-20250105-WA0072.jpg\",\"datePublished\":\"2025-01-06T01:21:38+00:00\",\"dateModified\":\"2025-01-06T01:21:38+00:00\",\"author\":{\"@id\":\"https:\/\/diarioabcdemichoacan.com.mx\/lasnoticias\/#\/schema\/person\/0546f9c3407148f7452ca932715c5e88\"},\"breadcrumb\":{\"@id\":\"https:\/\/diarioabcdemichoacan.com.mx\/lasnoticias\/bajan-ventas-de-carne-pese-a-que-diciembre-era-temporada-alta\/#breadcrumb\"},\"inLanguage\":\"es\",\"potentialAction\":[{\"@type\":\"ReadAction\",\"target\":[\"https:\/\/diarioabcdemichoacan.com.mx\/lasnoticias\/bajan-ventas-de-carne-pese-a-que-diciembre-era-temporada-alta\/\"]}]},{\"@type\":\"ImageObject\",\"inLanguage\":\"es\",\"@id\":\"https:\/\/diarioabcdemichoacan.com.mx\/lasnoticias\/bajan-ventas-de-carne-pese-a-que-diciembre-era-temporada-alta\/#primaryimage\",\"url\":\"https:\/\/diarioabcdemichoacan.com.mx\/lasnoticias\/wp-content\/uploads\/2025\/01\/IMG-20250105-WA0072.jpg\",\"contentUrl\":\"https:\/\/diarioabcdemichoacan.com.mx\/lasnoticias\/wp-content\/uploads\/2025\/01\/IMG-20250105-WA0072.jpg\",\"width\":1600,\"height\":900},{\"@type\":\"BreadcrumbList\",\"@id\":\"https:\/\/diarioabcdemichoacan.com.mx\/lasnoticias\/bajan-ventas-de-carne-pese-a-que-diciembre-era-temporada-alta\/#breadcrumb\",\"itemListElement\":[{\"@type\":\"ListItem\",\"position\":1,\"name\":\"Portada\",\"item\":\"https:\/\/diarioabcdemichoacan.com.mx\/lasnoticias\/\"},{\"@type\":\"ListItem\",\"position\":2,\"name\":\"Bajan ventas de carne, pese a que diciembre era temporada alta\"}]},{\"@type\":\"WebSite\",\"@id\":\"https:\/\/diarioabcdemichoacan.com.mx\/lasnoticias\/#website\",\"url\":\"https:\/\/diarioabcdemichoacan.com.mx\/lasnoticias\/\",\"name\":\"Diario ABC de Michoac\u00e1n\",\"description\":\"Las noticias al momento\",\"potentialAction\":[{\"@type\":\"SearchAction\",\"target\":{\"@type\":\"EntryPoint\",\"urlTemplate\":\"https:\/\/diarioabcdemichoacan.com.mx\/lasnoticias\/?s={search_term_string}\"},\"query-input\":{\"@type\":\"PropertyValueSpecification\",\"valueRequired\":true,\"valueName\":\"search_term_string\"}}],\"inLanguage\":\"es\"},{\"@type\":\"Person\",\"@id\":\"https:\/\/diarioabcdemichoacan.com.mx\/lasnoticias\/#\/schema\/person\/0546f9c3407148f7452ca932715c5e88\",\"name\":\"MB\",\"image\":{\"@type\":\"ImageObject\",\"inLanguage\":\"es\",\"@id\":\"https:\/\/diarioabcdemichoacan.com.mx\/lasnoticias\/#\/schema\/person\/image\/\",\"url\":\"https:\/\/secure.gravatar.com\/avatar\/adcd41fde6b8d0b5d9d0de001d3112b3?s=96&d=mm&r=g\",\"contentUrl\":\"https:\/\/secure.gravatar.com\/avatar\/adcd41fde6b8d0b5d9d0de001d3112b3?s=96&d=mm&r=g\",\"caption\":\"MB\"},\"url\":\"https:\/\/diarioabcdemichoacan.com.mx\/lasnoticias\/author\/bomariano03\/\"}]}<\/script>\n<!-- \/ Yoast SEO plugin. -->","yoast_head_json":{"title":"Bajan ventas de carne, pese a que diciembre era temporada alta - Diario ABC de Michoac\u00e1n","robots":{"index":"index","follow":"follow","max-snippet":"max-snippet:-1","max-image-preview":"max-image-preview:large","max-video-preview":"max-video-preview:-1"},"canonical":"https:\/\/diarioabcdemichoacan.com.mx\/lasnoticias\/bajan-ventas-de-carne-pese-a-que-diciembre-era-temporada-alta\/","og_locale":"es_ES","og_type":"article","og_title":"Bajan ventas de carne, pese a que diciembre era temporada alta - Diario ABC de Michoac\u00e1n","og_description":"Por Blanca Sim\u00f3n Ortiz Uruapan, Mich.- En un 30 por ciento en relaci\u00f3n a a\u00f1os anteriores, disminuyeron las ventas de carne durante la temporada decembrina, fechas que eran de gran demanda. Detallistas de la carne en Uruapan, se\u00f1alaron lo anterior y manifestaron que pese a que los distintos insumos han incrementado de precio, ellos han [&hellip;]","og_url":"https:\/\/diarioabcdemichoacan.com.mx\/lasnoticias\/bajan-ventas-de-carne-pese-a-que-diciembre-era-temporada-alta\/","og_site_name":"Diario ABC de Michoac\u00e1n","article_published_time":"2025-01-06T01:21:38+00:00","og_image":[{"width":1600,"height":900,"url":"https:\/\/diarioabcdemichoacan.com.mx\/lasnoticias\/wp-content\/uploads\/2025\/01\/IMG-20250105-WA0072.jpg","type":"image\/jpeg"}],"author":"MB","twitter_card":"summary_large_image","twitter_misc":{"Escrito por":"MB","Tiempo de lectura":"2 minutos"},"schema":{"@context":"https:\/\/schema.org","@graph":[{"@type":"WebPage","@id":"https:\/\/diarioabcdemichoacan.com.mx\/lasnoticias\/bajan-ventas-de-carne-pese-a-que-diciembre-era-temporada-alta\/","url":"https:\/\/diarioabcdemichoacan.com.mx\/lasnoticias\/bajan-ventas-de-carne-pese-a-que-diciembre-era-temporada-alta\/","name":"Bajan ventas de carne, pese a que diciembre era temporada alta - Diario ABC de Michoac\u00e1n","isPartOf":{"@id":"https:\/\/diarioabcdemichoacan.com.mx\/lasnoticias\/#website"},"primaryImageOfPage":{"@id":"https:\/\/diarioabcdemichoacan.com.mx\/lasnoticias\/bajan-ventas-de-carne-pese-a-que-diciembre-era-temporada-alta\/#primaryimage"},"image":{"@id":"https:\/\/diarioabcdemichoacan.com.mx\/lasnoticias\/bajan-ventas-de-carne-pese-a-que-diciembre-era-temporada-alta\/#primaryimage"},"thumbnailUrl":"https:\/\/diarioabcdemichoacan.com.mx\/lasnoticias\/wp-content\/uploads\/2025\/01\/IMG-20250105-WA0072.jpg","datePublished":"2025-01-06T01:21:38+00:00","dateModified":"2025-01-06T01:21:38+00:00","author":{"@id":"https:\/\/diarioabcdemichoacan.com.mx\/lasnoticias\/#\/schema\/person\/0546f9c3407148f7452ca932715c5e88"},"breadcrumb":{"@id":"https:\/\/diarioabcdemichoacan.com.mx\/lasnoticias\/bajan-ventas-de-carne-pese-a-que-diciembre-era-temporada-alta\/#breadcrumb"},"inLanguage":"es","potentialAction":[{"@type":"ReadAction","target":["https:\/\/diarioabcdemichoacan.com.mx\/lasnoticias\/bajan-ventas-de-carne-pese-a-que-diciembre-era-temporada-alta\/"]}]},{"@type":"ImageObject","inLanguage":"es","@id":"https:\/\/diarioabcdemichoacan.com.mx\/lasnoticias\/bajan-ventas-de-carne-pese-a-que-diciembre-era-temporada-alta\/#primaryimage","url":"https:\/\/diarioabcdemichoacan.com.mx\/lasnoticias\/wp-content\/uploads\/2025\/01\/IMG-20250105-WA0072.jpg","contentUrl":"https:\/\/diarioabcdemichoacan.com.mx\/lasnoticias\/wp-content\/uploads\/2025\/01\/IMG-20250105-WA0072.jpg","width":1600,"height":900},{"@type":"BreadcrumbList","@id":"https:\/\/diarioabcdemichoacan.com.mx\/lasnoticias\/bajan-ventas-de-carne-pese-a-que-diciembre-era-temporada-alta\/#breadcrumb","itemListElement":[{"@type":"ListItem","position":1,"name":"Portada","item":"https:\/\/diarioabcdemichoacan.com.mx\/lasnoticias\/"},{"@type":"ListItem","position":2,"name":"Bajan ventas de carne, pese a que diciembre era temporada alta"}]},{"@type":"WebSite","@id":"https:\/\/diarioabcdemichoacan.com.mx\/lasnoticias\/#website","url":"https:\/\/diarioabcdemichoacan.com.mx\/lasnoticias\/","name":"Diario ABC de Michoac\u00e1n","description":"Las noticias al momento","potentialAction":[{"@type":"SearchAction","target":{"@type":"EntryPoint","urlTemplate":"https:\/\/diarioabcdemichoacan.com.mx\/lasnoticias\/?s={search_term_string}"},"query-input":{"@type":"PropertyValueSpecification","valueRequired":true,"valueName":"search_term_string"}}],"inLanguage":"es"},{"@type":"Person","@id":"https:\/\/diarioabcdemichoacan.com.mx\/lasnoticias\/#\/schema\/person\/0546f9c3407148f7452ca932715c5e88","name":"MB","image":{"@type":"ImageObject","inLanguage":"es","@id":"https:\/\/diarioabcdemichoacan.com.mx\/lasnoticias\/#\/schema\/person\/image\/","url":"https:\/\/secure.gravatar.com\/avatar\/adcd41fde6b8d0b5d9d0de001d3112b3?s=96&d=mm&r=g","contentUrl":"https:\/\/secure.gravatar.com\/avatar\/adcd41fde6b8d0b5d9d0de001d3112b3?s=96&d=mm&r=g","caption":"MB"},"url":"https:\/\/diarioabcdemichoacan.com.mx\/lasnoticias\/author\/bomariano03\/"}]}},"_links":{"self":[{"href":"https:\/\/diarioabcdemichoacan.com.mx\/lasnoticias\/wp-json\/wp\/v2\/posts\/40990","targetHints":{"allow":["GET"]}}],"collection":[{"href":"https:\/\/diarioabcdemichoacan.com.mx\/lasnoticias\/wp-json\/wp\/v2\/posts"}],"about":[{"href":"https:\/\/diarioabcdemichoacan.com.mx\/lasnoticias\/wp-json\/wp\/v2\/types\/post"}],"author":[{"embeddable":true,"href":"https:\/\/diarioabcdemichoacan.com.mx\/lasnoticias\/wp-json\/wp\/v2\/users\/6"}],"replies":[{"embeddable":true,"href":"https:\/\/diarioabcdemichoacan.com.mx\/lasnoticias\/wp-json\/wp\/v2\/comments?post=40990"}],"version-history":[{"count":1,"href":"https:\/\/diarioabcdemichoacan.com.mx\/lasnoticias\/wp-json\/wp\/v2\/posts\/40990\/revisions"}],"predecessor-version":[{"id":40992,"href":"https:\/\/diarioabcdemichoacan.com.mx\/lasnoticias\/wp-json\/wp\/v2\/posts\/40990\/revisions\/40992"}],"wp:featuredmedia":[{"embeddable":true,"href":"https:\/\/diarioabcdemichoacan.com.mx\/lasnoticias\/wp-json\/wp\/v2\/media\/40991"}],"wp:attachment":[{"href":"https:\/\/diarioabcdemichoacan.com.mx\/lasnoticias\/wp-json\/wp\/v2\/media?parent=40990"}],"wp:term":[{"taxonomy":"category","embeddable":true,"href":"https:\/\/diarioabcdemichoacan.com.mx\/lasnoticias\/wp-json\/wp\/v2\/categories?post=40990"},{"taxonomy":"post_tag","embeddable":true,"href":"https:\/\/diarioabcdemichoacan.com.mx\/lasnoticias\/wp-json\/wp\/v2\/tags?post=40990"}],"curies":[{"name":"wp","href":"https:\/\/api.w.org\/{rel}","templated":true}]}}