{"id":41109,"date":"2025-01-06T13:40:08","date_gmt":"2025-01-06T19:40:08","guid":{"rendered":"https:\/\/diarioabcdemichoacan.com.mx\/lasnoticias\/?p=41109"},"modified":"2025-01-06T13:40:08","modified_gmt":"2025-01-06T19:40:08","slug":"15-de-febrero-abrira-sus-puertas-el-nuevo-mercado-municipal-de-patzcuaro","status":"publish","type":"post","link":"https:\/\/diarioabcdemichoacan.com.mx\/lasnoticias\/15-de-febrero-abrira-sus-puertas-el-nuevo-mercado-municipal-de-patzcuaro\/","title":{"rendered":"15 de febrero abrir\u00e1 sus puertas el nuevo Mercado Municipal de P\u00e1tzcuaro"},"content":{"rendered":"<h6>Por Sara\u00ed Rangel<\/h6>\n<hr \/>\n<p>Morelia, Mich.- Se realizan las \u00faltimas adecuaciones y acabados para la pr\u00f3xima inauguraci\u00f3n del Mercado Municipal de P\u00e1tzcuaro, contemplada para el 15 de febrero, seg\u00fan lo dio a conocer Gladys Butanda Mac\u00edas titular de la Secretar\u00eda de Desarrollo Urbano y Movilidad del Estado de Michoac\u00e1n.<\/p>\n<p>Al ser una temporada alta en ventas en los diversos giros, a\u00fan no ha iniciado la mudanza de los comerciantes, no obstante, esto se har\u00e1 en tiempo y forma, inform\u00f3 la funcionaria estatal. \u201cEst\u00e1 terminada la obra civil, depende del listado que nos entrega el municipio se hacen las adecuaciones de los locales\u201d.<\/p>\n<p>&nbsp;<\/p>\n<p>Precis\u00f3 que se trata de un espacio administrado por el municipio, por lo cual ser\u00e1 este, el encargado de otorgar los permisos y licencias correspondientes para la ocupaci\u00f3n de los lugares, con prioridad a quienes ya ten\u00edan su espacio previo a la reubicaci\u00f3n en la plaza Gertrudis Bocanegra.<\/p>\n<p>&nbsp;<\/p>\n<p>Butanda Mac\u00edas, record\u00f3 que se trabaj\u00f3 en la entrega de actas notariadas a las y los comerciantes, en orden de garantizar su regreso al sitio de actividad comercial. Apunt\u00f3 que tambi\u00e9n se cuenta con espacio para aquellos que se ubican en el portal.<\/p>\n<p>&nbsp;<\/p>\n<p>Adelant\u00f3 que tambi\u00e9n se tiene un proyecto para el ordenamiento de los puestos semi fijos que se ubican al exterior de la Bas\u00edlica de Nuestra Se\u00f1ora de la Salud, lo cual compete directamente al Ayuntamiento de P\u00e1tzcuaro..<\/p>\n","protected":false},"excerpt":{"rendered":"<p>Por Sara\u00ed Rangel Morelia, Mich.- Se realizan las \u00faltimas adecuaciones y acabados para la pr\u00f3xima inauguraci\u00f3n del Mercado Municipal de P\u00e1tzcuaro, contemplada para el 15 de febrero, seg\u00fan lo dio a conocer Gladys Butanda Mac\u00edas titular de la Secretar\u00eda de Desarrollo Urbano y Movilidad del Estado de Michoac\u00e1n. Al ser una temporada alta en ventas [&hellip;]<\/p>\n","protected":false},"author":9,"featured_media":41110,"comment_status":"closed","ping_status":"closed","sticky":false,"template":"","format":"standard","meta":{"footnotes":""},"categories":[10,17,28,25,27],"tags":[],"class_list":{"0":"post-41109","1":"post","2":"type-post","3":"status-publish","4":"format-standard","5":"has-post-thumbnail","7":"category-estado","8":"category-gobierno-de-michoacan","9":"category-politica","10":"category-seguridad","11":"category-slider"},"yoast_head":"<!-- This site is optimized with the Yoast SEO plugin v24.0 - https:\/\/yoast.com\/wordpress\/plugins\/seo\/ -->\n<title>15 de febrero abrir\u00e1 sus puertas el nuevo Mercado Municipal de P\u00e1tzcuaro - Diario ABC de Michoac\u00e1n<\/title>\n<meta name=\"robots\" content=\"index, follow, max-snippet:-1, max-image-preview:large, max-video-preview:-1\" \/>\n<link rel=\"canonical\" href=\"https:\/\/diarioabcdemichoacan.com.mx\/lasnoticias\/15-de-febrero-abrira-sus-puertas-el-nuevo-mercado-municipal-de-patzcuaro\/\" \/>\n<meta property=\"og:locale\" content=\"es_ES\" \/>\n<meta property=\"og:type\" content=\"article\" \/>\n<meta property=\"og:title\" content=\"15 de febrero abrir\u00e1 sus puertas el nuevo Mercado Municipal de P\u00e1tzcuaro - Diario ABC de Michoac\u00e1n\" \/>\n<meta property=\"og:description\" content=\"Por Sara\u00ed Rangel Morelia, Mich.- Se realizan las \u00faltimas adecuaciones y acabados para la pr\u00f3xima inauguraci\u00f3n del Mercado Municipal de P\u00e1tzcuaro, contemplada para el 15 de febrero, seg\u00fan lo dio a conocer Gladys Butanda Mac\u00edas titular de la Secretar\u00eda de Desarrollo Urbano y Movilidad del Estado de Michoac\u00e1n. Al ser una temporada alta en ventas [&hellip;]\" \/>\n<meta property=\"og:url\" content=\"https:\/\/diarioabcdemichoacan.com.mx\/lasnoticias\/15-de-febrero-abrira-sus-puertas-el-nuevo-mercado-municipal-de-patzcuaro\/\" \/>\n<meta property=\"og:site_name\" content=\"Diario ABC de Michoac\u00e1n\" \/>\n<meta property=\"article:published_time\" content=\"2025-01-06T19:40:08+00:00\" \/>\n<meta property=\"og:image\" content=\"https:\/\/diarioabcdemichoacan.com.mx\/lasnoticias\/wp-content\/uploads\/2025\/01\/IMG-20250106-WA0060.jpg\" \/>\n\t<meta property=\"og:image:width\" content=\"960\" \/>\n\t<meta property=\"og:image:height\" content=\"720\" \/>\n\t<meta property=\"og:image:type\" content=\"image\/jpeg\" \/>\n<meta name=\"author\" content=\"AR\" \/>\n<meta name=\"twitter:card\" content=\"summary_large_image\" \/>\n<meta name=\"twitter:label1\" content=\"Escrito por\" \/>\n\t<meta name=\"twitter:data1\" content=\"AR\" \/>\n\t<meta name=\"twitter:label2\" content=\"Tiempo de lectura\" \/>\n\t<meta name=\"twitter:data2\" content=\"2 minutos\" \/>\n<script type=\"application\/ld+json\" class=\"yoast-schema-graph\">{\"@context\":\"https:\/\/schema.org\",\"@graph\":[{\"@type\":\"WebPage\",\"@id\":\"https:\/\/diarioabcdemichoacan.com.mx\/lasnoticias\/15-de-febrero-abrira-sus-puertas-el-nuevo-mercado-municipal-de-patzcuaro\/\",\"url\":\"https:\/\/diarioabcdemichoacan.com.mx\/lasnoticias\/15-de-febrero-abrira-sus-puertas-el-nuevo-mercado-municipal-de-patzcuaro\/\",\"name\":\"15 de febrero abrir\u00e1 sus puertas el nuevo Mercado Municipal de P\u00e1tzcuaro - Diario ABC de Michoac\u00e1n\",\"isPartOf\":{\"@id\":\"https:\/\/diarioabcdemichoacan.com.mx\/lasnoticias\/#website\"},\"primaryImageOfPage\":{\"@id\":\"https:\/\/diarioabcdemichoacan.com.mx\/lasnoticias\/15-de-febrero-abrira-sus-puertas-el-nuevo-mercado-municipal-de-patzcuaro\/#primaryimage\"},\"image\":{\"@id\":\"https:\/\/diarioabcdemichoacan.com.mx\/lasnoticias\/15-de-febrero-abrira-sus-puertas-el-nuevo-mercado-municipal-de-patzcuaro\/#primaryimage\"},\"thumbnailUrl\":\"https:\/\/diarioabcdemichoacan.com.mx\/lasnoticias\/wp-content\/uploads\/2025\/01\/IMG-20250106-WA0060.jpg\",\"datePublished\":\"2025-01-06T19:40:08+00:00\",\"dateModified\":\"2025-01-06T19:40:08+00:00\",\"author\":{\"@id\":\"https:\/\/diarioabcdemichoacan.com.mx\/lasnoticias\/#\/schema\/person\/19ae376040f6cbc489682ebdd8524852\"},\"breadcrumb\":{\"@id\":\"https:\/\/diarioabcdemichoacan.com.mx\/lasnoticias\/15-de-febrero-abrira-sus-puertas-el-nuevo-mercado-municipal-de-patzcuaro\/#breadcrumb\"},\"inLanguage\":\"es\",\"potentialAction\":[{\"@type\":\"ReadAction\",\"target\":[\"https:\/\/diarioabcdemichoacan.com.mx\/lasnoticias\/15-de-febrero-abrira-sus-puertas-el-nuevo-mercado-municipal-de-patzcuaro\/\"]}]},{\"@type\":\"ImageObject\",\"inLanguage\":\"es\",\"@id\":\"https:\/\/diarioabcdemichoacan.com.mx\/lasnoticias\/15-de-febrero-abrira-sus-puertas-el-nuevo-mercado-municipal-de-patzcuaro\/#primaryimage\",\"url\":\"https:\/\/diarioabcdemichoacan.com.mx\/lasnoticias\/wp-content\/uploads\/2025\/01\/IMG-20250106-WA0060.jpg\",\"contentUrl\":\"https:\/\/diarioabcdemichoacan.com.mx\/lasnoticias\/wp-content\/uploads\/2025\/01\/IMG-20250106-WA0060.jpg\",\"width\":960,\"height\":720},{\"@type\":\"BreadcrumbList\",\"@id\":\"https:\/\/diarioabcdemichoacan.com.mx\/lasnoticias\/15-de-febrero-abrira-sus-puertas-el-nuevo-mercado-municipal-de-patzcuaro\/#breadcrumb\",\"itemListElement\":[{\"@type\":\"ListItem\",\"position\":1,\"name\":\"Portada\",\"item\":\"https:\/\/diarioabcdemichoacan.com.mx\/lasnoticias\/\"},{\"@type\":\"ListItem\",\"position\":2,\"name\":\"15 de febrero abrir\u00e1 sus puertas el nuevo Mercado Municipal de P\u00e1tzcuaro\"}]},{\"@type\":\"WebSite\",\"@id\":\"https:\/\/diarioabcdemichoacan.com.mx\/lasnoticias\/#website\",\"url\":\"https:\/\/diarioabcdemichoacan.com.mx\/lasnoticias\/\",\"name\":\"Diario ABC de Michoac\u00e1n\",\"description\":\"Las noticias al momento\",\"potentialAction\":[{\"@type\":\"SearchAction\",\"target\":{\"@type\":\"EntryPoint\",\"urlTemplate\":\"https:\/\/diarioabcdemichoacan.com.mx\/lasnoticias\/?s={search_term_string}\"},\"query-input\":{\"@type\":\"PropertyValueSpecification\",\"valueRequired\":true,\"valueName\":\"search_term_string\"}}],\"inLanguage\":\"es\"},{\"@type\":\"Person\",\"@id\":\"https:\/\/diarioabcdemichoacan.com.mx\/lasnoticias\/#\/schema\/person\/19ae376040f6cbc489682ebdd8524852\",\"name\":\"AR\",\"image\":{\"@type\":\"ImageObject\",\"inLanguage\":\"es\",\"@id\":\"https:\/\/diarioabcdemichoacan.com.mx\/lasnoticias\/#\/schema\/person\/image\/\",\"url\":\"https:\/\/secure.gravatar.com\/avatar\/44eca2ff970262234e20e1e082872af0?s=96&d=mm&r=g\",\"contentUrl\":\"https:\/\/secure.gravatar.com\/avatar\/44eca2ff970262234e20e1e082872af0?s=96&d=mm&r=g\",\"caption\":\"AR\"},\"url\":\"https:\/\/diarioabcdemichoacan.com.mx\/lasnoticias\/author\/adrian\/\"}]}<\/script>\n<!-- \/ Yoast SEO plugin. -->","yoast_head_json":{"title":"15 de febrero abrir\u00e1 sus puertas el nuevo Mercado Municipal de P\u00e1tzcuaro - Diario ABC de Michoac\u00e1n","robots":{"index":"index","follow":"follow","max-snippet":"max-snippet:-1","max-image-preview":"max-image-preview:large","max-video-preview":"max-video-preview:-1"},"canonical":"https:\/\/diarioabcdemichoacan.com.mx\/lasnoticias\/15-de-febrero-abrira-sus-puertas-el-nuevo-mercado-municipal-de-patzcuaro\/","og_locale":"es_ES","og_type":"article","og_title":"15 de febrero abrir\u00e1 sus puertas el nuevo Mercado Municipal de P\u00e1tzcuaro - Diario ABC de Michoac\u00e1n","og_description":"Por Sara\u00ed Rangel Morelia, Mich.- Se realizan las \u00faltimas adecuaciones y acabados para la pr\u00f3xima inauguraci\u00f3n del Mercado Municipal de P\u00e1tzcuaro, contemplada para el 15 de febrero, seg\u00fan lo dio a conocer Gladys Butanda Mac\u00edas titular de la Secretar\u00eda de Desarrollo Urbano y Movilidad del Estado de Michoac\u00e1n. Al ser una temporada alta en ventas [&hellip;]","og_url":"https:\/\/diarioabcdemichoacan.com.mx\/lasnoticias\/15-de-febrero-abrira-sus-puertas-el-nuevo-mercado-municipal-de-patzcuaro\/","og_site_name":"Diario ABC de Michoac\u00e1n","article_published_time":"2025-01-06T19:40:08+00:00","og_image":[{"width":960,"height":720,"url":"https:\/\/diarioabcdemichoacan.com.mx\/lasnoticias\/wp-content\/uploads\/2025\/01\/IMG-20250106-WA0060.jpg","type":"image\/jpeg"}],"author":"AR","twitter_card":"summary_large_image","twitter_misc":{"Escrito por":"AR","Tiempo de lectura":"2 minutos"},"schema":{"@context":"https:\/\/schema.org","@graph":[{"@type":"WebPage","@id":"https:\/\/diarioabcdemichoacan.com.mx\/lasnoticias\/15-de-febrero-abrira-sus-puertas-el-nuevo-mercado-municipal-de-patzcuaro\/","url":"https:\/\/diarioabcdemichoacan.com.mx\/lasnoticias\/15-de-febrero-abrira-sus-puertas-el-nuevo-mercado-municipal-de-patzcuaro\/","name":"15 de febrero abrir\u00e1 sus puertas el nuevo Mercado Municipal de P\u00e1tzcuaro - Diario ABC de Michoac\u00e1n","isPartOf":{"@id":"https:\/\/diarioabcdemichoacan.com.mx\/lasnoticias\/#website"},"primaryImageOfPage":{"@id":"https:\/\/diarioabcdemichoacan.com.mx\/lasnoticias\/15-de-febrero-abrira-sus-puertas-el-nuevo-mercado-municipal-de-patzcuaro\/#primaryimage"},"image":{"@id":"https:\/\/diarioabcdemichoacan.com.mx\/lasnoticias\/15-de-febrero-abrira-sus-puertas-el-nuevo-mercado-municipal-de-patzcuaro\/#primaryimage"},"thumbnailUrl":"https:\/\/diarioabcdemichoacan.com.mx\/lasnoticias\/wp-content\/uploads\/2025\/01\/IMG-20250106-WA0060.jpg","datePublished":"2025-01-06T19:40:08+00:00","dateModified":"2025-01-06T19:40:08+00:00","author":{"@id":"https:\/\/diarioabcdemichoacan.com.mx\/lasnoticias\/#\/schema\/person\/19ae376040f6cbc489682ebdd8524852"},"breadcrumb":{"@id":"https:\/\/diarioabcdemichoacan.com.mx\/lasnoticias\/15-de-febrero-abrira-sus-puertas-el-nuevo-mercado-municipal-de-patzcuaro\/#breadcrumb"},"inLanguage":"es","potentialAction":[{"@type":"ReadAction","target":["https:\/\/diarioabcdemichoacan.com.mx\/lasnoticias\/15-de-febrero-abrira-sus-puertas-el-nuevo-mercado-municipal-de-patzcuaro\/"]}]},{"@type":"ImageObject","inLanguage":"es","@id":"https:\/\/diarioabcdemichoacan.com.mx\/lasnoticias\/15-de-febrero-abrira-sus-puertas-el-nuevo-mercado-municipal-de-patzcuaro\/#primaryimage","url":"https:\/\/diarioabcdemichoacan.com.mx\/lasnoticias\/wp-content\/uploads\/2025\/01\/IMG-20250106-WA0060.jpg","contentUrl":"https:\/\/diarioabcdemichoacan.com.mx\/lasnoticias\/wp-content\/uploads\/2025\/01\/IMG-20250106-WA0060.jpg","width":960,"height":720},{"@type":"BreadcrumbList","@id":"https:\/\/diarioabcdemichoacan.com.mx\/lasnoticias\/15-de-febrero-abrira-sus-puertas-el-nuevo-mercado-municipal-de-patzcuaro\/#breadcrumb","itemListElement":[{"@type":"ListItem","position":1,"name":"Portada","item":"https:\/\/diarioabcdemichoacan.com.mx\/lasnoticias\/"},{"@type":"ListItem","position":2,"name":"15 de febrero abrir\u00e1 sus puertas el nuevo Mercado Municipal de P\u00e1tzcuaro"}]},{"@type":"WebSite","@id":"https:\/\/diarioabcdemichoacan.com.mx\/lasnoticias\/#website","url":"https:\/\/diarioabcdemichoacan.com.mx\/lasnoticias\/","name":"Diario ABC de Michoac\u00e1n","description":"Las noticias al momento","potentialAction":[{"@type":"SearchAction","target":{"@type":"EntryPoint","urlTemplate":"https:\/\/diarioabcdemichoacan.com.mx\/lasnoticias\/?s={search_term_string}"},"query-input":{"@type":"PropertyValueSpecification","valueRequired":true,"valueName":"search_term_string"}}],"inLanguage":"es"},{"@type":"Person","@id":"https:\/\/diarioabcdemichoacan.com.mx\/lasnoticias\/#\/schema\/person\/19ae376040f6cbc489682ebdd8524852","name":"AR","image":{"@type":"ImageObject","inLanguage":"es","@id":"https:\/\/diarioabcdemichoacan.com.mx\/lasnoticias\/#\/schema\/person\/image\/","url":"https:\/\/secure.gravatar.com\/avatar\/44eca2ff970262234e20e1e082872af0?s=96&d=mm&r=g","contentUrl":"https:\/\/secure.gravatar.com\/avatar\/44eca2ff970262234e20e1e082872af0?s=96&d=mm&r=g","caption":"AR"},"url":"https:\/\/diarioabcdemichoacan.com.mx\/lasnoticias\/author\/adrian\/"}]}},"_links":{"self":[{"href":"https:\/\/diarioabcdemichoacan.com.mx\/lasnoticias\/wp-json\/wp\/v2\/posts\/41109","targetHints":{"allow":["GET"]}}],"collection":[{"href":"https:\/\/diarioabcdemichoacan.com.mx\/lasnoticias\/wp-json\/wp\/v2\/posts"}],"about":[{"href":"https:\/\/diarioabcdemichoacan.com.mx\/lasnoticias\/wp-json\/wp\/v2\/types\/post"}],"author":[{"embeddable":true,"href":"https:\/\/diarioabcdemichoacan.com.mx\/lasnoticias\/wp-json\/wp\/v2\/users\/9"}],"replies":[{"embeddable":true,"href":"https:\/\/diarioabcdemichoacan.com.mx\/lasnoticias\/wp-json\/wp\/v2\/comments?post=41109"}],"version-history":[{"count":1,"href":"https:\/\/diarioabcdemichoacan.com.mx\/lasnoticias\/wp-json\/wp\/v2\/posts\/41109\/revisions"}],"predecessor-version":[{"id":41111,"href":"https:\/\/diarioabcdemichoacan.com.mx\/lasnoticias\/wp-json\/wp\/v2\/posts\/41109\/revisions\/41111"}],"wp:featuredmedia":[{"embeddable":true,"href":"https:\/\/diarioabcdemichoacan.com.mx\/lasnoticias\/wp-json\/wp\/v2\/media\/41110"}],"wp:attachment":[{"href":"https:\/\/diarioabcdemichoacan.com.mx\/lasnoticias\/wp-json\/wp\/v2\/media?parent=41109"}],"wp:term":[{"taxonomy":"category","embeddable":true,"href":"https:\/\/diarioabcdemichoacan.com.mx\/lasnoticias\/wp-json\/wp\/v2\/categories?post=41109"},{"taxonomy":"post_tag","embeddable":true,"href":"https:\/\/diarioabcdemichoacan.com.mx\/lasnoticias\/wp-json\/wp\/v2\/tags?post=41109"}],"curies":[{"name":"wp","href":"https:\/\/api.w.org\/{rel}","templated":true}]}}