{"id":41256,"date":"2025-01-07T14:22:04","date_gmt":"2025-01-07T20:22:04","guid":{"rendered":"https:\/\/diarioabcdemichoacan.com.mx\/lasnoticias\/?p=41256"},"modified":"2025-01-07T14:23:32","modified_gmt":"2025-01-07T20:23:32","slug":"sanear-problematicas-de-patzcuaro-y-alrededores-el-objetivo-tono-mendoza","status":"publish","type":"post","link":"https:\/\/diarioabcdemichoacan.com.mx\/lasnoticias\/sanear-problematicas-de-patzcuaro-y-alrededores-el-objetivo-tono-mendoza\/","title":{"rendered":"Sanear problem\u00e1ticas de P\u00e1tzcuaro y alrededores, el objetivo: To\u00f1o Mendoza"},"content":{"rendered":"<p>Se comprometi\u00f3 a continuar impulsando el desarrollo de un mejor Michoac\u00e1n durante el Segundo Periodo Legislativo<\/p>\n<hr \/>\n<p>P\u00e1tzcuaro Michoac\u00e1n.- Bajo la premisa de legislar para disminuir las problem\u00e1ticas que afectan a las y los michoacanos, el diputado por Distrito XV, Antonio Mendoza, manifest\u00f3 que durante el pr\u00f3ximo periodo legislativo, continuar\u00e1 trabajando defendiendo los intereses del pueblo siendo un aliado estrat\u00e9gico en el fortalecimiento del desarrollo de P\u00e1tzcuaro y sus alrededores.<\/p>\n<p>Record\u00f3 que desde su toma de protesta el pasado 16 de septiembre, ha impulsado la iniciativa en materia de cambio clim\u00e1tico, que busca modificar el C\u00f3digo Penal para regular el uso de ca\u00f1ones antigranizo, estableciendo penas privativas de libertad para quienes utilicen estos dispositivos de manera indebida, lo que, \u201cresponde a la preocupaci\u00f3n de las comunidades sobre los impactos negativos en los ciclos naturales de lluvia y los da\u00f1os al ecosistema y proteger los recursos h\u00eddricos de la regi\u00f3n\u201d, se\u00f1al\u00f3 el legislador.<\/p>\n<p>Cabe destacar, que el Pleno de la76 Legislatura aprob\u00f3 en el Presupuesto de Egresos para el Ejercicio Fiscal 2025, aprob\u00f3 la asignaci\u00f3n de 40 millones de pesos adicionales para acciones de saneamiento h\u00eddrico, control de descargas y programas educativos que promuevan el uso sostenible del agua, esto para la recuperaci\u00f3n ecol\u00f3gica del Lago de P\u00e1tzcuaro, propuesta promovida por el diputado del Distrito XV y respaldada por el Grupo Parlamentario de Morena.<\/p>\n<p>Asimismo, To\u00f1o Mendoza refrend\u00f3 su compromiso por transformar las adversidades del Distrito XV en oportunidades de desarrollo y bienestar, \u201cseguiremos trabajando con estrategia, dedicaci\u00f3n comprometidos con las causas m\u00e1s nobles del pueblo, todo para construir un mejor Michoac\u00e1n\u201d, enfatiz\u00f3.<\/p>\n<p>Finalmente, declar\u00f3 que bajo los ideales de la Cuarta Transformaci\u00f3n continuar\u00e1 trabajando para que cada iniciativa y acci\u00f3n legislativa se traduzca en beneficios tangibles para las comunidades que representa y de todos los michoacanos.<\/p>\n<p>COMUNICADO<\/p>\n","protected":false},"excerpt":{"rendered":"<p>Se comprometi\u00f3 a continuar impulsando el desarrollo de un mejor Michoac\u00e1n durante el Segundo Periodo Legislativo P\u00e1tzcuaro Michoac\u00e1n.- Bajo la premisa de legislar para disminuir las problem\u00e1ticas que afectan a las y los michoacanos, el diputado por Distrito XV, Antonio Mendoza, manifest\u00f3 que durante el pr\u00f3ximo periodo legislativo, continuar\u00e1 trabajando defendiendo los intereses del pueblo [&hellip;]<\/p>\n","protected":false},"author":6,"featured_media":41257,"comment_status":"closed","ping_status":"closed","sticky":false,"template":"","format":"standard","meta":{"footnotes":""},"categories":[13,22,10],"tags":[],"class_list":{"0":"post-41256","1":"post","2":"type-post","3":"status-publish","4":"format-standard","5":"has-post-thumbnail","7":"category-congreso","8":"category-congreso-de-michoacan","9":"category-estado"},"yoast_head":"<!-- This site is optimized with the Yoast SEO plugin v24.0 - https:\/\/yoast.com\/wordpress\/plugins\/seo\/ -->\n<title>Sanear problem\u00e1ticas de P\u00e1tzcuaro y alrededores, el objetivo: To\u00f1o Mendoza - Diario ABC de Michoac\u00e1n<\/title>\n<meta name=\"robots\" content=\"index, follow, max-snippet:-1, max-image-preview:large, max-video-preview:-1\" \/>\n<link rel=\"canonical\" href=\"https:\/\/diarioabcdemichoacan.com.mx\/lasnoticias\/sanear-problematicas-de-patzcuaro-y-alrededores-el-objetivo-tono-mendoza\/\" \/>\n<meta property=\"og:locale\" content=\"es_ES\" \/>\n<meta property=\"og:type\" content=\"article\" \/>\n<meta property=\"og:title\" content=\"Sanear problem\u00e1ticas de P\u00e1tzcuaro y alrededores, el objetivo: To\u00f1o Mendoza - Diario ABC de Michoac\u00e1n\" \/>\n<meta property=\"og:description\" content=\"Se comprometi\u00f3 a continuar impulsando el desarrollo de un mejor Michoac\u00e1n durante el Segundo Periodo Legislativo P\u00e1tzcuaro Michoac\u00e1n.- Bajo la premisa de legislar para disminuir las problem\u00e1ticas que afectan a las y los michoacanos, el diputado por Distrito XV, Antonio Mendoza, manifest\u00f3 que durante el pr\u00f3ximo periodo legislativo, continuar\u00e1 trabajando defendiendo los intereses del pueblo [&hellip;]\" \/>\n<meta property=\"og:url\" content=\"https:\/\/diarioabcdemichoacan.com.mx\/lasnoticias\/sanear-problematicas-de-patzcuaro-y-alrededores-el-objetivo-tono-mendoza\/\" \/>\n<meta property=\"og:site_name\" content=\"Diario ABC de Michoac\u00e1n\" \/>\n<meta property=\"article:published_time\" content=\"2025-01-07T20:22:04+00:00\" \/>\n<meta property=\"article:modified_time\" content=\"2025-01-07T20:23:32+00:00\" \/>\n<meta property=\"og:image\" content=\"https:\/\/diarioabcdemichoacan.com.mx\/lasnoticias\/wp-content\/uploads\/2025\/01\/Sanear-problematicas-de-Patzcuaro-y-alrededores-el-objetivo-Tono-Mendoza.jpg\" \/>\n\t<meta property=\"og:image:width\" content=\"1600\" \/>\n\t<meta property=\"og:image:height\" content=\"1066\" \/>\n\t<meta property=\"og:image:type\" content=\"image\/jpeg\" \/>\n<meta name=\"author\" content=\"MB\" \/>\n<meta name=\"twitter:card\" content=\"summary_large_image\" \/>\n<meta name=\"twitter:label1\" content=\"Escrito por\" \/>\n\t<meta name=\"twitter:data1\" content=\"MB\" \/>\n\t<meta name=\"twitter:label2\" content=\"Tiempo de lectura\" \/>\n\t<meta name=\"twitter:data2\" content=\"2 minutos\" \/>\n<script type=\"application\/ld+json\" class=\"yoast-schema-graph\">{\"@context\":\"https:\/\/schema.org\",\"@graph\":[{\"@type\":\"WebPage\",\"@id\":\"https:\/\/diarioabcdemichoacan.com.mx\/lasnoticias\/sanear-problematicas-de-patzcuaro-y-alrededores-el-objetivo-tono-mendoza\/\",\"url\":\"https:\/\/diarioabcdemichoacan.com.mx\/lasnoticias\/sanear-problematicas-de-patzcuaro-y-alrededores-el-objetivo-tono-mendoza\/\",\"name\":\"Sanear problem\u00e1ticas de P\u00e1tzcuaro y alrededores, el objetivo: To\u00f1o Mendoza - Diario ABC de Michoac\u00e1n\",\"isPartOf\":{\"@id\":\"https:\/\/diarioabcdemichoacan.com.mx\/lasnoticias\/#website\"},\"primaryImageOfPage\":{\"@id\":\"https:\/\/diarioabcdemichoacan.com.mx\/lasnoticias\/sanear-problematicas-de-patzcuaro-y-alrededores-el-objetivo-tono-mendoza\/#primaryimage\"},\"image\":{\"@id\":\"https:\/\/diarioabcdemichoacan.com.mx\/lasnoticias\/sanear-problematicas-de-patzcuaro-y-alrededores-el-objetivo-tono-mendoza\/#primaryimage\"},\"thumbnailUrl\":\"https:\/\/diarioabcdemichoacan.com.mx\/lasnoticias\/wp-content\/uploads\/2025\/01\/Sanear-problematicas-de-Patzcuaro-y-alrededores-el-objetivo-Tono-Mendoza.jpg\",\"datePublished\":\"2025-01-07T20:22:04+00:00\",\"dateModified\":\"2025-01-07T20:23:32+00:00\",\"author\":{\"@id\":\"https:\/\/diarioabcdemichoacan.com.mx\/lasnoticias\/#\/schema\/person\/0546f9c3407148f7452ca932715c5e88\"},\"breadcrumb\":{\"@id\":\"https:\/\/diarioabcdemichoacan.com.mx\/lasnoticias\/sanear-problematicas-de-patzcuaro-y-alrededores-el-objetivo-tono-mendoza\/#breadcrumb\"},\"inLanguage\":\"es\",\"potentialAction\":[{\"@type\":\"ReadAction\",\"target\":[\"https:\/\/diarioabcdemichoacan.com.mx\/lasnoticias\/sanear-problematicas-de-patzcuaro-y-alrededores-el-objetivo-tono-mendoza\/\"]}]},{\"@type\":\"ImageObject\",\"inLanguage\":\"es\",\"@id\":\"https:\/\/diarioabcdemichoacan.com.mx\/lasnoticias\/sanear-problematicas-de-patzcuaro-y-alrededores-el-objetivo-tono-mendoza\/#primaryimage\",\"url\":\"https:\/\/diarioabcdemichoacan.com.mx\/lasnoticias\/wp-content\/uploads\/2025\/01\/Sanear-problematicas-de-Patzcuaro-y-alrededores-el-objetivo-Tono-Mendoza.jpg\",\"contentUrl\":\"https:\/\/diarioabcdemichoacan.com.mx\/lasnoticias\/wp-content\/uploads\/2025\/01\/Sanear-problematicas-de-Patzcuaro-y-alrededores-el-objetivo-Tono-Mendoza.jpg\",\"width\":1600,\"height\":1066},{\"@type\":\"BreadcrumbList\",\"@id\":\"https:\/\/diarioabcdemichoacan.com.mx\/lasnoticias\/sanear-problematicas-de-patzcuaro-y-alrededores-el-objetivo-tono-mendoza\/#breadcrumb\",\"itemListElement\":[{\"@type\":\"ListItem\",\"position\":1,\"name\":\"Portada\",\"item\":\"https:\/\/diarioabcdemichoacan.com.mx\/lasnoticias\/\"},{\"@type\":\"ListItem\",\"position\":2,\"name\":\"Sanear problem\u00e1ticas de P\u00e1tzcuaro y alrededores, el objetivo: To\u00f1o Mendoza\"}]},{\"@type\":\"WebSite\",\"@id\":\"https:\/\/diarioabcdemichoacan.com.mx\/lasnoticias\/#website\",\"url\":\"https:\/\/diarioabcdemichoacan.com.mx\/lasnoticias\/\",\"name\":\"Diario ABC de Michoac\u00e1n\",\"description\":\"Las noticias al momento\",\"potentialAction\":[{\"@type\":\"SearchAction\",\"target\":{\"@type\":\"EntryPoint\",\"urlTemplate\":\"https:\/\/diarioabcdemichoacan.com.mx\/lasnoticias\/?s={search_term_string}\"},\"query-input\":{\"@type\":\"PropertyValueSpecification\",\"valueRequired\":true,\"valueName\":\"search_term_string\"}}],\"inLanguage\":\"es\"},{\"@type\":\"Person\",\"@id\":\"https:\/\/diarioabcdemichoacan.com.mx\/lasnoticias\/#\/schema\/person\/0546f9c3407148f7452ca932715c5e88\",\"name\":\"MB\",\"image\":{\"@type\":\"ImageObject\",\"inLanguage\":\"es\",\"@id\":\"https:\/\/diarioabcdemichoacan.com.mx\/lasnoticias\/#\/schema\/person\/image\/\",\"url\":\"https:\/\/secure.gravatar.com\/avatar\/adcd41fde6b8d0b5d9d0de001d3112b3?s=96&d=mm&r=g\",\"contentUrl\":\"https:\/\/secure.gravatar.com\/avatar\/adcd41fde6b8d0b5d9d0de001d3112b3?s=96&d=mm&r=g\",\"caption\":\"MB\"},\"url\":\"https:\/\/diarioabcdemichoacan.com.mx\/lasnoticias\/author\/bomariano03\/\"}]}<\/script>\n<!-- \/ Yoast SEO plugin. -->","yoast_head_json":{"title":"Sanear problem\u00e1ticas de P\u00e1tzcuaro y alrededores, el objetivo: To\u00f1o Mendoza - Diario ABC de Michoac\u00e1n","robots":{"index":"index","follow":"follow","max-snippet":"max-snippet:-1","max-image-preview":"max-image-preview:large","max-video-preview":"max-video-preview:-1"},"canonical":"https:\/\/diarioabcdemichoacan.com.mx\/lasnoticias\/sanear-problematicas-de-patzcuaro-y-alrededores-el-objetivo-tono-mendoza\/","og_locale":"es_ES","og_type":"article","og_title":"Sanear problem\u00e1ticas de P\u00e1tzcuaro y alrededores, el objetivo: To\u00f1o Mendoza - Diario ABC de Michoac\u00e1n","og_description":"Se comprometi\u00f3 a continuar impulsando el desarrollo de un mejor Michoac\u00e1n durante el Segundo Periodo Legislativo P\u00e1tzcuaro Michoac\u00e1n.- Bajo la premisa de legislar para disminuir las problem\u00e1ticas que afectan a las y los michoacanos, el diputado por Distrito XV, Antonio Mendoza, manifest\u00f3 que durante el pr\u00f3ximo periodo legislativo, continuar\u00e1 trabajando defendiendo los intereses del pueblo [&hellip;]","og_url":"https:\/\/diarioabcdemichoacan.com.mx\/lasnoticias\/sanear-problematicas-de-patzcuaro-y-alrededores-el-objetivo-tono-mendoza\/","og_site_name":"Diario ABC de Michoac\u00e1n","article_published_time":"2025-01-07T20:22:04+00:00","article_modified_time":"2025-01-07T20:23:32+00:00","og_image":[{"width":1600,"height":1066,"url":"https:\/\/diarioabcdemichoacan.com.mx\/lasnoticias\/wp-content\/uploads\/2025\/01\/Sanear-problematicas-de-Patzcuaro-y-alrededores-el-objetivo-Tono-Mendoza.jpg","type":"image\/jpeg"}],"author":"MB","twitter_card":"summary_large_image","twitter_misc":{"Escrito por":"MB","Tiempo de lectura":"2 minutos"},"schema":{"@context":"https:\/\/schema.org","@graph":[{"@type":"WebPage","@id":"https:\/\/diarioabcdemichoacan.com.mx\/lasnoticias\/sanear-problematicas-de-patzcuaro-y-alrededores-el-objetivo-tono-mendoza\/","url":"https:\/\/diarioabcdemichoacan.com.mx\/lasnoticias\/sanear-problematicas-de-patzcuaro-y-alrededores-el-objetivo-tono-mendoza\/","name":"Sanear problem\u00e1ticas de P\u00e1tzcuaro y alrededores, el objetivo: To\u00f1o Mendoza - Diario ABC de Michoac\u00e1n","isPartOf":{"@id":"https:\/\/diarioabcdemichoacan.com.mx\/lasnoticias\/#website"},"primaryImageOfPage":{"@id":"https:\/\/diarioabcdemichoacan.com.mx\/lasnoticias\/sanear-problematicas-de-patzcuaro-y-alrededores-el-objetivo-tono-mendoza\/#primaryimage"},"image":{"@id":"https:\/\/diarioabcdemichoacan.com.mx\/lasnoticias\/sanear-problematicas-de-patzcuaro-y-alrededores-el-objetivo-tono-mendoza\/#primaryimage"},"thumbnailUrl":"https:\/\/diarioabcdemichoacan.com.mx\/lasnoticias\/wp-content\/uploads\/2025\/01\/Sanear-problematicas-de-Patzcuaro-y-alrededores-el-objetivo-Tono-Mendoza.jpg","datePublished":"2025-01-07T20:22:04+00:00","dateModified":"2025-01-07T20:23:32+00:00","author":{"@id":"https:\/\/diarioabcdemichoacan.com.mx\/lasnoticias\/#\/schema\/person\/0546f9c3407148f7452ca932715c5e88"},"breadcrumb":{"@id":"https:\/\/diarioabcdemichoacan.com.mx\/lasnoticias\/sanear-problematicas-de-patzcuaro-y-alrededores-el-objetivo-tono-mendoza\/#breadcrumb"},"inLanguage":"es","potentialAction":[{"@type":"ReadAction","target":["https:\/\/diarioabcdemichoacan.com.mx\/lasnoticias\/sanear-problematicas-de-patzcuaro-y-alrededores-el-objetivo-tono-mendoza\/"]}]},{"@type":"ImageObject","inLanguage":"es","@id":"https:\/\/diarioabcdemichoacan.com.mx\/lasnoticias\/sanear-problematicas-de-patzcuaro-y-alrededores-el-objetivo-tono-mendoza\/#primaryimage","url":"https:\/\/diarioabcdemichoacan.com.mx\/lasnoticias\/wp-content\/uploads\/2025\/01\/Sanear-problematicas-de-Patzcuaro-y-alrededores-el-objetivo-Tono-Mendoza.jpg","contentUrl":"https:\/\/diarioabcdemichoacan.com.mx\/lasnoticias\/wp-content\/uploads\/2025\/01\/Sanear-problematicas-de-Patzcuaro-y-alrededores-el-objetivo-Tono-Mendoza.jpg","width":1600,"height":1066},{"@type":"BreadcrumbList","@id":"https:\/\/diarioabcdemichoacan.com.mx\/lasnoticias\/sanear-problematicas-de-patzcuaro-y-alrededores-el-objetivo-tono-mendoza\/#breadcrumb","itemListElement":[{"@type":"ListItem","position":1,"name":"Portada","item":"https:\/\/diarioabcdemichoacan.com.mx\/lasnoticias\/"},{"@type":"ListItem","position":2,"name":"Sanear problem\u00e1ticas de P\u00e1tzcuaro y alrededores, el objetivo: To\u00f1o Mendoza"}]},{"@type":"WebSite","@id":"https:\/\/diarioabcdemichoacan.com.mx\/lasnoticias\/#website","url":"https:\/\/diarioabcdemichoacan.com.mx\/lasnoticias\/","name":"Diario ABC de Michoac\u00e1n","description":"Las noticias al momento","potentialAction":[{"@type":"SearchAction","target":{"@type":"EntryPoint","urlTemplate":"https:\/\/diarioabcdemichoacan.com.mx\/lasnoticias\/?s={search_term_string}"},"query-input":{"@type":"PropertyValueSpecification","valueRequired":true,"valueName":"search_term_string"}}],"inLanguage":"es"},{"@type":"Person","@id":"https:\/\/diarioabcdemichoacan.com.mx\/lasnoticias\/#\/schema\/person\/0546f9c3407148f7452ca932715c5e88","name":"MB","image":{"@type":"ImageObject","inLanguage":"es","@id":"https:\/\/diarioabcdemichoacan.com.mx\/lasnoticias\/#\/schema\/person\/image\/","url":"https:\/\/secure.gravatar.com\/avatar\/adcd41fde6b8d0b5d9d0de001d3112b3?s=96&d=mm&r=g","contentUrl":"https:\/\/secure.gravatar.com\/avatar\/adcd41fde6b8d0b5d9d0de001d3112b3?s=96&d=mm&r=g","caption":"MB"},"url":"https:\/\/diarioabcdemichoacan.com.mx\/lasnoticias\/author\/bomariano03\/"}]}},"_links":{"self":[{"href":"https:\/\/diarioabcdemichoacan.com.mx\/lasnoticias\/wp-json\/wp\/v2\/posts\/41256","targetHints":{"allow":["GET"]}}],"collection":[{"href":"https:\/\/diarioabcdemichoacan.com.mx\/lasnoticias\/wp-json\/wp\/v2\/posts"}],"about":[{"href":"https:\/\/diarioabcdemichoacan.com.mx\/lasnoticias\/wp-json\/wp\/v2\/types\/post"}],"author":[{"embeddable":true,"href":"https:\/\/diarioabcdemichoacan.com.mx\/lasnoticias\/wp-json\/wp\/v2\/users\/6"}],"replies":[{"embeddable":true,"href":"https:\/\/diarioabcdemichoacan.com.mx\/lasnoticias\/wp-json\/wp\/v2\/comments?post=41256"}],"version-history":[{"count":2,"href":"https:\/\/diarioabcdemichoacan.com.mx\/lasnoticias\/wp-json\/wp\/v2\/posts\/41256\/revisions"}],"predecessor-version":[{"id":41262,"href":"https:\/\/diarioabcdemichoacan.com.mx\/lasnoticias\/wp-json\/wp\/v2\/posts\/41256\/revisions\/41262"}],"wp:featuredmedia":[{"embeddable":true,"href":"https:\/\/diarioabcdemichoacan.com.mx\/lasnoticias\/wp-json\/wp\/v2\/media\/41257"}],"wp:attachment":[{"href":"https:\/\/diarioabcdemichoacan.com.mx\/lasnoticias\/wp-json\/wp\/v2\/media?parent=41256"}],"wp:term":[{"taxonomy":"category","embeddable":true,"href":"https:\/\/diarioabcdemichoacan.com.mx\/lasnoticias\/wp-json\/wp\/v2\/categories?post=41256"},{"taxonomy":"post_tag","embeddable":true,"href":"https:\/\/diarioabcdemichoacan.com.mx\/lasnoticias\/wp-json\/wp\/v2\/tags?post=41256"}],"curies":[{"name":"wp","href":"https:\/\/api.w.org\/{rel}","templated":true}]}}