{"id":41860,"date":"2025-01-12T16:52:30","date_gmt":"2025-01-12T22:52:30","guid":{"rendered":"https:\/\/diarioabcdemichoacan.com.mx\/lasnoticias\/?p=41860"},"modified":"2025-01-12T16:52:30","modified_gmt":"2025-01-12T22:52:30","slug":"congreso-prepara-queja-contra-amparo-que-suspende-eleccion-de-jueces","status":"publish","type":"post","link":"https:\/\/diarioabcdemichoacan.com.mx\/lasnoticias\/congreso-prepara-queja-contra-amparo-que-suspende-eleccion-de-jueces\/","title":{"rendered":"Congreso prepara queja contra amparo que suspende elecci\u00f3n de jueces"},"content":{"rendered":"<p>Por Am\u00e9rica Ju\u00e1rez Navarro<\/p>\n<hr \/>\n<p>Morelia, Mich.- Luego que ante el Congreso del Estado llegaran tres amparos promovidos por jueces para impedir que se lleve a cabo la elecci\u00f3n del Poder Judicial en Michoac\u00e1n, el presidente de la Mesa Directiva, Juan Antonio Maga\u00f1a de la Mora, expres\u00f3 su desacuerdo con la decisi\u00f3n del \u00f3rgano jurisdiccional, anunci\u00f3 que presentar\u00e1n queja para impugnar la decisi\u00f3n.<\/p>\n<p>Mientras tanto, dijo, continuaran los trabajos de preparaci\u00f3n del proceso, esto al confiar que la queja sea resuelta a la brevedad y antes de que se lleve a cabo el proceso de elecci\u00f3n que est\u00e1 previsto para junio.<\/p>\n<p>Indic\u00f3 que el Congreso como autoridad responsable ha contestado en tiempo y forma los informes previos y justificados que han solicitado los jueces federales, al informar que son tres los amparos concedidos por un juez federal a nueve jueces que piden sea suspendido el proceso de elecci\u00f3n del Poder Judicial en Michoac\u00e1n, entre que se ubican en Morelia, Maravat\u00edo, Los Reyes, Jiquilpan, Apatzing\u00e1n, Tac\u00e1mbaro y Uruapan.<\/p>\n<p>Los tres amparos que ha recibido el Congreso de Michoac\u00e1n, uno est\u00e1 planteado por nueve jueces, otro amparo m\u00e1s por un juez de Uruapan y otro tercer amparo por una jueza. Los recursos legales se han promovido contra actos del Congreso en lo que tiene que ver con el proceso de elecci\u00f3n para magistradas y magistrados, juezas y jueces.<\/p>\n<p>\u00abEn estos tres amparos que han planteado, la juez y juez federales que est\u00e1n conociendo el asunto, otorgaron la suspensi\u00f3n provisional. Esto quiere decir, con la suspensi\u00f3n provisional, que lo que est\u00e1n otorgando es que no se remueva a los jueces de sus plazas y ellos est\u00e1n pidiendo que no se les aplique el procedimiento de elecci\u00f3n\u00bb, detall\u00f3.<\/p>\n<p>Finalmente reiter\u00f3 su total desacuerdo en que se haya otorgado la suspensi\u00f3n provisional, porque se est\u00e1 dando respecto de un procedimiento de inter\u00e9s p\u00fablico, de orden social, y no se causa en este momento ning\u00fan perjuicio a quienes est\u00e1n promoviendo el amparo, porque no se les ha removido y siguen desempe\u00f1ando sus funciones. Y segundo, porque en el caso de que llegase a ellos a obtener una sentencia favorable en el amparo, de haber sido removidos por el transcurso del tiempo en la elecci\u00f3n, podr\u00edan ser nuevamente reincorporados y hasta salarios ca\u00eddos se le podr\u00edan otorgar.<\/p>\n","protected":false},"excerpt":{"rendered":"<p>Por Am\u00e9rica Ju\u00e1rez Navarro Morelia, Mich.- Luego que ante el Congreso del Estado llegaran tres amparos promovidos por jueces para impedir que se lleve a cabo la elecci\u00f3n del Poder Judicial en Michoac\u00e1n, el presidente de la Mesa Directiva, Juan Antonio Maga\u00f1a de la Mora, expres\u00f3 su desacuerdo con la decisi\u00f3n del \u00f3rgano jurisdiccional, anunci\u00f3 [&hellip;]<\/p>\n","protected":false},"author":6,"featured_media":41861,"comment_status":"closed","ping_status":"closed","sticky":false,"template":"","format":"standard","meta":{"footnotes":""},"categories":[13,22],"tags":[],"class_list":{"0":"post-41860","1":"post","2":"type-post","3":"status-publish","4":"format-standard","5":"has-post-thumbnail","7":"category-congreso","8":"category-congreso-de-michoacan"},"yoast_head":"<!-- This site is optimized with the Yoast SEO plugin v24.0 - https:\/\/yoast.com\/wordpress\/plugins\/seo\/ -->\n<title>Congreso prepara queja contra amparo que suspende elecci\u00f3n de jueces - Diario ABC de Michoac\u00e1n<\/title>\n<meta name=\"robots\" content=\"index, follow, max-snippet:-1, max-image-preview:large, max-video-preview:-1\" \/>\n<link rel=\"canonical\" href=\"https:\/\/diarioabcdemichoacan.com.mx\/lasnoticias\/congreso-prepara-queja-contra-amparo-que-suspende-eleccion-de-jueces\/\" \/>\n<meta property=\"og:locale\" content=\"es_ES\" \/>\n<meta property=\"og:type\" content=\"article\" \/>\n<meta property=\"og:title\" content=\"Congreso prepara queja contra amparo que suspende elecci\u00f3n de jueces - Diario ABC de Michoac\u00e1n\" \/>\n<meta property=\"og:description\" content=\"Por Am\u00e9rica Ju\u00e1rez Navarro Morelia, Mich.- Luego que ante el Congreso del Estado llegaran tres amparos promovidos por jueces para impedir que se lleve a cabo la elecci\u00f3n del Poder Judicial en Michoac\u00e1n, el presidente de la Mesa Directiva, Juan Antonio Maga\u00f1a de la Mora, expres\u00f3 su desacuerdo con la decisi\u00f3n del \u00f3rgano jurisdiccional, anunci\u00f3 [&hellip;]\" \/>\n<meta property=\"og:url\" content=\"https:\/\/diarioabcdemichoacan.com.mx\/lasnoticias\/congreso-prepara-queja-contra-amparo-que-suspende-eleccion-de-jueces\/\" \/>\n<meta property=\"og:site_name\" content=\"Diario ABC de Michoac\u00e1n\" \/>\n<meta property=\"article:published_time\" content=\"2025-01-12T22:52:30+00:00\" \/>\n<meta property=\"og:image\" content=\"https:\/\/diarioabcdemichoacan.com.mx\/lasnoticias\/wp-content\/uploads\/2025\/01\/FB_IMG_1736722095484.jpg\" \/>\n\t<meta property=\"og:image:width\" content=\"1080\" \/>\n\t<meta property=\"og:image:height\" content=\"720\" \/>\n\t<meta property=\"og:image:type\" content=\"image\/jpeg\" \/>\n<meta name=\"author\" content=\"MB\" \/>\n<meta name=\"twitter:card\" content=\"summary_large_image\" \/>\n<meta name=\"twitter:label1\" content=\"Escrito por\" \/>\n\t<meta name=\"twitter:data1\" content=\"MB\" \/>\n\t<meta name=\"twitter:label2\" content=\"Tiempo de lectura\" \/>\n\t<meta name=\"twitter:data2\" content=\"2 minutos\" \/>\n<script type=\"application\/ld+json\" class=\"yoast-schema-graph\">{\"@context\":\"https:\/\/schema.org\",\"@graph\":[{\"@type\":\"WebPage\",\"@id\":\"https:\/\/diarioabcdemichoacan.com.mx\/lasnoticias\/congreso-prepara-queja-contra-amparo-que-suspende-eleccion-de-jueces\/\",\"url\":\"https:\/\/diarioabcdemichoacan.com.mx\/lasnoticias\/congreso-prepara-queja-contra-amparo-que-suspende-eleccion-de-jueces\/\",\"name\":\"Congreso prepara queja contra amparo que suspende elecci\u00f3n de jueces - Diario ABC de Michoac\u00e1n\",\"isPartOf\":{\"@id\":\"https:\/\/diarioabcdemichoacan.com.mx\/lasnoticias\/#website\"},\"primaryImageOfPage\":{\"@id\":\"https:\/\/diarioabcdemichoacan.com.mx\/lasnoticias\/congreso-prepara-queja-contra-amparo-que-suspende-eleccion-de-jueces\/#primaryimage\"},\"image\":{\"@id\":\"https:\/\/diarioabcdemichoacan.com.mx\/lasnoticias\/congreso-prepara-queja-contra-amparo-que-suspende-eleccion-de-jueces\/#primaryimage\"},\"thumbnailUrl\":\"https:\/\/diarioabcdemichoacan.com.mx\/lasnoticias\/wp-content\/uploads\/2025\/01\/FB_IMG_1736722095484.jpg\",\"datePublished\":\"2025-01-12T22:52:30+00:00\",\"dateModified\":\"2025-01-12T22:52:30+00:00\",\"author\":{\"@id\":\"https:\/\/diarioabcdemichoacan.com.mx\/lasnoticias\/#\/schema\/person\/0546f9c3407148f7452ca932715c5e88\"},\"breadcrumb\":{\"@id\":\"https:\/\/diarioabcdemichoacan.com.mx\/lasnoticias\/congreso-prepara-queja-contra-amparo-que-suspende-eleccion-de-jueces\/#breadcrumb\"},\"inLanguage\":\"es\",\"potentialAction\":[{\"@type\":\"ReadAction\",\"target\":[\"https:\/\/diarioabcdemichoacan.com.mx\/lasnoticias\/congreso-prepara-queja-contra-amparo-que-suspende-eleccion-de-jueces\/\"]}]},{\"@type\":\"ImageObject\",\"inLanguage\":\"es\",\"@id\":\"https:\/\/diarioabcdemichoacan.com.mx\/lasnoticias\/congreso-prepara-queja-contra-amparo-que-suspende-eleccion-de-jueces\/#primaryimage\",\"url\":\"https:\/\/diarioabcdemichoacan.com.mx\/lasnoticias\/wp-content\/uploads\/2025\/01\/FB_IMG_1736722095484.jpg\",\"contentUrl\":\"https:\/\/diarioabcdemichoacan.com.mx\/lasnoticias\/wp-content\/uploads\/2025\/01\/FB_IMG_1736722095484.jpg\",\"width\":1080,\"height\":720},{\"@type\":\"BreadcrumbList\",\"@id\":\"https:\/\/diarioabcdemichoacan.com.mx\/lasnoticias\/congreso-prepara-queja-contra-amparo-que-suspende-eleccion-de-jueces\/#breadcrumb\",\"itemListElement\":[{\"@type\":\"ListItem\",\"position\":1,\"name\":\"Portada\",\"item\":\"https:\/\/diarioabcdemichoacan.com.mx\/lasnoticias\/\"},{\"@type\":\"ListItem\",\"position\":2,\"name\":\"Congreso prepara queja contra amparo que suspende elecci\u00f3n de jueces\"}]},{\"@type\":\"WebSite\",\"@id\":\"https:\/\/diarioabcdemichoacan.com.mx\/lasnoticias\/#website\",\"url\":\"https:\/\/diarioabcdemichoacan.com.mx\/lasnoticias\/\",\"name\":\"Diario ABC de Michoac\u00e1n\",\"description\":\"Las noticias al momento\",\"potentialAction\":[{\"@type\":\"SearchAction\",\"target\":{\"@type\":\"EntryPoint\",\"urlTemplate\":\"https:\/\/diarioabcdemichoacan.com.mx\/lasnoticias\/?s={search_term_string}\"},\"query-input\":{\"@type\":\"PropertyValueSpecification\",\"valueRequired\":true,\"valueName\":\"search_term_string\"}}],\"inLanguage\":\"es\"},{\"@type\":\"Person\",\"@id\":\"https:\/\/diarioabcdemichoacan.com.mx\/lasnoticias\/#\/schema\/person\/0546f9c3407148f7452ca932715c5e88\",\"name\":\"MB\",\"image\":{\"@type\":\"ImageObject\",\"inLanguage\":\"es\",\"@id\":\"https:\/\/diarioabcdemichoacan.com.mx\/lasnoticias\/#\/schema\/person\/image\/\",\"url\":\"https:\/\/secure.gravatar.com\/avatar\/adcd41fde6b8d0b5d9d0de001d3112b3?s=96&d=mm&r=g\",\"contentUrl\":\"https:\/\/secure.gravatar.com\/avatar\/adcd41fde6b8d0b5d9d0de001d3112b3?s=96&d=mm&r=g\",\"caption\":\"MB\"},\"url\":\"https:\/\/diarioabcdemichoacan.com.mx\/lasnoticias\/author\/bomariano03\/\"}]}<\/script>\n<!-- \/ Yoast SEO plugin. -->","yoast_head_json":{"title":"Congreso prepara queja contra amparo que suspende elecci\u00f3n de jueces - Diario ABC de Michoac\u00e1n","robots":{"index":"index","follow":"follow","max-snippet":"max-snippet:-1","max-image-preview":"max-image-preview:large","max-video-preview":"max-video-preview:-1"},"canonical":"https:\/\/diarioabcdemichoacan.com.mx\/lasnoticias\/congreso-prepara-queja-contra-amparo-que-suspende-eleccion-de-jueces\/","og_locale":"es_ES","og_type":"article","og_title":"Congreso prepara queja contra amparo que suspende elecci\u00f3n de jueces - Diario ABC de Michoac\u00e1n","og_description":"Por Am\u00e9rica Ju\u00e1rez Navarro Morelia, Mich.- Luego que ante el Congreso del Estado llegaran tres amparos promovidos por jueces para impedir que se lleve a cabo la elecci\u00f3n del Poder Judicial en Michoac\u00e1n, el presidente de la Mesa Directiva, Juan Antonio Maga\u00f1a de la Mora, expres\u00f3 su desacuerdo con la decisi\u00f3n del \u00f3rgano jurisdiccional, anunci\u00f3 [&hellip;]","og_url":"https:\/\/diarioabcdemichoacan.com.mx\/lasnoticias\/congreso-prepara-queja-contra-amparo-que-suspende-eleccion-de-jueces\/","og_site_name":"Diario ABC de Michoac\u00e1n","article_published_time":"2025-01-12T22:52:30+00:00","og_image":[{"width":1080,"height":720,"url":"https:\/\/diarioabcdemichoacan.com.mx\/lasnoticias\/wp-content\/uploads\/2025\/01\/FB_IMG_1736722095484.jpg","type":"image\/jpeg"}],"author":"MB","twitter_card":"summary_large_image","twitter_misc":{"Escrito por":"MB","Tiempo de lectura":"2 minutos"},"schema":{"@context":"https:\/\/schema.org","@graph":[{"@type":"WebPage","@id":"https:\/\/diarioabcdemichoacan.com.mx\/lasnoticias\/congreso-prepara-queja-contra-amparo-que-suspende-eleccion-de-jueces\/","url":"https:\/\/diarioabcdemichoacan.com.mx\/lasnoticias\/congreso-prepara-queja-contra-amparo-que-suspende-eleccion-de-jueces\/","name":"Congreso prepara queja contra amparo que suspende elecci\u00f3n de jueces - Diario ABC de Michoac\u00e1n","isPartOf":{"@id":"https:\/\/diarioabcdemichoacan.com.mx\/lasnoticias\/#website"},"primaryImageOfPage":{"@id":"https:\/\/diarioabcdemichoacan.com.mx\/lasnoticias\/congreso-prepara-queja-contra-amparo-que-suspende-eleccion-de-jueces\/#primaryimage"},"image":{"@id":"https:\/\/diarioabcdemichoacan.com.mx\/lasnoticias\/congreso-prepara-queja-contra-amparo-que-suspende-eleccion-de-jueces\/#primaryimage"},"thumbnailUrl":"https:\/\/diarioabcdemichoacan.com.mx\/lasnoticias\/wp-content\/uploads\/2025\/01\/FB_IMG_1736722095484.jpg","datePublished":"2025-01-12T22:52:30+00:00","dateModified":"2025-01-12T22:52:30+00:00","author":{"@id":"https:\/\/diarioabcdemichoacan.com.mx\/lasnoticias\/#\/schema\/person\/0546f9c3407148f7452ca932715c5e88"},"breadcrumb":{"@id":"https:\/\/diarioabcdemichoacan.com.mx\/lasnoticias\/congreso-prepara-queja-contra-amparo-que-suspende-eleccion-de-jueces\/#breadcrumb"},"inLanguage":"es","potentialAction":[{"@type":"ReadAction","target":["https:\/\/diarioabcdemichoacan.com.mx\/lasnoticias\/congreso-prepara-queja-contra-amparo-que-suspende-eleccion-de-jueces\/"]}]},{"@type":"ImageObject","inLanguage":"es","@id":"https:\/\/diarioabcdemichoacan.com.mx\/lasnoticias\/congreso-prepara-queja-contra-amparo-que-suspende-eleccion-de-jueces\/#primaryimage","url":"https:\/\/diarioabcdemichoacan.com.mx\/lasnoticias\/wp-content\/uploads\/2025\/01\/FB_IMG_1736722095484.jpg","contentUrl":"https:\/\/diarioabcdemichoacan.com.mx\/lasnoticias\/wp-content\/uploads\/2025\/01\/FB_IMG_1736722095484.jpg","width":1080,"height":720},{"@type":"BreadcrumbList","@id":"https:\/\/diarioabcdemichoacan.com.mx\/lasnoticias\/congreso-prepara-queja-contra-amparo-que-suspende-eleccion-de-jueces\/#breadcrumb","itemListElement":[{"@type":"ListItem","position":1,"name":"Portada","item":"https:\/\/diarioabcdemichoacan.com.mx\/lasnoticias\/"},{"@type":"ListItem","position":2,"name":"Congreso prepara queja contra amparo que suspende elecci\u00f3n de jueces"}]},{"@type":"WebSite","@id":"https:\/\/diarioabcdemichoacan.com.mx\/lasnoticias\/#website","url":"https:\/\/diarioabcdemichoacan.com.mx\/lasnoticias\/","name":"Diario ABC de Michoac\u00e1n","description":"Las noticias al momento","potentialAction":[{"@type":"SearchAction","target":{"@type":"EntryPoint","urlTemplate":"https:\/\/diarioabcdemichoacan.com.mx\/lasnoticias\/?s={search_term_string}"},"query-input":{"@type":"PropertyValueSpecification","valueRequired":true,"valueName":"search_term_string"}}],"inLanguage":"es"},{"@type":"Person","@id":"https:\/\/diarioabcdemichoacan.com.mx\/lasnoticias\/#\/schema\/person\/0546f9c3407148f7452ca932715c5e88","name":"MB","image":{"@type":"ImageObject","inLanguage":"es","@id":"https:\/\/diarioabcdemichoacan.com.mx\/lasnoticias\/#\/schema\/person\/image\/","url":"https:\/\/secure.gravatar.com\/avatar\/adcd41fde6b8d0b5d9d0de001d3112b3?s=96&d=mm&r=g","contentUrl":"https:\/\/secure.gravatar.com\/avatar\/adcd41fde6b8d0b5d9d0de001d3112b3?s=96&d=mm&r=g","caption":"MB"},"url":"https:\/\/diarioabcdemichoacan.com.mx\/lasnoticias\/author\/bomariano03\/"}]}},"_links":{"self":[{"href":"https:\/\/diarioabcdemichoacan.com.mx\/lasnoticias\/wp-json\/wp\/v2\/posts\/41860","targetHints":{"allow":["GET"]}}],"collection":[{"href":"https:\/\/diarioabcdemichoacan.com.mx\/lasnoticias\/wp-json\/wp\/v2\/posts"}],"about":[{"href":"https:\/\/diarioabcdemichoacan.com.mx\/lasnoticias\/wp-json\/wp\/v2\/types\/post"}],"author":[{"embeddable":true,"href":"https:\/\/diarioabcdemichoacan.com.mx\/lasnoticias\/wp-json\/wp\/v2\/users\/6"}],"replies":[{"embeddable":true,"href":"https:\/\/diarioabcdemichoacan.com.mx\/lasnoticias\/wp-json\/wp\/v2\/comments?post=41860"}],"version-history":[{"count":1,"href":"https:\/\/diarioabcdemichoacan.com.mx\/lasnoticias\/wp-json\/wp\/v2\/posts\/41860\/revisions"}],"predecessor-version":[{"id":41862,"href":"https:\/\/diarioabcdemichoacan.com.mx\/lasnoticias\/wp-json\/wp\/v2\/posts\/41860\/revisions\/41862"}],"wp:featuredmedia":[{"embeddable":true,"href":"https:\/\/diarioabcdemichoacan.com.mx\/lasnoticias\/wp-json\/wp\/v2\/media\/41861"}],"wp:attachment":[{"href":"https:\/\/diarioabcdemichoacan.com.mx\/lasnoticias\/wp-json\/wp\/v2\/media?parent=41860"}],"wp:term":[{"taxonomy":"category","embeddable":true,"href":"https:\/\/diarioabcdemichoacan.com.mx\/lasnoticias\/wp-json\/wp\/v2\/categories?post=41860"},{"taxonomy":"post_tag","embeddable":true,"href":"https:\/\/diarioabcdemichoacan.com.mx\/lasnoticias\/wp-json\/wp\/v2\/tags?post=41860"}],"curies":[{"name":"wp","href":"https:\/\/api.w.org\/{rel}","templated":true}]}}