{"id":42763,"date":"2025-01-18T12:33:09","date_gmt":"2025-01-18T18:33:09","guid":{"rendered":"https:\/\/diarioabcdemichoacan.com.mx\/lasnoticias\/?p=42763"},"modified":"2025-01-18T12:33:09","modified_gmt":"2025-01-18T18:33:09","slug":"a-traves-del-arte-sedebi-fomenta-a-ninas-y-ninos-una-cultura-de-la-paz","status":"publish","type":"post","link":"https:\/\/diarioabcdemichoacan.com.mx\/lasnoticias\/a-traves-del-arte-sedebi-fomenta-a-ninas-y-ninos-una-cultura-de-la-paz\/","title":{"rendered":"A trav\u00e9s del arte Sedebi fomenta a ni\u00f1as y ni\u00f1os una cultura de La Paz"},"content":{"rendered":"<ul>\n<li>Llev\u00f3 obra de teatro gui\u00f1ol a la escuela S\u00edmbolos Patrios de Morelia<\/li>\n<\/ul>\n<hr \/>\n<p>Morelia, Michoac\u00e1n.- Con el fin de fomentar en las ni\u00f1as y ni\u00f1os la cultura de la paz y resaltar la importancia de la pr\u00e1ctica de los valores, la Secretar\u00eda del Bienestar (Sedebi) llev\u00f3 teatro gui\u00f1ol a m\u00e1s de 200 infancias de la escuela primaria rural S\u00edmbolos Patrios, de la colonia Ampliaci\u00f3n Los Encinos, en Morelia.<\/p>\n<p>Con la representaci\u00f3n de t\u00edteres con forma de tortuga, tigre, guacamaya y persona femenina, personal de la Comisi\u00f3n Estatal de Derechos Humanos (CEDH) explic\u00f3 la importancia del respeto, la comprensi\u00f3n, la solidaridad y apoyo entre las y los alumnos, misma que debe prevalecer para un sano ambiente escolar.<\/p>\n<p>Adem\u00e1s, se explic\u00f3 los modos de violencia que se pueden presentar en los hogares y la forma de se\u00f1alar esta acci\u00f3n para prevenirlos en un futuro dentro del n\u00facleo familiar.<\/p>\n<p>La titular de la Sedebi, Andrea Serna Hern\u00e1ndez resalt\u00f3 la importancia de realizar estos eventos que ponen en pr\u00e1ctica los valores para un adecuado desarrollo psicosocial en la infancia.<\/p>\n<p>\u201cEsta actividad tiene como objetivo que las ni\u00f1as y ni\u00f1os aprendan los buenos valores como la honestidad y el respeto, y que los practiquen con sus mam\u00e1s y pap\u00e1s, escuela y donde sea que ellos est\u00e9n\u201d, concluy\u00f3.<\/p>\n<p>COMUNICADO<\/p>\n<p><img loading=\"lazy\" decoding=\"async\" class=\"alignnone size-full wp-image-42764\" src=\"https:\/\/diarioabcdemichoacan.com.mx\/lasnoticias\/wp-content\/uploads\/2025\/01\/1e651c5c-0303-4561-b899-eebcd9d92524.jpeg\" alt=\"\" width=\"1080\" height=\"573\" srcset=\"https:\/\/diarioabcdemichoacan.com.mx\/lasnoticias\/wp-content\/uploads\/2025\/01\/1e651c5c-0303-4561-b899-eebcd9d92524.jpeg 1080w, https:\/\/diarioabcdemichoacan.com.mx\/lasnoticias\/wp-content\/uploads\/2025\/01\/1e651c5c-0303-4561-b899-eebcd9d92524-500x265.jpeg 500w, https:\/\/diarioabcdemichoacan.com.mx\/lasnoticias\/wp-content\/uploads\/2025\/01\/1e651c5c-0303-4561-b899-eebcd9d92524-1024x543.jpeg 1024w, https:\/\/diarioabcdemichoacan.com.mx\/lasnoticias\/wp-content\/uploads\/2025\/01\/1e651c5c-0303-4561-b899-eebcd9d92524-768x407.jpeg 768w, https:\/\/diarioabcdemichoacan.com.mx\/lasnoticias\/wp-content\/uploads\/2025\/01\/1e651c5c-0303-4561-b899-eebcd9d92524-792x420.jpeg 792w, https:\/\/diarioabcdemichoacan.com.mx\/lasnoticias\/wp-content\/uploads\/2025\/01\/1e651c5c-0303-4561-b899-eebcd9d92524-150x80.jpeg 150w, https:\/\/diarioabcdemichoacan.com.mx\/lasnoticias\/wp-content\/uploads\/2025\/01\/1e651c5c-0303-4561-b899-eebcd9d92524-300x159.jpeg 300w, https:\/\/diarioabcdemichoacan.com.mx\/lasnoticias\/wp-content\/uploads\/2025\/01\/1e651c5c-0303-4561-b899-eebcd9d92524-696x369.jpeg 696w, https:\/\/diarioabcdemichoacan.com.mx\/lasnoticias\/wp-content\/uploads\/2025\/01\/1e651c5c-0303-4561-b899-eebcd9d92524-1068x567.jpeg 1068w\" sizes=\"auto, (max-width: 1080px) 100vw, 1080px\" \/><\/p>\n","protected":false},"excerpt":{"rendered":"<p>Llev\u00f3 obra de teatro gui\u00f1ol a la escuela S\u00edmbolos Patrios de Morelia Morelia, Michoac\u00e1n.- Con el fin de fomentar en las ni\u00f1as y ni\u00f1os la cultura de la paz y resaltar la importancia de la pr\u00e1ctica de los valores, la Secretar\u00eda del Bienestar (Sedebi) llev\u00f3 teatro gui\u00f1ol a m\u00e1s de 200 infancias de la escuela [&hellip;]<\/p>\n","protected":false},"author":8,"featured_media":42765,"comment_status":"closed","ping_status":"closed","sticky":false,"template":"","format":"standard","meta":{"footnotes":""},"categories":[10,17],"tags":[],"class_list":{"0":"post-42763","1":"post","2":"type-post","3":"status-publish","4":"format-standard","5":"has-post-thumbnail","7":"category-estado","8":"category-gobierno-de-michoacan"},"yoast_head":"<!-- This site is optimized with the Yoast SEO plugin v24.0 - https:\/\/yoast.com\/wordpress\/plugins\/seo\/ -->\n<title>A trav\u00e9s del arte Sedebi fomenta a ni\u00f1as y ni\u00f1os una cultura de La Paz - Diario ABC de Michoac\u00e1n<\/title>\n<meta name=\"robots\" content=\"index, follow, max-snippet:-1, max-image-preview:large, max-video-preview:-1\" \/>\n<link rel=\"canonical\" href=\"https:\/\/diarioabcdemichoacan.com.mx\/lasnoticias\/a-traves-del-arte-sedebi-fomenta-a-ninas-y-ninos-una-cultura-de-la-paz\/\" \/>\n<meta property=\"og:locale\" content=\"es_ES\" \/>\n<meta property=\"og:type\" content=\"article\" \/>\n<meta property=\"og:title\" content=\"A trav\u00e9s del arte Sedebi fomenta a ni\u00f1as y ni\u00f1os una cultura de La Paz - Diario ABC de Michoac\u00e1n\" \/>\n<meta property=\"og:description\" content=\"Llev\u00f3 obra de teatro gui\u00f1ol a la escuela S\u00edmbolos Patrios de Morelia Morelia, Michoac\u00e1n.- Con el fin de fomentar en las ni\u00f1as y ni\u00f1os la cultura de la paz y resaltar la importancia de la pr\u00e1ctica de los valores, la Secretar\u00eda del Bienestar (Sedebi) llev\u00f3 teatro gui\u00f1ol a m\u00e1s de 200 infancias de la escuela [&hellip;]\" \/>\n<meta property=\"og:url\" content=\"https:\/\/diarioabcdemichoacan.com.mx\/lasnoticias\/a-traves-del-arte-sedebi-fomenta-a-ninas-y-ninos-una-cultura-de-la-paz\/\" \/>\n<meta property=\"og:site_name\" content=\"Diario ABC de Michoac\u00e1n\" \/>\n<meta property=\"article:published_time\" content=\"2025-01-18T18:33:09+00:00\" \/>\n<meta property=\"og:image\" content=\"https:\/\/diarioabcdemichoacan.com.mx\/lasnoticias\/wp-content\/uploads\/2025\/01\/8bf4efa1-c4d8-41e1-ac07-73ab75a1497e.jpeg\" \/>\n\t<meta property=\"og:image:width\" content=\"1080\" \/>\n\t<meta property=\"og:image:height\" content=\"597\" \/>\n\t<meta property=\"og:image:type\" content=\"image\/jpeg\" \/>\n<meta name=\"author\" content=\"MD\" \/>\n<meta name=\"twitter:card\" content=\"summary_large_image\" \/>\n<meta name=\"twitter:label1\" content=\"Escrito por\" \/>\n\t<meta name=\"twitter:data1\" content=\"MD\" \/>\n\t<meta name=\"twitter:label2\" content=\"Tiempo de lectura\" \/>\n\t<meta name=\"twitter:data2\" content=\"2 minutos\" \/>\n<script type=\"application\/ld+json\" class=\"yoast-schema-graph\">{\"@context\":\"https:\/\/schema.org\",\"@graph\":[{\"@type\":\"WebPage\",\"@id\":\"https:\/\/diarioabcdemichoacan.com.mx\/lasnoticias\/a-traves-del-arte-sedebi-fomenta-a-ninas-y-ninos-una-cultura-de-la-paz\/\",\"url\":\"https:\/\/diarioabcdemichoacan.com.mx\/lasnoticias\/a-traves-del-arte-sedebi-fomenta-a-ninas-y-ninos-una-cultura-de-la-paz\/\",\"name\":\"A trav\u00e9s del arte Sedebi fomenta a ni\u00f1as y ni\u00f1os una cultura de La Paz - Diario ABC de Michoac\u00e1n\",\"isPartOf\":{\"@id\":\"https:\/\/diarioabcdemichoacan.com.mx\/lasnoticias\/#website\"},\"primaryImageOfPage\":{\"@id\":\"https:\/\/diarioabcdemichoacan.com.mx\/lasnoticias\/a-traves-del-arte-sedebi-fomenta-a-ninas-y-ninos-una-cultura-de-la-paz\/#primaryimage\"},\"image\":{\"@id\":\"https:\/\/diarioabcdemichoacan.com.mx\/lasnoticias\/a-traves-del-arte-sedebi-fomenta-a-ninas-y-ninos-una-cultura-de-la-paz\/#primaryimage\"},\"thumbnailUrl\":\"https:\/\/diarioabcdemichoacan.com.mx\/lasnoticias\/wp-content\/uploads\/2025\/01\/8bf4efa1-c4d8-41e1-ac07-73ab75a1497e.jpeg\",\"datePublished\":\"2025-01-18T18:33:09+00:00\",\"dateModified\":\"2025-01-18T18:33:09+00:00\",\"author\":{\"@id\":\"https:\/\/diarioabcdemichoacan.com.mx\/lasnoticias\/#\/schema\/person\/657e7c20ff5297f317664d985712e8e8\"},\"breadcrumb\":{\"@id\":\"https:\/\/diarioabcdemichoacan.com.mx\/lasnoticias\/a-traves-del-arte-sedebi-fomenta-a-ninas-y-ninos-una-cultura-de-la-paz\/#breadcrumb\"},\"inLanguage\":\"es\",\"potentialAction\":[{\"@type\":\"ReadAction\",\"target\":[\"https:\/\/diarioabcdemichoacan.com.mx\/lasnoticias\/a-traves-del-arte-sedebi-fomenta-a-ninas-y-ninos-una-cultura-de-la-paz\/\"]}]},{\"@type\":\"ImageObject\",\"inLanguage\":\"es\",\"@id\":\"https:\/\/diarioabcdemichoacan.com.mx\/lasnoticias\/a-traves-del-arte-sedebi-fomenta-a-ninas-y-ninos-una-cultura-de-la-paz\/#primaryimage\",\"url\":\"https:\/\/diarioabcdemichoacan.com.mx\/lasnoticias\/wp-content\/uploads\/2025\/01\/8bf4efa1-c4d8-41e1-ac07-73ab75a1497e.jpeg\",\"contentUrl\":\"https:\/\/diarioabcdemichoacan.com.mx\/lasnoticias\/wp-content\/uploads\/2025\/01\/8bf4efa1-c4d8-41e1-ac07-73ab75a1497e.jpeg\",\"width\":1080,\"height\":597},{\"@type\":\"BreadcrumbList\",\"@id\":\"https:\/\/diarioabcdemichoacan.com.mx\/lasnoticias\/a-traves-del-arte-sedebi-fomenta-a-ninas-y-ninos-una-cultura-de-la-paz\/#breadcrumb\",\"itemListElement\":[{\"@type\":\"ListItem\",\"position\":1,\"name\":\"Portada\",\"item\":\"https:\/\/diarioabcdemichoacan.com.mx\/lasnoticias\/\"},{\"@type\":\"ListItem\",\"position\":2,\"name\":\"A trav\u00e9s del arte Sedebi fomenta a ni\u00f1as y ni\u00f1os una cultura de La Paz\"}]},{\"@type\":\"WebSite\",\"@id\":\"https:\/\/diarioabcdemichoacan.com.mx\/lasnoticias\/#website\",\"url\":\"https:\/\/diarioabcdemichoacan.com.mx\/lasnoticias\/\",\"name\":\"Diario ABC de Michoac\u00e1n\",\"description\":\"Las noticias al momento\",\"potentialAction\":[{\"@type\":\"SearchAction\",\"target\":{\"@type\":\"EntryPoint\",\"urlTemplate\":\"https:\/\/diarioabcdemichoacan.com.mx\/lasnoticias\/?s={search_term_string}\"},\"query-input\":{\"@type\":\"PropertyValueSpecification\",\"valueRequired\":true,\"valueName\":\"search_term_string\"}}],\"inLanguage\":\"es\"},{\"@type\":\"Person\",\"@id\":\"https:\/\/diarioabcdemichoacan.com.mx\/lasnoticias\/#\/schema\/person\/657e7c20ff5297f317664d985712e8e8\",\"name\":\"MD\",\"image\":{\"@type\":\"ImageObject\",\"inLanguage\":\"es\",\"@id\":\"https:\/\/diarioabcdemichoacan.com.mx\/lasnoticias\/#\/schema\/person\/image\/\",\"url\":\"https:\/\/secure.gravatar.com\/avatar\/a769375eedc94419a5b67bc5d63567af?s=96&d=mm&r=g\",\"contentUrl\":\"https:\/\/secure.gravatar.com\/avatar\/a769375eedc94419a5b67bc5d63567af?s=96&d=mm&r=g\",\"caption\":\"MD\"},\"url\":\"https:\/\/diarioabcdemichoacan.com.mx\/lasnoticias\/author\/merelydpa\/\"}]}<\/script>\n<!-- \/ Yoast SEO plugin. -->","yoast_head_json":{"title":"A trav\u00e9s del arte Sedebi fomenta a ni\u00f1as y ni\u00f1os una cultura de La Paz - Diario ABC de Michoac\u00e1n","robots":{"index":"index","follow":"follow","max-snippet":"max-snippet:-1","max-image-preview":"max-image-preview:large","max-video-preview":"max-video-preview:-1"},"canonical":"https:\/\/diarioabcdemichoacan.com.mx\/lasnoticias\/a-traves-del-arte-sedebi-fomenta-a-ninas-y-ninos-una-cultura-de-la-paz\/","og_locale":"es_ES","og_type":"article","og_title":"A trav\u00e9s del arte Sedebi fomenta a ni\u00f1as y ni\u00f1os una cultura de La Paz - Diario ABC de Michoac\u00e1n","og_description":"Llev\u00f3 obra de teatro gui\u00f1ol a la escuela S\u00edmbolos Patrios de Morelia Morelia, Michoac\u00e1n.- Con el fin de fomentar en las ni\u00f1as y ni\u00f1os la cultura de la paz y resaltar la importancia de la pr\u00e1ctica de los valores, la Secretar\u00eda del Bienestar (Sedebi) llev\u00f3 teatro gui\u00f1ol a m\u00e1s de 200 infancias de la escuela [&hellip;]","og_url":"https:\/\/diarioabcdemichoacan.com.mx\/lasnoticias\/a-traves-del-arte-sedebi-fomenta-a-ninas-y-ninos-una-cultura-de-la-paz\/","og_site_name":"Diario ABC de Michoac\u00e1n","article_published_time":"2025-01-18T18:33:09+00:00","og_image":[{"width":1080,"height":597,"url":"https:\/\/diarioabcdemichoacan.com.mx\/lasnoticias\/wp-content\/uploads\/2025\/01\/8bf4efa1-c4d8-41e1-ac07-73ab75a1497e.jpeg","type":"image\/jpeg"}],"author":"MD","twitter_card":"summary_large_image","twitter_misc":{"Escrito por":"MD","Tiempo de lectura":"2 minutos"},"schema":{"@context":"https:\/\/schema.org","@graph":[{"@type":"WebPage","@id":"https:\/\/diarioabcdemichoacan.com.mx\/lasnoticias\/a-traves-del-arte-sedebi-fomenta-a-ninas-y-ninos-una-cultura-de-la-paz\/","url":"https:\/\/diarioabcdemichoacan.com.mx\/lasnoticias\/a-traves-del-arte-sedebi-fomenta-a-ninas-y-ninos-una-cultura-de-la-paz\/","name":"A trav\u00e9s del arte Sedebi fomenta a ni\u00f1as y ni\u00f1os una cultura de La Paz - Diario ABC de Michoac\u00e1n","isPartOf":{"@id":"https:\/\/diarioabcdemichoacan.com.mx\/lasnoticias\/#website"},"primaryImageOfPage":{"@id":"https:\/\/diarioabcdemichoacan.com.mx\/lasnoticias\/a-traves-del-arte-sedebi-fomenta-a-ninas-y-ninos-una-cultura-de-la-paz\/#primaryimage"},"image":{"@id":"https:\/\/diarioabcdemichoacan.com.mx\/lasnoticias\/a-traves-del-arte-sedebi-fomenta-a-ninas-y-ninos-una-cultura-de-la-paz\/#primaryimage"},"thumbnailUrl":"https:\/\/diarioabcdemichoacan.com.mx\/lasnoticias\/wp-content\/uploads\/2025\/01\/8bf4efa1-c4d8-41e1-ac07-73ab75a1497e.jpeg","datePublished":"2025-01-18T18:33:09+00:00","dateModified":"2025-01-18T18:33:09+00:00","author":{"@id":"https:\/\/diarioabcdemichoacan.com.mx\/lasnoticias\/#\/schema\/person\/657e7c20ff5297f317664d985712e8e8"},"breadcrumb":{"@id":"https:\/\/diarioabcdemichoacan.com.mx\/lasnoticias\/a-traves-del-arte-sedebi-fomenta-a-ninas-y-ninos-una-cultura-de-la-paz\/#breadcrumb"},"inLanguage":"es","potentialAction":[{"@type":"ReadAction","target":["https:\/\/diarioabcdemichoacan.com.mx\/lasnoticias\/a-traves-del-arte-sedebi-fomenta-a-ninas-y-ninos-una-cultura-de-la-paz\/"]}]},{"@type":"ImageObject","inLanguage":"es","@id":"https:\/\/diarioabcdemichoacan.com.mx\/lasnoticias\/a-traves-del-arte-sedebi-fomenta-a-ninas-y-ninos-una-cultura-de-la-paz\/#primaryimage","url":"https:\/\/diarioabcdemichoacan.com.mx\/lasnoticias\/wp-content\/uploads\/2025\/01\/8bf4efa1-c4d8-41e1-ac07-73ab75a1497e.jpeg","contentUrl":"https:\/\/diarioabcdemichoacan.com.mx\/lasnoticias\/wp-content\/uploads\/2025\/01\/8bf4efa1-c4d8-41e1-ac07-73ab75a1497e.jpeg","width":1080,"height":597},{"@type":"BreadcrumbList","@id":"https:\/\/diarioabcdemichoacan.com.mx\/lasnoticias\/a-traves-del-arte-sedebi-fomenta-a-ninas-y-ninos-una-cultura-de-la-paz\/#breadcrumb","itemListElement":[{"@type":"ListItem","position":1,"name":"Portada","item":"https:\/\/diarioabcdemichoacan.com.mx\/lasnoticias\/"},{"@type":"ListItem","position":2,"name":"A trav\u00e9s del arte Sedebi fomenta a ni\u00f1as y ni\u00f1os una cultura de La Paz"}]},{"@type":"WebSite","@id":"https:\/\/diarioabcdemichoacan.com.mx\/lasnoticias\/#website","url":"https:\/\/diarioabcdemichoacan.com.mx\/lasnoticias\/","name":"Diario ABC de Michoac\u00e1n","description":"Las noticias al momento","potentialAction":[{"@type":"SearchAction","target":{"@type":"EntryPoint","urlTemplate":"https:\/\/diarioabcdemichoacan.com.mx\/lasnoticias\/?s={search_term_string}"},"query-input":{"@type":"PropertyValueSpecification","valueRequired":true,"valueName":"search_term_string"}}],"inLanguage":"es"},{"@type":"Person","@id":"https:\/\/diarioabcdemichoacan.com.mx\/lasnoticias\/#\/schema\/person\/657e7c20ff5297f317664d985712e8e8","name":"MD","image":{"@type":"ImageObject","inLanguage":"es","@id":"https:\/\/diarioabcdemichoacan.com.mx\/lasnoticias\/#\/schema\/person\/image\/","url":"https:\/\/secure.gravatar.com\/avatar\/a769375eedc94419a5b67bc5d63567af?s=96&d=mm&r=g","contentUrl":"https:\/\/secure.gravatar.com\/avatar\/a769375eedc94419a5b67bc5d63567af?s=96&d=mm&r=g","caption":"MD"},"url":"https:\/\/diarioabcdemichoacan.com.mx\/lasnoticias\/author\/merelydpa\/"}]}},"_links":{"self":[{"href":"https:\/\/diarioabcdemichoacan.com.mx\/lasnoticias\/wp-json\/wp\/v2\/posts\/42763","targetHints":{"allow":["GET"]}}],"collection":[{"href":"https:\/\/diarioabcdemichoacan.com.mx\/lasnoticias\/wp-json\/wp\/v2\/posts"}],"about":[{"href":"https:\/\/diarioabcdemichoacan.com.mx\/lasnoticias\/wp-json\/wp\/v2\/types\/post"}],"author":[{"embeddable":true,"href":"https:\/\/diarioabcdemichoacan.com.mx\/lasnoticias\/wp-json\/wp\/v2\/users\/8"}],"replies":[{"embeddable":true,"href":"https:\/\/diarioabcdemichoacan.com.mx\/lasnoticias\/wp-json\/wp\/v2\/comments?post=42763"}],"version-history":[{"count":1,"href":"https:\/\/diarioabcdemichoacan.com.mx\/lasnoticias\/wp-json\/wp\/v2\/posts\/42763\/revisions"}],"predecessor-version":[{"id":42766,"href":"https:\/\/diarioabcdemichoacan.com.mx\/lasnoticias\/wp-json\/wp\/v2\/posts\/42763\/revisions\/42766"}],"wp:featuredmedia":[{"embeddable":true,"href":"https:\/\/diarioabcdemichoacan.com.mx\/lasnoticias\/wp-json\/wp\/v2\/media\/42765"}],"wp:attachment":[{"href":"https:\/\/diarioabcdemichoacan.com.mx\/lasnoticias\/wp-json\/wp\/v2\/media?parent=42763"}],"wp:term":[{"taxonomy":"category","embeddable":true,"href":"https:\/\/diarioabcdemichoacan.com.mx\/lasnoticias\/wp-json\/wp\/v2\/categories?post=42763"},{"taxonomy":"post_tag","embeddable":true,"href":"https:\/\/diarioabcdemichoacan.com.mx\/lasnoticias\/wp-json\/wp\/v2\/tags?post=42763"}],"curies":[{"name":"wp","href":"https:\/\/api.w.org\/{rel}","templated":true}]}}