{"id":42771,"date":"2025-01-18T13:22:42","date_gmt":"2025-01-18T19:22:42","guid":{"rendered":"https:\/\/diarioabcdemichoacan.com.mx\/lasnoticias\/?p=42771"},"modified":"2025-01-18T13:22:42","modified_gmt":"2025-01-18T19:22:42","slug":"futbol-para-la-paz-bedolla-inaugura-cancha-en-patzcuaro","status":"publish","type":"post","link":"https:\/\/diarioabcdemichoacan.com.mx\/lasnoticias\/futbol-para-la-paz-bedolla-inaugura-cancha-en-patzcuaro\/","title":{"rendered":"F\u00fatbol para la paz; Bedolla inaugura cancha en P\u00e1tzcuaro"},"content":{"rendered":"<hr \/>\n<p>P\u00e1tzcuaro, Michoac\u00e1n.- Con la finalidad de ofrecer espacios de recreaci\u00f3n a la ni\u00f1ez y juventud michoacana y con ellos avanzar en la reconstrucci\u00f3n del tejido social, el gobernador Alfredo Ram\u00edrez Bedolla inaugur\u00f3 una cancha de f\u00fatbol 7 del Programa Espazio 200, en la que se invirtieron 2 millones 300 mil pesos, en beneficio de 3 mil 500 habitantes.<\/p>\n<p>El mandatario estatal se\u00f1al\u00f3 que esta es una de las 41 canchas en 40 municipios en las que se invierten 94 milllones 300 mil pesos, las cuales forman parte del Fondo para el Fortalecimiento para la Paz (Fortapaz), que permite ofrecer a la poblaci\u00f3n espacios de esparcimiento y actividades recreativas.<\/p>\n<p>Estos espacios de esparcimiento, dijo, cumplen con las medidas para la pr\u00e1ctica de f\u00fatbol 7 y queremos que sean espacios de paz y convivencia; llevan el nombre de Espazio 200 en conmemoraci\u00f3n de los 200 a\u00f1os de Michoac\u00e1n como integrante de la rep\u00fablica mexicana.<\/p>\n<p>En tanto, el titular del Secretariado Ejecutivo del Sistema Estatal de Seguridad P\u00fablica (SESESP), C\u00e9sar Erwin S\u00e1nchez Coria expuso que de esta manera se avanza en la estrategia de prevenci\u00f3n del delito y la reconstrucci\u00f3n del tejido social, con lo cual, los habitantes podr\u00e1n realizar actividades recreativas.<\/p>\n<p>Por su parte, el alcalde de P\u00e1tzcuaro, Julio Alberto Arreola V\u00e1zquez agradeci\u00f3 al gobernador la construcci\u00f3n de la cancha sobre todo en esta zona del municipio que requiere de este tipo de actividades, por lo que se complementar\u00e1 con canchas de b\u00e1squetbol, gimnasios al aire libre y jardines para una sana convivencia de la poblaci\u00f3n.<\/p>\n<p>Acompa\u00f1aron al gobernador los secretarios de Gobierno, Carlos Torres Pi\u00f1a; de Seguridad P\u00fablica,<br \/>\nJuan Carlos Oseguera Cort\u00e9s; y de Comunicaciones y Obras P\u00fablicas, Rogelio Zaraz\u00faa S\u00e1nchez; as\u00ed como Vanessa L\u00f3pez Carrillo, diputada federal del Distrito 11 P\u00e1tzcuaro y Antonio Salvador Mendoza Torres, diputado local Distrito 15 P\u00e1tzcuaro.<\/p>\n<p>COMUNICADO<\/p>\n<p><img loading=\"lazy\" decoding=\"async\" class=\"alignnone size-full wp-image-42772\" src=\"https:\/\/diarioabcdemichoacan.com.mx\/lasnoticias\/wp-content\/uploads\/2025\/01\/799af902-cb6e-4d3a-9021-cb80a52f0596.jpeg\" alt=\"\" width=\"1280\" height=\"853\" srcset=\"https:\/\/diarioabcdemichoacan.com.mx\/lasnoticias\/wp-content\/uploads\/2025\/01\/799af902-cb6e-4d3a-9021-cb80a52f0596.jpeg 1280w, https:\/\/diarioabcdemichoacan.com.mx\/lasnoticias\/wp-content\/uploads\/2025\/01\/799af902-cb6e-4d3a-9021-cb80a52f0596-500x333.jpeg 500w, https:\/\/diarioabcdemichoacan.com.mx\/lasnoticias\/wp-content\/uploads\/2025\/01\/799af902-cb6e-4d3a-9021-cb80a52f0596-1024x682.jpeg 1024w, https:\/\/diarioabcdemichoacan.com.mx\/lasnoticias\/wp-content\/uploads\/2025\/01\/799af902-cb6e-4d3a-9021-cb80a52f0596-768x512.jpeg 768w, https:\/\/diarioabcdemichoacan.com.mx\/lasnoticias\/wp-content\/uploads\/2025\/01\/799af902-cb6e-4d3a-9021-cb80a52f0596-630x420.jpeg 630w, https:\/\/diarioabcdemichoacan.com.mx\/lasnoticias\/wp-content\/uploads\/2025\/01\/799af902-cb6e-4d3a-9021-cb80a52f0596-150x100.jpeg 150w, https:\/\/diarioabcdemichoacan.com.mx\/lasnoticias\/wp-content\/uploads\/2025\/01\/799af902-cb6e-4d3a-9021-cb80a52f0596-300x200.jpeg 300w, https:\/\/diarioabcdemichoacan.com.mx\/lasnoticias\/wp-content\/uploads\/2025\/01\/799af902-cb6e-4d3a-9021-cb80a52f0596-696x464.jpeg 696w, https:\/\/diarioabcdemichoacan.com.mx\/lasnoticias\/wp-content\/uploads\/2025\/01\/799af902-cb6e-4d3a-9021-cb80a52f0596-1068x712.jpeg 1068w\" sizes=\"auto, (max-width: 1280px) 100vw, 1280px\" \/><\/p>\n","protected":false},"excerpt":{"rendered":"<p>P\u00e1tzcuaro, Michoac\u00e1n.- Con la finalidad de ofrecer espacios de recreaci\u00f3n a la ni\u00f1ez y juventud michoacana y con ellos avanzar en la reconstrucci\u00f3n del tejido social, el gobernador Alfredo Ram\u00edrez Bedolla inaugur\u00f3 una cancha de f\u00fatbol 7 del Programa Espazio 200, en la que se invirtieron 2 millones 300 mil pesos, en beneficio de 3 [&hellip;]<\/p>\n","protected":false},"author":8,"featured_media":42773,"comment_status":"closed","ping_status":"closed","sticky":false,"template":"","format":"standard","meta":{"footnotes":""},"categories":[14,10,17],"tags":[],"class_list":{"0":"post-42771","1":"post","2":"type-post","3":"status-publish","4":"format-standard","5":"has-post-thumbnail","7":"category-deportes","8":"category-estado","9":"category-gobierno-de-michoacan"},"yoast_head":"<!-- This site is optimized with the Yoast SEO plugin v24.0 - https:\/\/yoast.com\/wordpress\/plugins\/seo\/ -->\n<title>F\u00fatbol para la paz; Bedolla inaugura cancha en P\u00e1tzcuaro - Diario ABC de Michoac\u00e1n<\/title>\n<meta name=\"robots\" content=\"index, follow, max-snippet:-1, max-image-preview:large, max-video-preview:-1\" \/>\n<link rel=\"canonical\" href=\"https:\/\/diarioabcdemichoacan.com.mx\/lasnoticias\/futbol-para-la-paz-bedolla-inaugura-cancha-en-patzcuaro\/\" \/>\n<meta property=\"og:locale\" content=\"es_ES\" \/>\n<meta property=\"og:type\" content=\"article\" \/>\n<meta property=\"og:title\" content=\"F\u00fatbol para la paz; Bedolla inaugura cancha en P\u00e1tzcuaro - Diario ABC de Michoac\u00e1n\" \/>\n<meta property=\"og:description\" content=\"P\u00e1tzcuaro, Michoac\u00e1n.- Con la finalidad de ofrecer espacios de recreaci\u00f3n a la ni\u00f1ez y juventud michoacana y con ellos avanzar en la reconstrucci\u00f3n del tejido social, el gobernador Alfredo Ram\u00edrez Bedolla inaugur\u00f3 una cancha de f\u00fatbol 7 del Programa Espazio 200, en la que se invirtieron 2 millones 300 mil pesos, en beneficio de 3 [&hellip;]\" \/>\n<meta property=\"og:url\" content=\"https:\/\/diarioabcdemichoacan.com.mx\/lasnoticias\/futbol-para-la-paz-bedolla-inaugura-cancha-en-patzcuaro\/\" \/>\n<meta property=\"og:site_name\" content=\"Diario ABC de Michoac\u00e1n\" \/>\n<meta property=\"article:published_time\" content=\"2025-01-18T19:22:42+00:00\" \/>\n<meta property=\"og:image\" content=\"https:\/\/diarioabcdemichoacan.com.mx\/lasnoticias\/wp-content\/uploads\/2025\/01\/cec87c93-67c6-46e0-aad9-3d78c463abff.jpeg\" \/>\n\t<meta property=\"og:image:width\" content=\"1280\" \/>\n\t<meta property=\"og:image:height\" content=\"853\" \/>\n\t<meta property=\"og:image:type\" content=\"image\/jpeg\" \/>\n<meta name=\"author\" content=\"MD\" \/>\n<meta name=\"twitter:card\" content=\"summary_large_image\" \/>\n<meta name=\"twitter:label1\" content=\"Escrito por\" \/>\n\t<meta name=\"twitter:data1\" content=\"MD\" \/>\n\t<meta name=\"twitter:label2\" content=\"Tiempo de lectura\" \/>\n\t<meta name=\"twitter:data2\" content=\"2 minutos\" \/>\n<script type=\"application\/ld+json\" class=\"yoast-schema-graph\">{\"@context\":\"https:\/\/schema.org\",\"@graph\":[{\"@type\":\"WebPage\",\"@id\":\"https:\/\/diarioabcdemichoacan.com.mx\/lasnoticias\/futbol-para-la-paz-bedolla-inaugura-cancha-en-patzcuaro\/\",\"url\":\"https:\/\/diarioabcdemichoacan.com.mx\/lasnoticias\/futbol-para-la-paz-bedolla-inaugura-cancha-en-patzcuaro\/\",\"name\":\"F\u00fatbol para la paz; Bedolla inaugura cancha en P\u00e1tzcuaro - Diario ABC de Michoac\u00e1n\",\"isPartOf\":{\"@id\":\"https:\/\/diarioabcdemichoacan.com.mx\/lasnoticias\/#website\"},\"primaryImageOfPage\":{\"@id\":\"https:\/\/diarioabcdemichoacan.com.mx\/lasnoticias\/futbol-para-la-paz-bedolla-inaugura-cancha-en-patzcuaro\/#primaryimage\"},\"image\":{\"@id\":\"https:\/\/diarioabcdemichoacan.com.mx\/lasnoticias\/futbol-para-la-paz-bedolla-inaugura-cancha-en-patzcuaro\/#primaryimage\"},\"thumbnailUrl\":\"https:\/\/diarioabcdemichoacan.com.mx\/lasnoticias\/wp-content\/uploads\/2025\/01\/cec87c93-67c6-46e0-aad9-3d78c463abff.jpeg\",\"datePublished\":\"2025-01-18T19:22:42+00:00\",\"dateModified\":\"2025-01-18T19:22:42+00:00\",\"author\":{\"@id\":\"https:\/\/diarioabcdemichoacan.com.mx\/lasnoticias\/#\/schema\/person\/657e7c20ff5297f317664d985712e8e8\"},\"breadcrumb\":{\"@id\":\"https:\/\/diarioabcdemichoacan.com.mx\/lasnoticias\/futbol-para-la-paz-bedolla-inaugura-cancha-en-patzcuaro\/#breadcrumb\"},\"inLanguage\":\"es\",\"potentialAction\":[{\"@type\":\"ReadAction\",\"target\":[\"https:\/\/diarioabcdemichoacan.com.mx\/lasnoticias\/futbol-para-la-paz-bedolla-inaugura-cancha-en-patzcuaro\/\"]}]},{\"@type\":\"ImageObject\",\"inLanguage\":\"es\",\"@id\":\"https:\/\/diarioabcdemichoacan.com.mx\/lasnoticias\/futbol-para-la-paz-bedolla-inaugura-cancha-en-patzcuaro\/#primaryimage\",\"url\":\"https:\/\/diarioabcdemichoacan.com.mx\/lasnoticias\/wp-content\/uploads\/2025\/01\/cec87c93-67c6-46e0-aad9-3d78c463abff.jpeg\",\"contentUrl\":\"https:\/\/diarioabcdemichoacan.com.mx\/lasnoticias\/wp-content\/uploads\/2025\/01\/cec87c93-67c6-46e0-aad9-3d78c463abff.jpeg\",\"width\":1280,\"height\":853},{\"@type\":\"BreadcrumbList\",\"@id\":\"https:\/\/diarioabcdemichoacan.com.mx\/lasnoticias\/futbol-para-la-paz-bedolla-inaugura-cancha-en-patzcuaro\/#breadcrumb\",\"itemListElement\":[{\"@type\":\"ListItem\",\"position\":1,\"name\":\"Portada\",\"item\":\"https:\/\/diarioabcdemichoacan.com.mx\/lasnoticias\/\"},{\"@type\":\"ListItem\",\"position\":2,\"name\":\"F\u00fatbol para la paz; Bedolla inaugura cancha en P\u00e1tzcuaro\"}]},{\"@type\":\"WebSite\",\"@id\":\"https:\/\/diarioabcdemichoacan.com.mx\/lasnoticias\/#website\",\"url\":\"https:\/\/diarioabcdemichoacan.com.mx\/lasnoticias\/\",\"name\":\"Diario ABC de Michoac\u00e1n\",\"description\":\"Las noticias al momento\",\"potentialAction\":[{\"@type\":\"SearchAction\",\"target\":{\"@type\":\"EntryPoint\",\"urlTemplate\":\"https:\/\/diarioabcdemichoacan.com.mx\/lasnoticias\/?s={search_term_string}\"},\"query-input\":{\"@type\":\"PropertyValueSpecification\",\"valueRequired\":true,\"valueName\":\"search_term_string\"}}],\"inLanguage\":\"es\"},{\"@type\":\"Person\",\"@id\":\"https:\/\/diarioabcdemichoacan.com.mx\/lasnoticias\/#\/schema\/person\/657e7c20ff5297f317664d985712e8e8\",\"name\":\"MD\",\"image\":{\"@type\":\"ImageObject\",\"inLanguage\":\"es\",\"@id\":\"https:\/\/diarioabcdemichoacan.com.mx\/lasnoticias\/#\/schema\/person\/image\/\",\"url\":\"https:\/\/secure.gravatar.com\/avatar\/a769375eedc94419a5b67bc5d63567af?s=96&d=mm&r=g\",\"contentUrl\":\"https:\/\/secure.gravatar.com\/avatar\/a769375eedc94419a5b67bc5d63567af?s=96&d=mm&r=g\",\"caption\":\"MD\"},\"url\":\"https:\/\/diarioabcdemichoacan.com.mx\/lasnoticias\/author\/merelydpa\/\"}]}<\/script>\n<!-- \/ Yoast SEO plugin. -->","yoast_head_json":{"title":"F\u00fatbol para la paz; Bedolla inaugura cancha en P\u00e1tzcuaro - Diario ABC de Michoac\u00e1n","robots":{"index":"index","follow":"follow","max-snippet":"max-snippet:-1","max-image-preview":"max-image-preview:large","max-video-preview":"max-video-preview:-1"},"canonical":"https:\/\/diarioabcdemichoacan.com.mx\/lasnoticias\/futbol-para-la-paz-bedolla-inaugura-cancha-en-patzcuaro\/","og_locale":"es_ES","og_type":"article","og_title":"F\u00fatbol para la paz; Bedolla inaugura cancha en P\u00e1tzcuaro - Diario ABC de Michoac\u00e1n","og_description":"P\u00e1tzcuaro, Michoac\u00e1n.- Con la finalidad de ofrecer espacios de recreaci\u00f3n a la ni\u00f1ez y juventud michoacana y con ellos avanzar en la reconstrucci\u00f3n del tejido social, el gobernador Alfredo Ram\u00edrez Bedolla inaugur\u00f3 una cancha de f\u00fatbol 7 del Programa Espazio 200, en la que se invirtieron 2 millones 300 mil pesos, en beneficio de 3 [&hellip;]","og_url":"https:\/\/diarioabcdemichoacan.com.mx\/lasnoticias\/futbol-para-la-paz-bedolla-inaugura-cancha-en-patzcuaro\/","og_site_name":"Diario ABC de Michoac\u00e1n","article_published_time":"2025-01-18T19:22:42+00:00","og_image":[{"width":1280,"height":853,"url":"https:\/\/diarioabcdemichoacan.com.mx\/lasnoticias\/wp-content\/uploads\/2025\/01\/cec87c93-67c6-46e0-aad9-3d78c463abff.jpeg","type":"image\/jpeg"}],"author":"MD","twitter_card":"summary_large_image","twitter_misc":{"Escrito por":"MD","Tiempo de lectura":"2 minutos"},"schema":{"@context":"https:\/\/schema.org","@graph":[{"@type":"WebPage","@id":"https:\/\/diarioabcdemichoacan.com.mx\/lasnoticias\/futbol-para-la-paz-bedolla-inaugura-cancha-en-patzcuaro\/","url":"https:\/\/diarioabcdemichoacan.com.mx\/lasnoticias\/futbol-para-la-paz-bedolla-inaugura-cancha-en-patzcuaro\/","name":"F\u00fatbol para la paz; Bedolla inaugura cancha en P\u00e1tzcuaro - Diario ABC de Michoac\u00e1n","isPartOf":{"@id":"https:\/\/diarioabcdemichoacan.com.mx\/lasnoticias\/#website"},"primaryImageOfPage":{"@id":"https:\/\/diarioabcdemichoacan.com.mx\/lasnoticias\/futbol-para-la-paz-bedolla-inaugura-cancha-en-patzcuaro\/#primaryimage"},"image":{"@id":"https:\/\/diarioabcdemichoacan.com.mx\/lasnoticias\/futbol-para-la-paz-bedolla-inaugura-cancha-en-patzcuaro\/#primaryimage"},"thumbnailUrl":"https:\/\/diarioabcdemichoacan.com.mx\/lasnoticias\/wp-content\/uploads\/2025\/01\/cec87c93-67c6-46e0-aad9-3d78c463abff.jpeg","datePublished":"2025-01-18T19:22:42+00:00","dateModified":"2025-01-18T19:22:42+00:00","author":{"@id":"https:\/\/diarioabcdemichoacan.com.mx\/lasnoticias\/#\/schema\/person\/657e7c20ff5297f317664d985712e8e8"},"breadcrumb":{"@id":"https:\/\/diarioabcdemichoacan.com.mx\/lasnoticias\/futbol-para-la-paz-bedolla-inaugura-cancha-en-patzcuaro\/#breadcrumb"},"inLanguage":"es","potentialAction":[{"@type":"ReadAction","target":["https:\/\/diarioabcdemichoacan.com.mx\/lasnoticias\/futbol-para-la-paz-bedolla-inaugura-cancha-en-patzcuaro\/"]}]},{"@type":"ImageObject","inLanguage":"es","@id":"https:\/\/diarioabcdemichoacan.com.mx\/lasnoticias\/futbol-para-la-paz-bedolla-inaugura-cancha-en-patzcuaro\/#primaryimage","url":"https:\/\/diarioabcdemichoacan.com.mx\/lasnoticias\/wp-content\/uploads\/2025\/01\/cec87c93-67c6-46e0-aad9-3d78c463abff.jpeg","contentUrl":"https:\/\/diarioabcdemichoacan.com.mx\/lasnoticias\/wp-content\/uploads\/2025\/01\/cec87c93-67c6-46e0-aad9-3d78c463abff.jpeg","width":1280,"height":853},{"@type":"BreadcrumbList","@id":"https:\/\/diarioabcdemichoacan.com.mx\/lasnoticias\/futbol-para-la-paz-bedolla-inaugura-cancha-en-patzcuaro\/#breadcrumb","itemListElement":[{"@type":"ListItem","position":1,"name":"Portada","item":"https:\/\/diarioabcdemichoacan.com.mx\/lasnoticias\/"},{"@type":"ListItem","position":2,"name":"F\u00fatbol para la paz; Bedolla inaugura cancha en P\u00e1tzcuaro"}]},{"@type":"WebSite","@id":"https:\/\/diarioabcdemichoacan.com.mx\/lasnoticias\/#website","url":"https:\/\/diarioabcdemichoacan.com.mx\/lasnoticias\/","name":"Diario ABC de Michoac\u00e1n","description":"Las noticias al momento","potentialAction":[{"@type":"SearchAction","target":{"@type":"EntryPoint","urlTemplate":"https:\/\/diarioabcdemichoacan.com.mx\/lasnoticias\/?s={search_term_string}"},"query-input":{"@type":"PropertyValueSpecification","valueRequired":true,"valueName":"search_term_string"}}],"inLanguage":"es"},{"@type":"Person","@id":"https:\/\/diarioabcdemichoacan.com.mx\/lasnoticias\/#\/schema\/person\/657e7c20ff5297f317664d985712e8e8","name":"MD","image":{"@type":"ImageObject","inLanguage":"es","@id":"https:\/\/diarioabcdemichoacan.com.mx\/lasnoticias\/#\/schema\/person\/image\/","url":"https:\/\/secure.gravatar.com\/avatar\/a769375eedc94419a5b67bc5d63567af?s=96&d=mm&r=g","contentUrl":"https:\/\/secure.gravatar.com\/avatar\/a769375eedc94419a5b67bc5d63567af?s=96&d=mm&r=g","caption":"MD"},"url":"https:\/\/diarioabcdemichoacan.com.mx\/lasnoticias\/author\/merelydpa\/"}]}},"_links":{"self":[{"href":"https:\/\/diarioabcdemichoacan.com.mx\/lasnoticias\/wp-json\/wp\/v2\/posts\/42771","targetHints":{"allow":["GET"]}}],"collection":[{"href":"https:\/\/diarioabcdemichoacan.com.mx\/lasnoticias\/wp-json\/wp\/v2\/posts"}],"about":[{"href":"https:\/\/diarioabcdemichoacan.com.mx\/lasnoticias\/wp-json\/wp\/v2\/types\/post"}],"author":[{"embeddable":true,"href":"https:\/\/diarioabcdemichoacan.com.mx\/lasnoticias\/wp-json\/wp\/v2\/users\/8"}],"replies":[{"embeddable":true,"href":"https:\/\/diarioabcdemichoacan.com.mx\/lasnoticias\/wp-json\/wp\/v2\/comments?post=42771"}],"version-history":[{"count":1,"href":"https:\/\/diarioabcdemichoacan.com.mx\/lasnoticias\/wp-json\/wp\/v2\/posts\/42771\/revisions"}],"predecessor-version":[{"id":42774,"href":"https:\/\/diarioabcdemichoacan.com.mx\/lasnoticias\/wp-json\/wp\/v2\/posts\/42771\/revisions\/42774"}],"wp:featuredmedia":[{"embeddable":true,"href":"https:\/\/diarioabcdemichoacan.com.mx\/lasnoticias\/wp-json\/wp\/v2\/media\/42773"}],"wp:attachment":[{"href":"https:\/\/diarioabcdemichoacan.com.mx\/lasnoticias\/wp-json\/wp\/v2\/media?parent=42771"}],"wp:term":[{"taxonomy":"category","embeddable":true,"href":"https:\/\/diarioabcdemichoacan.com.mx\/lasnoticias\/wp-json\/wp\/v2\/categories?post=42771"},{"taxonomy":"post_tag","embeddable":true,"href":"https:\/\/diarioabcdemichoacan.com.mx\/lasnoticias\/wp-json\/wp\/v2\/tags?post=42771"}],"curies":[{"name":"wp","href":"https:\/\/api.w.org\/{rel}","templated":true}]}}