{"id":43466,"date":"2025-01-22T18:58:57","date_gmt":"2025-01-23T00:58:57","guid":{"rendered":"https:\/\/diarioabcdemichoacan.com.mx\/lasnoticias\/?p=43466"},"modified":"2025-01-22T18:58:57","modified_gmt":"2025-01-23T00:58:57","slug":"itze-camacho-asegura-que-encuentro-con-el-panista-alfonso-martinez-institucional","status":"publish","type":"post","link":"https:\/\/diarioabcdemichoacan.com.mx\/lasnoticias\/itze-camacho-asegura-que-encuentro-con-el-panista-alfonso-martinez-institucional\/","title":{"rendered":"Itze Camacho asegura que encuentro con el panista Alfonso Mart\u00ednez, institucional"},"content":{"rendered":"<p><em>Por Am\u00e9rica Ju\u00e1rez Navarro<\/em><\/p>\n<hr \/>\n<p>Morelia, Michoac\u00e1n. &#8211; La diputada local que en d\u00edas pasados sostuvo un encuentro con el alcalde del PAN, Alfonso Mart\u00ednez Alc\u00e1zar fue de car\u00e1cter institucional, al calificar al edil como buen candidato, pero dejando en claro que su apoyo es a Mor\u00f3n.<\/p>\n<p>Tras las acusaciones en su contra quienes la acusaron de traicionera por reunirse con el alcalde de Morelia Alfonso Mart\u00ednez alc\u00e1zar, dijo que el actual alcalde de Morelia, Alfonso Mart\u00ednez Alc\u00e1zar como candidato es \u00abbueno, fuerte, simp\u00e1tico y agradable, pero Ra\u00fal Mor\u00f3n es el perfil para el 2027 a la gubernatura.<\/p>\n<p>Se\u00f1al\u00f3 que para reunirse con el edil panista habl\u00f3 en su momento con el senador Ra\u00fal Mor\u00f3n Orozco, quien dio su aprobaci\u00f3n para este encuentro, al a\u00f1adir que la actitud del senador como una persona con altura pol\u00edtica, y sostuvo que el edil de Morelia tiene su cari\u00f1o, respeto, amistad siempre y admiraci\u00f3n, porque llevar un municipio como Morelia es compleja, record\u00f3 que fue reelecto, por lo que reconoci\u00f3 que un presidente municipal es el primero que recibe los ataques, por lo que se pronunci\u00f3 por apoyarlo.<\/p>\n<p>Tambi\u00e9n se pronunci\u00f3 a favor de que quienes busquen que a Morelia le vaya bien, se tiene que trabajar con cordialidad, porque ni la firma de un acuerdo a trav\u00e9s de un papel ser\u00e1 \u00fatil, si no existe, por lo que invit\u00f3 a superar las diferencias ideol\u00f3gicas y trabajar por el estado<\/p>\n","protected":false},"excerpt":{"rendered":"<p>Por Am\u00e9rica Ju\u00e1rez Navarro Morelia, Michoac\u00e1n. &#8211; La diputada local que en d\u00edas pasados sostuvo un encuentro con el alcalde del PAN, Alfonso Mart\u00ednez Alc\u00e1zar fue de car\u00e1cter institucional, al calificar al edil como buen candidato, pero dejando en claro que su apoyo es a Mor\u00f3n. Tras las acusaciones en su contra quienes la acusaron [&hellip;]<\/p>\n","protected":false},"author":8,"featured_media":43471,"comment_status":"closed","ping_status":"closed","sticky":false,"template":"","format":"standard","meta":{"footnotes":""},"categories":[10,7,28],"tags":[],"class_list":{"0":"post-43466","1":"post","2":"type-post","3":"status-publish","4":"format-standard","5":"has-post-thumbnail","7":"category-estado","8":"category-morelia","9":"category-politica"},"yoast_head":"<!-- This site is optimized with the Yoast SEO plugin v24.0 - https:\/\/yoast.com\/wordpress\/plugins\/seo\/ -->\n<title>Itze Camacho asegura que encuentro con el panista Alfonso Mart\u00ednez, institucional - Diario ABC de Michoac\u00e1n<\/title>\n<meta name=\"robots\" content=\"index, follow, max-snippet:-1, max-image-preview:large, max-video-preview:-1\" \/>\n<link rel=\"canonical\" href=\"https:\/\/diarioabcdemichoacan.com.mx\/lasnoticias\/itze-camacho-asegura-que-encuentro-con-el-panista-alfonso-martinez-institucional\/\" \/>\n<meta property=\"og:locale\" content=\"es_ES\" \/>\n<meta property=\"og:type\" content=\"article\" \/>\n<meta property=\"og:title\" content=\"Itze Camacho asegura que encuentro con el panista Alfonso Mart\u00ednez, institucional - Diario ABC de Michoac\u00e1n\" \/>\n<meta property=\"og:description\" content=\"Por Am\u00e9rica Ju\u00e1rez Navarro Morelia, Michoac\u00e1n. &#8211; La diputada local que en d\u00edas pasados sostuvo un encuentro con el alcalde del PAN, Alfonso Mart\u00ednez Alc\u00e1zar fue de car\u00e1cter institucional, al calificar al edil como buen candidato, pero dejando en claro que su apoyo es a Mor\u00f3n. Tras las acusaciones en su contra quienes la acusaron [&hellip;]\" \/>\n<meta property=\"og:url\" content=\"https:\/\/diarioabcdemichoacan.com.mx\/lasnoticias\/itze-camacho-asegura-que-encuentro-con-el-panista-alfonso-martinez-institucional\/\" \/>\n<meta property=\"og:site_name\" content=\"Diario ABC de Michoac\u00e1n\" \/>\n<meta property=\"article:published_time\" content=\"2025-01-23T00:58:57+00:00\" \/>\n<meta property=\"og:image\" content=\"https:\/\/diarioabcdemichoacan.com.mx\/lasnoticias\/wp-content\/uploads\/2025\/01\/WhatsApp-Image-2025-01-22-at-18.31.01.jpeg\" \/>\n\t<meta property=\"og:image:width\" content=\"800\" \/>\n\t<meta property=\"og:image:height\" content=\"360\" \/>\n\t<meta property=\"og:image:type\" content=\"image\/jpeg\" \/>\n<meta name=\"author\" content=\"MD\" \/>\n<meta name=\"twitter:card\" content=\"summary_large_image\" \/>\n<meta name=\"twitter:label1\" content=\"Escrito por\" \/>\n\t<meta name=\"twitter:data1\" content=\"MD\" \/>\n\t<meta name=\"twitter:label2\" content=\"Tiempo de lectura\" \/>\n\t<meta name=\"twitter:data2\" content=\"2 minutos\" \/>\n<script type=\"application\/ld+json\" class=\"yoast-schema-graph\">{\"@context\":\"https:\/\/schema.org\",\"@graph\":[{\"@type\":\"WebPage\",\"@id\":\"https:\/\/diarioabcdemichoacan.com.mx\/lasnoticias\/itze-camacho-asegura-que-encuentro-con-el-panista-alfonso-martinez-institucional\/\",\"url\":\"https:\/\/diarioabcdemichoacan.com.mx\/lasnoticias\/itze-camacho-asegura-que-encuentro-con-el-panista-alfonso-martinez-institucional\/\",\"name\":\"Itze Camacho asegura que encuentro con el panista Alfonso Mart\u00ednez, institucional - Diario ABC de Michoac\u00e1n\",\"isPartOf\":{\"@id\":\"https:\/\/diarioabcdemichoacan.com.mx\/lasnoticias\/#website\"},\"primaryImageOfPage\":{\"@id\":\"https:\/\/diarioabcdemichoacan.com.mx\/lasnoticias\/itze-camacho-asegura-que-encuentro-con-el-panista-alfonso-martinez-institucional\/#primaryimage\"},\"image\":{\"@id\":\"https:\/\/diarioabcdemichoacan.com.mx\/lasnoticias\/itze-camacho-asegura-que-encuentro-con-el-panista-alfonso-martinez-institucional\/#primaryimage\"},\"thumbnailUrl\":\"https:\/\/diarioabcdemichoacan.com.mx\/lasnoticias\/wp-content\/uploads\/2025\/01\/WhatsApp-Image-2025-01-22-at-18.31.01.jpeg\",\"datePublished\":\"2025-01-23T00:58:57+00:00\",\"dateModified\":\"2025-01-23T00:58:57+00:00\",\"author\":{\"@id\":\"https:\/\/diarioabcdemichoacan.com.mx\/lasnoticias\/#\/schema\/person\/657e7c20ff5297f317664d985712e8e8\"},\"breadcrumb\":{\"@id\":\"https:\/\/diarioabcdemichoacan.com.mx\/lasnoticias\/itze-camacho-asegura-que-encuentro-con-el-panista-alfonso-martinez-institucional\/#breadcrumb\"},\"inLanguage\":\"es\",\"potentialAction\":[{\"@type\":\"ReadAction\",\"target\":[\"https:\/\/diarioabcdemichoacan.com.mx\/lasnoticias\/itze-camacho-asegura-que-encuentro-con-el-panista-alfonso-martinez-institucional\/\"]}]},{\"@type\":\"ImageObject\",\"inLanguage\":\"es\",\"@id\":\"https:\/\/diarioabcdemichoacan.com.mx\/lasnoticias\/itze-camacho-asegura-que-encuentro-con-el-panista-alfonso-martinez-institucional\/#primaryimage\",\"url\":\"https:\/\/diarioabcdemichoacan.com.mx\/lasnoticias\/wp-content\/uploads\/2025\/01\/WhatsApp-Image-2025-01-22-at-18.31.01.jpeg\",\"contentUrl\":\"https:\/\/diarioabcdemichoacan.com.mx\/lasnoticias\/wp-content\/uploads\/2025\/01\/WhatsApp-Image-2025-01-22-at-18.31.01.jpeg\",\"width\":800,\"height\":360},{\"@type\":\"BreadcrumbList\",\"@id\":\"https:\/\/diarioabcdemichoacan.com.mx\/lasnoticias\/itze-camacho-asegura-que-encuentro-con-el-panista-alfonso-martinez-institucional\/#breadcrumb\",\"itemListElement\":[{\"@type\":\"ListItem\",\"position\":1,\"name\":\"Portada\",\"item\":\"https:\/\/diarioabcdemichoacan.com.mx\/lasnoticias\/\"},{\"@type\":\"ListItem\",\"position\":2,\"name\":\"Itze Camacho asegura que encuentro con el panista Alfonso Mart\u00ednez, institucional\"}]},{\"@type\":\"WebSite\",\"@id\":\"https:\/\/diarioabcdemichoacan.com.mx\/lasnoticias\/#website\",\"url\":\"https:\/\/diarioabcdemichoacan.com.mx\/lasnoticias\/\",\"name\":\"Diario ABC de Michoac\u00e1n\",\"description\":\"Las noticias al momento\",\"potentialAction\":[{\"@type\":\"SearchAction\",\"target\":{\"@type\":\"EntryPoint\",\"urlTemplate\":\"https:\/\/diarioabcdemichoacan.com.mx\/lasnoticias\/?s={search_term_string}\"},\"query-input\":{\"@type\":\"PropertyValueSpecification\",\"valueRequired\":true,\"valueName\":\"search_term_string\"}}],\"inLanguage\":\"es\"},{\"@type\":\"Person\",\"@id\":\"https:\/\/diarioabcdemichoacan.com.mx\/lasnoticias\/#\/schema\/person\/657e7c20ff5297f317664d985712e8e8\",\"name\":\"MD\",\"image\":{\"@type\":\"ImageObject\",\"inLanguage\":\"es\",\"@id\":\"https:\/\/diarioabcdemichoacan.com.mx\/lasnoticias\/#\/schema\/person\/image\/\",\"url\":\"https:\/\/secure.gravatar.com\/avatar\/a769375eedc94419a5b67bc5d63567af?s=96&d=mm&r=g\",\"contentUrl\":\"https:\/\/secure.gravatar.com\/avatar\/a769375eedc94419a5b67bc5d63567af?s=96&d=mm&r=g\",\"caption\":\"MD\"},\"url\":\"https:\/\/diarioabcdemichoacan.com.mx\/lasnoticias\/author\/merelydpa\/\"}]}<\/script>\n<!-- \/ Yoast SEO plugin. -->","yoast_head_json":{"title":"Itze Camacho asegura que encuentro con el panista Alfonso Mart\u00ednez, institucional - Diario ABC de Michoac\u00e1n","robots":{"index":"index","follow":"follow","max-snippet":"max-snippet:-1","max-image-preview":"max-image-preview:large","max-video-preview":"max-video-preview:-1"},"canonical":"https:\/\/diarioabcdemichoacan.com.mx\/lasnoticias\/itze-camacho-asegura-que-encuentro-con-el-panista-alfonso-martinez-institucional\/","og_locale":"es_ES","og_type":"article","og_title":"Itze Camacho asegura que encuentro con el panista Alfonso Mart\u00ednez, institucional - Diario ABC de Michoac\u00e1n","og_description":"Por Am\u00e9rica Ju\u00e1rez Navarro Morelia, Michoac\u00e1n. &#8211; La diputada local que en d\u00edas pasados sostuvo un encuentro con el alcalde del PAN, Alfonso Mart\u00ednez Alc\u00e1zar fue de car\u00e1cter institucional, al calificar al edil como buen candidato, pero dejando en claro que su apoyo es a Mor\u00f3n. Tras las acusaciones en su contra quienes la acusaron [&hellip;]","og_url":"https:\/\/diarioabcdemichoacan.com.mx\/lasnoticias\/itze-camacho-asegura-que-encuentro-con-el-panista-alfonso-martinez-institucional\/","og_site_name":"Diario ABC de Michoac\u00e1n","article_published_time":"2025-01-23T00:58:57+00:00","og_image":[{"width":800,"height":360,"url":"https:\/\/diarioabcdemichoacan.com.mx\/lasnoticias\/wp-content\/uploads\/2025\/01\/WhatsApp-Image-2025-01-22-at-18.31.01.jpeg","type":"image\/jpeg"}],"author":"MD","twitter_card":"summary_large_image","twitter_misc":{"Escrito por":"MD","Tiempo de lectura":"2 minutos"},"schema":{"@context":"https:\/\/schema.org","@graph":[{"@type":"WebPage","@id":"https:\/\/diarioabcdemichoacan.com.mx\/lasnoticias\/itze-camacho-asegura-que-encuentro-con-el-panista-alfonso-martinez-institucional\/","url":"https:\/\/diarioabcdemichoacan.com.mx\/lasnoticias\/itze-camacho-asegura-que-encuentro-con-el-panista-alfonso-martinez-institucional\/","name":"Itze Camacho asegura que encuentro con el panista Alfonso Mart\u00ednez, institucional - Diario ABC de Michoac\u00e1n","isPartOf":{"@id":"https:\/\/diarioabcdemichoacan.com.mx\/lasnoticias\/#website"},"primaryImageOfPage":{"@id":"https:\/\/diarioabcdemichoacan.com.mx\/lasnoticias\/itze-camacho-asegura-que-encuentro-con-el-panista-alfonso-martinez-institucional\/#primaryimage"},"image":{"@id":"https:\/\/diarioabcdemichoacan.com.mx\/lasnoticias\/itze-camacho-asegura-que-encuentro-con-el-panista-alfonso-martinez-institucional\/#primaryimage"},"thumbnailUrl":"https:\/\/diarioabcdemichoacan.com.mx\/lasnoticias\/wp-content\/uploads\/2025\/01\/WhatsApp-Image-2025-01-22-at-18.31.01.jpeg","datePublished":"2025-01-23T00:58:57+00:00","dateModified":"2025-01-23T00:58:57+00:00","author":{"@id":"https:\/\/diarioabcdemichoacan.com.mx\/lasnoticias\/#\/schema\/person\/657e7c20ff5297f317664d985712e8e8"},"breadcrumb":{"@id":"https:\/\/diarioabcdemichoacan.com.mx\/lasnoticias\/itze-camacho-asegura-que-encuentro-con-el-panista-alfonso-martinez-institucional\/#breadcrumb"},"inLanguage":"es","potentialAction":[{"@type":"ReadAction","target":["https:\/\/diarioabcdemichoacan.com.mx\/lasnoticias\/itze-camacho-asegura-que-encuentro-con-el-panista-alfonso-martinez-institucional\/"]}]},{"@type":"ImageObject","inLanguage":"es","@id":"https:\/\/diarioabcdemichoacan.com.mx\/lasnoticias\/itze-camacho-asegura-que-encuentro-con-el-panista-alfonso-martinez-institucional\/#primaryimage","url":"https:\/\/diarioabcdemichoacan.com.mx\/lasnoticias\/wp-content\/uploads\/2025\/01\/WhatsApp-Image-2025-01-22-at-18.31.01.jpeg","contentUrl":"https:\/\/diarioabcdemichoacan.com.mx\/lasnoticias\/wp-content\/uploads\/2025\/01\/WhatsApp-Image-2025-01-22-at-18.31.01.jpeg","width":800,"height":360},{"@type":"BreadcrumbList","@id":"https:\/\/diarioabcdemichoacan.com.mx\/lasnoticias\/itze-camacho-asegura-que-encuentro-con-el-panista-alfonso-martinez-institucional\/#breadcrumb","itemListElement":[{"@type":"ListItem","position":1,"name":"Portada","item":"https:\/\/diarioabcdemichoacan.com.mx\/lasnoticias\/"},{"@type":"ListItem","position":2,"name":"Itze Camacho asegura que encuentro con el panista Alfonso Mart\u00ednez, institucional"}]},{"@type":"WebSite","@id":"https:\/\/diarioabcdemichoacan.com.mx\/lasnoticias\/#website","url":"https:\/\/diarioabcdemichoacan.com.mx\/lasnoticias\/","name":"Diario ABC de Michoac\u00e1n","description":"Las noticias al momento","potentialAction":[{"@type":"SearchAction","target":{"@type":"EntryPoint","urlTemplate":"https:\/\/diarioabcdemichoacan.com.mx\/lasnoticias\/?s={search_term_string}"},"query-input":{"@type":"PropertyValueSpecification","valueRequired":true,"valueName":"search_term_string"}}],"inLanguage":"es"},{"@type":"Person","@id":"https:\/\/diarioabcdemichoacan.com.mx\/lasnoticias\/#\/schema\/person\/657e7c20ff5297f317664d985712e8e8","name":"MD","image":{"@type":"ImageObject","inLanguage":"es","@id":"https:\/\/diarioabcdemichoacan.com.mx\/lasnoticias\/#\/schema\/person\/image\/","url":"https:\/\/secure.gravatar.com\/avatar\/a769375eedc94419a5b67bc5d63567af?s=96&d=mm&r=g","contentUrl":"https:\/\/secure.gravatar.com\/avatar\/a769375eedc94419a5b67bc5d63567af?s=96&d=mm&r=g","caption":"MD"},"url":"https:\/\/diarioabcdemichoacan.com.mx\/lasnoticias\/author\/merelydpa\/"}]}},"_links":{"self":[{"href":"https:\/\/diarioabcdemichoacan.com.mx\/lasnoticias\/wp-json\/wp\/v2\/posts\/43466","targetHints":{"allow":["GET"]}}],"collection":[{"href":"https:\/\/diarioabcdemichoacan.com.mx\/lasnoticias\/wp-json\/wp\/v2\/posts"}],"about":[{"href":"https:\/\/diarioabcdemichoacan.com.mx\/lasnoticias\/wp-json\/wp\/v2\/types\/post"}],"author":[{"embeddable":true,"href":"https:\/\/diarioabcdemichoacan.com.mx\/lasnoticias\/wp-json\/wp\/v2\/users\/8"}],"replies":[{"embeddable":true,"href":"https:\/\/diarioabcdemichoacan.com.mx\/lasnoticias\/wp-json\/wp\/v2\/comments?post=43466"}],"version-history":[{"count":1,"href":"https:\/\/diarioabcdemichoacan.com.mx\/lasnoticias\/wp-json\/wp\/v2\/posts\/43466\/revisions"}],"predecessor-version":[{"id":43477,"href":"https:\/\/diarioabcdemichoacan.com.mx\/lasnoticias\/wp-json\/wp\/v2\/posts\/43466\/revisions\/43477"}],"wp:featuredmedia":[{"embeddable":true,"href":"https:\/\/diarioabcdemichoacan.com.mx\/lasnoticias\/wp-json\/wp\/v2\/media\/43471"}],"wp:attachment":[{"href":"https:\/\/diarioabcdemichoacan.com.mx\/lasnoticias\/wp-json\/wp\/v2\/media?parent=43466"}],"wp:term":[{"taxonomy":"category","embeddable":true,"href":"https:\/\/diarioabcdemichoacan.com.mx\/lasnoticias\/wp-json\/wp\/v2\/categories?post=43466"},{"taxonomy":"post_tag","embeddable":true,"href":"https:\/\/diarioabcdemichoacan.com.mx\/lasnoticias\/wp-json\/wp\/v2\/tags?post=43466"}],"curies":[{"name":"wp","href":"https:\/\/api.w.org\/{rel}","templated":true}]}}