{"id":43467,"date":"2025-01-22T18:49:21","date_gmt":"2025-01-23T00:49:21","guid":{"rendered":"https:\/\/diarioabcdemichoacan.com.mx\/lasnoticias\/?p=43467"},"modified":"2025-01-22T18:49:21","modified_gmt":"2025-01-23T00:49:21","slug":"morelia-brilla-en-interes-del-turismo-espanol","status":"publish","type":"post","link":"https:\/\/diarioabcdemichoacan.com.mx\/lasnoticias\/morelia-brilla-en-interes-del-turismo-espanol\/","title":{"rendered":"Morelia brilla en inter\u00e9s del turismo espa\u00f1ol"},"content":{"rendered":"<ul>\n<li>Importantes lazos unen a Espa\u00f1a y la capital michoacana en la FITUR.<\/li>\n<li>Desarrollo y derrama econ\u00f3mica, beneficio para los morelianos.<\/li>\n<\/ul>\n<hr \/>\n<p>Madrid, Espa\u00f1a. \u2013 La ciudad de Morelia brilla en el inter\u00e9s de espa\u00f1oles y europeos durante la Feria Internacional de Turismo (Fitur), escenario que ha tenido un positivo recibimiento a la historia y tradici\u00f3n de la \u00abciudad de cantera rosa\u00bb difundida por la administraci\u00f3n del Presidente, Alfonso Mart\u00ednez Alc\u00e1zar.<\/p>\n<p>Al recibir al Alcalde de la capital michoacana en un evento en el que est\u00e1n presentes autoridades mexicanas, Juan Manuel Guimer\u00e1ns, Presidente de Spain Film Comission y Director de Turismo de Valladolid, destac\u00f3 que: \u201cAhora ya no, pero compartimos hist\u00f3ricamente el nombre de Valladolid con Morelia y agradezco mucho su presencia\u201d.<\/p>\n<p>Es importante recordar que Morelia cuenta con importantes lazos afectivos con Espa\u00f1a, pues adem\u00e1s de haber compartido nombre y ser ciudad hermana de Valladolid, tambi\u00e9n tiene una historia de solidaridad con el pa\u00eds, al haber recibido a los menores de edad refugiados por la Guerra Civil, conocidos como \u201cLos ni\u00f1os de Morelia\u201d, hecho que se conmemora con un monumento en los portales del centro hist\u00f3rico.<\/p>\n<p>Esta cercan\u00eda entre la naci\u00f3n espa\u00f1ola y el municipio mexicano, se traduce en turismo, desarrollo y derrama econ\u00f3mica para Morelia, considerando que en la pasada temporada de Festivales y Noche de Muertos los turistas extranjeros representaron m\u00e1s del 20% del total de recibidos en la ciudad, mientras que a nivel anual simbolizan un 17.5%, aumentando as\u00ed los d\u00edas de estancia y los recursos que llegan al municipio.<\/p>\n<p>Con la visi\u00f3n de mantener y aumentar estos beneficios, la administraci\u00f3n del Presidente Alfonso Mart\u00ednez Alc\u00e1zar refrenda que seguir\u00e1 fomentando a Morelia como un destino atractivo tanto a nivel nacional como internacional.<\/p>\n<p>COMUNICADO<\/p>\n","protected":false},"excerpt":{"rendered":"<p>Importantes lazos unen a Espa\u00f1a y la capital michoacana en la FITUR. Desarrollo y derrama econ\u00f3mica, beneficio para los morelianos. Madrid, Espa\u00f1a. \u2013 La ciudad de Morelia brilla en el inter\u00e9s de espa\u00f1oles y europeos durante la Feria Internacional de Turismo (Fitur), escenario que ha tenido un positivo recibimiento a la historia y tradici\u00f3n de [&hellip;]<\/p>\n","protected":false},"author":8,"featured_media":43470,"comment_status":"closed","ping_status":"closed","sticky":false,"template":"","format":"standard","meta":{"footnotes":""},"categories":[18,8,7],"tags":[],"class_list":{"0":"post-43467","1":"post","2":"type-post","3":"status-publish","4":"format-standard","5":"has-post-thumbnail","7":"category-ayuntamiento-de-morelia","8":"category-cultura","9":"category-morelia"},"yoast_head":"<!-- This site is optimized with the Yoast SEO plugin v24.0 - https:\/\/yoast.com\/wordpress\/plugins\/seo\/ -->\n<title>Morelia brilla en inter\u00e9s del turismo espa\u00f1ol - Diario ABC de Michoac\u00e1n<\/title>\n<meta name=\"robots\" content=\"index, follow, max-snippet:-1, max-image-preview:large, max-video-preview:-1\" \/>\n<link rel=\"canonical\" href=\"https:\/\/diarioabcdemichoacan.com.mx\/lasnoticias\/morelia-brilla-en-interes-del-turismo-espanol\/\" \/>\n<meta property=\"og:locale\" content=\"es_ES\" \/>\n<meta property=\"og:type\" content=\"article\" \/>\n<meta property=\"og:title\" content=\"Morelia brilla en inter\u00e9s del turismo espa\u00f1ol - Diario ABC de Michoac\u00e1n\" \/>\n<meta property=\"og:description\" content=\"Importantes lazos unen a Espa\u00f1a y la capital michoacana en la FITUR. Desarrollo y derrama econ\u00f3mica, beneficio para los morelianos. Madrid, Espa\u00f1a. \u2013 La ciudad de Morelia brilla en el inter\u00e9s de espa\u00f1oles y europeos durante la Feria Internacional de Turismo (Fitur), escenario que ha tenido un positivo recibimiento a la historia y tradici\u00f3n de [&hellip;]\" \/>\n<meta property=\"og:url\" content=\"https:\/\/diarioabcdemichoacan.com.mx\/lasnoticias\/morelia-brilla-en-interes-del-turismo-espanol\/\" \/>\n<meta property=\"og:site_name\" content=\"Diario ABC de Michoac\u00e1n\" \/>\n<meta property=\"article:published_time\" content=\"2025-01-23T00:49:21+00:00\" \/>\n<meta property=\"og:image\" content=\"https:\/\/diarioabcdemichoacan.com.mx\/lasnoticias\/wp-content\/uploads\/2025\/01\/WhatsApp-Image-2025-01-22-at-18.31.54.jpeg\" \/>\n\t<meta property=\"og:image:width\" content=\"800\" \/>\n\t<meta property=\"og:image:height\" content=\"578\" \/>\n\t<meta property=\"og:image:type\" content=\"image\/jpeg\" \/>\n<meta name=\"author\" content=\"MD\" \/>\n<meta name=\"twitter:card\" content=\"summary_large_image\" \/>\n<meta name=\"twitter:label1\" content=\"Escrito por\" \/>\n\t<meta name=\"twitter:data1\" content=\"MD\" \/>\n\t<meta name=\"twitter:label2\" content=\"Tiempo de lectura\" \/>\n\t<meta name=\"twitter:data2\" content=\"2 minutos\" \/>\n<script type=\"application\/ld+json\" class=\"yoast-schema-graph\">{\"@context\":\"https:\/\/schema.org\",\"@graph\":[{\"@type\":\"WebPage\",\"@id\":\"https:\/\/diarioabcdemichoacan.com.mx\/lasnoticias\/morelia-brilla-en-interes-del-turismo-espanol\/\",\"url\":\"https:\/\/diarioabcdemichoacan.com.mx\/lasnoticias\/morelia-brilla-en-interes-del-turismo-espanol\/\",\"name\":\"Morelia brilla en inter\u00e9s del turismo espa\u00f1ol - Diario ABC de Michoac\u00e1n\",\"isPartOf\":{\"@id\":\"https:\/\/diarioabcdemichoacan.com.mx\/lasnoticias\/#website\"},\"primaryImageOfPage\":{\"@id\":\"https:\/\/diarioabcdemichoacan.com.mx\/lasnoticias\/morelia-brilla-en-interes-del-turismo-espanol\/#primaryimage\"},\"image\":{\"@id\":\"https:\/\/diarioabcdemichoacan.com.mx\/lasnoticias\/morelia-brilla-en-interes-del-turismo-espanol\/#primaryimage\"},\"thumbnailUrl\":\"https:\/\/diarioabcdemichoacan.com.mx\/lasnoticias\/wp-content\/uploads\/2025\/01\/WhatsApp-Image-2025-01-22-at-18.31.54.jpeg\",\"datePublished\":\"2025-01-23T00:49:21+00:00\",\"dateModified\":\"2025-01-23T00:49:21+00:00\",\"author\":{\"@id\":\"https:\/\/diarioabcdemichoacan.com.mx\/lasnoticias\/#\/schema\/person\/657e7c20ff5297f317664d985712e8e8\"},\"breadcrumb\":{\"@id\":\"https:\/\/diarioabcdemichoacan.com.mx\/lasnoticias\/morelia-brilla-en-interes-del-turismo-espanol\/#breadcrumb\"},\"inLanguage\":\"es\",\"potentialAction\":[{\"@type\":\"ReadAction\",\"target\":[\"https:\/\/diarioabcdemichoacan.com.mx\/lasnoticias\/morelia-brilla-en-interes-del-turismo-espanol\/\"]}]},{\"@type\":\"ImageObject\",\"inLanguage\":\"es\",\"@id\":\"https:\/\/diarioabcdemichoacan.com.mx\/lasnoticias\/morelia-brilla-en-interes-del-turismo-espanol\/#primaryimage\",\"url\":\"https:\/\/diarioabcdemichoacan.com.mx\/lasnoticias\/wp-content\/uploads\/2025\/01\/WhatsApp-Image-2025-01-22-at-18.31.54.jpeg\",\"contentUrl\":\"https:\/\/diarioabcdemichoacan.com.mx\/lasnoticias\/wp-content\/uploads\/2025\/01\/WhatsApp-Image-2025-01-22-at-18.31.54.jpeg\",\"width\":800,\"height\":578},{\"@type\":\"BreadcrumbList\",\"@id\":\"https:\/\/diarioabcdemichoacan.com.mx\/lasnoticias\/morelia-brilla-en-interes-del-turismo-espanol\/#breadcrumb\",\"itemListElement\":[{\"@type\":\"ListItem\",\"position\":1,\"name\":\"Portada\",\"item\":\"https:\/\/diarioabcdemichoacan.com.mx\/lasnoticias\/\"},{\"@type\":\"ListItem\",\"position\":2,\"name\":\"Morelia brilla en inter\u00e9s del turismo espa\u00f1ol\"}]},{\"@type\":\"WebSite\",\"@id\":\"https:\/\/diarioabcdemichoacan.com.mx\/lasnoticias\/#website\",\"url\":\"https:\/\/diarioabcdemichoacan.com.mx\/lasnoticias\/\",\"name\":\"Diario ABC de Michoac\u00e1n\",\"description\":\"Las noticias al momento\",\"potentialAction\":[{\"@type\":\"SearchAction\",\"target\":{\"@type\":\"EntryPoint\",\"urlTemplate\":\"https:\/\/diarioabcdemichoacan.com.mx\/lasnoticias\/?s={search_term_string}\"},\"query-input\":{\"@type\":\"PropertyValueSpecification\",\"valueRequired\":true,\"valueName\":\"search_term_string\"}}],\"inLanguage\":\"es\"},{\"@type\":\"Person\",\"@id\":\"https:\/\/diarioabcdemichoacan.com.mx\/lasnoticias\/#\/schema\/person\/657e7c20ff5297f317664d985712e8e8\",\"name\":\"MD\",\"image\":{\"@type\":\"ImageObject\",\"inLanguage\":\"es\",\"@id\":\"https:\/\/diarioabcdemichoacan.com.mx\/lasnoticias\/#\/schema\/person\/image\/\",\"url\":\"https:\/\/secure.gravatar.com\/avatar\/a769375eedc94419a5b67bc5d63567af?s=96&d=mm&r=g\",\"contentUrl\":\"https:\/\/secure.gravatar.com\/avatar\/a769375eedc94419a5b67bc5d63567af?s=96&d=mm&r=g\",\"caption\":\"MD\"},\"url\":\"https:\/\/diarioabcdemichoacan.com.mx\/lasnoticias\/author\/merelydpa\/\"}]}<\/script>\n<!-- \/ Yoast SEO plugin. -->","yoast_head_json":{"title":"Morelia brilla en inter\u00e9s del turismo espa\u00f1ol - Diario ABC de Michoac\u00e1n","robots":{"index":"index","follow":"follow","max-snippet":"max-snippet:-1","max-image-preview":"max-image-preview:large","max-video-preview":"max-video-preview:-1"},"canonical":"https:\/\/diarioabcdemichoacan.com.mx\/lasnoticias\/morelia-brilla-en-interes-del-turismo-espanol\/","og_locale":"es_ES","og_type":"article","og_title":"Morelia brilla en inter\u00e9s del turismo espa\u00f1ol - Diario ABC de Michoac\u00e1n","og_description":"Importantes lazos unen a Espa\u00f1a y la capital michoacana en la FITUR. Desarrollo y derrama econ\u00f3mica, beneficio para los morelianos. Madrid, Espa\u00f1a. \u2013 La ciudad de Morelia brilla en el inter\u00e9s de espa\u00f1oles y europeos durante la Feria Internacional de Turismo (Fitur), escenario que ha tenido un positivo recibimiento a la historia y tradici\u00f3n de [&hellip;]","og_url":"https:\/\/diarioabcdemichoacan.com.mx\/lasnoticias\/morelia-brilla-en-interes-del-turismo-espanol\/","og_site_name":"Diario ABC de Michoac\u00e1n","article_published_time":"2025-01-23T00:49:21+00:00","og_image":[{"width":800,"height":578,"url":"https:\/\/diarioabcdemichoacan.com.mx\/lasnoticias\/wp-content\/uploads\/2025\/01\/WhatsApp-Image-2025-01-22-at-18.31.54.jpeg","type":"image\/jpeg"}],"author":"MD","twitter_card":"summary_large_image","twitter_misc":{"Escrito por":"MD","Tiempo de lectura":"2 minutos"},"schema":{"@context":"https:\/\/schema.org","@graph":[{"@type":"WebPage","@id":"https:\/\/diarioabcdemichoacan.com.mx\/lasnoticias\/morelia-brilla-en-interes-del-turismo-espanol\/","url":"https:\/\/diarioabcdemichoacan.com.mx\/lasnoticias\/morelia-brilla-en-interes-del-turismo-espanol\/","name":"Morelia brilla en inter\u00e9s del turismo espa\u00f1ol - Diario ABC de Michoac\u00e1n","isPartOf":{"@id":"https:\/\/diarioabcdemichoacan.com.mx\/lasnoticias\/#website"},"primaryImageOfPage":{"@id":"https:\/\/diarioabcdemichoacan.com.mx\/lasnoticias\/morelia-brilla-en-interes-del-turismo-espanol\/#primaryimage"},"image":{"@id":"https:\/\/diarioabcdemichoacan.com.mx\/lasnoticias\/morelia-brilla-en-interes-del-turismo-espanol\/#primaryimage"},"thumbnailUrl":"https:\/\/diarioabcdemichoacan.com.mx\/lasnoticias\/wp-content\/uploads\/2025\/01\/WhatsApp-Image-2025-01-22-at-18.31.54.jpeg","datePublished":"2025-01-23T00:49:21+00:00","dateModified":"2025-01-23T00:49:21+00:00","author":{"@id":"https:\/\/diarioabcdemichoacan.com.mx\/lasnoticias\/#\/schema\/person\/657e7c20ff5297f317664d985712e8e8"},"breadcrumb":{"@id":"https:\/\/diarioabcdemichoacan.com.mx\/lasnoticias\/morelia-brilla-en-interes-del-turismo-espanol\/#breadcrumb"},"inLanguage":"es","potentialAction":[{"@type":"ReadAction","target":["https:\/\/diarioabcdemichoacan.com.mx\/lasnoticias\/morelia-brilla-en-interes-del-turismo-espanol\/"]}]},{"@type":"ImageObject","inLanguage":"es","@id":"https:\/\/diarioabcdemichoacan.com.mx\/lasnoticias\/morelia-brilla-en-interes-del-turismo-espanol\/#primaryimage","url":"https:\/\/diarioabcdemichoacan.com.mx\/lasnoticias\/wp-content\/uploads\/2025\/01\/WhatsApp-Image-2025-01-22-at-18.31.54.jpeg","contentUrl":"https:\/\/diarioabcdemichoacan.com.mx\/lasnoticias\/wp-content\/uploads\/2025\/01\/WhatsApp-Image-2025-01-22-at-18.31.54.jpeg","width":800,"height":578},{"@type":"BreadcrumbList","@id":"https:\/\/diarioabcdemichoacan.com.mx\/lasnoticias\/morelia-brilla-en-interes-del-turismo-espanol\/#breadcrumb","itemListElement":[{"@type":"ListItem","position":1,"name":"Portada","item":"https:\/\/diarioabcdemichoacan.com.mx\/lasnoticias\/"},{"@type":"ListItem","position":2,"name":"Morelia brilla en inter\u00e9s del turismo espa\u00f1ol"}]},{"@type":"WebSite","@id":"https:\/\/diarioabcdemichoacan.com.mx\/lasnoticias\/#website","url":"https:\/\/diarioabcdemichoacan.com.mx\/lasnoticias\/","name":"Diario ABC de Michoac\u00e1n","description":"Las noticias al momento","potentialAction":[{"@type":"SearchAction","target":{"@type":"EntryPoint","urlTemplate":"https:\/\/diarioabcdemichoacan.com.mx\/lasnoticias\/?s={search_term_string}"},"query-input":{"@type":"PropertyValueSpecification","valueRequired":true,"valueName":"search_term_string"}}],"inLanguage":"es"},{"@type":"Person","@id":"https:\/\/diarioabcdemichoacan.com.mx\/lasnoticias\/#\/schema\/person\/657e7c20ff5297f317664d985712e8e8","name":"MD","image":{"@type":"ImageObject","inLanguage":"es","@id":"https:\/\/diarioabcdemichoacan.com.mx\/lasnoticias\/#\/schema\/person\/image\/","url":"https:\/\/secure.gravatar.com\/avatar\/a769375eedc94419a5b67bc5d63567af?s=96&d=mm&r=g","contentUrl":"https:\/\/secure.gravatar.com\/avatar\/a769375eedc94419a5b67bc5d63567af?s=96&d=mm&r=g","caption":"MD"},"url":"https:\/\/diarioabcdemichoacan.com.mx\/lasnoticias\/author\/merelydpa\/"}]}},"_links":{"self":[{"href":"https:\/\/diarioabcdemichoacan.com.mx\/lasnoticias\/wp-json\/wp\/v2\/posts\/43467","targetHints":{"allow":["GET"]}}],"collection":[{"href":"https:\/\/diarioabcdemichoacan.com.mx\/lasnoticias\/wp-json\/wp\/v2\/posts"}],"about":[{"href":"https:\/\/diarioabcdemichoacan.com.mx\/lasnoticias\/wp-json\/wp\/v2\/types\/post"}],"author":[{"embeddable":true,"href":"https:\/\/diarioabcdemichoacan.com.mx\/lasnoticias\/wp-json\/wp\/v2\/users\/8"}],"replies":[{"embeddable":true,"href":"https:\/\/diarioabcdemichoacan.com.mx\/lasnoticias\/wp-json\/wp\/v2\/comments?post=43467"}],"version-history":[{"count":1,"href":"https:\/\/diarioabcdemichoacan.com.mx\/lasnoticias\/wp-json\/wp\/v2\/posts\/43467\/revisions"}],"predecessor-version":[{"id":43476,"href":"https:\/\/diarioabcdemichoacan.com.mx\/lasnoticias\/wp-json\/wp\/v2\/posts\/43467\/revisions\/43476"}],"wp:featuredmedia":[{"embeddable":true,"href":"https:\/\/diarioabcdemichoacan.com.mx\/lasnoticias\/wp-json\/wp\/v2\/media\/43470"}],"wp:attachment":[{"href":"https:\/\/diarioabcdemichoacan.com.mx\/lasnoticias\/wp-json\/wp\/v2\/media?parent=43467"}],"wp:term":[{"taxonomy":"category","embeddable":true,"href":"https:\/\/diarioabcdemichoacan.com.mx\/lasnoticias\/wp-json\/wp\/v2\/categories?post=43467"},{"taxonomy":"post_tag","embeddable":true,"href":"https:\/\/diarioabcdemichoacan.com.mx\/lasnoticias\/wp-json\/wp\/v2\/tags?post=43467"}],"curies":[{"name":"wp","href":"https:\/\/api.w.org\/{rel}","templated":true}]}}