{"id":43468,"date":"2025-01-22T19:08:30","date_gmt":"2025-01-23T01:08:30","guid":{"rendered":"https:\/\/diarioabcdemichoacan.com.mx\/lasnoticias\/?p=43468"},"modified":"2025-01-22T19:08:30","modified_gmt":"2025-01-23T01:08:30","slug":"continuan-ii-foros-nicolaitas-de-reforma-universitaria-democratizacion-de-la-universidad-tema-central","status":"publish","type":"post","link":"https:\/\/diarioabcdemichoacan.com.mx\/lasnoticias\/continuan-ii-foros-nicolaitas-de-reforma-universitaria-democratizacion-de-la-universidad-tema-central\/","title":{"rendered":"Contin\u00faan II Foros Nicolaitas de Reforma Universitaria; Democratizaci\u00f3n de la Universidad, tema central"},"content":{"rendered":"<ul>\n<li>La actividad fue encabezada por el secretario general, Javier Cervantes, y se prev\u00e9 un tercer ejercicio el pr\u00f3ximo 29 de febrero.<\/li>\n<\/ul>\n<hr \/>\n<p>Morelia, Michoac\u00e1n.- En un ejercicio de di\u00e1logo abierto con la comunidad, continuaron las actividades de los II Foros Nicolaitas de Reforma Universitaria, en esta ocasi\u00f3n con la segunda mesa de trabajo con el tema \u201cLa Democracia en el Gobierno de la Universidad\u201d.<\/p>\n<p>La actividad organizada por la Universidad Michoacana de San Nicol\u00e1s de Hidalgo (UMSNH) estuvo encabezada por el secretario general, Javier Cervantes Rodr\u00edguez; con anterioridad se llev\u00f3 a cabo el primer encuentro con el tema \u201cActualizaci\u00f3n normativa\u201d, y se prev\u00e9 otro ejercicio el pr\u00f3ximo 29 de enero en donde se abordar\u00e1 el tema de las crisis financieras en las universidades p\u00fablicas.<\/p>\n<p>Al iniciar los trabajos de la mesa sobre la democratizaci\u00f3n de la Universidad, la coordinadora general de Estudios de Posgrado, Leticia Padilla Gil, apunt\u00f3 que el tema que este d\u00eda se aborda es muy importante para todas y todos, al referir que a partir del art\u00edculo 40 de la Constituci\u00f3n Pol\u00edtica de los Estados Unidos Mexicanos se marca el apartado de la voluntad del pueblo mexicano de constituirse de manera representativa y democr\u00e1tica, una pr\u00e1ctica, que dijo, aqu\u00ed en la Universidad se tiene a partir de los propios Consejos T\u00e9cnicos y del Consejo Universitario.<\/p>\n<p>Durante el desarrollo del foro, se cont\u00f3 con una nutrida participaci\u00f3n por parte de las y los participantes, en este marco, se destac\u00f3 la importancia de que las instituciones propicien procesos informados, democr\u00e1ticos y transparentes en la elecci\u00f3n de sus autoridades.<\/p>\n<p>De igual forma, se consider\u00f3 que es necesario impulsar la participaci\u00f3n de las y los estudiantes en la consulta universitaria, ya que se refiri\u00f3 que uno de los grandes desaf\u00edos que se tienen como sociedad en torno a la democracia es la falta de participaci\u00f3n, por lo que es primordial motivar al alumnado para que se involucren en estos procesos.<\/p>\n<p>Tambi\u00e9n se resalt\u00f3 la importancia de trabajar con el alumnado para que conozcan la estructura de la UMSNH, los \u00f3rganos de gobierno, c\u00f3mo se toman las decisiones presupuestales y de transparencia, para que desde que inician su vida universitaria no est\u00e9n ajenos a los temas que son sustantivos para la Universidad.<\/p>\n<p>Se plante\u00f3 tambi\u00e9n la posibilidad de garantizar el voto directo con valor proporcional de las escuelas, facultades e institutos para la elecci\u00f3n de rector o rectora. Adem\u00e1s, se sugiri\u00f3 la realizaci\u00f3n de campa\u00f1as de difusi\u00f3n promovidas por la propia UMSNH en igualdad de circunstancias, as\u00ed como debates p\u00fablicos en donde se puedan conocer las propuestas concretas de los candidatos y candidatas a la Rector\u00eda, por mencionar algunos puntos planteados.<\/p>\n<p>COMUNICADO<\/p>\n","protected":false},"excerpt":{"rendered":"<p>La actividad fue encabezada por el secretario general, Javier Cervantes, y se prev\u00e9 un tercer ejercicio el pr\u00f3ximo 29 de febrero. Morelia, Michoac\u00e1n.- En un ejercicio de di\u00e1logo abierto con la comunidad, continuaron las actividades de los II Foros Nicolaitas de Reforma Universitaria, en esta ocasi\u00f3n con la segunda mesa de trabajo con el tema [&hellip;]<\/p>\n","protected":false},"author":8,"featured_media":43472,"comment_status":"closed","ping_status":"closed","sticky":false,"template":"","format":"standard","meta":{"footnotes":""},"categories":[15,10,23],"tags":[],"class_list":{"0":"post-43468","1":"post","2":"type-post","3":"status-publish","4":"format-standard","5":"has-post-thumbnail","7":"category-educacion","8":"category-estado","9":"category-universidad-michoacana"},"yoast_head":"<!-- This site is optimized with the Yoast SEO plugin v24.0 - https:\/\/yoast.com\/wordpress\/plugins\/seo\/ -->\n<title>Contin\u00faan II Foros Nicolaitas de Reforma Universitaria; Democratizaci\u00f3n de la Universidad, tema central - Diario ABC de Michoac\u00e1n<\/title>\n<meta name=\"robots\" content=\"index, follow, max-snippet:-1, max-image-preview:large, max-video-preview:-1\" \/>\n<link rel=\"canonical\" href=\"https:\/\/diarioabcdemichoacan.com.mx\/lasnoticias\/continuan-ii-foros-nicolaitas-de-reforma-universitaria-democratizacion-de-la-universidad-tema-central\/\" \/>\n<meta property=\"og:locale\" content=\"es_ES\" \/>\n<meta property=\"og:type\" content=\"article\" \/>\n<meta property=\"og:title\" content=\"Contin\u00faan II Foros Nicolaitas de Reforma Universitaria; Democratizaci\u00f3n de la Universidad, tema central - Diario ABC de Michoac\u00e1n\" \/>\n<meta property=\"og:description\" content=\"La actividad fue encabezada por el secretario general, Javier Cervantes, y se prev\u00e9 un tercer ejercicio el pr\u00f3ximo 29 de febrero. Morelia, Michoac\u00e1n.- En un ejercicio de di\u00e1logo abierto con la comunidad, continuaron las actividades de los II Foros Nicolaitas de Reforma Universitaria, en esta ocasi\u00f3n con la segunda mesa de trabajo con el tema [&hellip;]\" \/>\n<meta property=\"og:url\" content=\"https:\/\/diarioabcdemichoacan.com.mx\/lasnoticias\/continuan-ii-foros-nicolaitas-de-reforma-universitaria-democratizacion-de-la-universidad-tema-central\/\" \/>\n<meta property=\"og:site_name\" content=\"Diario ABC de Michoac\u00e1n\" \/>\n<meta property=\"article:published_time\" content=\"2025-01-23T01:08:30+00:00\" \/>\n<meta property=\"og:image\" content=\"https:\/\/diarioabcdemichoacan.com.mx\/lasnoticias\/wp-content\/uploads\/2025\/01\/WhatsApp-Image-2025-01-22-at-18.32.12.jpeg\" \/>\n\t<meta property=\"og:image:width\" content=\"800\" \/>\n\t<meta property=\"og:image:height\" content=\"482\" \/>\n\t<meta property=\"og:image:type\" content=\"image\/jpeg\" \/>\n<meta name=\"author\" content=\"MD\" \/>\n<meta name=\"twitter:card\" content=\"summary_large_image\" \/>\n<meta name=\"twitter:label1\" content=\"Escrito por\" \/>\n\t<meta name=\"twitter:data1\" content=\"MD\" \/>\n\t<meta name=\"twitter:label2\" content=\"Tiempo de lectura\" \/>\n\t<meta name=\"twitter:data2\" content=\"3 minutos\" \/>\n<script type=\"application\/ld+json\" class=\"yoast-schema-graph\">{\"@context\":\"https:\/\/schema.org\",\"@graph\":[{\"@type\":\"WebPage\",\"@id\":\"https:\/\/diarioabcdemichoacan.com.mx\/lasnoticias\/continuan-ii-foros-nicolaitas-de-reforma-universitaria-democratizacion-de-la-universidad-tema-central\/\",\"url\":\"https:\/\/diarioabcdemichoacan.com.mx\/lasnoticias\/continuan-ii-foros-nicolaitas-de-reforma-universitaria-democratizacion-de-la-universidad-tema-central\/\",\"name\":\"Contin\u00faan II Foros Nicolaitas de Reforma Universitaria; Democratizaci\u00f3n de la Universidad, tema central - Diario ABC de Michoac\u00e1n\",\"isPartOf\":{\"@id\":\"https:\/\/diarioabcdemichoacan.com.mx\/lasnoticias\/#website\"},\"primaryImageOfPage\":{\"@id\":\"https:\/\/diarioabcdemichoacan.com.mx\/lasnoticias\/continuan-ii-foros-nicolaitas-de-reforma-universitaria-democratizacion-de-la-universidad-tema-central\/#primaryimage\"},\"image\":{\"@id\":\"https:\/\/diarioabcdemichoacan.com.mx\/lasnoticias\/continuan-ii-foros-nicolaitas-de-reforma-universitaria-democratizacion-de-la-universidad-tema-central\/#primaryimage\"},\"thumbnailUrl\":\"https:\/\/diarioabcdemichoacan.com.mx\/lasnoticias\/wp-content\/uploads\/2025\/01\/WhatsApp-Image-2025-01-22-at-18.32.12.jpeg\",\"datePublished\":\"2025-01-23T01:08:30+00:00\",\"dateModified\":\"2025-01-23T01:08:30+00:00\",\"author\":{\"@id\":\"https:\/\/diarioabcdemichoacan.com.mx\/lasnoticias\/#\/schema\/person\/657e7c20ff5297f317664d985712e8e8\"},\"breadcrumb\":{\"@id\":\"https:\/\/diarioabcdemichoacan.com.mx\/lasnoticias\/continuan-ii-foros-nicolaitas-de-reforma-universitaria-democratizacion-de-la-universidad-tema-central\/#breadcrumb\"},\"inLanguage\":\"es\",\"potentialAction\":[{\"@type\":\"ReadAction\",\"target\":[\"https:\/\/diarioabcdemichoacan.com.mx\/lasnoticias\/continuan-ii-foros-nicolaitas-de-reforma-universitaria-democratizacion-de-la-universidad-tema-central\/\"]}]},{\"@type\":\"ImageObject\",\"inLanguage\":\"es\",\"@id\":\"https:\/\/diarioabcdemichoacan.com.mx\/lasnoticias\/continuan-ii-foros-nicolaitas-de-reforma-universitaria-democratizacion-de-la-universidad-tema-central\/#primaryimage\",\"url\":\"https:\/\/diarioabcdemichoacan.com.mx\/lasnoticias\/wp-content\/uploads\/2025\/01\/WhatsApp-Image-2025-01-22-at-18.32.12.jpeg\",\"contentUrl\":\"https:\/\/diarioabcdemichoacan.com.mx\/lasnoticias\/wp-content\/uploads\/2025\/01\/WhatsApp-Image-2025-01-22-at-18.32.12.jpeg\",\"width\":800,\"height\":482},{\"@type\":\"BreadcrumbList\",\"@id\":\"https:\/\/diarioabcdemichoacan.com.mx\/lasnoticias\/continuan-ii-foros-nicolaitas-de-reforma-universitaria-democratizacion-de-la-universidad-tema-central\/#breadcrumb\",\"itemListElement\":[{\"@type\":\"ListItem\",\"position\":1,\"name\":\"Portada\",\"item\":\"https:\/\/diarioabcdemichoacan.com.mx\/lasnoticias\/\"},{\"@type\":\"ListItem\",\"position\":2,\"name\":\"Contin\u00faan II Foros Nicolaitas de Reforma Universitaria; Democratizaci\u00f3n de la Universidad, tema central\"}]},{\"@type\":\"WebSite\",\"@id\":\"https:\/\/diarioabcdemichoacan.com.mx\/lasnoticias\/#website\",\"url\":\"https:\/\/diarioabcdemichoacan.com.mx\/lasnoticias\/\",\"name\":\"Diario ABC de Michoac\u00e1n\",\"description\":\"Las noticias al momento\",\"potentialAction\":[{\"@type\":\"SearchAction\",\"target\":{\"@type\":\"EntryPoint\",\"urlTemplate\":\"https:\/\/diarioabcdemichoacan.com.mx\/lasnoticias\/?s={search_term_string}\"},\"query-input\":{\"@type\":\"PropertyValueSpecification\",\"valueRequired\":true,\"valueName\":\"search_term_string\"}}],\"inLanguage\":\"es\"},{\"@type\":\"Person\",\"@id\":\"https:\/\/diarioabcdemichoacan.com.mx\/lasnoticias\/#\/schema\/person\/657e7c20ff5297f317664d985712e8e8\",\"name\":\"MD\",\"image\":{\"@type\":\"ImageObject\",\"inLanguage\":\"es\",\"@id\":\"https:\/\/diarioabcdemichoacan.com.mx\/lasnoticias\/#\/schema\/person\/image\/\",\"url\":\"https:\/\/secure.gravatar.com\/avatar\/a769375eedc94419a5b67bc5d63567af?s=96&d=mm&r=g\",\"contentUrl\":\"https:\/\/secure.gravatar.com\/avatar\/a769375eedc94419a5b67bc5d63567af?s=96&d=mm&r=g\",\"caption\":\"MD\"},\"url\":\"https:\/\/diarioabcdemichoacan.com.mx\/lasnoticias\/author\/merelydpa\/\"}]}<\/script>\n<!-- \/ Yoast SEO plugin. -->","yoast_head_json":{"title":"Contin\u00faan II Foros Nicolaitas de Reforma Universitaria; Democratizaci\u00f3n de la Universidad, tema central - Diario ABC de Michoac\u00e1n","robots":{"index":"index","follow":"follow","max-snippet":"max-snippet:-1","max-image-preview":"max-image-preview:large","max-video-preview":"max-video-preview:-1"},"canonical":"https:\/\/diarioabcdemichoacan.com.mx\/lasnoticias\/continuan-ii-foros-nicolaitas-de-reforma-universitaria-democratizacion-de-la-universidad-tema-central\/","og_locale":"es_ES","og_type":"article","og_title":"Contin\u00faan II Foros Nicolaitas de Reforma Universitaria; Democratizaci\u00f3n de la Universidad, tema central - Diario ABC de Michoac\u00e1n","og_description":"La actividad fue encabezada por el secretario general, Javier Cervantes, y se prev\u00e9 un tercer ejercicio el pr\u00f3ximo 29 de febrero. Morelia, Michoac\u00e1n.- En un ejercicio de di\u00e1logo abierto con la comunidad, continuaron las actividades de los II Foros Nicolaitas de Reforma Universitaria, en esta ocasi\u00f3n con la segunda mesa de trabajo con el tema [&hellip;]","og_url":"https:\/\/diarioabcdemichoacan.com.mx\/lasnoticias\/continuan-ii-foros-nicolaitas-de-reforma-universitaria-democratizacion-de-la-universidad-tema-central\/","og_site_name":"Diario ABC de Michoac\u00e1n","article_published_time":"2025-01-23T01:08:30+00:00","og_image":[{"width":800,"height":482,"url":"https:\/\/diarioabcdemichoacan.com.mx\/lasnoticias\/wp-content\/uploads\/2025\/01\/WhatsApp-Image-2025-01-22-at-18.32.12.jpeg","type":"image\/jpeg"}],"author":"MD","twitter_card":"summary_large_image","twitter_misc":{"Escrito por":"MD","Tiempo de lectura":"3 minutos"},"schema":{"@context":"https:\/\/schema.org","@graph":[{"@type":"WebPage","@id":"https:\/\/diarioabcdemichoacan.com.mx\/lasnoticias\/continuan-ii-foros-nicolaitas-de-reforma-universitaria-democratizacion-de-la-universidad-tema-central\/","url":"https:\/\/diarioabcdemichoacan.com.mx\/lasnoticias\/continuan-ii-foros-nicolaitas-de-reforma-universitaria-democratizacion-de-la-universidad-tema-central\/","name":"Contin\u00faan II Foros Nicolaitas de Reforma Universitaria; Democratizaci\u00f3n de la Universidad, tema central - Diario ABC de Michoac\u00e1n","isPartOf":{"@id":"https:\/\/diarioabcdemichoacan.com.mx\/lasnoticias\/#website"},"primaryImageOfPage":{"@id":"https:\/\/diarioabcdemichoacan.com.mx\/lasnoticias\/continuan-ii-foros-nicolaitas-de-reforma-universitaria-democratizacion-de-la-universidad-tema-central\/#primaryimage"},"image":{"@id":"https:\/\/diarioabcdemichoacan.com.mx\/lasnoticias\/continuan-ii-foros-nicolaitas-de-reforma-universitaria-democratizacion-de-la-universidad-tema-central\/#primaryimage"},"thumbnailUrl":"https:\/\/diarioabcdemichoacan.com.mx\/lasnoticias\/wp-content\/uploads\/2025\/01\/WhatsApp-Image-2025-01-22-at-18.32.12.jpeg","datePublished":"2025-01-23T01:08:30+00:00","dateModified":"2025-01-23T01:08:30+00:00","author":{"@id":"https:\/\/diarioabcdemichoacan.com.mx\/lasnoticias\/#\/schema\/person\/657e7c20ff5297f317664d985712e8e8"},"breadcrumb":{"@id":"https:\/\/diarioabcdemichoacan.com.mx\/lasnoticias\/continuan-ii-foros-nicolaitas-de-reforma-universitaria-democratizacion-de-la-universidad-tema-central\/#breadcrumb"},"inLanguage":"es","potentialAction":[{"@type":"ReadAction","target":["https:\/\/diarioabcdemichoacan.com.mx\/lasnoticias\/continuan-ii-foros-nicolaitas-de-reforma-universitaria-democratizacion-de-la-universidad-tema-central\/"]}]},{"@type":"ImageObject","inLanguage":"es","@id":"https:\/\/diarioabcdemichoacan.com.mx\/lasnoticias\/continuan-ii-foros-nicolaitas-de-reforma-universitaria-democratizacion-de-la-universidad-tema-central\/#primaryimage","url":"https:\/\/diarioabcdemichoacan.com.mx\/lasnoticias\/wp-content\/uploads\/2025\/01\/WhatsApp-Image-2025-01-22-at-18.32.12.jpeg","contentUrl":"https:\/\/diarioabcdemichoacan.com.mx\/lasnoticias\/wp-content\/uploads\/2025\/01\/WhatsApp-Image-2025-01-22-at-18.32.12.jpeg","width":800,"height":482},{"@type":"BreadcrumbList","@id":"https:\/\/diarioabcdemichoacan.com.mx\/lasnoticias\/continuan-ii-foros-nicolaitas-de-reforma-universitaria-democratizacion-de-la-universidad-tema-central\/#breadcrumb","itemListElement":[{"@type":"ListItem","position":1,"name":"Portada","item":"https:\/\/diarioabcdemichoacan.com.mx\/lasnoticias\/"},{"@type":"ListItem","position":2,"name":"Contin\u00faan II Foros Nicolaitas de Reforma Universitaria; Democratizaci\u00f3n de la Universidad, tema central"}]},{"@type":"WebSite","@id":"https:\/\/diarioabcdemichoacan.com.mx\/lasnoticias\/#website","url":"https:\/\/diarioabcdemichoacan.com.mx\/lasnoticias\/","name":"Diario ABC de Michoac\u00e1n","description":"Las noticias al momento","potentialAction":[{"@type":"SearchAction","target":{"@type":"EntryPoint","urlTemplate":"https:\/\/diarioabcdemichoacan.com.mx\/lasnoticias\/?s={search_term_string}"},"query-input":{"@type":"PropertyValueSpecification","valueRequired":true,"valueName":"search_term_string"}}],"inLanguage":"es"},{"@type":"Person","@id":"https:\/\/diarioabcdemichoacan.com.mx\/lasnoticias\/#\/schema\/person\/657e7c20ff5297f317664d985712e8e8","name":"MD","image":{"@type":"ImageObject","inLanguage":"es","@id":"https:\/\/diarioabcdemichoacan.com.mx\/lasnoticias\/#\/schema\/person\/image\/","url":"https:\/\/secure.gravatar.com\/avatar\/a769375eedc94419a5b67bc5d63567af?s=96&d=mm&r=g","contentUrl":"https:\/\/secure.gravatar.com\/avatar\/a769375eedc94419a5b67bc5d63567af?s=96&d=mm&r=g","caption":"MD"},"url":"https:\/\/diarioabcdemichoacan.com.mx\/lasnoticias\/author\/merelydpa\/"}]}},"_links":{"self":[{"href":"https:\/\/diarioabcdemichoacan.com.mx\/lasnoticias\/wp-json\/wp\/v2\/posts\/43468","targetHints":{"allow":["GET"]}}],"collection":[{"href":"https:\/\/diarioabcdemichoacan.com.mx\/lasnoticias\/wp-json\/wp\/v2\/posts"}],"about":[{"href":"https:\/\/diarioabcdemichoacan.com.mx\/lasnoticias\/wp-json\/wp\/v2\/types\/post"}],"author":[{"embeddable":true,"href":"https:\/\/diarioabcdemichoacan.com.mx\/lasnoticias\/wp-json\/wp\/v2\/users\/8"}],"replies":[{"embeddable":true,"href":"https:\/\/diarioabcdemichoacan.com.mx\/lasnoticias\/wp-json\/wp\/v2\/comments?post=43468"}],"version-history":[{"count":1,"href":"https:\/\/diarioabcdemichoacan.com.mx\/lasnoticias\/wp-json\/wp\/v2\/posts\/43468\/revisions"}],"predecessor-version":[{"id":43478,"href":"https:\/\/diarioabcdemichoacan.com.mx\/lasnoticias\/wp-json\/wp\/v2\/posts\/43468\/revisions\/43478"}],"wp:featuredmedia":[{"embeddable":true,"href":"https:\/\/diarioabcdemichoacan.com.mx\/lasnoticias\/wp-json\/wp\/v2\/media\/43472"}],"wp:attachment":[{"href":"https:\/\/diarioabcdemichoacan.com.mx\/lasnoticias\/wp-json\/wp\/v2\/media?parent=43468"}],"wp:term":[{"taxonomy":"category","embeddable":true,"href":"https:\/\/diarioabcdemichoacan.com.mx\/lasnoticias\/wp-json\/wp\/v2\/categories?post=43468"},{"taxonomy":"post_tag","embeddable":true,"href":"https:\/\/diarioabcdemichoacan.com.mx\/lasnoticias\/wp-json\/wp\/v2\/tags?post=43468"}],"curies":[{"name":"wp","href":"https:\/\/api.w.org\/{rel}","templated":true}]}}