{"id":43722,"date":"2025-01-24T18:01:04","date_gmt":"2025-01-25T00:01:04","guid":{"rendered":"https:\/\/diarioabcdemichoacan.com.mx\/lasnoticias\/?p=43722"},"modified":"2025-01-24T18:01:04","modified_gmt":"2025-01-25T00:01:04","slug":"invita-presidente-de-comision-filmica-de-espana-a-rodar-en-morelia","status":"publish","type":"post","link":"https:\/\/diarioabcdemichoacan.com.mx\/lasnoticias\/invita-presidente-de-comision-filmica-de-espana-a-rodar-en-morelia\/","title":{"rendered":"Invita Presidente de Comisi\u00f3n F\u00edlmica de Espa\u00f1a a rodar en Morelia"},"content":{"rendered":"<ul>\n<li>\u00a0Morelia y Jalisco comparten stand en la Fitur<\/li>\n<li>Alfonso Mart\u00ednez y Pablo Lemus, Gobernador de Jalisco, unen esfuerzos.<\/li>\n<\/ul>\n<hr \/>\n<p>Madrid, Espa\u00f1a.- La presencia de Morelia en la Feria Internacional de Turismo (Fitur) en Madrid, Espa\u00f1a, ha causado gran revuelo entre la comunidad art\u00edstica debido al inter\u00e9s mostrado por la Comisi\u00f3n F\u00edlmica de Espa\u00f1a para invitar a la comunidad art\u00edstica europea a elegir a la capital para el rodaje de producciones cinematogr\u00e1ficas.<\/p>\n<p>En el marco de la Fitur, el Presidente Municipal de Morelia, Alfonso Mart\u00ednez Alc\u00e1zar, sostuvo varios encuentros con Juan Manuel Guimer\u00e1ns Rubio, Presidente de las Comisiones F\u00edlmicas de Espa\u00f1a, para establecer alianzas que permitan a productores de otros pa\u00edses, conocer y visitar la capital con miras a la grabaci\u00f3n de pel\u00edculas.<\/p>\n<p>Juan Manuel Guimer\u00e1ns invit\u00f3 a todos los creadores espa\u00f1oles y europeos a rodar en Morelia, la antigua Valladolid, lugar en donde ser\u00e1n bien recibidos por el equipo que conforma el Gobierno Municipal.<\/p>\n<p>Alfonso Mart\u00ednez destac\u00f3 que en esta ocasi\u00f3n Morelia cont\u00f3 con una doble exposici\u00f3n, una en el pabell\u00f3n de M\u00e9xico y otra compartiendo stand con el estado de Jalisco, con el prop\u00f3sito de promoverse como locaciones de inter\u00e9s mundial. En el marco de la Fitur, dialog\u00f3 con Pablo Lemus, Gobernador del vecino estado de Jalisco, que tambi\u00e9n ofreci\u00f3 sus escenarios para locaciones internacionales.<\/p>\n<p>As\u00ed, la capital de Michoac\u00e1n brill\u00f3 en tierras ib\u00e9ricas, coloc\u00e1ndose como una ciudad atractiva para el arte y las grandes producciones f\u00edlmicas.<\/p>\n<p>COMUNICADO<\/p>\n","protected":false},"excerpt":{"rendered":"<p>\u00a0Morelia y Jalisco comparten stand en la Fitur Alfonso Mart\u00ednez y Pablo Lemus, Gobernador de Jalisco, unen esfuerzos. Madrid, Espa\u00f1a.- La presencia de Morelia en la Feria Internacional de Turismo (Fitur) en Madrid, Espa\u00f1a, ha causado gran revuelo entre la comunidad art\u00edstica debido al inter\u00e9s mostrado por la Comisi\u00f3n F\u00edlmica de Espa\u00f1a para invitar a [&hellip;]<\/p>\n","protected":false},"author":8,"featured_media":43723,"comment_status":"closed","ping_status":"closed","sticky":false,"template":"","format":"standard","meta":{"footnotes":""},"categories":[18,31,7],"tags":[],"class_list":{"0":"post-43722","1":"post","2":"type-post","3":"status-publish","4":"format-standard","5":"has-post-thumbnail","7":"category-ayuntamiento-de-morelia","8":"category-economia-y-capital-humano","9":"category-morelia"},"yoast_head":"<!-- This site is optimized with the Yoast SEO plugin v24.0 - https:\/\/yoast.com\/wordpress\/plugins\/seo\/ -->\n<title>Invita Presidente de Comisi\u00f3n F\u00edlmica de Espa\u00f1a a rodar en Morelia - Diario ABC de Michoac\u00e1n<\/title>\n<meta name=\"robots\" content=\"index, follow, max-snippet:-1, max-image-preview:large, max-video-preview:-1\" \/>\n<link rel=\"canonical\" href=\"https:\/\/diarioabcdemichoacan.com.mx\/lasnoticias\/invita-presidente-de-comision-filmica-de-espana-a-rodar-en-morelia\/\" \/>\n<meta property=\"og:locale\" content=\"es_ES\" \/>\n<meta property=\"og:type\" content=\"article\" \/>\n<meta property=\"og:title\" content=\"Invita Presidente de Comisi\u00f3n F\u00edlmica de Espa\u00f1a a rodar en Morelia - Diario ABC de Michoac\u00e1n\" \/>\n<meta property=\"og:description\" content=\"\u00a0Morelia y Jalisco comparten stand en la Fitur Alfonso Mart\u00ednez y Pablo Lemus, Gobernador de Jalisco, unen esfuerzos. Madrid, Espa\u00f1a.- La presencia de Morelia en la Feria Internacional de Turismo (Fitur) en Madrid, Espa\u00f1a, ha causado gran revuelo entre la comunidad art\u00edstica debido al inter\u00e9s mostrado por la Comisi\u00f3n F\u00edlmica de Espa\u00f1a para invitar a [&hellip;]\" \/>\n<meta property=\"og:url\" content=\"https:\/\/diarioabcdemichoacan.com.mx\/lasnoticias\/invita-presidente-de-comision-filmica-de-espana-a-rodar-en-morelia\/\" \/>\n<meta property=\"og:site_name\" content=\"Diario ABC de Michoac\u00e1n\" \/>\n<meta property=\"article:published_time\" content=\"2025-01-25T00:01:04+00:00\" \/>\n<meta property=\"og:image\" content=\"https:\/\/diarioabcdemichoacan.com.mx\/lasnoticias\/wp-content\/uploads\/2025\/01\/03d2e67e-6307-4f6c-bcee-813b875f6d1c.jpeg\" \/>\n\t<meta property=\"og:image:width\" content=\"720\" \/>\n\t<meta property=\"og:image:height\" content=\"1280\" \/>\n\t<meta property=\"og:image:type\" content=\"image\/jpeg\" \/>\n<meta name=\"author\" content=\"MD\" \/>\n<meta name=\"twitter:card\" content=\"summary_large_image\" \/>\n<meta name=\"twitter:label1\" content=\"Escrito por\" \/>\n\t<meta name=\"twitter:data1\" content=\"MD\" \/>\n\t<meta name=\"twitter:label2\" content=\"Tiempo de lectura\" \/>\n\t<meta name=\"twitter:data2\" content=\"2 minutos\" \/>\n<script type=\"application\/ld+json\" class=\"yoast-schema-graph\">{\"@context\":\"https:\/\/schema.org\",\"@graph\":[{\"@type\":\"WebPage\",\"@id\":\"https:\/\/diarioabcdemichoacan.com.mx\/lasnoticias\/invita-presidente-de-comision-filmica-de-espana-a-rodar-en-morelia\/\",\"url\":\"https:\/\/diarioabcdemichoacan.com.mx\/lasnoticias\/invita-presidente-de-comision-filmica-de-espana-a-rodar-en-morelia\/\",\"name\":\"Invita Presidente de Comisi\u00f3n F\u00edlmica de Espa\u00f1a a rodar en Morelia - Diario ABC de Michoac\u00e1n\",\"isPartOf\":{\"@id\":\"https:\/\/diarioabcdemichoacan.com.mx\/lasnoticias\/#website\"},\"primaryImageOfPage\":{\"@id\":\"https:\/\/diarioabcdemichoacan.com.mx\/lasnoticias\/invita-presidente-de-comision-filmica-de-espana-a-rodar-en-morelia\/#primaryimage\"},\"image\":{\"@id\":\"https:\/\/diarioabcdemichoacan.com.mx\/lasnoticias\/invita-presidente-de-comision-filmica-de-espana-a-rodar-en-morelia\/#primaryimage\"},\"thumbnailUrl\":\"https:\/\/diarioabcdemichoacan.com.mx\/lasnoticias\/wp-content\/uploads\/2025\/01\/03d2e67e-6307-4f6c-bcee-813b875f6d1c.jpeg\",\"datePublished\":\"2025-01-25T00:01:04+00:00\",\"dateModified\":\"2025-01-25T00:01:04+00:00\",\"author\":{\"@id\":\"https:\/\/diarioabcdemichoacan.com.mx\/lasnoticias\/#\/schema\/person\/657e7c20ff5297f317664d985712e8e8\"},\"breadcrumb\":{\"@id\":\"https:\/\/diarioabcdemichoacan.com.mx\/lasnoticias\/invita-presidente-de-comision-filmica-de-espana-a-rodar-en-morelia\/#breadcrumb\"},\"inLanguage\":\"es\",\"potentialAction\":[{\"@type\":\"ReadAction\",\"target\":[\"https:\/\/diarioabcdemichoacan.com.mx\/lasnoticias\/invita-presidente-de-comision-filmica-de-espana-a-rodar-en-morelia\/\"]}]},{\"@type\":\"ImageObject\",\"inLanguage\":\"es\",\"@id\":\"https:\/\/diarioabcdemichoacan.com.mx\/lasnoticias\/invita-presidente-de-comision-filmica-de-espana-a-rodar-en-morelia\/#primaryimage\",\"url\":\"https:\/\/diarioabcdemichoacan.com.mx\/lasnoticias\/wp-content\/uploads\/2025\/01\/03d2e67e-6307-4f6c-bcee-813b875f6d1c.jpeg\",\"contentUrl\":\"https:\/\/diarioabcdemichoacan.com.mx\/lasnoticias\/wp-content\/uploads\/2025\/01\/03d2e67e-6307-4f6c-bcee-813b875f6d1c.jpeg\",\"width\":720,\"height\":1280},{\"@type\":\"BreadcrumbList\",\"@id\":\"https:\/\/diarioabcdemichoacan.com.mx\/lasnoticias\/invita-presidente-de-comision-filmica-de-espana-a-rodar-en-morelia\/#breadcrumb\",\"itemListElement\":[{\"@type\":\"ListItem\",\"position\":1,\"name\":\"Portada\",\"item\":\"https:\/\/diarioabcdemichoacan.com.mx\/lasnoticias\/\"},{\"@type\":\"ListItem\",\"position\":2,\"name\":\"Invita Presidente de Comisi\u00f3n F\u00edlmica de Espa\u00f1a a rodar en Morelia\"}]},{\"@type\":\"WebSite\",\"@id\":\"https:\/\/diarioabcdemichoacan.com.mx\/lasnoticias\/#website\",\"url\":\"https:\/\/diarioabcdemichoacan.com.mx\/lasnoticias\/\",\"name\":\"Diario ABC de Michoac\u00e1n\",\"description\":\"Las noticias al momento\",\"potentialAction\":[{\"@type\":\"SearchAction\",\"target\":{\"@type\":\"EntryPoint\",\"urlTemplate\":\"https:\/\/diarioabcdemichoacan.com.mx\/lasnoticias\/?s={search_term_string}\"},\"query-input\":{\"@type\":\"PropertyValueSpecification\",\"valueRequired\":true,\"valueName\":\"search_term_string\"}}],\"inLanguage\":\"es\"},{\"@type\":\"Person\",\"@id\":\"https:\/\/diarioabcdemichoacan.com.mx\/lasnoticias\/#\/schema\/person\/657e7c20ff5297f317664d985712e8e8\",\"name\":\"MD\",\"image\":{\"@type\":\"ImageObject\",\"inLanguage\":\"es\",\"@id\":\"https:\/\/diarioabcdemichoacan.com.mx\/lasnoticias\/#\/schema\/person\/image\/\",\"url\":\"https:\/\/secure.gravatar.com\/avatar\/a769375eedc94419a5b67bc5d63567af?s=96&d=mm&r=g\",\"contentUrl\":\"https:\/\/secure.gravatar.com\/avatar\/a769375eedc94419a5b67bc5d63567af?s=96&d=mm&r=g\",\"caption\":\"MD\"},\"url\":\"https:\/\/diarioabcdemichoacan.com.mx\/lasnoticias\/author\/merelydpa\/\"}]}<\/script>\n<!-- \/ Yoast SEO plugin. -->","yoast_head_json":{"title":"Invita Presidente de Comisi\u00f3n F\u00edlmica de Espa\u00f1a a rodar en Morelia - Diario ABC de Michoac\u00e1n","robots":{"index":"index","follow":"follow","max-snippet":"max-snippet:-1","max-image-preview":"max-image-preview:large","max-video-preview":"max-video-preview:-1"},"canonical":"https:\/\/diarioabcdemichoacan.com.mx\/lasnoticias\/invita-presidente-de-comision-filmica-de-espana-a-rodar-en-morelia\/","og_locale":"es_ES","og_type":"article","og_title":"Invita Presidente de Comisi\u00f3n F\u00edlmica de Espa\u00f1a a rodar en Morelia - Diario ABC de Michoac\u00e1n","og_description":"\u00a0Morelia y Jalisco comparten stand en la Fitur Alfonso Mart\u00ednez y Pablo Lemus, Gobernador de Jalisco, unen esfuerzos. Madrid, Espa\u00f1a.- La presencia de Morelia en la Feria Internacional de Turismo (Fitur) en Madrid, Espa\u00f1a, ha causado gran revuelo entre la comunidad art\u00edstica debido al inter\u00e9s mostrado por la Comisi\u00f3n F\u00edlmica de Espa\u00f1a para invitar a [&hellip;]","og_url":"https:\/\/diarioabcdemichoacan.com.mx\/lasnoticias\/invita-presidente-de-comision-filmica-de-espana-a-rodar-en-morelia\/","og_site_name":"Diario ABC de Michoac\u00e1n","article_published_time":"2025-01-25T00:01:04+00:00","og_image":[{"width":720,"height":1280,"url":"https:\/\/diarioabcdemichoacan.com.mx\/lasnoticias\/wp-content\/uploads\/2025\/01\/03d2e67e-6307-4f6c-bcee-813b875f6d1c.jpeg","type":"image\/jpeg"}],"author":"MD","twitter_card":"summary_large_image","twitter_misc":{"Escrito por":"MD","Tiempo de lectura":"2 minutos"},"schema":{"@context":"https:\/\/schema.org","@graph":[{"@type":"WebPage","@id":"https:\/\/diarioabcdemichoacan.com.mx\/lasnoticias\/invita-presidente-de-comision-filmica-de-espana-a-rodar-en-morelia\/","url":"https:\/\/diarioabcdemichoacan.com.mx\/lasnoticias\/invita-presidente-de-comision-filmica-de-espana-a-rodar-en-morelia\/","name":"Invita Presidente de Comisi\u00f3n F\u00edlmica de Espa\u00f1a a rodar en Morelia - Diario ABC de Michoac\u00e1n","isPartOf":{"@id":"https:\/\/diarioabcdemichoacan.com.mx\/lasnoticias\/#website"},"primaryImageOfPage":{"@id":"https:\/\/diarioabcdemichoacan.com.mx\/lasnoticias\/invita-presidente-de-comision-filmica-de-espana-a-rodar-en-morelia\/#primaryimage"},"image":{"@id":"https:\/\/diarioabcdemichoacan.com.mx\/lasnoticias\/invita-presidente-de-comision-filmica-de-espana-a-rodar-en-morelia\/#primaryimage"},"thumbnailUrl":"https:\/\/diarioabcdemichoacan.com.mx\/lasnoticias\/wp-content\/uploads\/2025\/01\/03d2e67e-6307-4f6c-bcee-813b875f6d1c.jpeg","datePublished":"2025-01-25T00:01:04+00:00","dateModified":"2025-01-25T00:01:04+00:00","author":{"@id":"https:\/\/diarioabcdemichoacan.com.mx\/lasnoticias\/#\/schema\/person\/657e7c20ff5297f317664d985712e8e8"},"breadcrumb":{"@id":"https:\/\/diarioabcdemichoacan.com.mx\/lasnoticias\/invita-presidente-de-comision-filmica-de-espana-a-rodar-en-morelia\/#breadcrumb"},"inLanguage":"es","potentialAction":[{"@type":"ReadAction","target":["https:\/\/diarioabcdemichoacan.com.mx\/lasnoticias\/invita-presidente-de-comision-filmica-de-espana-a-rodar-en-morelia\/"]}]},{"@type":"ImageObject","inLanguage":"es","@id":"https:\/\/diarioabcdemichoacan.com.mx\/lasnoticias\/invita-presidente-de-comision-filmica-de-espana-a-rodar-en-morelia\/#primaryimage","url":"https:\/\/diarioabcdemichoacan.com.mx\/lasnoticias\/wp-content\/uploads\/2025\/01\/03d2e67e-6307-4f6c-bcee-813b875f6d1c.jpeg","contentUrl":"https:\/\/diarioabcdemichoacan.com.mx\/lasnoticias\/wp-content\/uploads\/2025\/01\/03d2e67e-6307-4f6c-bcee-813b875f6d1c.jpeg","width":720,"height":1280},{"@type":"BreadcrumbList","@id":"https:\/\/diarioabcdemichoacan.com.mx\/lasnoticias\/invita-presidente-de-comision-filmica-de-espana-a-rodar-en-morelia\/#breadcrumb","itemListElement":[{"@type":"ListItem","position":1,"name":"Portada","item":"https:\/\/diarioabcdemichoacan.com.mx\/lasnoticias\/"},{"@type":"ListItem","position":2,"name":"Invita Presidente de Comisi\u00f3n F\u00edlmica de Espa\u00f1a a rodar en Morelia"}]},{"@type":"WebSite","@id":"https:\/\/diarioabcdemichoacan.com.mx\/lasnoticias\/#website","url":"https:\/\/diarioabcdemichoacan.com.mx\/lasnoticias\/","name":"Diario ABC de Michoac\u00e1n","description":"Las noticias al momento","potentialAction":[{"@type":"SearchAction","target":{"@type":"EntryPoint","urlTemplate":"https:\/\/diarioabcdemichoacan.com.mx\/lasnoticias\/?s={search_term_string}"},"query-input":{"@type":"PropertyValueSpecification","valueRequired":true,"valueName":"search_term_string"}}],"inLanguage":"es"},{"@type":"Person","@id":"https:\/\/diarioabcdemichoacan.com.mx\/lasnoticias\/#\/schema\/person\/657e7c20ff5297f317664d985712e8e8","name":"MD","image":{"@type":"ImageObject","inLanguage":"es","@id":"https:\/\/diarioabcdemichoacan.com.mx\/lasnoticias\/#\/schema\/person\/image\/","url":"https:\/\/secure.gravatar.com\/avatar\/a769375eedc94419a5b67bc5d63567af?s=96&d=mm&r=g","contentUrl":"https:\/\/secure.gravatar.com\/avatar\/a769375eedc94419a5b67bc5d63567af?s=96&d=mm&r=g","caption":"MD"},"url":"https:\/\/diarioabcdemichoacan.com.mx\/lasnoticias\/author\/merelydpa\/"}]}},"_links":{"self":[{"href":"https:\/\/diarioabcdemichoacan.com.mx\/lasnoticias\/wp-json\/wp\/v2\/posts\/43722","targetHints":{"allow":["GET"]}}],"collection":[{"href":"https:\/\/diarioabcdemichoacan.com.mx\/lasnoticias\/wp-json\/wp\/v2\/posts"}],"about":[{"href":"https:\/\/diarioabcdemichoacan.com.mx\/lasnoticias\/wp-json\/wp\/v2\/types\/post"}],"author":[{"embeddable":true,"href":"https:\/\/diarioabcdemichoacan.com.mx\/lasnoticias\/wp-json\/wp\/v2\/users\/8"}],"replies":[{"embeddable":true,"href":"https:\/\/diarioabcdemichoacan.com.mx\/lasnoticias\/wp-json\/wp\/v2\/comments?post=43722"}],"version-history":[{"count":1,"href":"https:\/\/diarioabcdemichoacan.com.mx\/lasnoticias\/wp-json\/wp\/v2\/posts\/43722\/revisions"}],"predecessor-version":[{"id":43724,"href":"https:\/\/diarioabcdemichoacan.com.mx\/lasnoticias\/wp-json\/wp\/v2\/posts\/43722\/revisions\/43724"}],"wp:featuredmedia":[{"embeddable":true,"href":"https:\/\/diarioabcdemichoacan.com.mx\/lasnoticias\/wp-json\/wp\/v2\/media\/43723"}],"wp:attachment":[{"href":"https:\/\/diarioabcdemichoacan.com.mx\/lasnoticias\/wp-json\/wp\/v2\/media?parent=43722"}],"wp:term":[{"taxonomy":"category","embeddable":true,"href":"https:\/\/diarioabcdemichoacan.com.mx\/lasnoticias\/wp-json\/wp\/v2\/categories?post=43722"},{"taxonomy":"post_tag","embeddable":true,"href":"https:\/\/diarioabcdemichoacan.com.mx\/lasnoticias\/wp-json\/wp\/v2\/tags?post=43722"}],"curies":[{"name":"wp","href":"https:\/\/api.w.org\/{rel}","templated":true}]}}