{"id":43748,"date":"2025-01-25T08:57:37","date_gmt":"2025-01-25T14:57:37","guid":{"rendered":"https:\/\/diarioabcdemichoacan.com.mx\/lasnoticias\/?p=43748"},"modified":"2025-01-25T08:57:37","modified_gmt":"2025-01-25T14:57:37","slug":"atienden-autoridades-federales-y-estatales-a-normalistas-de-cara-al-ingreso-al-servicio-docente-2025","status":"publish","type":"post","link":"https:\/\/diarioabcdemichoacan.com.mx\/lasnoticias\/atienden-autoridades-federales-y-estatales-a-normalistas-de-cara-al-ingreso-al-servicio-docente-2025\/","title":{"rendered":"Atienden autoridades federales y estatales a normalistas de cara al ingreso al servicio docente 2025"},"content":{"rendered":"<p>&nbsp;<\/p>\n<hr \/>\n<p>Ciudad de M\u00e9xico.- Avanza el di\u00e1logo entre normalistas y las autoridades federales y estatales para el proceso de ingreso al servicio docente de este a\u00f1o.<\/p>\n<p>En seguimiento a las mesas de di\u00e1logo con representantes de la Organizaci\u00f3n de Normales Oficiales del Estado de Michoac\u00e1n (ONOEM), el subsecretario de Gobernaci\u00f3n, Juan Manzo Rodr\u00edguez junto a la titular de la Unidad Estatal del Sistema para la Carrera de las Maestras y los Maestros (UESICAMM), Cynthia S\u00e1nchez sostuvieron una reuni\u00f3n con el director general de la Unidad del Sistema para la Carrera de las Maestras y los Maestros (USICAMM), Manuel Rodr\u00edguez.<\/p>\n<p><img loading=\"lazy\" decoding=\"async\" class=\"alignnone size-full wp-image-43749\" src=\"https:\/\/diarioabcdemichoacan.com.mx\/lasnoticias\/wp-content\/uploads\/2025\/01\/253d46ac-585d-471d-9427-e6a5897a27f7.jpeg\" alt=\"\" width=\"1600\" height=\"900\" srcset=\"https:\/\/diarioabcdemichoacan.com.mx\/lasnoticias\/wp-content\/uploads\/2025\/01\/253d46ac-585d-471d-9427-e6a5897a27f7.jpeg 1600w, https:\/\/diarioabcdemichoacan.com.mx\/lasnoticias\/wp-content\/uploads\/2025\/01\/253d46ac-585d-471d-9427-e6a5897a27f7-500x281.jpeg 500w, https:\/\/diarioabcdemichoacan.com.mx\/lasnoticias\/wp-content\/uploads\/2025\/01\/253d46ac-585d-471d-9427-e6a5897a27f7-1024x576.jpeg 1024w, https:\/\/diarioabcdemichoacan.com.mx\/lasnoticias\/wp-content\/uploads\/2025\/01\/253d46ac-585d-471d-9427-e6a5897a27f7-768x432.jpeg 768w, https:\/\/diarioabcdemichoacan.com.mx\/lasnoticias\/wp-content\/uploads\/2025\/01\/253d46ac-585d-471d-9427-e6a5897a27f7-1536x864.jpeg 1536w, https:\/\/diarioabcdemichoacan.com.mx\/lasnoticias\/wp-content\/uploads\/2025\/01\/253d46ac-585d-471d-9427-e6a5897a27f7-747x420.jpeg 747w, https:\/\/diarioabcdemichoacan.com.mx\/lasnoticias\/wp-content\/uploads\/2025\/01\/253d46ac-585d-471d-9427-e6a5897a27f7-150x84.jpeg 150w, https:\/\/diarioabcdemichoacan.com.mx\/lasnoticias\/wp-content\/uploads\/2025\/01\/253d46ac-585d-471d-9427-e6a5897a27f7-300x169.jpeg 300w, https:\/\/diarioabcdemichoacan.com.mx\/lasnoticias\/wp-content\/uploads\/2025\/01\/253d46ac-585d-471d-9427-e6a5897a27f7-696x392.jpeg 696w, https:\/\/diarioabcdemichoacan.com.mx\/lasnoticias\/wp-content\/uploads\/2025\/01\/253d46ac-585d-471d-9427-e6a5897a27f7-1068x601.jpeg 1068w\" sizes=\"auto, (max-width: 1600px) 100vw, 1600px\" \/><\/p>\n<p>En este encuentro se traz\u00f3 una ruta de trabajo para el proceso de ingreso al servicio docente del presente a\u00f1o en Michoac\u00e1n.<\/p>\n<p>En la mesa de di\u00e1logo, la participaci\u00f3n de la ONOEM fue fundamental para visibilizar las inquietudes y propuestas de estudiantes y egresados normalistas, quienes buscan que se reconozca el papel del normalismo en el sistema educativo de la entidad.<\/p>\n<p>\u00abCon di\u00e1logo y consenso hemos avanzado en la construcci\u00f3n de acuerdos que beneficien tanto a los egresados normalistas como a otros sectores interesados, siempre bajo el marco de los lineamientos establecidos\u00bb, enfatiz\u00f3 el subsecretario, Juan Manzo.<\/p>\n<p>El Gobierno de Michoac\u00e1n reitera su compromiso de promover procesos que fortalezcan la calidad educativa en el estado, respetando los lineamientos establecidos y reconociendo a las instituciones formadoras de docentes como actores clave en este objetivo.<\/p>\n<p>COMUNICADO<\/p>\n<p><img loading=\"lazy\" decoding=\"async\" class=\"alignnone size-full wp-image-43750\" src=\"https:\/\/diarioabcdemichoacan.com.mx\/lasnoticias\/wp-content\/uploads\/2025\/01\/df48b576-a391-476e-9b31-3bfdb9efe27d.jpeg\" alt=\"\" width=\"1600\" height=\"900\" srcset=\"https:\/\/diarioabcdemichoacan.com.mx\/lasnoticias\/wp-content\/uploads\/2025\/01\/df48b576-a391-476e-9b31-3bfdb9efe27d.jpeg 1600w, https:\/\/diarioabcdemichoacan.com.mx\/lasnoticias\/wp-content\/uploads\/2025\/01\/df48b576-a391-476e-9b31-3bfdb9efe27d-500x281.jpeg 500w, https:\/\/diarioabcdemichoacan.com.mx\/lasnoticias\/wp-content\/uploads\/2025\/01\/df48b576-a391-476e-9b31-3bfdb9efe27d-1024x576.jpeg 1024w, https:\/\/diarioabcdemichoacan.com.mx\/lasnoticias\/wp-content\/uploads\/2025\/01\/df48b576-a391-476e-9b31-3bfdb9efe27d-768x432.jpeg 768w, https:\/\/diarioabcdemichoacan.com.mx\/lasnoticias\/wp-content\/uploads\/2025\/01\/df48b576-a391-476e-9b31-3bfdb9efe27d-1536x864.jpeg 1536w, https:\/\/diarioabcdemichoacan.com.mx\/lasnoticias\/wp-content\/uploads\/2025\/01\/df48b576-a391-476e-9b31-3bfdb9efe27d-747x420.jpeg 747w, https:\/\/diarioabcdemichoacan.com.mx\/lasnoticias\/wp-content\/uploads\/2025\/01\/df48b576-a391-476e-9b31-3bfdb9efe27d-150x84.jpeg 150w, https:\/\/diarioabcdemichoacan.com.mx\/lasnoticias\/wp-content\/uploads\/2025\/01\/df48b576-a391-476e-9b31-3bfdb9efe27d-300x169.jpeg 300w, https:\/\/diarioabcdemichoacan.com.mx\/lasnoticias\/wp-content\/uploads\/2025\/01\/df48b576-a391-476e-9b31-3bfdb9efe27d-696x392.jpeg 696w, https:\/\/diarioabcdemichoacan.com.mx\/lasnoticias\/wp-content\/uploads\/2025\/01\/df48b576-a391-476e-9b31-3bfdb9efe27d-1068x601.jpeg 1068w\" sizes=\"auto, (max-width: 1600px) 100vw, 1600px\" \/><\/p>\n","protected":false},"excerpt":{"rendered":"<p>&nbsp; Ciudad de M\u00e9xico.- Avanza el di\u00e1logo entre normalistas y las autoridades federales y estatales para el proceso de ingreso al servicio docente de este a\u00f1o. En seguimiento a las mesas de di\u00e1logo con representantes de la Organizaci\u00f3n de Normales Oficiales del Estado de Michoac\u00e1n (ONOEM), el subsecretario de Gobernaci\u00f3n, Juan Manzo Rodr\u00edguez junto a [&hellip;]<\/p>\n","protected":false},"author":8,"featured_media":43751,"comment_status":"closed","ping_status":"closed","sticky":false,"template":"","format":"standard","meta":{"footnotes":""},"categories":[15,10,17],"tags":[],"class_list":{"0":"post-43748","1":"post","2":"type-post","3":"status-publish","4":"format-standard","5":"has-post-thumbnail","7":"category-educacion","8":"category-estado","9":"category-gobierno-de-michoacan"},"yoast_head":"<!-- This site is optimized with the Yoast SEO plugin v24.0 - https:\/\/yoast.com\/wordpress\/plugins\/seo\/ -->\n<title>Atienden autoridades federales y estatales a normalistas de cara al ingreso al servicio docente 2025 - Diario ABC de Michoac\u00e1n<\/title>\n<meta name=\"robots\" content=\"index, follow, max-snippet:-1, max-image-preview:large, max-video-preview:-1\" \/>\n<link rel=\"canonical\" href=\"https:\/\/diarioabcdemichoacan.com.mx\/lasnoticias\/atienden-autoridades-federales-y-estatales-a-normalistas-de-cara-al-ingreso-al-servicio-docente-2025\/\" \/>\n<meta property=\"og:locale\" content=\"es_ES\" \/>\n<meta property=\"og:type\" content=\"article\" \/>\n<meta property=\"og:title\" content=\"Atienden autoridades federales y estatales a normalistas de cara al ingreso al servicio docente 2025 - Diario ABC de Michoac\u00e1n\" \/>\n<meta property=\"og:description\" content=\"&nbsp; Ciudad de M\u00e9xico.- Avanza el di\u00e1logo entre normalistas y las autoridades federales y estatales para el proceso de ingreso al servicio docente de este a\u00f1o. En seguimiento a las mesas de di\u00e1logo con representantes de la Organizaci\u00f3n de Normales Oficiales del Estado de Michoac\u00e1n (ONOEM), el subsecretario de Gobernaci\u00f3n, Juan Manzo Rodr\u00edguez junto a [&hellip;]\" \/>\n<meta property=\"og:url\" content=\"https:\/\/diarioabcdemichoacan.com.mx\/lasnoticias\/atienden-autoridades-federales-y-estatales-a-normalistas-de-cara-al-ingreso-al-servicio-docente-2025\/\" \/>\n<meta property=\"og:site_name\" content=\"Diario ABC de Michoac\u00e1n\" \/>\n<meta property=\"article:published_time\" content=\"2025-01-25T14:57:37+00:00\" \/>\n<meta property=\"og:image\" content=\"https:\/\/diarioabcdemichoacan.com.mx\/lasnoticias\/wp-content\/uploads\/2025\/01\/3b14f8ea-c1bf-415f-855f-72f08adee180.jpeg\" \/>\n\t<meta property=\"og:image:width\" content=\"1600\" \/>\n\t<meta property=\"og:image:height\" content=\"900\" \/>\n\t<meta property=\"og:image:type\" content=\"image\/jpeg\" \/>\n<meta name=\"author\" content=\"MD\" \/>\n<meta name=\"twitter:card\" content=\"summary_large_image\" \/>\n<meta name=\"twitter:label1\" content=\"Escrito por\" \/>\n\t<meta name=\"twitter:data1\" content=\"MD\" \/>\n\t<meta name=\"twitter:label2\" content=\"Tiempo de lectura\" \/>\n\t<meta name=\"twitter:data2\" content=\"2 minutos\" \/>\n<script type=\"application\/ld+json\" class=\"yoast-schema-graph\">{\"@context\":\"https:\/\/schema.org\",\"@graph\":[{\"@type\":\"WebPage\",\"@id\":\"https:\/\/diarioabcdemichoacan.com.mx\/lasnoticias\/atienden-autoridades-federales-y-estatales-a-normalistas-de-cara-al-ingreso-al-servicio-docente-2025\/\",\"url\":\"https:\/\/diarioabcdemichoacan.com.mx\/lasnoticias\/atienden-autoridades-federales-y-estatales-a-normalistas-de-cara-al-ingreso-al-servicio-docente-2025\/\",\"name\":\"Atienden autoridades federales y estatales a normalistas de cara al ingreso al servicio docente 2025 - Diario ABC de Michoac\u00e1n\",\"isPartOf\":{\"@id\":\"https:\/\/diarioabcdemichoacan.com.mx\/lasnoticias\/#website\"},\"primaryImageOfPage\":{\"@id\":\"https:\/\/diarioabcdemichoacan.com.mx\/lasnoticias\/atienden-autoridades-federales-y-estatales-a-normalistas-de-cara-al-ingreso-al-servicio-docente-2025\/#primaryimage\"},\"image\":{\"@id\":\"https:\/\/diarioabcdemichoacan.com.mx\/lasnoticias\/atienden-autoridades-federales-y-estatales-a-normalistas-de-cara-al-ingreso-al-servicio-docente-2025\/#primaryimage\"},\"thumbnailUrl\":\"https:\/\/diarioabcdemichoacan.com.mx\/lasnoticias\/wp-content\/uploads\/2025\/01\/3b14f8ea-c1bf-415f-855f-72f08adee180.jpeg\",\"datePublished\":\"2025-01-25T14:57:37+00:00\",\"dateModified\":\"2025-01-25T14:57:37+00:00\",\"author\":{\"@id\":\"https:\/\/diarioabcdemichoacan.com.mx\/lasnoticias\/#\/schema\/person\/657e7c20ff5297f317664d985712e8e8\"},\"breadcrumb\":{\"@id\":\"https:\/\/diarioabcdemichoacan.com.mx\/lasnoticias\/atienden-autoridades-federales-y-estatales-a-normalistas-de-cara-al-ingreso-al-servicio-docente-2025\/#breadcrumb\"},\"inLanguage\":\"es\",\"potentialAction\":[{\"@type\":\"ReadAction\",\"target\":[\"https:\/\/diarioabcdemichoacan.com.mx\/lasnoticias\/atienden-autoridades-federales-y-estatales-a-normalistas-de-cara-al-ingreso-al-servicio-docente-2025\/\"]}]},{\"@type\":\"ImageObject\",\"inLanguage\":\"es\",\"@id\":\"https:\/\/diarioabcdemichoacan.com.mx\/lasnoticias\/atienden-autoridades-federales-y-estatales-a-normalistas-de-cara-al-ingreso-al-servicio-docente-2025\/#primaryimage\",\"url\":\"https:\/\/diarioabcdemichoacan.com.mx\/lasnoticias\/wp-content\/uploads\/2025\/01\/3b14f8ea-c1bf-415f-855f-72f08adee180.jpeg\",\"contentUrl\":\"https:\/\/diarioabcdemichoacan.com.mx\/lasnoticias\/wp-content\/uploads\/2025\/01\/3b14f8ea-c1bf-415f-855f-72f08adee180.jpeg\",\"width\":1600,\"height\":900},{\"@type\":\"BreadcrumbList\",\"@id\":\"https:\/\/diarioabcdemichoacan.com.mx\/lasnoticias\/atienden-autoridades-federales-y-estatales-a-normalistas-de-cara-al-ingreso-al-servicio-docente-2025\/#breadcrumb\",\"itemListElement\":[{\"@type\":\"ListItem\",\"position\":1,\"name\":\"Portada\",\"item\":\"https:\/\/diarioabcdemichoacan.com.mx\/lasnoticias\/\"},{\"@type\":\"ListItem\",\"position\":2,\"name\":\"Atienden autoridades federales y estatales a normalistas de cara al ingreso al servicio docente 2025\"}]},{\"@type\":\"WebSite\",\"@id\":\"https:\/\/diarioabcdemichoacan.com.mx\/lasnoticias\/#website\",\"url\":\"https:\/\/diarioabcdemichoacan.com.mx\/lasnoticias\/\",\"name\":\"Diario ABC de Michoac\u00e1n\",\"description\":\"Las noticias al momento\",\"potentialAction\":[{\"@type\":\"SearchAction\",\"target\":{\"@type\":\"EntryPoint\",\"urlTemplate\":\"https:\/\/diarioabcdemichoacan.com.mx\/lasnoticias\/?s={search_term_string}\"},\"query-input\":{\"@type\":\"PropertyValueSpecification\",\"valueRequired\":true,\"valueName\":\"search_term_string\"}}],\"inLanguage\":\"es\"},{\"@type\":\"Person\",\"@id\":\"https:\/\/diarioabcdemichoacan.com.mx\/lasnoticias\/#\/schema\/person\/657e7c20ff5297f317664d985712e8e8\",\"name\":\"MD\",\"image\":{\"@type\":\"ImageObject\",\"inLanguage\":\"es\",\"@id\":\"https:\/\/diarioabcdemichoacan.com.mx\/lasnoticias\/#\/schema\/person\/image\/\",\"url\":\"https:\/\/secure.gravatar.com\/avatar\/a769375eedc94419a5b67bc5d63567af?s=96&d=mm&r=g\",\"contentUrl\":\"https:\/\/secure.gravatar.com\/avatar\/a769375eedc94419a5b67bc5d63567af?s=96&d=mm&r=g\",\"caption\":\"MD\"},\"url\":\"https:\/\/diarioabcdemichoacan.com.mx\/lasnoticias\/author\/merelydpa\/\"}]}<\/script>\n<!-- \/ Yoast SEO plugin. -->","yoast_head_json":{"title":"Atienden autoridades federales y estatales a normalistas de cara al ingreso al servicio docente 2025 - Diario ABC de Michoac\u00e1n","robots":{"index":"index","follow":"follow","max-snippet":"max-snippet:-1","max-image-preview":"max-image-preview:large","max-video-preview":"max-video-preview:-1"},"canonical":"https:\/\/diarioabcdemichoacan.com.mx\/lasnoticias\/atienden-autoridades-federales-y-estatales-a-normalistas-de-cara-al-ingreso-al-servicio-docente-2025\/","og_locale":"es_ES","og_type":"article","og_title":"Atienden autoridades federales y estatales a normalistas de cara al ingreso al servicio docente 2025 - Diario ABC de Michoac\u00e1n","og_description":"&nbsp; Ciudad de M\u00e9xico.- Avanza el di\u00e1logo entre normalistas y las autoridades federales y estatales para el proceso de ingreso al servicio docente de este a\u00f1o. En seguimiento a las mesas de di\u00e1logo con representantes de la Organizaci\u00f3n de Normales Oficiales del Estado de Michoac\u00e1n (ONOEM), el subsecretario de Gobernaci\u00f3n, Juan Manzo Rodr\u00edguez junto a [&hellip;]","og_url":"https:\/\/diarioabcdemichoacan.com.mx\/lasnoticias\/atienden-autoridades-federales-y-estatales-a-normalistas-de-cara-al-ingreso-al-servicio-docente-2025\/","og_site_name":"Diario ABC de Michoac\u00e1n","article_published_time":"2025-01-25T14:57:37+00:00","og_image":[{"width":1600,"height":900,"url":"https:\/\/diarioabcdemichoacan.com.mx\/lasnoticias\/wp-content\/uploads\/2025\/01\/3b14f8ea-c1bf-415f-855f-72f08adee180.jpeg","type":"image\/jpeg"}],"author":"MD","twitter_card":"summary_large_image","twitter_misc":{"Escrito por":"MD","Tiempo de lectura":"2 minutos"},"schema":{"@context":"https:\/\/schema.org","@graph":[{"@type":"WebPage","@id":"https:\/\/diarioabcdemichoacan.com.mx\/lasnoticias\/atienden-autoridades-federales-y-estatales-a-normalistas-de-cara-al-ingreso-al-servicio-docente-2025\/","url":"https:\/\/diarioabcdemichoacan.com.mx\/lasnoticias\/atienden-autoridades-federales-y-estatales-a-normalistas-de-cara-al-ingreso-al-servicio-docente-2025\/","name":"Atienden autoridades federales y estatales a normalistas de cara al ingreso al servicio docente 2025 - Diario ABC de Michoac\u00e1n","isPartOf":{"@id":"https:\/\/diarioabcdemichoacan.com.mx\/lasnoticias\/#website"},"primaryImageOfPage":{"@id":"https:\/\/diarioabcdemichoacan.com.mx\/lasnoticias\/atienden-autoridades-federales-y-estatales-a-normalistas-de-cara-al-ingreso-al-servicio-docente-2025\/#primaryimage"},"image":{"@id":"https:\/\/diarioabcdemichoacan.com.mx\/lasnoticias\/atienden-autoridades-federales-y-estatales-a-normalistas-de-cara-al-ingreso-al-servicio-docente-2025\/#primaryimage"},"thumbnailUrl":"https:\/\/diarioabcdemichoacan.com.mx\/lasnoticias\/wp-content\/uploads\/2025\/01\/3b14f8ea-c1bf-415f-855f-72f08adee180.jpeg","datePublished":"2025-01-25T14:57:37+00:00","dateModified":"2025-01-25T14:57:37+00:00","author":{"@id":"https:\/\/diarioabcdemichoacan.com.mx\/lasnoticias\/#\/schema\/person\/657e7c20ff5297f317664d985712e8e8"},"breadcrumb":{"@id":"https:\/\/diarioabcdemichoacan.com.mx\/lasnoticias\/atienden-autoridades-federales-y-estatales-a-normalistas-de-cara-al-ingreso-al-servicio-docente-2025\/#breadcrumb"},"inLanguage":"es","potentialAction":[{"@type":"ReadAction","target":["https:\/\/diarioabcdemichoacan.com.mx\/lasnoticias\/atienden-autoridades-federales-y-estatales-a-normalistas-de-cara-al-ingreso-al-servicio-docente-2025\/"]}]},{"@type":"ImageObject","inLanguage":"es","@id":"https:\/\/diarioabcdemichoacan.com.mx\/lasnoticias\/atienden-autoridades-federales-y-estatales-a-normalistas-de-cara-al-ingreso-al-servicio-docente-2025\/#primaryimage","url":"https:\/\/diarioabcdemichoacan.com.mx\/lasnoticias\/wp-content\/uploads\/2025\/01\/3b14f8ea-c1bf-415f-855f-72f08adee180.jpeg","contentUrl":"https:\/\/diarioabcdemichoacan.com.mx\/lasnoticias\/wp-content\/uploads\/2025\/01\/3b14f8ea-c1bf-415f-855f-72f08adee180.jpeg","width":1600,"height":900},{"@type":"BreadcrumbList","@id":"https:\/\/diarioabcdemichoacan.com.mx\/lasnoticias\/atienden-autoridades-federales-y-estatales-a-normalistas-de-cara-al-ingreso-al-servicio-docente-2025\/#breadcrumb","itemListElement":[{"@type":"ListItem","position":1,"name":"Portada","item":"https:\/\/diarioabcdemichoacan.com.mx\/lasnoticias\/"},{"@type":"ListItem","position":2,"name":"Atienden autoridades federales y estatales a normalistas de cara al ingreso al servicio docente 2025"}]},{"@type":"WebSite","@id":"https:\/\/diarioabcdemichoacan.com.mx\/lasnoticias\/#website","url":"https:\/\/diarioabcdemichoacan.com.mx\/lasnoticias\/","name":"Diario ABC de Michoac\u00e1n","description":"Las noticias al momento","potentialAction":[{"@type":"SearchAction","target":{"@type":"EntryPoint","urlTemplate":"https:\/\/diarioabcdemichoacan.com.mx\/lasnoticias\/?s={search_term_string}"},"query-input":{"@type":"PropertyValueSpecification","valueRequired":true,"valueName":"search_term_string"}}],"inLanguage":"es"},{"@type":"Person","@id":"https:\/\/diarioabcdemichoacan.com.mx\/lasnoticias\/#\/schema\/person\/657e7c20ff5297f317664d985712e8e8","name":"MD","image":{"@type":"ImageObject","inLanguage":"es","@id":"https:\/\/diarioabcdemichoacan.com.mx\/lasnoticias\/#\/schema\/person\/image\/","url":"https:\/\/secure.gravatar.com\/avatar\/a769375eedc94419a5b67bc5d63567af?s=96&d=mm&r=g","contentUrl":"https:\/\/secure.gravatar.com\/avatar\/a769375eedc94419a5b67bc5d63567af?s=96&d=mm&r=g","caption":"MD"},"url":"https:\/\/diarioabcdemichoacan.com.mx\/lasnoticias\/author\/merelydpa\/"}]}},"_links":{"self":[{"href":"https:\/\/diarioabcdemichoacan.com.mx\/lasnoticias\/wp-json\/wp\/v2\/posts\/43748","targetHints":{"allow":["GET"]}}],"collection":[{"href":"https:\/\/diarioabcdemichoacan.com.mx\/lasnoticias\/wp-json\/wp\/v2\/posts"}],"about":[{"href":"https:\/\/diarioabcdemichoacan.com.mx\/lasnoticias\/wp-json\/wp\/v2\/types\/post"}],"author":[{"embeddable":true,"href":"https:\/\/diarioabcdemichoacan.com.mx\/lasnoticias\/wp-json\/wp\/v2\/users\/8"}],"replies":[{"embeddable":true,"href":"https:\/\/diarioabcdemichoacan.com.mx\/lasnoticias\/wp-json\/wp\/v2\/comments?post=43748"}],"version-history":[{"count":1,"href":"https:\/\/diarioabcdemichoacan.com.mx\/lasnoticias\/wp-json\/wp\/v2\/posts\/43748\/revisions"}],"predecessor-version":[{"id":43752,"href":"https:\/\/diarioabcdemichoacan.com.mx\/lasnoticias\/wp-json\/wp\/v2\/posts\/43748\/revisions\/43752"}],"wp:featuredmedia":[{"embeddable":true,"href":"https:\/\/diarioabcdemichoacan.com.mx\/lasnoticias\/wp-json\/wp\/v2\/media\/43751"}],"wp:attachment":[{"href":"https:\/\/diarioabcdemichoacan.com.mx\/lasnoticias\/wp-json\/wp\/v2\/media?parent=43748"}],"wp:term":[{"taxonomy":"category","embeddable":true,"href":"https:\/\/diarioabcdemichoacan.com.mx\/lasnoticias\/wp-json\/wp\/v2\/categories?post=43748"},{"taxonomy":"post_tag","embeddable":true,"href":"https:\/\/diarioabcdemichoacan.com.mx\/lasnoticias\/wp-json\/wp\/v2\/tags?post=43748"}],"curies":[{"name":"wp","href":"https:\/\/api.w.org\/{rel}","templated":true}]}}