{"id":43761,"date":"2025-01-25T11:06:57","date_gmt":"2025-01-25T17:06:57","guid":{"rendered":"https:\/\/diarioabcdemichoacan.com.mx\/lasnoticias\/?p=43761"},"modified":"2025-01-25T11:06:57","modified_gmt":"2025-01-25T17:06:57","slug":"michoacan-estado-invitado-en-el-festival-alfonso-ortiz-tirado-en-sonora","status":"publish","type":"post","link":"https:\/\/diarioabcdemichoacan.com.mx\/lasnoticias\/michoacan-estado-invitado-en-el-festival-alfonso-ortiz-tirado-en-sonora\/","title":{"rendered":"Michoac\u00e1n, estado invitado en el Festival Alfonso Ortiz Tirado en Sonora"},"content":{"rendered":"<p>\u2022 Secretario de Gobierno, Carlos Torres Pi\u00f1a resalt\u00f3 la riqueza cultural de la entidad al participar en la inauguraci\u00f3n<\/p>\n<hr \/>\n<p>\u00c1lamos, Sonora.- Michoac\u00e1n comparti\u00f3 la esencia de su cultura en el norte del pa\u00eds durante la participaci\u00f3n en la inauguraci\u00f3n de la XL edici\u00f3n del Festival Alfonso Ortiz Tirado, celebrado en \u00c1lamos, Sonora.<\/p>\n<p>En representaci\u00f3n del gobernador Alfredo Ram\u00edrez Bedolla, el secretario de Gobierno, Carlos Torres Pi\u00f1a destac\u00f3 el invaluable legado cultural de Michoac\u00e1n y expres\u00f3 su agradecimiento al Gobierno de Sonora, encabezado por el ingeniero Alfonso Durazo Monta\u00f1o, por la invitaci\u00f3n y su constante esfuerzo por promover la cultura en la regi\u00f3n.<\/p>\n<p>\u201cEl Festival Alfonso Ortiz Tirado es un espacio clave para celebrar la identidad y diversidad cultural de M\u00e9xico. Michoac\u00e1n y Sonora coinciden en que la cultura es un motor de transformaci\u00f3n social y desarrollo econ\u00f3mico\u201d, afirm\u00f3 Torres Pi\u00f1a.<\/p>\n<p>Finalmente, extendi\u00f3 una invitaci\u00f3n a las y los asistentes a descubrir Michoac\u00e1n, un estado rico en historia, arte y naturaleza, donde la hospitalidad y el orgullo por nuestras ra\u00edces esperan a cada visitante.<\/p>\n<p>El festival tiene como estado y pa\u00eds invitados a Michoac\u00e1n y Colombia, y se podr\u00e1 disfrutar hasta el pr\u00f3ximo 1 de febrero.<\/p>\n<p>Dentro del evento, se puede encontrar una gran oferta cultural con m\u00e1s de 970 int\u00e9rpretes, ejecutantes, creadores, conferenciantes y talleristas; actividades diversas desde m\u00fasica orquestal, de c\u00e1mara, jazz, trova, bolero, bossa nova; hasta bailes de sal\u00f3n, teatro bar, revista musical, cine, literatura, talleres art\u00edsticos, danza folcl\u00f3rica y contempor\u00e1nea, entre otras.<\/p>\n<p>COMUNICADO<\/p>\n<p><img loading=\"lazy\" decoding=\"async\" class=\"alignnone size-full wp-image-43762\" src=\"https:\/\/diarioabcdemichoacan.com.mx\/lasnoticias\/wp-content\/uploads\/2025\/01\/4ad8362f-e85b-46fe-a6c8-b41517d6c658.jpeg\" alt=\"\" width=\"1600\" height=\"1066\" srcset=\"https:\/\/diarioabcdemichoacan.com.mx\/lasnoticias\/wp-content\/uploads\/2025\/01\/4ad8362f-e85b-46fe-a6c8-b41517d6c658.jpeg 1600w, https:\/\/diarioabcdemichoacan.com.mx\/lasnoticias\/wp-content\/uploads\/2025\/01\/4ad8362f-e85b-46fe-a6c8-b41517d6c658-500x333.jpeg 500w, https:\/\/diarioabcdemichoacan.com.mx\/lasnoticias\/wp-content\/uploads\/2025\/01\/4ad8362f-e85b-46fe-a6c8-b41517d6c658-1024x682.jpeg 1024w, https:\/\/diarioabcdemichoacan.com.mx\/lasnoticias\/wp-content\/uploads\/2025\/01\/4ad8362f-e85b-46fe-a6c8-b41517d6c658-768x512.jpeg 768w, https:\/\/diarioabcdemichoacan.com.mx\/lasnoticias\/wp-content\/uploads\/2025\/01\/4ad8362f-e85b-46fe-a6c8-b41517d6c658-1536x1023.jpeg 1536w, https:\/\/diarioabcdemichoacan.com.mx\/lasnoticias\/wp-content\/uploads\/2025\/01\/4ad8362f-e85b-46fe-a6c8-b41517d6c658-630x420.jpeg 630w, https:\/\/diarioabcdemichoacan.com.mx\/lasnoticias\/wp-content\/uploads\/2025\/01\/4ad8362f-e85b-46fe-a6c8-b41517d6c658-150x100.jpeg 150w, https:\/\/diarioabcdemichoacan.com.mx\/lasnoticias\/wp-content\/uploads\/2025\/01\/4ad8362f-e85b-46fe-a6c8-b41517d6c658-300x200.jpeg 300w, https:\/\/diarioabcdemichoacan.com.mx\/lasnoticias\/wp-content\/uploads\/2025\/01\/4ad8362f-e85b-46fe-a6c8-b41517d6c658-696x464.jpeg 696w, https:\/\/diarioabcdemichoacan.com.mx\/lasnoticias\/wp-content\/uploads\/2025\/01\/4ad8362f-e85b-46fe-a6c8-b41517d6c658-1068x712.jpeg 1068w\" sizes=\"auto, (max-width: 1600px) 100vw, 1600px\" \/><\/p>\n","protected":false},"excerpt":{"rendered":"<p>\u2022 Secretario de Gobierno, Carlos Torres Pi\u00f1a resalt\u00f3 la riqueza cultural de la entidad al participar en la inauguraci\u00f3n \u00c1lamos, Sonora.- Michoac\u00e1n comparti\u00f3 la esencia de su cultura en el norte del pa\u00eds durante la participaci\u00f3n en la inauguraci\u00f3n de la XL edici\u00f3n del Festival Alfonso Ortiz Tirado, celebrado en \u00c1lamos, Sonora. En representaci\u00f3n del [&hellip;]<\/p>\n","protected":false},"author":8,"featured_media":43763,"comment_status":"closed","ping_status":"closed","sticky":false,"template":"","format":"standard","meta":{"footnotes":""},"categories":[10,17],"tags":[],"class_list":{"0":"post-43761","1":"post","2":"type-post","3":"status-publish","4":"format-standard","5":"has-post-thumbnail","7":"category-estado","8":"category-gobierno-de-michoacan"},"yoast_head":"<!-- This site is optimized with the Yoast SEO plugin v24.0 - https:\/\/yoast.com\/wordpress\/plugins\/seo\/ -->\n<title>Michoac\u00e1n, estado invitado en el Festival Alfonso Ortiz Tirado en Sonora - Diario ABC de Michoac\u00e1n<\/title>\n<meta name=\"robots\" content=\"index, follow, max-snippet:-1, max-image-preview:large, max-video-preview:-1\" \/>\n<link rel=\"canonical\" href=\"https:\/\/diarioabcdemichoacan.com.mx\/lasnoticias\/michoacan-estado-invitado-en-el-festival-alfonso-ortiz-tirado-en-sonora\/\" \/>\n<meta property=\"og:locale\" content=\"es_ES\" \/>\n<meta property=\"og:type\" content=\"article\" \/>\n<meta property=\"og:title\" content=\"Michoac\u00e1n, estado invitado en el Festival Alfonso Ortiz Tirado en Sonora - Diario ABC de Michoac\u00e1n\" \/>\n<meta property=\"og:description\" content=\"\u2022 Secretario de Gobierno, Carlos Torres Pi\u00f1a resalt\u00f3 la riqueza cultural de la entidad al participar en la inauguraci\u00f3n \u00c1lamos, Sonora.- Michoac\u00e1n comparti\u00f3 la esencia de su cultura en el norte del pa\u00eds durante la participaci\u00f3n en la inauguraci\u00f3n de la XL edici\u00f3n del Festival Alfonso Ortiz Tirado, celebrado en \u00c1lamos, Sonora. En representaci\u00f3n del [&hellip;]\" \/>\n<meta property=\"og:url\" content=\"https:\/\/diarioabcdemichoacan.com.mx\/lasnoticias\/michoacan-estado-invitado-en-el-festival-alfonso-ortiz-tirado-en-sonora\/\" \/>\n<meta property=\"og:site_name\" content=\"Diario ABC de Michoac\u00e1n\" \/>\n<meta property=\"article:published_time\" content=\"2025-01-25T17:06:57+00:00\" \/>\n<meta property=\"og:image\" content=\"https:\/\/diarioabcdemichoacan.com.mx\/lasnoticias\/wp-content\/uploads\/2025\/01\/85555291-61a2-4312-a0c8-758b8b2a6996.jpeg\" \/>\n\t<meta property=\"og:image:width\" content=\"1600\" \/>\n\t<meta property=\"og:image:height\" content=\"1066\" \/>\n\t<meta property=\"og:image:type\" content=\"image\/jpeg\" \/>\n<meta name=\"author\" content=\"MD\" \/>\n<meta name=\"twitter:card\" content=\"summary_large_image\" \/>\n<meta name=\"twitter:label1\" content=\"Escrito por\" \/>\n\t<meta name=\"twitter:data1\" content=\"MD\" \/>\n\t<meta name=\"twitter:label2\" content=\"Tiempo de lectura\" \/>\n\t<meta name=\"twitter:data2\" content=\"2 minutos\" \/>\n<script type=\"application\/ld+json\" class=\"yoast-schema-graph\">{\"@context\":\"https:\/\/schema.org\",\"@graph\":[{\"@type\":\"WebPage\",\"@id\":\"https:\/\/diarioabcdemichoacan.com.mx\/lasnoticias\/michoacan-estado-invitado-en-el-festival-alfonso-ortiz-tirado-en-sonora\/\",\"url\":\"https:\/\/diarioabcdemichoacan.com.mx\/lasnoticias\/michoacan-estado-invitado-en-el-festival-alfonso-ortiz-tirado-en-sonora\/\",\"name\":\"Michoac\u00e1n, estado invitado en el Festival Alfonso Ortiz Tirado en Sonora - Diario ABC de Michoac\u00e1n\",\"isPartOf\":{\"@id\":\"https:\/\/diarioabcdemichoacan.com.mx\/lasnoticias\/#website\"},\"primaryImageOfPage\":{\"@id\":\"https:\/\/diarioabcdemichoacan.com.mx\/lasnoticias\/michoacan-estado-invitado-en-el-festival-alfonso-ortiz-tirado-en-sonora\/#primaryimage\"},\"image\":{\"@id\":\"https:\/\/diarioabcdemichoacan.com.mx\/lasnoticias\/michoacan-estado-invitado-en-el-festival-alfonso-ortiz-tirado-en-sonora\/#primaryimage\"},\"thumbnailUrl\":\"https:\/\/diarioabcdemichoacan.com.mx\/lasnoticias\/wp-content\/uploads\/2025\/01\/85555291-61a2-4312-a0c8-758b8b2a6996.jpeg\",\"datePublished\":\"2025-01-25T17:06:57+00:00\",\"dateModified\":\"2025-01-25T17:06:57+00:00\",\"author\":{\"@id\":\"https:\/\/diarioabcdemichoacan.com.mx\/lasnoticias\/#\/schema\/person\/657e7c20ff5297f317664d985712e8e8\"},\"breadcrumb\":{\"@id\":\"https:\/\/diarioabcdemichoacan.com.mx\/lasnoticias\/michoacan-estado-invitado-en-el-festival-alfonso-ortiz-tirado-en-sonora\/#breadcrumb\"},\"inLanguage\":\"es\",\"potentialAction\":[{\"@type\":\"ReadAction\",\"target\":[\"https:\/\/diarioabcdemichoacan.com.mx\/lasnoticias\/michoacan-estado-invitado-en-el-festival-alfonso-ortiz-tirado-en-sonora\/\"]}]},{\"@type\":\"ImageObject\",\"inLanguage\":\"es\",\"@id\":\"https:\/\/diarioabcdemichoacan.com.mx\/lasnoticias\/michoacan-estado-invitado-en-el-festival-alfonso-ortiz-tirado-en-sonora\/#primaryimage\",\"url\":\"https:\/\/diarioabcdemichoacan.com.mx\/lasnoticias\/wp-content\/uploads\/2025\/01\/85555291-61a2-4312-a0c8-758b8b2a6996.jpeg\",\"contentUrl\":\"https:\/\/diarioabcdemichoacan.com.mx\/lasnoticias\/wp-content\/uploads\/2025\/01\/85555291-61a2-4312-a0c8-758b8b2a6996.jpeg\",\"width\":1600,\"height\":1066},{\"@type\":\"BreadcrumbList\",\"@id\":\"https:\/\/diarioabcdemichoacan.com.mx\/lasnoticias\/michoacan-estado-invitado-en-el-festival-alfonso-ortiz-tirado-en-sonora\/#breadcrumb\",\"itemListElement\":[{\"@type\":\"ListItem\",\"position\":1,\"name\":\"Portada\",\"item\":\"https:\/\/diarioabcdemichoacan.com.mx\/lasnoticias\/\"},{\"@type\":\"ListItem\",\"position\":2,\"name\":\"Michoac\u00e1n, estado invitado en el Festival Alfonso Ortiz Tirado en Sonora\"}]},{\"@type\":\"WebSite\",\"@id\":\"https:\/\/diarioabcdemichoacan.com.mx\/lasnoticias\/#website\",\"url\":\"https:\/\/diarioabcdemichoacan.com.mx\/lasnoticias\/\",\"name\":\"Diario ABC de Michoac\u00e1n\",\"description\":\"Las noticias al momento\",\"potentialAction\":[{\"@type\":\"SearchAction\",\"target\":{\"@type\":\"EntryPoint\",\"urlTemplate\":\"https:\/\/diarioabcdemichoacan.com.mx\/lasnoticias\/?s={search_term_string}\"},\"query-input\":{\"@type\":\"PropertyValueSpecification\",\"valueRequired\":true,\"valueName\":\"search_term_string\"}}],\"inLanguage\":\"es\"},{\"@type\":\"Person\",\"@id\":\"https:\/\/diarioabcdemichoacan.com.mx\/lasnoticias\/#\/schema\/person\/657e7c20ff5297f317664d985712e8e8\",\"name\":\"MD\",\"image\":{\"@type\":\"ImageObject\",\"inLanguage\":\"es\",\"@id\":\"https:\/\/diarioabcdemichoacan.com.mx\/lasnoticias\/#\/schema\/person\/image\/\",\"url\":\"https:\/\/secure.gravatar.com\/avatar\/a769375eedc94419a5b67bc5d63567af?s=96&d=mm&r=g\",\"contentUrl\":\"https:\/\/secure.gravatar.com\/avatar\/a769375eedc94419a5b67bc5d63567af?s=96&d=mm&r=g\",\"caption\":\"MD\"},\"url\":\"https:\/\/diarioabcdemichoacan.com.mx\/lasnoticias\/author\/merelydpa\/\"}]}<\/script>\n<!-- \/ Yoast SEO plugin. -->","yoast_head_json":{"title":"Michoac\u00e1n, estado invitado en el Festival Alfonso Ortiz Tirado en Sonora - Diario ABC de Michoac\u00e1n","robots":{"index":"index","follow":"follow","max-snippet":"max-snippet:-1","max-image-preview":"max-image-preview:large","max-video-preview":"max-video-preview:-1"},"canonical":"https:\/\/diarioabcdemichoacan.com.mx\/lasnoticias\/michoacan-estado-invitado-en-el-festival-alfonso-ortiz-tirado-en-sonora\/","og_locale":"es_ES","og_type":"article","og_title":"Michoac\u00e1n, estado invitado en el Festival Alfonso Ortiz Tirado en Sonora - Diario ABC de Michoac\u00e1n","og_description":"\u2022 Secretario de Gobierno, Carlos Torres Pi\u00f1a resalt\u00f3 la riqueza cultural de la entidad al participar en la inauguraci\u00f3n \u00c1lamos, Sonora.- Michoac\u00e1n comparti\u00f3 la esencia de su cultura en el norte del pa\u00eds durante la participaci\u00f3n en la inauguraci\u00f3n de la XL edici\u00f3n del Festival Alfonso Ortiz Tirado, celebrado en \u00c1lamos, Sonora. En representaci\u00f3n del [&hellip;]","og_url":"https:\/\/diarioabcdemichoacan.com.mx\/lasnoticias\/michoacan-estado-invitado-en-el-festival-alfonso-ortiz-tirado-en-sonora\/","og_site_name":"Diario ABC de Michoac\u00e1n","article_published_time":"2025-01-25T17:06:57+00:00","og_image":[{"width":1600,"height":1066,"url":"https:\/\/diarioabcdemichoacan.com.mx\/lasnoticias\/wp-content\/uploads\/2025\/01\/85555291-61a2-4312-a0c8-758b8b2a6996.jpeg","type":"image\/jpeg"}],"author":"MD","twitter_card":"summary_large_image","twitter_misc":{"Escrito por":"MD","Tiempo de lectura":"2 minutos"},"schema":{"@context":"https:\/\/schema.org","@graph":[{"@type":"WebPage","@id":"https:\/\/diarioabcdemichoacan.com.mx\/lasnoticias\/michoacan-estado-invitado-en-el-festival-alfonso-ortiz-tirado-en-sonora\/","url":"https:\/\/diarioabcdemichoacan.com.mx\/lasnoticias\/michoacan-estado-invitado-en-el-festival-alfonso-ortiz-tirado-en-sonora\/","name":"Michoac\u00e1n, estado invitado en el Festival Alfonso Ortiz Tirado en Sonora - Diario ABC de Michoac\u00e1n","isPartOf":{"@id":"https:\/\/diarioabcdemichoacan.com.mx\/lasnoticias\/#website"},"primaryImageOfPage":{"@id":"https:\/\/diarioabcdemichoacan.com.mx\/lasnoticias\/michoacan-estado-invitado-en-el-festival-alfonso-ortiz-tirado-en-sonora\/#primaryimage"},"image":{"@id":"https:\/\/diarioabcdemichoacan.com.mx\/lasnoticias\/michoacan-estado-invitado-en-el-festival-alfonso-ortiz-tirado-en-sonora\/#primaryimage"},"thumbnailUrl":"https:\/\/diarioabcdemichoacan.com.mx\/lasnoticias\/wp-content\/uploads\/2025\/01\/85555291-61a2-4312-a0c8-758b8b2a6996.jpeg","datePublished":"2025-01-25T17:06:57+00:00","dateModified":"2025-01-25T17:06:57+00:00","author":{"@id":"https:\/\/diarioabcdemichoacan.com.mx\/lasnoticias\/#\/schema\/person\/657e7c20ff5297f317664d985712e8e8"},"breadcrumb":{"@id":"https:\/\/diarioabcdemichoacan.com.mx\/lasnoticias\/michoacan-estado-invitado-en-el-festival-alfonso-ortiz-tirado-en-sonora\/#breadcrumb"},"inLanguage":"es","potentialAction":[{"@type":"ReadAction","target":["https:\/\/diarioabcdemichoacan.com.mx\/lasnoticias\/michoacan-estado-invitado-en-el-festival-alfonso-ortiz-tirado-en-sonora\/"]}]},{"@type":"ImageObject","inLanguage":"es","@id":"https:\/\/diarioabcdemichoacan.com.mx\/lasnoticias\/michoacan-estado-invitado-en-el-festival-alfonso-ortiz-tirado-en-sonora\/#primaryimage","url":"https:\/\/diarioabcdemichoacan.com.mx\/lasnoticias\/wp-content\/uploads\/2025\/01\/85555291-61a2-4312-a0c8-758b8b2a6996.jpeg","contentUrl":"https:\/\/diarioabcdemichoacan.com.mx\/lasnoticias\/wp-content\/uploads\/2025\/01\/85555291-61a2-4312-a0c8-758b8b2a6996.jpeg","width":1600,"height":1066},{"@type":"BreadcrumbList","@id":"https:\/\/diarioabcdemichoacan.com.mx\/lasnoticias\/michoacan-estado-invitado-en-el-festival-alfonso-ortiz-tirado-en-sonora\/#breadcrumb","itemListElement":[{"@type":"ListItem","position":1,"name":"Portada","item":"https:\/\/diarioabcdemichoacan.com.mx\/lasnoticias\/"},{"@type":"ListItem","position":2,"name":"Michoac\u00e1n, estado invitado en el Festival Alfonso Ortiz Tirado en Sonora"}]},{"@type":"WebSite","@id":"https:\/\/diarioabcdemichoacan.com.mx\/lasnoticias\/#website","url":"https:\/\/diarioabcdemichoacan.com.mx\/lasnoticias\/","name":"Diario ABC de Michoac\u00e1n","description":"Las noticias al momento","potentialAction":[{"@type":"SearchAction","target":{"@type":"EntryPoint","urlTemplate":"https:\/\/diarioabcdemichoacan.com.mx\/lasnoticias\/?s={search_term_string}"},"query-input":{"@type":"PropertyValueSpecification","valueRequired":true,"valueName":"search_term_string"}}],"inLanguage":"es"},{"@type":"Person","@id":"https:\/\/diarioabcdemichoacan.com.mx\/lasnoticias\/#\/schema\/person\/657e7c20ff5297f317664d985712e8e8","name":"MD","image":{"@type":"ImageObject","inLanguage":"es","@id":"https:\/\/diarioabcdemichoacan.com.mx\/lasnoticias\/#\/schema\/person\/image\/","url":"https:\/\/secure.gravatar.com\/avatar\/a769375eedc94419a5b67bc5d63567af?s=96&d=mm&r=g","contentUrl":"https:\/\/secure.gravatar.com\/avatar\/a769375eedc94419a5b67bc5d63567af?s=96&d=mm&r=g","caption":"MD"},"url":"https:\/\/diarioabcdemichoacan.com.mx\/lasnoticias\/author\/merelydpa\/"}]}},"_links":{"self":[{"href":"https:\/\/diarioabcdemichoacan.com.mx\/lasnoticias\/wp-json\/wp\/v2\/posts\/43761","targetHints":{"allow":["GET"]}}],"collection":[{"href":"https:\/\/diarioabcdemichoacan.com.mx\/lasnoticias\/wp-json\/wp\/v2\/posts"}],"about":[{"href":"https:\/\/diarioabcdemichoacan.com.mx\/lasnoticias\/wp-json\/wp\/v2\/types\/post"}],"author":[{"embeddable":true,"href":"https:\/\/diarioabcdemichoacan.com.mx\/lasnoticias\/wp-json\/wp\/v2\/users\/8"}],"replies":[{"embeddable":true,"href":"https:\/\/diarioabcdemichoacan.com.mx\/lasnoticias\/wp-json\/wp\/v2\/comments?post=43761"}],"version-history":[{"count":1,"href":"https:\/\/diarioabcdemichoacan.com.mx\/lasnoticias\/wp-json\/wp\/v2\/posts\/43761\/revisions"}],"predecessor-version":[{"id":43764,"href":"https:\/\/diarioabcdemichoacan.com.mx\/lasnoticias\/wp-json\/wp\/v2\/posts\/43761\/revisions\/43764"}],"wp:featuredmedia":[{"embeddable":true,"href":"https:\/\/diarioabcdemichoacan.com.mx\/lasnoticias\/wp-json\/wp\/v2\/media\/43763"}],"wp:attachment":[{"href":"https:\/\/diarioabcdemichoacan.com.mx\/lasnoticias\/wp-json\/wp\/v2\/media?parent=43761"}],"wp:term":[{"taxonomy":"category","embeddable":true,"href":"https:\/\/diarioabcdemichoacan.com.mx\/lasnoticias\/wp-json\/wp\/v2\/categories?post=43761"},{"taxonomy":"post_tag","embeddable":true,"href":"https:\/\/diarioabcdemichoacan.com.mx\/lasnoticias\/wp-json\/wp\/v2\/tags?post=43761"}],"curies":[{"name":"wp","href":"https:\/\/api.w.org\/{rel}","templated":true}]}}