{"id":43915,"date":"2025-01-26T18:23:06","date_gmt":"2025-01-27T00:23:06","guid":{"rendered":"https:\/\/diarioabcdemichoacan.com.mx\/lasnoticias\/?p=43915"},"modified":"2025-01-26T18:23:06","modified_gmt":"2025-01-27T00:23:06","slug":"tras-enfrentamientos-en-apatzingan-suspenden-clases","status":"publish","type":"post","link":"https:\/\/diarioabcdemichoacan.com.mx\/lasnoticias\/tras-enfrentamientos-en-apatzingan-suspenden-clases\/","title":{"rendered":"Tras enfrentamientos en Apatzing\u00e1n suspenden clases"},"content":{"rendered":"<h6>Am\u00e9rica Ju\u00e1rez Navarro<\/h6>\n<hr \/>\n<p>Morelia, Mich.- Luego de la situaci\u00f3n de inseguridad y reportes de balaceras en Apatzing\u00e1n, docentes y padres de familia decidieron suspender las clases como medida de precauci\u00f3n, inform\u00f3, el secretario general de la Secci\u00f3n XVIII, Jairo Antonio Mandujano Ortega.<\/p>\n<p>&nbsp;<\/p>\n<p>Inform\u00f3 que las autoridades educativas y de seguridad est\u00e1n trabajando juntas para garantizar la seguridad en las escuelas antes de reanudar las clases, pero el env\u00edo de m\u00e1s elementos de Seguridad, reconoci\u00f3 no ha sido suficiente.<\/p>\n<p>&nbsp;<\/p>\n<p>Mencion\u00f3 que se han solicitado mejores condiciones de seguridad para los docentes y se est\u00e1 evaluando la situaci\u00f3n para determinar si se reanudan las clases el lunes, ya que si bien la idea no era suspender, porque los alumnos ya estaban en clases, fueron los padres de familia quienes decidieron ir a las escuelas y se llevaron a sus hijos.<\/p>\n<p>&nbsp;<\/p>\n<p>\u00abAhorita est\u00e1 suspendido todo el turno vespertino ah\u00ed en la regi\u00f3n y van a analizar el d\u00eda de hoy para sacar un comunicado si el d\u00eda lunes ya hay clases o no se reanudan las clases es lo que me comentan en t\u00e9rminos as\u00ed generales\u00bb, explic\u00f3<\/p>\n<p>&nbsp;<\/p>\n<p>Seg\u00fan el secretario general de la Secci\u00f3n XVIII, Jairo Antonio Mandujano Ortega, las autoridades educativas y de seguridad est\u00e1n trabajando juntas para garantizar la seguridad en las escuelas antes de reanudar las clases. Sin embargo, el env\u00edo de m\u00e1s elementos de seguridad no ha sido suficiente para resolver el problema.<\/p>\n<p>&nbsp;<\/p>\n<p>Se han solicitado mejores condiciones de seguridad para los docentes y se est\u00e1 evaluando la situaci\u00f3n para determinar si se reanudan las clases el lunes. La reanudaci\u00f3n de clases se tomar\u00e1 en conjunto con los padres de familia y se respaldar\u00e1 su decisi\u00f3n.<\/p>\n<p>&nbsp;<\/p>\n<p>Es importante destacar que la violencia en la regi\u00f3n ha afectado significativamente a la comunidad educativa. Seg\u00fan un art\u00edculo de Di\u00e1logos sobre educaci\u00f3n, en 2017 se reportaron 52 casos de maestros asesinados en M\u00e9xico, y en Michoac\u00e1n se reportaron siete homicidios de docentes.<\/p>\n","protected":false},"excerpt":{"rendered":"<p>Am\u00e9rica Ju\u00e1rez Navarro Morelia, Mich.- Luego de la situaci\u00f3n de inseguridad y reportes de balaceras en Apatzing\u00e1n, docentes y padres de familia decidieron suspender las clases como medida de precauci\u00f3n, inform\u00f3, el secretario general de la Secci\u00f3n XVIII, Jairo Antonio Mandujano Ortega. &nbsp; Inform\u00f3 que las autoridades educativas y de seguridad est\u00e1n trabajando juntas para [&hellip;]<\/p>\n","protected":false},"author":9,"featured_media":43916,"comment_status":"closed","ping_status":"closed","sticky":false,"template":"","format":"standard","meta":{"footnotes":""},"categories":[6,28,25,27],"tags":[],"class_list":{"0":"post-43915","1":"post","2":"type-post","3":"status-publish","4":"format-standard","5":"has-post-thumbnail","7":"category-apatzingan","8":"category-politica","9":"category-seguridad","10":"category-slider"},"yoast_head":"<!-- This site is optimized with the Yoast SEO plugin v24.0 - https:\/\/yoast.com\/wordpress\/plugins\/seo\/ -->\n<title>Tras enfrentamientos en Apatzing\u00e1n suspenden clases - Diario ABC de Michoac\u00e1n<\/title>\n<meta name=\"robots\" content=\"index, follow, max-snippet:-1, max-image-preview:large, max-video-preview:-1\" \/>\n<link rel=\"canonical\" href=\"https:\/\/diarioabcdemichoacan.com.mx\/lasnoticias\/tras-enfrentamientos-en-apatzingan-suspenden-clases\/\" \/>\n<meta property=\"og:locale\" content=\"es_ES\" \/>\n<meta property=\"og:type\" content=\"article\" \/>\n<meta property=\"og:title\" content=\"Tras enfrentamientos en Apatzing\u00e1n suspenden clases - Diario ABC de Michoac\u00e1n\" \/>\n<meta property=\"og:description\" content=\"Am\u00e9rica Ju\u00e1rez Navarro Morelia, Mich.- Luego de la situaci\u00f3n de inseguridad y reportes de balaceras en Apatzing\u00e1n, docentes y padres de familia decidieron suspender las clases como medida de precauci\u00f3n, inform\u00f3, el secretario general de la Secci\u00f3n XVIII, Jairo Antonio Mandujano Ortega. &nbsp; Inform\u00f3 que las autoridades educativas y de seguridad est\u00e1n trabajando juntas para [&hellip;]\" \/>\n<meta property=\"og:url\" content=\"https:\/\/diarioabcdemichoacan.com.mx\/lasnoticias\/tras-enfrentamientos-en-apatzingan-suspenden-clases\/\" \/>\n<meta property=\"og:site_name\" content=\"Diario ABC de Michoac\u00e1n\" \/>\n<meta property=\"article:published_time\" content=\"2025-01-27T00:23:06+00:00\" \/>\n<meta property=\"og:image\" content=\"https:\/\/diarioabcdemichoacan.com.mx\/lasnoticias\/wp-content\/uploads\/2025\/01\/IMG-20250126-WA0082.jpg\" \/>\n\t<meta property=\"og:image:width\" content=\"713\" \/>\n\t<meta property=\"og:image:height\" content=\"430\" \/>\n\t<meta property=\"og:image:type\" content=\"image\/jpeg\" \/>\n<meta name=\"author\" content=\"AR\" \/>\n<meta name=\"twitter:card\" content=\"summary_large_image\" \/>\n<meta name=\"twitter:label1\" content=\"Escrito por\" \/>\n\t<meta name=\"twitter:data1\" content=\"AR\" \/>\n\t<meta name=\"twitter:label2\" content=\"Tiempo de lectura\" \/>\n\t<meta name=\"twitter:data2\" content=\"2 minutos\" \/>\n<script type=\"application\/ld+json\" class=\"yoast-schema-graph\">{\"@context\":\"https:\/\/schema.org\",\"@graph\":[{\"@type\":\"WebPage\",\"@id\":\"https:\/\/diarioabcdemichoacan.com.mx\/lasnoticias\/tras-enfrentamientos-en-apatzingan-suspenden-clases\/\",\"url\":\"https:\/\/diarioabcdemichoacan.com.mx\/lasnoticias\/tras-enfrentamientos-en-apatzingan-suspenden-clases\/\",\"name\":\"Tras enfrentamientos en Apatzing\u00e1n suspenden clases - Diario ABC de Michoac\u00e1n\",\"isPartOf\":{\"@id\":\"https:\/\/diarioabcdemichoacan.com.mx\/lasnoticias\/#website\"},\"primaryImageOfPage\":{\"@id\":\"https:\/\/diarioabcdemichoacan.com.mx\/lasnoticias\/tras-enfrentamientos-en-apatzingan-suspenden-clases\/#primaryimage\"},\"image\":{\"@id\":\"https:\/\/diarioabcdemichoacan.com.mx\/lasnoticias\/tras-enfrentamientos-en-apatzingan-suspenden-clases\/#primaryimage\"},\"thumbnailUrl\":\"https:\/\/diarioabcdemichoacan.com.mx\/lasnoticias\/wp-content\/uploads\/2025\/01\/IMG-20250126-WA0082.jpg\",\"datePublished\":\"2025-01-27T00:23:06+00:00\",\"dateModified\":\"2025-01-27T00:23:06+00:00\",\"author\":{\"@id\":\"https:\/\/diarioabcdemichoacan.com.mx\/lasnoticias\/#\/schema\/person\/19ae376040f6cbc489682ebdd8524852\"},\"breadcrumb\":{\"@id\":\"https:\/\/diarioabcdemichoacan.com.mx\/lasnoticias\/tras-enfrentamientos-en-apatzingan-suspenden-clases\/#breadcrumb\"},\"inLanguage\":\"es\",\"potentialAction\":[{\"@type\":\"ReadAction\",\"target\":[\"https:\/\/diarioabcdemichoacan.com.mx\/lasnoticias\/tras-enfrentamientos-en-apatzingan-suspenden-clases\/\"]}]},{\"@type\":\"ImageObject\",\"inLanguage\":\"es\",\"@id\":\"https:\/\/diarioabcdemichoacan.com.mx\/lasnoticias\/tras-enfrentamientos-en-apatzingan-suspenden-clases\/#primaryimage\",\"url\":\"https:\/\/diarioabcdemichoacan.com.mx\/lasnoticias\/wp-content\/uploads\/2025\/01\/IMG-20250126-WA0082.jpg\",\"contentUrl\":\"https:\/\/diarioabcdemichoacan.com.mx\/lasnoticias\/wp-content\/uploads\/2025\/01\/IMG-20250126-WA0082.jpg\",\"width\":713,\"height\":430},{\"@type\":\"BreadcrumbList\",\"@id\":\"https:\/\/diarioabcdemichoacan.com.mx\/lasnoticias\/tras-enfrentamientos-en-apatzingan-suspenden-clases\/#breadcrumb\",\"itemListElement\":[{\"@type\":\"ListItem\",\"position\":1,\"name\":\"Portada\",\"item\":\"https:\/\/diarioabcdemichoacan.com.mx\/lasnoticias\/\"},{\"@type\":\"ListItem\",\"position\":2,\"name\":\"Tras enfrentamientos en Apatzing\u00e1n suspenden clases\"}]},{\"@type\":\"WebSite\",\"@id\":\"https:\/\/diarioabcdemichoacan.com.mx\/lasnoticias\/#website\",\"url\":\"https:\/\/diarioabcdemichoacan.com.mx\/lasnoticias\/\",\"name\":\"Diario ABC de Michoac\u00e1n\",\"description\":\"Las noticias al momento\",\"potentialAction\":[{\"@type\":\"SearchAction\",\"target\":{\"@type\":\"EntryPoint\",\"urlTemplate\":\"https:\/\/diarioabcdemichoacan.com.mx\/lasnoticias\/?s={search_term_string}\"},\"query-input\":{\"@type\":\"PropertyValueSpecification\",\"valueRequired\":true,\"valueName\":\"search_term_string\"}}],\"inLanguage\":\"es\"},{\"@type\":\"Person\",\"@id\":\"https:\/\/diarioabcdemichoacan.com.mx\/lasnoticias\/#\/schema\/person\/19ae376040f6cbc489682ebdd8524852\",\"name\":\"AR\",\"image\":{\"@type\":\"ImageObject\",\"inLanguage\":\"es\",\"@id\":\"https:\/\/diarioabcdemichoacan.com.mx\/lasnoticias\/#\/schema\/person\/image\/\",\"url\":\"https:\/\/secure.gravatar.com\/avatar\/44eca2ff970262234e20e1e082872af0?s=96&d=mm&r=g\",\"contentUrl\":\"https:\/\/secure.gravatar.com\/avatar\/44eca2ff970262234e20e1e082872af0?s=96&d=mm&r=g\",\"caption\":\"AR\"},\"url\":\"https:\/\/diarioabcdemichoacan.com.mx\/lasnoticias\/author\/adrian\/\"}]}<\/script>\n<!-- \/ Yoast SEO plugin. -->","yoast_head_json":{"title":"Tras enfrentamientos en Apatzing\u00e1n suspenden clases - Diario ABC de Michoac\u00e1n","robots":{"index":"index","follow":"follow","max-snippet":"max-snippet:-1","max-image-preview":"max-image-preview:large","max-video-preview":"max-video-preview:-1"},"canonical":"https:\/\/diarioabcdemichoacan.com.mx\/lasnoticias\/tras-enfrentamientos-en-apatzingan-suspenden-clases\/","og_locale":"es_ES","og_type":"article","og_title":"Tras enfrentamientos en Apatzing\u00e1n suspenden clases - Diario ABC de Michoac\u00e1n","og_description":"Am\u00e9rica Ju\u00e1rez Navarro Morelia, Mich.- Luego de la situaci\u00f3n de inseguridad y reportes de balaceras en Apatzing\u00e1n, docentes y padres de familia decidieron suspender las clases como medida de precauci\u00f3n, inform\u00f3, el secretario general de la Secci\u00f3n XVIII, Jairo Antonio Mandujano Ortega. &nbsp; Inform\u00f3 que las autoridades educativas y de seguridad est\u00e1n trabajando juntas para [&hellip;]","og_url":"https:\/\/diarioabcdemichoacan.com.mx\/lasnoticias\/tras-enfrentamientos-en-apatzingan-suspenden-clases\/","og_site_name":"Diario ABC de Michoac\u00e1n","article_published_time":"2025-01-27T00:23:06+00:00","og_image":[{"width":713,"height":430,"url":"https:\/\/diarioabcdemichoacan.com.mx\/lasnoticias\/wp-content\/uploads\/2025\/01\/IMG-20250126-WA0082.jpg","type":"image\/jpeg"}],"author":"AR","twitter_card":"summary_large_image","twitter_misc":{"Escrito por":"AR","Tiempo de lectura":"2 minutos"},"schema":{"@context":"https:\/\/schema.org","@graph":[{"@type":"WebPage","@id":"https:\/\/diarioabcdemichoacan.com.mx\/lasnoticias\/tras-enfrentamientos-en-apatzingan-suspenden-clases\/","url":"https:\/\/diarioabcdemichoacan.com.mx\/lasnoticias\/tras-enfrentamientos-en-apatzingan-suspenden-clases\/","name":"Tras enfrentamientos en Apatzing\u00e1n suspenden clases - Diario ABC de Michoac\u00e1n","isPartOf":{"@id":"https:\/\/diarioabcdemichoacan.com.mx\/lasnoticias\/#website"},"primaryImageOfPage":{"@id":"https:\/\/diarioabcdemichoacan.com.mx\/lasnoticias\/tras-enfrentamientos-en-apatzingan-suspenden-clases\/#primaryimage"},"image":{"@id":"https:\/\/diarioabcdemichoacan.com.mx\/lasnoticias\/tras-enfrentamientos-en-apatzingan-suspenden-clases\/#primaryimage"},"thumbnailUrl":"https:\/\/diarioabcdemichoacan.com.mx\/lasnoticias\/wp-content\/uploads\/2025\/01\/IMG-20250126-WA0082.jpg","datePublished":"2025-01-27T00:23:06+00:00","dateModified":"2025-01-27T00:23:06+00:00","author":{"@id":"https:\/\/diarioabcdemichoacan.com.mx\/lasnoticias\/#\/schema\/person\/19ae376040f6cbc489682ebdd8524852"},"breadcrumb":{"@id":"https:\/\/diarioabcdemichoacan.com.mx\/lasnoticias\/tras-enfrentamientos-en-apatzingan-suspenden-clases\/#breadcrumb"},"inLanguage":"es","potentialAction":[{"@type":"ReadAction","target":["https:\/\/diarioabcdemichoacan.com.mx\/lasnoticias\/tras-enfrentamientos-en-apatzingan-suspenden-clases\/"]}]},{"@type":"ImageObject","inLanguage":"es","@id":"https:\/\/diarioabcdemichoacan.com.mx\/lasnoticias\/tras-enfrentamientos-en-apatzingan-suspenden-clases\/#primaryimage","url":"https:\/\/diarioabcdemichoacan.com.mx\/lasnoticias\/wp-content\/uploads\/2025\/01\/IMG-20250126-WA0082.jpg","contentUrl":"https:\/\/diarioabcdemichoacan.com.mx\/lasnoticias\/wp-content\/uploads\/2025\/01\/IMG-20250126-WA0082.jpg","width":713,"height":430},{"@type":"BreadcrumbList","@id":"https:\/\/diarioabcdemichoacan.com.mx\/lasnoticias\/tras-enfrentamientos-en-apatzingan-suspenden-clases\/#breadcrumb","itemListElement":[{"@type":"ListItem","position":1,"name":"Portada","item":"https:\/\/diarioabcdemichoacan.com.mx\/lasnoticias\/"},{"@type":"ListItem","position":2,"name":"Tras enfrentamientos en Apatzing\u00e1n suspenden clases"}]},{"@type":"WebSite","@id":"https:\/\/diarioabcdemichoacan.com.mx\/lasnoticias\/#website","url":"https:\/\/diarioabcdemichoacan.com.mx\/lasnoticias\/","name":"Diario ABC de Michoac\u00e1n","description":"Las noticias al momento","potentialAction":[{"@type":"SearchAction","target":{"@type":"EntryPoint","urlTemplate":"https:\/\/diarioabcdemichoacan.com.mx\/lasnoticias\/?s={search_term_string}"},"query-input":{"@type":"PropertyValueSpecification","valueRequired":true,"valueName":"search_term_string"}}],"inLanguage":"es"},{"@type":"Person","@id":"https:\/\/diarioabcdemichoacan.com.mx\/lasnoticias\/#\/schema\/person\/19ae376040f6cbc489682ebdd8524852","name":"AR","image":{"@type":"ImageObject","inLanguage":"es","@id":"https:\/\/diarioabcdemichoacan.com.mx\/lasnoticias\/#\/schema\/person\/image\/","url":"https:\/\/secure.gravatar.com\/avatar\/44eca2ff970262234e20e1e082872af0?s=96&d=mm&r=g","contentUrl":"https:\/\/secure.gravatar.com\/avatar\/44eca2ff970262234e20e1e082872af0?s=96&d=mm&r=g","caption":"AR"},"url":"https:\/\/diarioabcdemichoacan.com.mx\/lasnoticias\/author\/adrian\/"}]}},"_links":{"self":[{"href":"https:\/\/diarioabcdemichoacan.com.mx\/lasnoticias\/wp-json\/wp\/v2\/posts\/43915","targetHints":{"allow":["GET"]}}],"collection":[{"href":"https:\/\/diarioabcdemichoacan.com.mx\/lasnoticias\/wp-json\/wp\/v2\/posts"}],"about":[{"href":"https:\/\/diarioabcdemichoacan.com.mx\/lasnoticias\/wp-json\/wp\/v2\/types\/post"}],"author":[{"embeddable":true,"href":"https:\/\/diarioabcdemichoacan.com.mx\/lasnoticias\/wp-json\/wp\/v2\/users\/9"}],"replies":[{"embeddable":true,"href":"https:\/\/diarioabcdemichoacan.com.mx\/lasnoticias\/wp-json\/wp\/v2\/comments?post=43915"}],"version-history":[{"count":1,"href":"https:\/\/diarioabcdemichoacan.com.mx\/lasnoticias\/wp-json\/wp\/v2\/posts\/43915\/revisions"}],"predecessor-version":[{"id":43917,"href":"https:\/\/diarioabcdemichoacan.com.mx\/lasnoticias\/wp-json\/wp\/v2\/posts\/43915\/revisions\/43917"}],"wp:featuredmedia":[{"embeddable":true,"href":"https:\/\/diarioabcdemichoacan.com.mx\/lasnoticias\/wp-json\/wp\/v2\/media\/43916"}],"wp:attachment":[{"href":"https:\/\/diarioabcdemichoacan.com.mx\/lasnoticias\/wp-json\/wp\/v2\/media?parent=43915"}],"wp:term":[{"taxonomy":"category","embeddable":true,"href":"https:\/\/diarioabcdemichoacan.com.mx\/lasnoticias\/wp-json\/wp\/v2\/categories?post=43915"},{"taxonomy":"post_tag","embeddable":true,"href":"https:\/\/diarioabcdemichoacan.com.mx\/lasnoticias\/wp-json\/wp\/v2\/tags?post=43915"}],"curies":[{"name":"wp","href":"https:\/\/api.w.org\/{rel}","templated":true}]}}