{"id":4417,"date":"2024-05-08T20:13:09","date_gmt":"2024-05-09T02:13:09","guid":{"rendered":"https:\/\/diarioabcdemichoacan.com.mx\/lasnoticias\/?p=4417"},"modified":"2024-05-08T20:13:09","modified_gmt":"2024-05-09T02:13:09","slug":"designa-ssp-a-director-de-seguridad-publica-en-churumuco","status":"publish","type":"post","link":"https:\/\/diarioabcdemichoacan.com.mx\/lasnoticias\/designa-ssp-a-director-de-seguridad-publica-en-churumuco\/","title":{"rendered":"Designa SSP a director de seguridad p\u00fablica en Churumuco"},"content":{"rendered":"<h3>En las instalaciones de la corporaci\u00f3n local se realiz\u00f3 el pase de lista al personal comisionado de la Guardia Civil en Churumuco, al nuevo encargado de la seguridad local.<\/h3>\n<h6>POR REDACCI\u00d3N, DIARIO ABC DE MICHOAC\u00c1N, 08 DE MAYO DE 2024.<\/h6>\n<hr \/>\n<p>Churumuco, Michoac\u00e1n, 08 de mayo del 2024.-* Este mi\u00e9rcoles se realiz\u00f3 la designaci\u00f3n del nuevo director de seguridad p\u00fablica en el municipio de Churumuco.<\/p>\n<p>En las instalaciones de la corporaci\u00f3n local se realiz\u00f3 el pase de lista al personal comisionado de la Guardia Civil en Churumuco, al nuevo encargado de la seguridad local.<\/p>\n<p>Con este relevo, la Secretar\u00eda de Seguridad P\u00fablica reafirma el compromiso al fortalecimiento de la Guardia Civil para optimizar la estrategia operativa en la zona.<\/p>\n","protected":false},"excerpt":{"rendered":"<p>En las instalaciones de la corporaci\u00f3n local se realiz\u00f3 el pase de lista al personal comisionado de la Guardia Civil en Churumuco, al nuevo encargado de la seguridad local. POR REDACCI\u00d3N, DIARIO ABC DE MICHOAC\u00c1N, 08 DE MAYO DE 2024. Churumuco, Michoac\u00e1n, 08 de mayo del 2024.-* Este mi\u00e9rcoles se realiz\u00f3 la designaci\u00f3n del nuevo [&hellip;]<\/p>\n","protected":false},"author":8,"featured_media":4418,"comment_status":"closed","ping_status":"closed","sticky":false,"template":"","format":"standard","meta":{"footnotes":""},"categories":[10,17,27],"tags":[],"class_list":{"0":"post-4417","1":"post","2":"type-post","3":"status-publish","4":"format-standard","5":"has-post-thumbnail","7":"category-estado","8":"category-gobierno-de-michoacan","9":"category-slider"},"yoast_head":"<!-- This site is optimized with the Yoast SEO plugin v24.0 - https:\/\/yoast.com\/wordpress\/plugins\/seo\/ -->\n<title>Designa SSP a director de seguridad p\u00fablica en Churumuco - Diario ABC de Michoac\u00e1n<\/title>\n<meta name=\"robots\" content=\"index, follow, max-snippet:-1, max-image-preview:large, max-video-preview:-1\" \/>\n<link rel=\"canonical\" href=\"https:\/\/diarioabcdemichoacan.com.mx\/lasnoticias\/designa-ssp-a-director-de-seguridad-publica-en-churumuco\/\" \/>\n<meta property=\"og:locale\" content=\"es_ES\" \/>\n<meta property=\"og:type\" content=\"article\" \/>\n<meta property=\"og:title\" content=\"Designa SSP a director de seguridad p\u00fablica en Churumuco - Diario ABC de Michoac\u00e1n\" \/>\n<meta property=\"og:description\" content=\"En las instalaciones de la corporaci\u00f3n local se realiz\u00f3 el pase de lista al personal comisionado de la Guardia Civil en Churumuco, al nuevo encargado de la seguridad local. POR REDACCI\u00d3N, DIARIO ABC DE MICHOAC\u00c1N, 08 DE MAYO DE 2024. Churumuco, Michoac\u00e1n, 08 de mayo del 2024.-* Este mi\u00e9rcoles se realiz\u00f3 la designaci\u00f3n del nuevo [&hellip;]\" \/>\n<meta property=\"og:url\" content=\"https:\/\/diarioabcdemichoacan.com.mx\/lasnoticias\/designa-ssp-a-director-de-seguridad-publica-en-churumuco\/\" \/>\n<meta property=\"og:site_name\" content=\"Diario ABC de Michoac\u00e1n\" \/>\n<meta property=\"article:published_time\" content=\"2024-05-09T02:13:09+00:00\" \/>\n<meta property=\"og:image\" content=\"https:\/\/diarioabcdemichoacan.com.mx\/lasnoticias\/wp-content\/uploads\/2024\/05\/IMG-20240508-WA02401.jpg\" \/>\n\t<meta property=\"og:image:width\" content=\"670\" \/>\n\t<meta property=\"og:image:height\" content=\"440\" \/>\n\t<meta property=\"og:image:type\" content=\"image\/jpeg\" \/>\n<meta name=\"author\" content=\"MD\" \/>\n<meta name=\"twitter:card\" content=\"summary_large_image\" \/>\n<meta name=\"twitter:label1\" content=\"Escrito por\" \/>\n\t<meta name=\"twitter:data1\" content=\"MD\" \/>\n\t<meta name=\"twitter:label2\" content=\"Tiempo de lectura\" \/>\n\t<meta name=\"twitter:data2\" content=\"1 minuto\" \/>\n<script type=\"application\/ld+json\" class=\"yoast-schema-graph\">{\"@context\":\"https:\/\/schema.org\",\"@graph\":[{\"@type\":\"WebPage\",\"@id\":\"https:\/\/diarioabcdemichoacan.com.mx\/lasnoticias\/designa-ssp-a-director-de-seguridad-publica-en-churumuco\/\",\"url\":\"https:\/\/diarioabcdemichoacan.com.mx\/lasnoticias\/designa-ssp-a-director-de-seguridad-publica-en-churumuco\/\",\"name\":\"Designa SSP a director de seguridad p\u00fablica en Churumuco - Diario ABC de Michoac\u00e1n\",\"isPartOf\":{\"@id\":\"https:\/\/diarioabcdemichoacan.com.mx\/lasnoticias\/#website\"},\"primaryImageOfPage\":{\"@id\":\"https:\/\/diarioabcdemichoacan.com.mx\/lasnoticias\/designa-ssp-a-director-de-seguridad-publica-en-churumuco\/#primaryimage\"},\"image\":{\"@id\":\"https:\/\/diarioabcdemichoacan.com.mx\/lasnoticias\/designa-ssp-a-director-de-seguridad-publica-en-churumuco\/#primaryimage\"},\"thumbnailUrl\":\"https:\/\/diarioabcdemichoacan.com.mx\/lasnoticias\/wp-content\/uploads\/2024\/05\/IMG-20240508-WA02401.jpg\",\"datePublished\":\"2024-05-09T02:13:09+00:00\",\"dateModified\":\"2024-05-09T02:13:09+00:00\",\"author\":{\"@id\":\"https:\/\/diarioabcdemichoacan.com.mx\/lasnoticias\/#\/schema\/person\/657e7c20ff5297f317664d985712e8e8\"},\"breadcrumb\":{\"@id\":\"https:\/\/diarioabcdemichoacan.com.mx\/lasnoticias\/designa-ssp-a-director-de-seguridad-publica-en-churumuco\/#breadcrumb\"},\"inLanguage\":\"es\",\"potentialAction\":[{\"@type\":\"ReadAction\",\"target\":[\"https:\/\/diarioabcdemichoacan.com.mx\/lasnoticias\/designa-ssp-a-director-de-seguridad-publica-en-churumuco\/\"]}]},{\"@type\":\"ImageObject\",\"inLanguage\":\"es\",\"@id\":\"https:\/\/diarioabcdemichoacan.com.mx\/lasnoticias\/designa-ssp-a-director-de-seguridad-publica-en-churumuco\/#primaryimage\",\"url\":\"https:\/\/diarioabcdemichoacan.com.mx\/lasnoticias\/wp-content\/uploads\/2024\/05\/IMG-20240508-WA02401.jpg\",\"contentUrl\":\"https:\/\/diarioabcdemichoacan.com.mx\/lasnoticias\/wp-content\/uploads\/2024\/05\/IMG-20240508-WA02401.jpg\",\"width\":670,\"height\":440},{\"@type\":\"BreadcrumbList\",\"@id\":\"https:\/\/diarioabcdemichoacan.com.mx\/lasnoticias\/designa-ssp-a-director-de-seguridad-publica-en-churumuco\/#breadcrumb\",\"itemListElement\":[{\"@type\":\"ListItem\",\"position\":1,\"name\":\"Portada\",\"item\":\"https:\/\/diarioabcdemichoacan.com.mx\/lasnoticias\/\"},{\"@type\":\"ListItem\",\"position\":2,\"name\":\"Designa SSP a director de seguridad p\u00fablica en Churumuco\"}]},{\"@type\":\"WebSite\",\"@id\":\"https:\/\/diarioabcdemichoacan.com.mx\/lasnoticias\/#website\",\"url\":\"https:\/\/diarioabcdemichoacan.com.mx\/lasnoticias\/\",\"name\":\"Diario ABC de Michoac\u00e1n\",\"description\":\"Las noticias al momento\",\"potentialAction\":[{\"@type\":\"SearchAction\",\"target\":{\"@type\":\"EntryPoint\",\"urlTemplate\":\"https:\/\/diarioabcdemichoacan.com.mx\/lasnoticias\/?s={search_term_string}\"},\"query-input\":{\"@type\":\"PropertyValueSpecification\",\"valueRequired\":true,\"valueName\":\"search_term_string\"}}],\"inLanguage\":\"es\"},{\"@type\":\"Person\",\"@id\":\"https:\/\/diarioabcdemichoacan.com.mx\/lasnoticias\/#\/schema\/person\/657e7c20ff5297f317664d985712e8e8\",\"name\":\"MD\",\"image\":{\"@type\":\"ImageObject\",\"inLanguage\":\"es\",\"@id\":\"https:\/\/diarioabcdemichoacan.com.mx\/lasnoticias\/#\/schema\/person\/image\/\",\"url\":\"https:\/\/secure.gravatar.com\/avatar\/a769375eedc94419a5b67bc5d63567af?s=96&d=mm&r=g\",\"contentUrl\":\"https:\/\/secure.gravatar.com\/avatar\/a769375eedc94419a5b67bc5d63567af?s=96&d=mm&r=g\",\"caption\":\"MD\"},\"url\":\"https:\/\/diarioabcdemichoacan.com.mx\/lasnoticias\/author\/merelydpa\/\"}]}<\/script>\n<!-- \/ Yoast SEO plugin. -->","yoast_head_json":{"title":"Designa SSP a director de seguridad p\u00fablica en Churumuco - Diario ABC de Michoac\u00e1n","robots":{"index":"index","follow":"follow","max-snippet":"max-snippet:-1","max-image-preview":"max-image-preview:large","max-video-preview":"max-video-preview:-1"},"canonical":"https:\/\/diarioabcdemichoacan.com.mx\/lasnoticias\/designa-ssp-a-director-de-seguridad-publica-en-churumuco\/","og_locale":"es_ES","og_type":"article","og_title":"Designa SSP a director de seguridad p\u00fablica en Churumuco - Diario ABC de Michoac\u00e1n","og_description":"En las instalaciones de la corporaci\u00f3n local se realiz\u00f3 el pase de lista al personal comisionado de la Guardia Civil en Churumuco, al nuevo encargado de la seguridad local. POR REDACCI\u00d3N, DIARIO ABC DE MICHOAC\u00c1N, 08 DE MAYO DE 2024. Churumuco, Michoac\u00e1n, 08 de mayo del 2024.-* Este mi\u00e9rcoles se realiz\u00f3 la designaci\u00f3n del nuevo [&hellip;]","og_url":"https:\/\/diarioabcdemichoacan.com.mx\/lasnoticias\/designa-ssp-a-director-de-seguridad-publica-en-churumuco\/","og_site_name":"Diario ABC de Michoac\u00e1n","article_published_time":"2024-05-09T02:13:09+00:00","og_image":[{"width":670,"height":440,"url":"https:\/\/diarioabcdemichoacan.com.mx\/lasnoticias\/wp-content\/uploads\/2024\/05\/IMG-20240508-WA02401.jpg","type":"image\/jpeg"}],"author":"MD","twitter_card":"summary_large_image","twitter_misc":{"Escrito por":"MD","Tiempo de lectura":"1 minuto"},"schema":{"@context":"https:\/\/schema.org","@graph":[{"@type":"WebPage","@id":"https:\/\/diarioabcdemichoacan.com.mx\/lasnoticias\/designa-ssp-a-director-de-seguridad-publica-en-churumuco\/","url":"https:\/\/diarioabcdemichoacan.com.mx\/lasnoticias\/designa-ssp-a-director-de-seguridad-publica-en-churumuco\/","name":"Designa SSP a director de seguridad p\u00fablica en Churumuco - Diario ABC de Michoac\u00e1n","isPartOf":{"@id":"https:\/\/diarioabcdemichoacan.com.mx\/lasnoticias\/#website"},"primaryImageOfPage":{"@id":"https:\/\/diarioabcdemichoacan.com.mx\/lasnoticias\/designa-ssp-a-director-de-seguridad-publica-en-churumuco\/#primaryimage"},"image":{"@id":"https:\/\/diarioabcdemichoacan.com.mx\/lasnoticias\/designa-ssp-a-director-de-seguridad-publica-en-churumuco\/#primaryimage"},"thumbnailUrl":"https:\/\/diarioabcdemichoacan.com.mx\/lasnoticias\/wp-content\/uploads\/2024\/05\/IMG-20240508-WA02401.jpg","datePublished":"2024-05-09T02:13:09+00:00","dateModified":"2024-05-09T02:13:09+00:00","author":{"@id":"https:\/\/diarioabcdemichoacan.com.mx\/lasnoticias\/#\/schema\/person\/657e7c20ff5297f317664d985712e8e8"},"breadcrumb":{"@id":"https:\/\/diarioabcdemichoacan.com.mx\/lasnoticias\/designa-ssp-a-director-de-seguridad-publica-en-churumuco\/#breadcrumb"},"inLanguage":"es","potentialAction":[{"@type":"ReadAction","target":["https:\/\/diarioabcdemichoacan.com.mx\/lasnoticias\/designa-ssp-a-director-de-seguridad-publica-en-churumuco\/"]}]},{"@type":"ImageObject","inLanguage":"es","@id":"https:\/\/diarioabcdemichoacan.com.mx\/lasnoticias\/designa-ssp-a-director-de-seguridad-publica-en-churumuco\/#primaryimage","url":"https:\/\/diarioabcdemichoacan.com.mx\/lasnoticias\/wp-content\/uploads\/2024\/05\/IMG-20240508-WA02401.jpg","contentUrl":"https:\/\/diarioabcdemichoacan.com.mx\/lasnoticias\/wp-content\/uploads\/2024\/05\/IMG-20240508-WA02401.jpg","width":670,"height":440},{"@type":"BreadcrumbList","@id":"https:\/\/diarioabcdemichoacan.com.mx\/lasnoticias\/designa-ssp-a-director-de-seguridad-publica-en-churumuco\/#breadcrumb","itemListElement":[{"@type":"ListItem","position":1,"name":"Portada","item":"https:\/\/diarioabcdemichoacan.com.mx\/lasnoticias\/"},{"@type":"ListItem","position":2,"name":"Designa SSP a director de seguridad p\u00fablica en Churumuco"}]},{"@type":"WebSite","@id":"https:\/\/diarioabcdemichoacan.com.mx\/lasnoticias\/#website","url":"https:\/\/diarioabcdemichoacan.com.mx\/lasnoticias\/","name":"Diario ABC de Michoac\u00e1n","description":"Las noticias al momento","potentialAction":[{"@type":"SearchAction","target":{"@type":"EntryPoint","urlTemplate":"https:\/\/diarioabcdemichoacan.com.mx\/lasnoticias\/?s={search_term_string}"},"query-input":{"@type":"PropertyValueSpecification","valueRequired":true,"valueName":"search_term_string"}}],"inLanguage":"es"},{"@type":"Person","@id":"https:\/\/diarioabcdemichoacan.com.mx\/lasnoticias\/#\/schema\/person\/657e7c20ff5297f317664d985712e8e8","name":"MD","image":{"@type":"ImageObject","inLanguage":"es","@id":"https:\/\/diarioabcdemichoacan.com.mx\/lasnoticias\/#\/schema\/person\/image\/","url":"https:\/\/secure.gravatar.com\/avatar\/a769375eedc94419a5b67bc5d63567af?s=96&d=mm&r=g","contentUrl":"https:\/\/secure.gravatar.com\/avatar\/a769375eedc94419a5b67bc5d63567af?s=96&d=mm&r=g","caption":"MD"},"url":"https:\/\/diarioabcdemichoacan.com.mx\/lasnoticias\/author\/merelydpa\/"}]}},"_links":{"self":[{"href":"https:\/\/diarioabcdemichoacan.com.mx\/lasnoticias\/wp-json\/wp\/v2\/posts\/4417","targetHints":{"allow":["GET"]}}],"collection":[{"href":"https:\/\/diarioabcdemichoacan.com.mx\/lasnoticias\/wp-json\/wp\/v2\/posts"}],"about":[{"href":"https:\/\/diarioabcdemichoacan.com.mx\/lasnoticias\/wp-json\/wp\/v2\/types\/post"}],"author":[{"embeddable":true,"href":"https:\/\/diarioabcdemichoacan.com.mx\/lasnoticias\/wp-json\/wp\/v2\/users\/8"}],"replies":[{"embeddable":true,"href":"https:\/\/diarioabcdemichoacan.com.mx\/lasnoticias\/wp-json\/wp\/v2\/comments?post=4417"}],"version-history":[{"count":1,"href":"https:\/\/diarioabcdemichoacan.com.mx\/lasnoticias\/wp-json\/wp\/v2\/posts\/4417\/revisions"}],"predecessor-version":[{"id":4419,"href":"https:\/\/diarioabcdemichoacan.com.mx\/lasnoticias\/wp-json\/wp\/v2\/posts\/4417\/revisions\/4419"}],"wp:featuredmedia":[{"embeddable":true,"href":"https:\/\/diarioabcdemichoacan.com.mx\/lasnoticias\/wp-json\/wp\/v2\/media\/4418"}],"wp:attachment":[{"href":"https:\/\/diarioabcdemichoacan.com.mx\/lasnoticias\/wp-json\/wp\/v2\/media?parent=4417"}],"wp:term":[{"taxonomy":"category","embeddable":true,"href":"https:\/\/diarioabcdemichoacan.com.mx\/lasnoticias\/wp-json\/wp\/v2\/categories?post=4417"},{"taxonomy":"post_tag","embeddable":true,"href":"https:\/\/diarioabcdemichoacan.com.mx\/lasnoticias\/wp-json\/wp\/v2\/tags?post=4417"}],"curies":[{"name":"wp","href":"https:\/\/api.w.org\/{rel}","templated":true}]}}