{"id":45533,"date":"2025-02-06T21:53:56","date_gmt":"2025-02-07T03:53:56","guid":{"rendered":"https:\/\/diarioabcdemichoacan.com.mx\/lasnoticias\/?p=45533"},"modified":"2025-02-06T21:53:56","modified_gmt":"2025-02-07T03:53:56","slug":"adulto-mayor-es-baleado-por-delincuentes-en-la-colonia-rio-florido","status":"publish","type":"post","link":"https:\/\/diarioabcdemichoacan.com.mx\/lasnoticias\/adulto-mayor-es-baleado-por-delincuentes-en-la-colonia-rio-florido\/","title":{"rendered":"Adulto mayor es baleado por delincuentes en la colonia R\u00edo Florido"},"content":{"rendered":"<ul>\n<li>La v\u00edctima result\u00f3 herida y fue canalizada a un nosocomio para su atenci\u00f3n m\u00e9dica.<\/li>\n<li>Los hampones intentaron asaltarlo.<\/li>\n<li>Sucedi\u00f3 al poniente de Morelia.<\/li>\n<\/ul>\n<p><em>Por Juan Manuel \u00c1lvarez<\/em><\/p>\n<hr \/>\n<p>Morelia, Michoac\u00e1n.- Un hombre de 76 a\u00f1os de edad result\u00f3 herido por un impacto de bala en lado izquierdo de su cabeza, esto cuando dos delincuentes intentaron asaltarlo en la colonia R\u00edo Florido, ubicada al poniente de Morelia, comentaron fuentes policiales.<\/p>\n<p>El hecho de violencia sucedi\u00f3 la noche de este jueves sobre la calle Esp\u00e1rrago, cerca de la avenida Cointzio. Se dijo que los amantes de lo ajeno vest\u00edan sudadera negra y uno de ellos portaba un rev\u00f3lver.<\/p>\n<p>Luego de la agresi\u00f3n, los perpetradores huyeron y unos vecinos solicitaron ayuda para el afectado. En el sitio se presentaron unos patrulleros y param\u00e9dicos, mismos que otorgaron los primeros auxilios al susodicho y lo canalizaron a un hospital para su adecuada atenci\u00f3n m\u00e9dica, paciente identificado como Jos\u00e9 \u00c1ngel Ch.<\/p>\n<p>Los oficiales realizaron un recorrido en la zona en busca de los hampones, pero no tuvieron \u00e9xito en hallarlos. El caso fue alertado a la Fiscal\u00eda General del Estado (FGE), a efecto de emprender las investigaciones respectivas.<\/p>\n","protected":false},"excerpt":{"rendered":"<p>La v\u00edctima result\u00f3 herida y fue canalizada a un nosocomio para su atenci\u00f3n m\u00e9dica. Los hampones intentaron asaltarlo. Sucedi\u00f3 al poniente de Morelia. Por Juan Manuel \u00c1lvarez Morelia, Michoac\u00e1n.- Un hombre de 76 a\u00f1os de edad result\u00f3 herido por un impacto de bala en lado izquierdo de su cabeza, esto cuando dos delincuentes intentaron asaltarlo [&hellip;]<\/p>\n","protected":false},"author":8,"featured_media":45534,"comment_status":"closed","ping_status":"closed","sticky":false,"template":"","format":"standard","meta":{"footnotes":""},"categories":[7,25],"tags":[],"class_list":{"0":"post-45533","1":"post","2":"type-post","3":"status-publish","4":"format-standard","5":"has-post-thumbnail","7":"category-morelia","8":"category-seguridad"},"yoast_head":"<!-- This site is optimized with the Yoast SEO plugin v24.0 - https:\/\/yoast.com\/wordpress\/plugins\/seo\/ -->\n<title>Adulto mayor es baleado por delincuentes en la colonia R\u00edo Florido - Diario ABC de Michoac\u00e1n<\/title>\n<meta name=\"robots\" content=\"index, follow, max-snippet:-1, max-image-preview:large, max-video-preview:-1\" \/>\n<link rel=\"canonical\" href=\"https:\/\/diarioabcdemichoacan.com.mx\/lasnoticias\/adulto-mayor-es-baleado-por-delincuentes-en-la-colonia-rio-florido\/\" \/>\n<meta property=\"og:locale\" content=\"es_ES\" \/>\n<meta property=\"og:type\" content=\"article\" \/>\n<meta property=\"og:title\" content=\"Adulto mayor es baleado por delincuentes en la colonia R\u00edo Florido - Diario ABC de Michoac\u00e1n\" \/>\n<meta property=\"og:description\" content=\"La v\u00edctima result\u00f3 herida y fue canalizada a un nosocomio para su atenci\u00f3n m\u00e9dica. Los hampones intentaron asaltarlo. Sucedi\u00f3 al poniente de Morelia. Por Juan Manuel \u00c1lvarez Morelia, Michoac\u00e1n.- Un hombre de 76 a\u00f1os de edad result\u00f3 herido por un impacto de bala en lado izquierdo de su cabeza, esto cuando dos delincuentes intentaron asaltarlo [&hellip;]\" \/>\n<meta property=\"og:url\" content=\"https:\/\/diarioabcdemichoacan.com.mx\/lasnoticias\/adulto-mayor-es-baleado-por-delincuentes-en-la-colonia-rio-florido\/\" \/>\n<meta property=\"og:site_name\" content=\"Diario ABC de Michoac\u00e1n\" \/>\n<meta property=\"article:published_time\" content=\"2025-02-07T03:53:56+00:00\" \/>\n<meta property=\"og:image\" content=\"https:\/\/diarioabcdemichoacan.com.mx\/lasnoticias\/wp-content\/uploads\/2025\/02\/WhatsApp-Image-2025-02-06-at-21.50.19.jpeg\" \/>\n\t<meta property=\"og:image:width\" content=\"800\" \/>\n\t<meta property=\"og:image:height\" content=\"450\" \/>\n\t<meta property=\"og:image:type\" content=\"image\/jpeg\" \/>\n<meta name=\"author\" content=\"MD\" \/>\n<meta name=\"twitter:card\" content=\"summary_large_image\" \/>\n<meta name=\"twitter:label1\" content=\"Escrito por\" \/>\n\t<meta name=\"twitter:data1\" content=\"MD\" \/>\n\t<meta name=\"twitter:label2\" content=\"Tiempo de lectura\" \/>\n\t<meta name=\"twitter:data2\" content=\"2 minutos\" \/>\n<script type=\"application\/ld+json\" class=\"yoast-schema-graph\">{\"@context\":\"https:\/\/schema.org\",\"@graph\":[{\"@type\":\"WebPage\",\"@id\":\"https:\/\/diarioabcdemichoacan.com.mx\/lasnoticias\/adulto-mayor-es-baleado-por-delincuentes-en-la-colonia-rio-florido\/\",\"url\":\"https:\/\/diarioabcdemichoacan.com.mx\/lasnoticias\/adulto-mayor-es-baleado-por-delincuentes-en-la-colonia-rio-florido\/\",\"name\":\"Adulto mayor es baleado por delincuentes en la colonia R\u00edo Florido - Diario ABC de Michoac\u00e1n\",\"isPartOf\":{\"@id\":\"https:\/\/diarioabcdemichoacan.com.mx\/lasnoticias\/#website\"},\"primaryImageOfPage\":{\"@id\":\"https:\/\/diarioabcdemichoacan.com.mx\/lasnoticias\/adulto-mayor-es-baleado-por-delincuentes-en-la-colonia-rio-florido\/#primaryimage\"},\"image\":{\"@id\":\"https:\/\/diarioabcdemichoacan.com.mx\/lasnoticias\/adulto-mayor-es-baleado-por-delincuentes-en-la-colonia-rio-florido\/#primaryimage\"},\"thumbnailUrl\":\"https:\/\/diarioabcdemichoacan.com.mx\/lasnoticias\/wp-content\/uploads\/2025\/02\/WhatsApp-Image-2025-02-06-at-21.50.19.jpeg\",\"datePublished\":\"2025-02-07T03:53:56+00:00\",\"dateModified\":\"2025-02-07T03:53:56+00:00\",\"author\":{\"@id\":\"https:\/\/diarioabcdemichoacan.com.mx\/lasnoticias\/#\/schema\/person\/657e7c20ff5297f317664d985712e8e8\"},\"breadcrumb\":{\"@id\":\"https:\/\/diarioabcdemichoacan.com.mx\/lasnoticias\/adulto-mayor-es-baleado-por-delincuentes-en-la-colonia-rio-florido\/#breadcrumb\"},\"inLanguage\":\"es\",\"potentialAction\":[{\"@type\":\"ReadAction\",\"target\":[\"https:\/\/diarioabcdemichoacan.com.mx\/lasnoticias\/adulto-mayor-es-baleado-por-delincuentes-en-la-colonia-rio-florido\/\"]}]},{\"@type\":\"ImageObject\",\"inLanguage\":\"es\",\"@id\":\"https:\/\/diarioabcdemichoacan.com.mx\/lasnoticias\/adulto-mayor-es-baleado-por-delincuentes-en-la-colonia-rio-florido\/#primaryimage\",\"url\":\"https:\/\/diarioabcdemichoacan.com.mx\/lasnoticias\/wp-content\/uploads\/2025\/02\/WhatsApp-Image-2025-02-06-at-21.50.19.jpeg\",\"contentUrl\":\"https:\/\/diarioabcdemichoacan.com.mx\/lasnoticias\/wp-content\/uploads\/2025\/02\/WhatsApp-Image-2025-02-06-at-21.50.19.jpeg\",\"width\":800,\"height\":450},{\"@type\":\"BreadcrumbList\",\"@id\":\"https:\/\/diarioabcdemichoacan.com.mx\/lasnoticias\/adulto-mayor-es-baleado-por-delincuentes-en-la-colonia-rio-florido\/#breadcrumb\",\"itemListElement\":[{\"@type\":\"ListItem\",\"position\":1,\"name\":\"Portada\",\"item\":\"https:\/\/diarioabcdemichoacan.com.mx\/lasnoticias\/\"},{\"@type\":\"ListItem\",\"position\":2,\"name\":\"Adulto mayor es baleado por delincuentes en la colonia R\u00edo Florido\"}]},{\"@type\":\"WebSite\",\"@id\":\"https:\/\/diarioabcdemichoacan.com.mx\/lasnoticias\/#website\",\"url\":\"https:\/\/diarioabcdemichoacan.com.mx\/lasnoticias\/\",\"name\":\"Diario ABC de Michoac\u00e1n\",\"description\":\"Las noticias al momento\",\"potentialAction\":[{\"@type\":\"SearchAction\",\"target\":{\"@type\":\"EntryPoint\",\"urlTemplate\":\"https:\/\/diarioabcdemichoacan.com.mx\/lasnoticias\/?s={search_term_string}\"},\"query-input\":{\"@type\":\"PropertyValueSpecification\",\"valueRequired\":true,\"valueName\":\"search_term_string\"}}],\"inLanguage\":\"es\"},{\"@type\":\"Person\",\"@id\":\"https:\/\/diarioabcdemichoacan.com.mx\/lasnoticias\/#\/schema\/person\/657e7c20ff5297f317664d985712e8e8\",\"name\":\"MD\",\"image\":{\"@type\":\"ImageObject\",\"inLanguage\":\"es\",\"@id\":\"https:\/\/diarioabcdemichoacan.com.mx\/lasnoticias\/#\/schema\/person\/image\/\",\"url\":\"https:\/\/secure.gravatar.com\/avatar\/a769375eedc94419a5b67bc5d63567af?s=96&d=mm&r=g\",\"contentUrl\":\"https:\/\/secure.gravatar.com\/avatar\/a769375eedc94419a5b67bc5d63567af?s=96&d=mm&r=g\",\"caption\":\"MD\"},\"url\":\"https:\/\/diarioabcdemichoacan.com.mx\/lasnoticias\/author\/merelydpa\/\"}]}<\/script>\n<!-- \/ Yoast SEO plugin. -->","yoast_head_json":{"title":"Adulto mayor es baleado por delincuentes en la colonia R\u00edo Florido - Diario ABC de Michoac\u00e1n","robots":{"index":"index","follow":"follow","max-snippet":"max-snippet:-1","max-image-preview":"max-image-preview:large","max-video-preview":"max-video-preview:-1"},"canonical":"https:\/\/diarioabcdemichoacan.com.mx\/lasnoticias\/adulto-mayor-es-baleado-por-delincuentes-en-la-colonia-rio-florido\/","og_locale":"es_ES","og_type":"article","og_title":"Adulto mayor es baleado por delincuentes en la colonia R\u00edo Florido - Diario ABC de Michoac\u00e1n","og_description":"La v\u00edctima result\u00f3 herida y fue canalizada a un nosocomio para su atenci\u00f3n m\u00e9dica. Los hampones intentaron asaltarlo. Sucedi\u00f3 al poniente de Morelia. Por Juan Manuel \u00c1lvarez Morelia, Michoac\u00e1n.- Un hombre de 76 a\u00f1os de edad result\u00f3 herido por un impacto de bala en lado izquierdo de su cabeza, esto cuando dos delincuentes intentaron asaltarlo [&hellip;]","og_url":"https:\/\/diarioabcdemichoacan.com.mx\/lasnoticias\/adulto-mayor-es-baleado-por-delincuentes-en-la-colonia-rio-florido\/","og_site_name":"Diario ABC de Michoac\u00e1n","article_published_time":"2025-02-07T03:53:56+00:00","og_image":[{"width":800,"height":450,"url":"https:\/\/diarioabcdemichoacan.com.mx\/lasnoticias\/wp-content\/uploads\/2025\/02\/WhatsApp-Image-2025-02-06-at-21.50.19.jpeg","type":"image\/jpeg"}],"author":"MD","twitter_card":"summary_large_image","twitter_misc":{"Escrito por":"MD","Tiempo de lectura":"2 minutos"},"schema":{"@context":"https:\/\/schema.org","@graph":[{"@type":"WebPage","@id":"https:\/\/diarioabcdemichoacan.com.mx\/lasnoticias\/adulto-mayor-es-baleado-por-delincuentes-en-la-colonia-rio-florido\/","url":"https:\/\/diarioabcdemichoacan.com.mx\/lasnoticias\/adulto-mayor-es-baleado-por-delincuentes-en-la-colonia-rio-florido\/","name":"Adulto mayor es baleado por delincuentes en la colonia R\u00edo Florido - Diario ABC de Michoac\u00e1n","isPartOf":{"@id":"https:\/\/diarioabcdemichoacan.com.mx\/lasnoticias\/#website"},"primaryImageOfPage":{"@id":"https:\/\/diarioabcdemichoacan.com.mx\/lasnoticias\/adulto-mayor-es-baleado-por-delincuentes-en-la-colonia-rio-florido\/#primaryimage"},"image":{"@id":"https:\/\/diarioabcdemichoacan.com.mx\/lasnoticias\/adulto-mayor-es-baleado-por-delincuentes-en-la-colonia-rio-florido\/#primaryimage"},"thumbnailUrl":"https:\/\/diarioabcdemichoacan.com.mx\/lasnoticias\/wp-content\/uploads\/2025\/02\/WhatsApp-Image-2025-02-06-at-21.50.19.jpeg","datePublished":"2025-02-07T03:53:56+00:00","dateModified":"2025-02-07T03:53:56+00:00","author":{"@id":"https:\/\/diarioabcdemichoacan.com.mx\/lasnoticias\/#\/schema\/person\/657e7c20ff5297f317664d985712e8e8"},"breadcrumb":{"@id":"https:\/\/diarioabcdemichoacan.com.mx\/lasnoticias\/adulto-mayor-es-baleado-por-delincuentes-en-la-colonia-rio-florido\/#breadcrumb"},"inLanguage":"es","potentialAction":[{"@type":"ReadAction","target":["https:\/\/diarioabcdemichoacan.com.mx\/lasnoticias\/adulto-mayor-es-baleado-por-delincuentes-en-la-colonia-rio-florido\/"]}]},{"@type":"ImageObject","inLanguage":"es","@id":"https:\/\/diarioabcdemichoacan.com.mx\/lasnoticias\/adulto-mayor-es-baleado-por-delincuentes-en-la-colonia-rio-florido\/#primaryimage","url":"https:\/\/diarioabcdemichoacan.com.mx\/lasnoticias\/wp-content\/uploads\/2025\/02\/WhatsApp-Image-2025-02-06-at-21.50.19.jpeg","contentUrl":"https:\/\/diarioabcdemichoacan.com.mx\/lasnoticias\/wp-content\/uploads\/2025\/02\/WhatsApp-Image-2025-02-06-at-21.50.19.jpeg","width":800,"height":450},{"@type":"BreadcrumbList","@id":"https:\/\/diarioabcdemichoacan.com.mx\/lasnoticias\/adulto-mayor-es-baleado-por-delincuentes-en-la-colonia-rio-florido\/#breadcrumb","itemListElement":[{"@type":"ListItem","position":1,"name":"Portada","item":"https:\/\/diarioabcdemichoacan.com.mx\/lasnoticias\/"},{"@type":"ListItem","position":2,"name":"Adulto mayor es baleado por delincuentes en la colonia R\u00edo Florido"}]},{"@type":"WebSite","@id":"https:\/\/diarioabcdemichoacan.com.mx\/lasnoticias\/#website","url":"https:\/\/diarioabcdemichoacan.com.mx\/lasnoticias\/","name":"Diario ABC de Michoac\u00e1n","description":"Las noticias al momento","potentialAction":[{"@type":"SearchAction","target":{"@type":"EntryPoint","urlTemplate":"https:\/\/diarioabcdemichoacan.com.mx\/lasnoticias\/?s={search_term_string}"},"query-input":{"@type":"PropertyValueSpecification","valueRequired":true,"valueName":"search_term_string"}}],"inLanguage":"es"},{"@type":"Person","@id":"https:\/\/diarioabcdemichoacan.com.mx\/lasnoticias\/#\/schema\/person\/657e7c20ff5297f317664d985712e8e8","name":"MD","image":{"@type":"ImageObject","inLanguage":"es","@id":"https:\/\/diarioabcdemichoacan.com.mx\/lasnoticias\/#\/schema\/person\/image\/","url":"https:\/\/secure.gravatar.com\/avatar\/a769375eedc94419a5b67bc5d63567af?s=96&d=mm&r=g","contentUrl":"https:\/\/secure.gravatar.com\/avatar\/a769375eedc94419a5b67bc5d63567af?s=96&d=mm&r=g","caption":"MD"},"url":"https:\/\/diarioabcdemichoacan.com.mx\/lasnoticias\/author\/merelydpa\/"}]}},"_links":{"self":[{"href":"https:\/\/diarioabcdemichoacan.com.mx\/lasnoticias\/wp-json\/wp\/v2\/posts\/45533","targetHints":{"allow":["GET"]}}],"collection":[{"href":"https:\/\/diarioabcdemichoacan.com.mx\/lasnoticias\/wp-json\/wp\/v2\/posts"}],"about":[{"href":"https:\/\/diarioabcdemichoacan.com.mx\/lasnoticias\/wp-json\/wp\/v2\/types\/post"}],"author":[{"embeddable":true,"href":"https:\/\/diarioabcdemichoacan.com.mx\/lasnoticias\/wp-json\/wp\/v2\/users\/8"}],"replies":[{"embeddable":true,"href":"https:\/\/diarioabcdemichoacan.com.mx\/lasnoticias\/wp-json\/wp\/v2\/comments?post=45533"}],"version-history":[{"count":1,"href":"https:\/\/diarioabcdemichoacan.com.mx\/lasnoticias\/wp-json\/wp\/v2\/posts\/45533\/revisions"}],"predecessor-version":[{"id":45535,"href":"https:\/\/diarioabcdemichoacan.com.mx\/lasnoticias\/wp-json\/wp\/v2\/posts\/45533\/revisions\/45535"}],"wp:featuredmedia":[{"embeddable":true,"href":"https:\/\/diarioabcdemichoacan.com.mx\/lasnoticias\/wp-json\/wp\/v2\/media\/45534"}],"wp:attachment":[{"href":"https:\/\/diarioabcdemichoacan.com.mx\/lasnoticias\/wp-json\/wp\/v2\/media?parent=45533"}],"wp:term":[{"taxonomy":"category","embeddable":true,"href":"https:\/\/diarioabcdemichoacan.com.mx\/lasnoticias\/wp-json\/wp\/v2\/categories?post=45533"},{"taxonomy":"post_tag","embeddable":true,"href":"https:\/\/diarioabcdemichoacan.com.mx\/lasnoticias\/wp-json\/wp\/v2\/tags?post=45533"}],"curies":[{"name":"wp","href":"https:\/\/api.w.org\/{rel}","templated":true}]}}