{"id":45788,"date":"2025-02-09T13:26:48","date_gmt":"2025-02-09T19:26:48","guid":{"rendered":"https:\/\/diarioabcdemichoacan.com.mx\/lasnoticias\/?p=45788"},"modified":"2025-02-09T13:26:48","modified_gmt":"2025-02-09T19:26:48","slug":"fallece-en-hospital-el-conductor-atacado-a-tiros-en-la-colonia-vasco-de-quiroga","status":"publish","type":"post","link":"https:\/\/diarioabcdemichoacan.com.mx\/lasnoticias\/fallece-en-hospital-el-conductor-atacado-a-tiros-en-la-colonia-vasco-de-quiroga\/","title":{"rendered":"Fallece en hospital, el conductor atacado a tiros en la colonia Vasco de Quiroga"},"content":{"rendered":"<p>Al momento de los hechos el ofendido perdi\u00f3 el control de su veh\u00edculo y choc\u00f3 contra otro automotor<\/p>\n<p>Por Juan Manuel \u00c1lvarez<\/p>\n<hr \/>\n<p>Morelia, Mich.- El conductor de una camioneta que, durante los primeros minutos de este domingo, fue baleado en la colonia moreliana Vasco de Quiroga, muri\u00f3 tras ser internado de emergencia en el Hospital Civil de Ciudad Salud, comentaron autoridades policiales.<\/p>\n<p>L identidad completa del citado paciente es desconocida, s\u00f3lo se supo que respond\u00eda al nombre de Juan, quien al momento de la agresi\u00f3n manejaba una camioneta Honda CRV, color gris oscuro, con placa PST523B, la cual choc\u00f3 contra la retaguardia de otro automotor que estaba aparcado a la orilla de la calle Tuleros de Purench\u00e9cuaro.<\/p>\n<p>Trascendi\u00f3 que la v\u00edctima sufri\u00f3 un impacto de proyectil de arma de fuego en la cabeza, luego unos param\u00e9dicos la canalizaron a un nosocomio, pero falleci\u00f3 momentos despu\u00e9s debido a la severidad de la lesi\u00f3n.<\/p>\n<p>Hasta el momento se desconoce el m\u00f3vil del crimen. Elementos de la Fiscal\u00eda General del Estado (FGE) se encargaron de las investigaciones correspondientes y trasladaron el cad\u00e1ver a la morgue para la pr\u00e1ctica de la necropsia de ley.<\/p>\n","protected":false},"excerpt":{"rendered":"<p>Al momento de los hechos el ofendido perdi\u00f3 el control de su veh\u00edculo y choc\u00f3 contra otro automotor Por Juan Manuel \u00c1lvarez Morelia, Mich.- El conductor de una camioneta que, durante los primeros minutos de este domingo, fue baleado en la colonia moreliana Vasco de Quiroga, muri\u00f3 tras ser internado de emergencia en el Hospital [&hellip;]<\/p>\n","protected":false},"author":6,"featured_media":45780,"comment_status":"closed","ping_status":"closed","sticky":false,"template":"","format":"standard","meta":{"footnotes":""},"categories":[7,26],"tags":[],"class_list":{"0":"post-45788","1":"post","2":"type-post","3":"status-publish","4":"format-standard","5":"has-post-thumbnail","7":"category-morelia","8":"category-nota-roja"},"yoast_head":"<!-- This site is optimized with the Yoast SEO plugin v24.0 - https:\/\/yoast.com\/wordpress\/plugins\/seo\/ -->\n<title>Fallece en hospital, el conductor atacado a tiros en la colonia Vasco de Quiroga - Diario ABC de Michoac\u00e1n<\/title>\n<meta name=\"robots\" content=\"index, follow, max-snippet:-1, max-image-preview:large, max-video-preview:-1\" \/>\n<link rel=\"canonical\" href=\"https:\/\/diarioabcdemichoacan.com.mx\/lasnoticias\/fallece-en-hospital-el-conductor-atacado-a-tiros-en-la-colonia-vasco-de-quiroga\/\" \/>\n<meta property=\"og:locale\" content=\"es_ES\" \/>\n<meta property=\"og:type\" content=\"article\" \/>\n<meta property=\"og:title\" content=\"Fallece en hospital, el conductor atacado a tiros en la colonia Vasco de Quiroga - Diario ABC de Michoac\u00e1n\" \/>\n<meta property=\"og:description\" content=\"Al momento de los hechos el ofendido perdi\u00f3 el control de su veh\u00edculo y choc\u00f3 contra otro automotor Por Juan Manuel \u00c1lvarez Morelia, Mich.- El conductor de una camioneta que, durante los primeros minutos de este domingo, fue baleado en la colonia moreliana Vasco de Quiroga, muri\u00f3 tras ser internado de emergencia en el Hospital [&hellip;]\" \/>\n<meta property=\"og:url\" content=\"https:\/\/diarioabcdemichoacan.com.mx\/lasnoticias\/fallece-en-hospital-el-conductor-atacado-a-tiros-en-la-colonia-vasco-de-quiroga\/\" \/>\n<meta property=\"og:site_name\" content=\"Diario ABC de Michoac\u00e1n\" \/>\n<meta property=\"article:published_time\" content=\"2025-02-09T19:26:48+00:00\" \/>\n<meta property=\"og:image\" content=\"https:\/\/diarioabcdemichoacan.com.mx\/lasnoticias\/wp-content\/uploads\/2025\/02\/IMG-20250209-WA0006.jpg\" \/>\n\t<meta property=\"og:image:width\" content=\"1085\" \/>\n\t<meta property=\"og:image:height\" content=\"834\" \/>\n\t<meta property=\"og:image:type\" content=\"image\/jpeg\" \/>\n<meta name=\"author\" content=\"MB\" \/>\n<meta name=\"twitter:card\" content=\"summary_large_image\" \/>\n<meta name=\"twitter:label1\" content=\"Escrito por\" \/>\n\t<meta name=\"twitter:data1\" content=\"MB\" \/>\n\t<meta name=\"twitter:label2\" content=\"Tiempo de lectura\" \/>\n\t<meta name=\"twitter:data2\" content=\"1 minuto\" \/>\n<script type=\"application\/ld+json\" class=\"yoast-schema-graph\">{\"@context\":\"https:\/\/schema.org\",\"@graph\":[{\"@type\":\"WebPage\",\"@id\":\"https:\/\/diarioabcdemichoacan.com.mx\/lasnoticias\/fallece-en-hospital-el-conductor-atacado-a-tiros-en-la-colonia-vasco-de-quiroga\/\",\"url\":\"https:\/\/diarioabcdemichoacan.com.mx\/lasnoticias\/fallece-en-hospital-el-conductor-atacado-a-tiros-en-la-colonia-vasco-de-quiroga\/\",\"name\":\"Fallece en hospital, el conductor atacado a tiros en la colonia Vasco de Quiroga - Diario ABC de Michoac\u00e1n\",\"isPartOf\":{\"@id\":\"https:\/\/diarioabcdemichoacan.com.mx\/lasnoticias\/#website\"},\"primaryImageOfPage\":{\"@id\":\"https:\/\/diarioabcdemichoacan.com.mx\/lasnoticias\/fallece-en-hospital-el-conductor-atacado-a-tiros-en-la-colonia-vasco-de-quiroga\/#primaryimage\"},\"image\":{\"@id\":\"https:\/\/diarioabcdemichoacan.com.mx\/lasnoticias\/fallece-en-hospital-el-conductor-atacado-a-tiros-en-la-colonia-vasco-de-quiroga\/#primaryimage\"},\"thumbnailUrl\":\"https:\/\/diarioabcdemichoacan.com.mx\/lasnoticias\/wp-content\/uploads\/2025\/02\/IMG-20250209-WA0006.jpg\",\"datePublished\":\"2025-02-09T19:26:48+00:00\",\"dateModified\":\"2025-02-09T19:26:48+00:00\",\"author\":{\"@id\":\"https:\/\/diarioabcdemichoacan.com.mx\/lasnoticias\/#\/schema\/person\/0546f9c3407148f7452ca932715c5e88\"},\"breadcrumb\":{\"@id\":\"https:\/\/diarioabcdemichoacan.com.mx\/lasnoticias\/fallece-en-hospital-el-conductor-atacado-a-tiros-en-la-colonia-vasco-de-quiroga\/#breadcrumb\"},\"inLanguage\":\"es\",\"potentialAction\":[{\"@type\":\"ReadAction\",\"target\":[\"https:\/\/diarioabcdemichoacan.com.mx\/lasnoticias\/fallece-en-hospital-el-conductor-atacado-a-tiros-en-la-colonia-vasco-de-quiroga\/\"]}]},{\"@type\":\"ImageObject\",\"inLanguage\":\"es\",\"@id\":\"https:\/\/diarioabcdemichoacan.com.mx\/lasnoticias\/fallece-en-hospital-el-conductor-atacado-a-tiros-en-la-colonia-vasco-de-quiroga\/#primaryimage\",\"url\":\"https:\/\/diarioabcdemichoacan.com.mx\/lasnoticias\/wp-content\/uploads\/2025\/02\/IMG-20250209-WA0006.jpg\",\"contentUrl\":\"https:\/\/diarioabcdemichoacan.com.mx\/lasnoticias\/wp-content\/uploads\/2025\/02\/IMG-20250209-WA0006.jpg\",\"width\":1085,\"height\":834},{\"@type\":\"BreadcrumbList\",\"@id\":\"https:\/\/diarioabcdemichoacan.com.mx\/lasnoticias\/fallece-en-hospital-el-conductor-atacado-a-tiros-en-la-colonia-vasco-de-quiroga\/#breadcrumb\",\"itemListElement\":[{\"@type\":\"ListItem\",\"position\":1,\"name\":\"Portada\",\"item\":\"https:\/\/diarioabcdemichoacan.com.mx\/lasnoticias\/\"},{\"@type\":\"ListItem\",\"position\":2,\"name\":\"Fallece en hospital, el conductor atacado a tiros en la colonia Vasco de Quiroga\"}]},{\"@type\":\"WebSite\",\"@id\":\"https:\/\/diarioabcdemichoacan.com.mx\/lasnoticias\/#website\",\"url\":\"https:\/\/diarioabcdemichoacan.com.mx\/lasnoticias\/\",\"name\":\"Diario ABC de Michoac\u00e1n\",\"description\":\"Las noticias al momento\",\"potentialAction\":[{\"@type\":\"SearchAction\",\"target\":{\"@type\":\"EntryPoint\",\"urlTemplate\":\"https:\/\/diarioabcdemichoacan.com.mx\/lasnoticias\/?s={search_term_string}\"},\"query-input\":{\"@type\":\"PropertyValueSpecification\",\"valueRequired\":true,\"valueName\":\"search_term_string\"}}],\"inLanguage\":\"es\"},{\"@type\":\"Person\",\"@id\":\"https:\/\/diarioabcdemichoacan.com.mx\/lasnoticias\/#\/schema\/person\/0546f9c3407148f7452ca932715c5e88\",\"name\":\"MB\",\"image\":{\"@type\":\"ImageObject\",\"inLanguage\":\"es\",\"@id\":\"https:\/\/diarioabcdemichoacan.com.mx\/lasnoticias\/#\/schema\/person\/image\/\",\"url\":\"https:\/\/secure.gravatar.com\/avatar\/adcd41fde6b8d0b5d9d0de001d3112b3?s=96&d=mm&r=g\",\"contentUrl\":\"https:\/\/secure.gravatar.com\/avatar\/adcd41fde6b8d0b5d9d0de001d3112b3?s=96&d=mm&r=g\",\"caption\":\"MB\"},\"url\":\"https:\/\/diarioabcdemichoacan.com.mx\/lasnoticias\/author\/bomariano03\/\"}]}<\/script>\n<!-- \/ Yoast SEO plugin. -->","yoast_head_json":{"title":"Fallece en hospital, el conductor atacado a tiros en la colonia Vasco de Quiroga - Diario ABC de Michoac\u00e1n","robots":{"index":"index","follow":"follow","max-snippet":"max-snippet:-1","max-image-preview":"max-image-preview:large","max-video-preview":"max-video-preview:-1"},"canonical":"https:\/\/diarioabcdemichoacan.com.mx\/lasnoticias\/fallece-en-hospital-el-conductor-atacado-a-tiros-en-la-colonia-vasco-de-quiroga\/","og_locale":"es_ES","og_type":"article","og_title":"Fallece en hospital, el conductor atacado a tiros en la colonia Vasco de Quiroga - Diario ABC de Michoac\u00e1n","og_description":"Al momento de los hechos el ofendido perdi\u00f3 el control de su veh\u00edculo y choc\u00f3 contra otro automotor Por Juan Manuel \u00c1lvarez Morelia, Mich.- El conductor de una camioneta que, durante los primeros minutos de este domingo, fue baleado en la colonia moreliana Vasco de Quiroga, muri\u00f3 tras ser internado de emergencia en el Hospital [&hellip;]","og_url":"https:\/\/diarioabcdemichoacan.com.mx\/lasnoticias\/fallece-en-hospital-el-conductor-atacado-a-tiros-en-la-colonia-vasco-de-quiroga\/","og_site_name":"Diario ABC de Michoac\u00e1n","article_published_time":"2025-02-09T19:26:48+00:00","og_image":[{"width":1085,"height":834,"url":"https:\/\/diarioabcdemichoacan.com.mx\/lasnoticias\/wp-content\/uploads\/2025\/02\/IMG-20250209-WA0006.jpg","type":"image\/jpeg"}],"author":"MB","twitter_card":"summary_large_image","twitter_misc":{"Escrito por":"MB","Tiempo de lectura":"1 minuto"},"schema":{"@context":"https:\/\/schema.org","@graph":[{"@type":"WebPage","@id":"https:\/\/diarioabcdemichoacan.com.mx\/lasnoticias\/fallece-en-hospital-el-conductor-atacado-a-tiros-en-la-colonia-vasco-de-quiroga\/","url":"https:\/\/diarioabcdemichoacan.com.mx\/lasnoticias\/fallece-en-hospital-el-conductor-atacado-a-tiros-en-la-colonia-vasco-de-quiroga\/","name":"Fallece en hospital, el conductor atacado a tiros en la colonia Vasco de Quiroga - Diario ABC de Michoac\u00e1n","isPartOf":{"@id":"https:\/\/diarioabcdemichoacan.com.mx\/lasnoticias\/#website"},"primaryImageOfPage":{"@id":"https:\/\/diarioabcdemichoacan.com.mx\/lasnoticias\/fallece-en-hospital-el-conductor-atacado-a-tiros-en-la-colonia-vasco-de-quiroga\/#primaryimage"},"image":{"@id":"https:\/\/diarioabcdemichoacan.com.mx\/lasnoticias\/fallece-en-hospital-el-conductor-atacado-a-tiros-en-la-colonia-vasco-de-quiroga\/#primaryimage"},"thumbnailUrl":"https:\/\/diarioabcdemichoacan.com.mx\/lasnoticias\/wp-content\/uploads\/2025\/02\/IMG-20250209-WA0006.jpg","datePublished":"2025-02-09T19:26:48+00:00","dateModified":"2025-02-09T19:26:48+00:00","author":{"@id":"https:\/\/diarioabcdemichoacan.com.mx\/lasnoticias\/#\/schema\/person\/0546f9c3407148f7452ca932715c5e88"},"breadcrumb":{"@id":"https:\/\/diarioabcdemichoacan.com.mx\/lasnoticias\/fallece-en-hospital-el-conductor-atacado-a-tiros-en-la-colonia-vasco-de-quiroga\/#breadcrumb"},"inLanguage":"es","potentialAction":[{"@type":"ReadAction","target":["https:\/\/diarioabcdemichoacan.com.mx\/lasnoticias\/fallece-en-hospital-el-conductor-atacado-a-tiros-en-la-colonia-vasco-de-quiroga\/"]}]},{"@type":"ImageObject","inLanguage":"es","@id":"https:\/\/diarioabcdemichoacan.com.mx\/lasnoticias\/fallece-en-hospital-el-conductor-atacado-a-tiros-en-la-colonia-vasco-de-quiroga\/#primaryimage","url":"https:\/\/diarioabcdemichoacan.com.mx\/lasnoticias\/wp-content\/uploads\/2025\/02\/IMG-20250209-WA0006.jpg","contentUrl":"https:\/\/diarioabcdemichoacan.com.mx\/lasnoticias\/wp-content\/uploads\/2025\/02\/IMG-20250209-WA0006.jpg","width":1085,"height":834},{"@type":"BreadcrumbList","@id":"https:\/\/diarioabcdemichoacan.com.mx\/lasnoticias\/fallece-en-hospital-el-conductor-atacado-a-tiros-en-la-colonia-vasco-de-quiroga\/#breadcrumb","itemListElement":[{"@type":"ListItem","position":1,"name":"Portada","item":"https:\/\/diarioabcdemichoacan.com.mx\/lasnoticias\/"},{"@type":"ListItem","position":2,"name":"Fallece en hospital, el conductor atacado a tiros en la colonia Vasco de Quiroga"}]},{"@type":"WebSite","@id":"https:\/\/diarioabcdemichoacan.com.mx\/lasnoticias\/#website","url":"https:\/\/diarioabcdemichoacan.com.mx\/lasnoticias\/","name":"Diario ABC de Michoac\u00e1n","description":"Las noticias al momento","potentialAction":[{"@type":"SearchAction","target":{"@type":"EntryPoint","urlTemplate":"https:\/\/diarioabcdemichoacan.com.mx\/lasnoticias\/?s={search_term_string}"},"query-input":{"@type":"PropertyValueSpecification","valueRequired":true,"valueName":"search_term_string"}}],"inLanguage":"es"},{"@type":"Person","@id":"https:\/\/diarioabcdemichoacan.com.mx\/lasnoticias\/#\/schema\/person\/0546f9c3407148f7452ca932715c5e88","name":"MB","image":{"@type":"ImageObject","inLanguage":"es","@id":"https:\/\/diarioabcdemichoacan.com.mx\/lasnoticias\/#\/schema\/person\/image\/","url":"https:\/\/secure.gravatar.com\/avatar\/adcd41fde6b8d0b5d9d0de001d3112b3?s=96&d=mm&r=g","contentUrl":"https:\/\/secure.gravatar.com\/avatar\/adcd41fde6b8d0b5d9d0de001d3112b3?s=96&d=mm&r=g","caption":"MB"},"url":"https:\/\/diarioabcdemichoacan.com.mx\/lasnoticias\/author\/bomariano03\/"}]}},"_links":{"self":[{"href":"https:\/\/diarioabcdemichoacan.com.mx\/lasnoticias\/wp-json\/wp\/v2\/posts\/45788","targetHints":{"allow":["GET"]}}],"collection":[{"href":"https:\/\/diarioabcdemichoacan.com.mx\/lasnoticias\/wp-json\/wp\/v2\/posts"}],"about":[{"href":"https:\/\/diarioabcdemichoacan.com.mx\/lasnoticias\/wp-json\/wp\/v2\/types\/post"}],"author":[{"embeddable":true,"href":"https:\/\/diarioabcdemichoacan.com.mx\/lasnoticias\/wp-json\/wp\/v2\/users\/6"}],"replies":[{"embeddable":true,"href":"https:\/\/diarioabcdemichoacan.com.mx\/lasnoticias\/wp-json\/wp\/v2\/comments?post=45788"}],"version-history":[{"count":1,"href":"https:\/\/diarioabcdemichoacan.com.mx\/lasnoticias\/wp-json\/wp\/v2\/posts\/45788\/revisions"}],"predecessor-version":[{"id":45789,"href":"https:\/\/diarioabcdemichoacan.com.mx\/lasnoticias\/wp-json\/wp\/v2\/posts\/45788\/revisions\/45789"}],"wp:featuredmedia":[{"embeddable":true,"href":"https:\/\/diarioabcdemichoacan.com.mx\/lasnoticias\/wp-json\/wp\/v2\/media\/45780"}],"wp:attachment":[{"href":"https:\/\/diarioabcdemichoacan.com.mx\/lasnoticias\/wp-json\/wp\/v2\/media?parent=45788"}],"wp:term":[{"taxonomy":"category","embeddable":true,"href":"https:\/\/diarioabcdemichoacan.com.mx\/lasnoticias\/wp-json\/wp\/v2\/categories?post=45788"},{"taxonomy":"post_tag","embeddable":true,"href":"https:\/\/diarioabcdemichoacan.com.mx\/lasnoticias\/wp-json\/wp\/v2\/tags?post=45788"}],"curies":[{"name":"wp","href":"https:\/\/api.w.org\/{rel}","templated":true}]}}