{"id":45850,"date":"2025-02-09T19:21:04","date_gmt":"2025-02-10T01:21:04","guid":{"rendered":"https:\/\/diarioabcdemichoacan.com.mx\/lasnoticias\/?p=45850"},"modified":"2025-02-09T19:21:04","modified_gmt":"2025-02-10T01:21:04","slug":"que-el-poder-de-las-decisiones-publicas-resida-en-uruapenses-propone-conrado-paz","status":"publish","type":"post","link":"https:\/\/diarioabcdemichoacan.com.mx\/lasnoticias\/que-el-poder-de-las-decisiones-publicas-resida-en-uruapenses-propone-conrado-paz\/","title":{"rendered":"Que el poder de las decisiones p\u00fablicas resida en uruapenses, propone Conrado Paz"},"content":{"rendered":"<p>El Diputado del Distrito 14 mantuvo recorridos en diversas colonias de Uruapan para dar a conocer su trabajo como legislador<\/p>\n<hr \/>\n<p>Uruapan, Mich.- Avanzar con la participaci\u00f3n ciudadana en la construcci\u00f3n de un mejor entorno para todas y todos, es prioridad para el diputado independiente, Conrado Paz Torres.<\/p>\n<p>As\u00ed lo dej\u00f3 de manifiesto durante los recorridos realizados este fin de semana en las calles del Distrito 14 de Uruapan, en donde mantuvo diversos acercamientos con la ciudadan\u00eda para escuchar sus inquietudes y lograr traducirlas en acciones legislativas que lleven a la resoluci\u00f3n de los problemas que le duelen y preocupan a la ciudad.<\/p>\n<p>Paz Torres destac\u00f3 la oportunidad de mantener el trabajo comunitario como el eje rector de su labor como representante popular, pues s\u00f3lo de la mano de la ciudadan\u00eda es como habr\u00e1n de consolidarse las acciones necesarias para mejorar el entorno de Uruapan.<\/p>\n<p>\u00abLa riqueza de mi labor como legislador la encuentro en el di\u00e1logo con mi comunidad, pues somos los principales agentes de cambio y nuestra \u00fanica prioridad es hacer que a nuestra ciudad y a sus habitantes les vaya bien y vivan con bienestar y paz\u00bb, detall\u00f3.<\/p>\n<p>Durante estas actividades se instal\u00f3 de manera ambulatoria el CineTorito, una actividad familiar que busca adem\u00e1s de la sana convivencia, fomentar en las y los ni\u00f1os los valores de la amistad, la hermandad y la ayuda mutua entre la comunidad.<\/p>\n<p>Asimismo, se realizaron diversos recorridos en las calles del Distrito para dar a conocer la ubicaci\u00f3n y las actividades que se ofrecen para la ciudadan\u00eda en la Casa Enlace de su Diputado local.<\/p>\n<p>Finalmente, Conrado Paz Torres refrend\u00f3 su compromiso de que las y los uruapenses retomen el poder sobre las decisiones p\u00fablicas, pues s\u00f3lo con la participaci\u00f3n activa de la comunidad es como habr\u00e1n de superarse los problemas que m\u00e1s le duelen a Uruapan.<\/p>\n","protected":false},"excerpt":{"rendered":"<p>El Diputado del Distrito 14 mantuvo recorridos en diversas colonias de Uruapan para dar a conocer su trabajo como legislador Uruapan, Mich.- Avanzar con la participaci\u00f3n ciudadana en la construcci\u00f3n de un mejor entorno para todas y todos, es prioridad para el diputado independiente, Conrado Paz Torres. As\u00ed lo dej\u00f3 de manifiesto durante los recorridos [&hellip;]<\/p>\n","protected":false},"author":6,"featured_media":45851,"comment_status":"closed","ping_status":"closed","sticky":false,"template":"","format":"standard","meta":{"footnotes":""},"categories":[28,3],"tags":[],"class_list":{"0":"post-45850","1":"post","2":"type-post","3":"status-publish","4":"format-standard","5":"has-post-thumbnail","7":"category-politica","8":"category-uruapan"},"yoast_head":"<!-- This site is optimized with the Yoast SEO plugin v24.0 - https:\/\/yoast.com\/wordpress\/plugins\/seo\/ -->\n<title>Que el poder de las decisiones p\u00fablicas resida en uruapenses, propone Conrado Paz - Diario ABC de Michoac\u00e1n<\/title>\n<meta name=\"robots\" content=\"index, follow, max-snippet:-1, max-image-preview:large, max-video-preview:-1\" \/>\n<link rel=\"canonical\" href=\"https:\/\/diarioabcdemichoacan.com.mx\/lasnoticias\/que-el-poder-de-las-decisiones-publicas-resida-en-uruapenses-propone-conrado-paz\/\" \/>\n<meta property=\"og:locale\" content=\"es_ES\" \/>\n<meta property=\"og:type\" content=\"article\" \/>\n<meta property=\"og:title\" content=\"Que el poder de las decisiones p\u00fablicas resida en uruapenses, propone Conrado Paz - Diario ABC de Michoac\u00e1n\" \/>\n<meta property=\"og:description\" content=\"El Diputado del Distrito 14 mantuvo recorridos en diversas colonias de Uruapan para dar a conocer su trabajo como legislador Uruapan, Mich.- Avanzar con la participaci\u00f3n ciudadana en la construcci\u00f3n de un mejor entorno para todas y todos, es prioridad para el diputado independiente, Conrado Paz Torres. As\u00ed lo dej\u00f3 de manifiesto durante los recorridos [&hellip;]\" \/>\n<meta property=\"og:url\" content=\"https:\/\/diarioabcdemichoacan.com.mx\/lasnoticias\/que-el-poder-de-las-decisiones-publicas-resida-en-uruapenses-propone-conrado-paz\/\" \/>\n<meta property=\"og:site_name\" content=\"Diario ABC de Michoac\u00e1n\" \/>\n<meta property=\"article:published_time\" content=\"2025-02-10T01:21:04+00:00\" \/>\n<meta property=\"og:image\" content=\"https:\/\/diarioabcdemichoacan.com.mx\/lasnoticias\/wp-content\/uploads\/2025\/02\/Que-el-poder-de-las-decisiones-publicas-resida-en-uruapenses-propone-Conrado-Paz.jpg\" \/>\n\t<meta property=\"og:image:width\" content=\"1600\" \/>\n\t<meta property=\"og:image:height\" content=\"1066\" \/>\n\t<meta property=\"og:image:type\" content=\"image\/jpeg\" \/>\n<meta name=\"author\" content=\"MB\" \/>\n<meta name=\"twitter:card\" content=\"summary_large_image\" \/>\n<meta name=\"twitter:label1\" content=\"Escrito por\" \/>\n\t<meta name=\"twitter:data1\" content=\"MB\" \/>\n\t<meta name=\"twitter:label2\" content=\"Tiempo de lectura\" \/>\n\t<meta name=\"twitter:data2\" content=\"2 minutos\" \/>\n<script type=\"application\/ld+json\" class=\"yoast-schema-graph\">{\"@context\":\"https:\/\/schema.org\",\"@graph\":[{\"@type\":\"WebPage\",\"@id\":\"https:\/\/diarioabcdemichoacan.com.mx\/lasnoticias\/que-el-poder-de-las-decisiones-publicas-resida-en-uruapenses-propone-conrado-paz\/\",\"url\":\"https:\/\/diarioabcdemichoacan.com.mx\/lasnoticias\/que-el-poder-de-las-decisiones-publicas-resida-en-uruapenses-propone-conrado-paz\/\",\"name\":\"Que el poder de las decisiones p\u00fablicas resida en uruapenses, propone Conrado Paz - Diario ABC de Michoac\u00e1n\",\"isPartOf\":{\"@id\":\"https:\/\/diarioabcdemichoacan.com.mx\/lasnoticias\/#website\"},\"primaryImageOfPage\":{\"@id\":\"https:\/\/diarioabcdemichoacan.com.mx\/lasnoticias\/que-el-poder-de-las-decisiones-publicas-resida-en-uruapenses-propone-conrado-paz\/#primaryimage\"},\"image\":{\"@id\":\"https:\/\/diarioabcdemichoacan.com.mx\/lasnoticias\/que-el-poder-de-las-decisiones-publicas-resida-en-uruapenses-propone-conrado-paz\/#primaryimage\"},\"thumbnailUrl\":\"https:\/\/diarioabcdemichoacan.com.mx\/lasnoticias\/wp-content\/uploads\/2025\/02\/Que-el-poder-de-las-decisiones-publicas-resida-en-uruapenses-propone-Conrado-Paz.jpg\",\"datePublished\":\"2025-02-10T01:21:04+00:00\",\"dateModified\":\"2025-02-10T01:21:04+00:00\",\"author\":{\"@id\":\"https:\/\/diarioabcdemichoacan.com.mx\/lasnoticias\/#\/schema\/person\/0546f9c3407148f7452ca932715c5e88\"},\"breadcrumb\":{\"@id\":\"https:\/\/diarioabcdemichoacan.com.mx\/lasnoticias\/que-el-poder-de-las-decisiones-publicas-resida-en-uruapenses-propone-conrado-paz\/#breadcrumb\"},\"inLanguage\":\"es\",\"potentialAction\":[{\"@type\":\"ReadAction\",\"target\":[\"https:\/\/diarioabcdemichoacan.com.mx\/lasnoticias\/que-el-poder-de-las-decisiones-publicas-resida-en-uruapenses-propone-conrado-paz\/\"]}]},{\"@type\":\"ImageObject\",\"inLanguage\":\"es\",\"@id\":\"https:\/\/diarioabcdemichoacan.com.mx\/lasnoticias\/que-el-poder-de-las-decisiones-publicas-resida-en-uruapenses-propone-conrado-paz\/#primaryimage\",\"url\":\"https:\/\/diarioabcdemichoacan.com.mx\/lasnoticias\/wp-content\/uploads\/2025\/02\/Que-el-poder-de-las-decisiones-publicas-resida-en-uruapenses-propone-Conrado-Paz.jpg\",\"contentUrl\":\"https:\/\/diarioabcdemichoacan.com.mx\/lasnoticias\/wp-content\/uploads\/2025\/02\/Que-el-poder-de-las-decisiones-publicas-resida-en-uruapenses-propone-Conrado-Paz.jpg\",\"width\":1600,\"height\":1066},{\"@type\":\"BreadcrumbList\",\"@id\":\"https:\/\/diarioabcdemichoacan.com.mx\/lasnoticias\/que-el-poder-de-las-decisiones-publicas-resida-en-uruapenses-propone-conrado-paz\/#breadcrumb\",\"itemListElement\":[{\"@type\":\"ListItem\",\"position\":1,\"name\":\"Portada\",\"item\":\"https:\/\/diarioabcdemichoacan.com.mx\/lasnoticias\/\"},{\"@type\":\"ListItem\",\"position\":2,\"name\":\"Que el poder de las decisiones p\u00fablicas resida en uruapenses, propone Conrado Paz\"}]},{\"@type\":\"WebSite\",\"@id\":\"https:\/\/diarioabcdemichoacan.com.mx\/lasnoticias\/#website\",\"url\":\"https:\/\/diarioabcdemichoacan.com.mx\/lasnoticias\/\",\"name\":\"Diario ABC de Michoac\u00e1n\",\"description\":\"Las noticias al momento\",\"potentialAction\":[{\"@type\":\"SearchAction\",\"target\":{\"@type\":\"EntryPoint\",\"urlTemplate\":\"https:\/\/diarioabcdemichoacan.com.mx\/lasnoticias\/?s={search_term_string}\"},\"query-input\":{\"@type\":\"PropertyValueSpecification\",\"valueRequired\":true,\"valueName\":\"search_term_string\"}}],\"inLanguage\":\"es\"},{\"@type\":\"Person\",\"@id\":\"https:\/\/diarioabcdemichoacan.com.mx\/lasnoticias\/#\/schema\/person\/0546f9c3407148f7452ca932715c5e88\",\"name\":\"MB\",\"image\":{\"@type\":\"ImageObject\",\"inLanguage\":\"es\",\"@id\":\"https:\/\/diarioabcdemichoacan.com.mx\/lasnoticias\/#\/schema\/person\/image\/\",\"url\":\"https:\/\/secure.gravatar.com\/avatar\/adcd41fde6b8d0b5d9d0de001d3112b3?s=96&d=mm&r=g\",\"contentUrl\":\"https:\/\/secure.gravatar.com\/avatar\/adcd41fde6b8d0b5d9d0de001d3112b3?s=96&d=mm&r=g\",\"caption\":\"MB\"},\"url\":\"https:\/\/diarioabcdemichoacan.com.mx\/lasnoticias\/author\/bomariano03\/\"}]}<\/script>\n<!-- \/ Yoast SEO plugin. -->","yoast_head_json":{"title":"Que el poder de las decisiones p\u00fablicas resida en uruapenses, propone Conrado Paz - Diario ABC de Michoac\u00e1n","robots":{"index":"index","follow":"follow","max-snippet":"max-snippet:-1","max-image-preview":"max-image-preview:large","max-video-preview":"max-video-preview:-1"},"canonical":"https:\/\/diarioabcdemichoacan.com.mx\/lasnoticias\/que-el-poder-de-las-decisiones-publicas-resida-en-uruapenses-propone-conrado-paz\/","og_locale":"es_ES","og_type":"article","og_title":"Que el poder de las decisiones p\u00fablicas resida en uruapenses, propone Conrado Paz - Diario ABC de Michoac\u00e1n","og_description":"El Diputado del Distrito 14 mantuvo recorridos en diversas colonias de Uruapan para dar a conocer su trabajo como legislador Uruapan, Mich.- Avanzar con la participaci\u00f3n ciudadana en la construcci\u00f3n de un mejor entorno para todas y todos, es prioridad para el diputado independiente, Conrado Paz Torres. As\u00ed lo dej\u00f3 de manifiesto durante los recorridos [&hellip;]","og_url":"https:\/\/diarioabcdemichoacan.com.mx\/lasnoticias\/que-el-poder-de-las-decisiones-publicas-resida-en-uruapenses-propone-conrado-paz\/","og_site_name":"Diario ABC de Michoac\u00e1n","article_published_time":"2025-02-10T01:21:04+00:00","og_image":[{"width":1600,"height":1066,"url":"https:\/\/diarioabcdemichoacan.com.mx\/lasnoticias\/wp-content\/uploads\/2025\/02\/Que-el-poder-de-las-decisiones-publicas-resida-en-uruapenses-propone-Conrado-Paz.jpg","type":"image\/jpeg"}],"author":"MB","twitter_card":"summary_large_image","twitter_misc":{"Escrito por":"MB","Tiempo de lectura":"2 minutos"},"schema":{"@context":"https:\/\/schema.org","@graph":[{"@type":"WebPage","@id":"https:\/\/diarioabcdemichoacan.com.mx\/lasnoticias\/que-el-poder-de-las-decisiones-publicas-resida-en-uruapenses-propone-conrado-paz\/","url":"https:\/\/diarioabcdemichoacan.com.mx\/lasnoticias\/que-el-poder-de-las-decisiones-publicas-resida-en-uruapenses-propone-conrado-paz\/","name":"Que el poder de las decisiones p\u00fablicas resida en uruapenses, propone Conrado Paz - Diario ABC de Michoac\u00e1n","isPartOf":{"@id":"https:\/\/diarioabcdemichoacan.com.mx\/lasnoticias\/#website"},"primaryImageOfPage":{"@id":"https:\/\/diarioabcdemichoacan.com.mx\/lasnoticias\/que-el-poder-de-las-decisiones-publicas-resida-en-uruapenses-propone-conrado-paz\/#primaryimage"},"image":{"@id":"https:\/\/diarioabcdemichoacan.com.mx\/lasnoticias\/que-el-poder-de-las-decisiones-publicas-resida-en-uruapenses-propone-conrado-paz\/#primaryimage"},"thumbnailUrl":"https:\/\/diarioabcdemichoacan.com.mx\/lasnoticias\/wp-content\/uploads\/2025\/02\/Que-el-poder-de-las-decisiones-publicas-resida-en-uruapenses-propone-Conrado-Paz.jpg","datePublished":"2025-02-10T01:21:04+00:00","dateModified":"2025-02-10T01:21:04+00:00","author":{"@id":"https:\/\/diarioabcdemichoacan.com.mx\/lasnoticias\/#\/schema\/person\/0546f9c3407148f7452ca932715c5e88"},"breadcrumb":{"@id":"https:\/\/diarioabcdemichoacan.com.mx\/lasnoticias\/que-el-poder-de-las-decisiones-publicas-resida-en-uruapenses-propone-conrado-paz\/#breadcrumb"},"inLanguage":"es","potentialAction":[{"@type":"ReadAction","target":["https:\/\/diarioabcdemichoacan.com.mx\/lasnoticias\/que-el-poder-de-las-decisiones-publicas-resida-en-uruapenses-propone-conrado-paz\/"]}]},{"@type":"ImageObject","inLanguage":"es","@id":"https:\/\/diarioabcdemichoacan.com.mx\/lasnoticias\/que-el-poder-de-las-decisiones-publicas-resida-en-uruapenses-propone-conrado-paz\/#primaryimage","url":"https:\/\/diarioabcdemichoacan.com.mx\/lasnoticias\/wp-content\/uploads\/2025\/02\/Que-el-poder-de-las-decisiones-publicas-resida-en-uruapenses-propone-Conrado-Paz.jpg","contentUrl":"https:\/\/diarioabcdemichoacan.com.mx\/lasnoticias\/wp-content\/uploads\/2025\/02\/Que-el-poder-de-las-decisiones-publicas-resida-en-uruapenses-propone-Conrado-Paz.jpg","width":1600,"height":1066},{"@type":"BreadcrumbList","@id":"https:\/\/diarioabcdemichoacan.com.mx\/lasnoticias\/que-el-poder-de-las-decisiones-publicas-resida-en-uruapenses-propone-conrado-paz\/#breadcrumb","itemListElement":[{"@type":"ListItem","position":1,"name":"Portada","item":"https:\/\/diarioabcdemichoacan.com.mx\/lasnoticias\/"},{"@type":"ListItem","position":2,"name":"Que el poder de las decisiones p\u00fablicas resida en uruapenses, propone Conrado Paz"}]},{"@type":"WebSite","@id":"https:\/\/diarioabcdemichoacan.com.mx\/lasnoticias\/#website","url":"https:\/\/diarioabcdemichoacan.com.mx\/lasnoticias\/","name":"Diario ABC de Michoac\u00e1n","description":"Las noticias al momento","potentialAction":[{"@type":"SearchAction","target":{"@type":"EntryPoint","urlTemplate":"https:\/\/diarioabcdemichoacan.com.mx\/lasnoticias\/?s={search_term_string}"},"query-input":{"@type":"PropertyValueSpecification","valueRequired":true,"valueName":"search_term_string"}}],"inLanguage":"es"},{"@type":"Person","@id":"https:\/\/diarioabcdemichoacan.com.mx\/lasnoticias\/#\/schema\/person\/0546f9c3407148f7452ca932715c5e88","name":"MB","image":{"@type":"ImageObject","inLanguage":"es","@id":"https:\/\/diarioabcdemichoacan.com.mx\/lasnoticias\/#\/schema\/person\/image\/","url":"https:\/\/secure.gravatar.com\/avatar\/adcd41fde6b8d0b5d9d0de001d3112b3?s=96&d=mm&r=g","contentUrl":"https:\/\/secure.gravatar.com\/avatar\/adcd41fde6b8d0b5d9d0de001d3112b3?s=96&d=mm&r=g","caption":"MB"},"url":"https:\/\/diarioabcdemichoacan.com.mx\/lasnoticias\/author\/bomariano03\/"}]}},"_links":{"self":[{"href":"https:\/\/diarioabcdemichoacan.com.mx\/lasnoticias\/wp-json\/wp\/v2\/posts\/45850","targetHints":{"allow":["GET"]}}],"collection":[{"href":"https:\/\/diarioabcdemichoacan.com.mx\/lasnoticias\/wp-json\/wp\/v2\/posts"}],"about":[{"href":"https:\/\/diarioabcdemichoacan.com.mx\/lasnoticias\/wp-json\/wp\/v2\/types\/post"}],"author":[{"embeddable":true,"href":"https:\/\/diarioabcdemichoacan.com.mx\/lasnoticias\/wp-json\/wp\/v2\/users\/6"}],"replies":[{"embeddable":true,"href":"https:\/\/diarioabcdemichoacan.com.mx\/lasnoticias\/wp-json\/wp\/v2\/comments?post=45850"}],"version-history":[{"count":2,"href":"https:\/\/diarioabcdemichoacan.com.mx\/lasnoticias\/wp-json\/wp\/v2\/posts\/45850\/revisions"}],"predecessor-version":[{"id":45853,"href":"https:\/\/diarioabcdemichoacan.com.mx\/lasnoticias\/wp-json\/wp\/v2\/posts\/45850\/revisions\/45853"}],"wp:featuredmedia":[{"embeddable":true,"href":"https:\/\/diarioabcdemichoacan.com.mx\/lasnoticias\/wp-json\/wp\/v2\/media\/45851"}],"wp:attachment":[{"href":"https:\/\/diarioabcdemichoacan.com.mx\/lasnoticias\/wp-json\/wp\/v2\/media?parent=45850"}],"wp:term":[{"taxonomy":"category","embeddable":true,"href":"https:\/\/diarioabcdemichoacan.com.mx\/lasnoticias\/wp-json\/wp\/v2\/categories?post=45850"},{"taxonomy":"post_tag","embeddable":true,"href":"https:\/\/diarioabcdemichoacan.com.mx\/lasnoticias\/wp-json\/wp\/v2\/tags?post=45850"}],"curies":[{"name":"wp","href":"https:\/\/api.w.org\/{rel}","templated":true}]}}