{"id":47555,"date":"2025-02-20T17:29:19","date_gmt":"2025-02-20T23:29:19","guid":{"rendered":"https:\/\/diarioabcdemichoacan.com.mx\/lasnoticias\/?p=47555"},"modified":"2025-02-20T17:29:19","modified_gmt":"2025-02-20T23:29:19","slug":"confirma-alfonso-martinez-obras-por-mas-de-100-mdp","status":"publish","type":"post","link":"https:\/\/diarioabcdemichoacan.com.mx\/lasnoticias\/confirma-alfonso-martinez-obras-por-mas-de-100-mdp\/","title":{"rendered":"Confirma Alfonso Mart\u00ednez obras por m\u00e1s de 100 mdp"},"content":{"rendered":"<ul>\n<li>Conexi\u00f3n de Amalia Sol\u00f3rzano y domo del Bicentenario.<\/li>\n<\/ul>\n<hr \/>\n<p>Morelia, Michoac\u00e1n.- El Presidente Municipal, Alfonso Mart\u00ednez Alc\u00e1zar, confirm\u00f3 que este a\u00f1o se pondr\u00e1n en marcha dos importantes obras para Morelia: la conexi\u00f3n de las avenidas Amalia Sol\u00f3rzano con Juan Pablo Segundo y la reconstrucci\u00f3n del domo de la Unidad Deportiva Bicentenario.<\/p>\n<p>En entrevista, el Alcalde inform\u00f3 que estas obras se concretaron luego de la reuni\u00f3n que sostuvo con el Gobernador de Michoac\u00e1n, Alfredo Ram\u00edrez Bedolla, en la cual se presentaron los proyectos para el municipio.<\/p>\n<p>Alfonso Mart\u00ednez, destac\u00f3 que la conexi\u00f3n de las avenidas Amalia Sol\u00f3rzano con Juan Pablo Segundo, ser\u00e1 una vialidad que ayudar\u00e1 considerablemente a mejorar la movilidad al Sur del municipio, al contar con 4 carriles de circulaci\u00f3n y una ciclov\u00eda.<\/p>\n<p>En cuanto a la Unidad Deportiva, el Presidente de Morelia inform\u00f3 que este espacio que diariamente re\u00fane a muchas morelianas y morelianos, ser\u00e1 mejorado con instalaciones modernas y funcionales.<\/p>\n<p>El Alcalde, Alfonso Mart\u00ednez, coment\u00f3 que las dos obras superan los 100 millones de pesos y ser\u00e1n ejercidos este 2025, marcando un precedente notable en el desarrollo de Morelia.<\/p>\n<p>COMUNICADO<\/p>\n","protected":false},"excerpt":{"rendered":"<p>Conexi\u00f3n de Amalia Sol\u00f3rzano y domo del Bicentenario. Morelia, Michoac\u00e1n.- El Presidente Municipal, Alfonso Mart\u00ednez Alc\u00e1zar, confirm\u00f3 que este a\u00f1o se pondr\u00e1n en marcha dos importantes obras para Morelia: la conexi\u00f3n de las avenidas Amalia Sol\u00f3rzano con Juan Pablo Segundo y la reconstrucci\u00f3n del domo de la Unidad Deportiva Bicentenario. En entrevista, el Alcalde inform\u00f3 [&hellip;]<\/p>\n","protected":false},"author":8,"featured_media":47556,"comment_status":"closed","ping_status":"closed","sticky":false,"template":"","format":"standard","meta":{"footnotes":""},"categories":[18,10,17,7],"tags":[],"class_list":{"0":"post-47555","1":"post","2":"type-post","3":"status-publish","4":"format-standard","5":"has-post-thumbnail","7":"category-ayuntamiento-de-morelia","8":"category-estado","9":"category-gobierno-de-michoacan","10":"category-morelia"},"yoast_head":"<!-- This site is optimized with the Yoast SEO plugin v24.0 - https:\/\/yoast.com\/wordpress\/plugins\/seo\/ -->\n<title>Confirma Alfonso Mart\u00ednez obras por m\u00e1s de 100 mdp - Diario ABC de Michoac\u00e1n<\/title>\n<meta name=\"robots\" content=\"index, follow, max-snippet:-1, max-image-preview:large, max-video-preview:-1\" \/>\n<link rel=\"canonical\" href=\"https:\/\/diarioabcdemichoacan.com.mx\/lasnoticias\/confirma-alfonso-martinez-obras-por-mas-de-100-mdp\/\" \/>\n<meta property=\"og:locale\" content=\"es_ES\" \/>\n<meta property=\"og:type\" content=\"article\" \/>\n<meta property=\"og:title\" content=\"Confirma Alfonso Mart\u00ednez obras por m\u00e1s de 100 mdp - Diario ABC de Michoac\u00e1n\" \/>\n<meta property=\"og:description\" content=\"Conexi\u00f3n de Amalia Sol\u00f3rzano y domo del Bicentenario. Morelia, Michoac\u00e1n.- El Presidente Municipal, Alfonso Mart\u00ednez Alc\u00e1zar, confirm\u00f3 que este a\u00f1o se pondr\u00e1n en marcha dos importantes obras para Morelia: la conexi\u00f3n de las avenidas Amalia Sol\u00f3rzano con Juan Pablo Segundo y la reconstrucci\u00f3n del domo de la Unidad Deportiva Bicentenario. En entrevista, el Alcalde inform\u00f3 [&hellip;]\" \/>\n<meta property=\"og:url\" content=\"https:\/\/diarioabcdemichoacan.com.mx\/lasnoticias\/confirma-alfonso-martinez-obras-por-mas-de-100-mdp\/\" \/>\n<meta property=\"og:site_name\" content=\"Diario ABC de Michoac\u00e1n\" \/>\n<meta property=\"article:published_time\" content=\"2025-02-20T23:29:19+00:00\" \/>\n<meta property=\"og:image\" content=\"https:\/\/diarioabcdemichoacan.com.mx\/lasnoticias\/wp-content\/uploads\/2025\/02\/WhatsApp-Image-2025-02-20-at-17.23.40.jpeg\" \/>\n\t<meta property=\"og:image:width\" content=\"800\" \/>\n\t<meta property=\"og:image:height\" content=\"423\" \/>\n\t<meta property=\"og:image:type\" content=\"image\/jpeg\" \/>\n<meta name=\"author\" content=\"MD\" \/>\n<meta name=\"twitter:card\" content=\"summary_large_image\" \/>\n<meta name=\"twitter:label1\" content=\"Escrito por\" \/>\n\t<meta name=\"twitter:data1\" content=\"MD\" \/>\n\t<meta name=\"twitter:label2\" content=\"Tiempo de lectura\" \/>\n\t<meta name=\"twitter:data2\" content=\"2 minutos\" \/>\n<script type=\"application\/ld+json\" class=\"yoast-schema-graph\">{\"@context\":\"https:\/\/schema.org\",\"@graph\":[{\"@type\":\"WebPage\",\"@id\":\"https:\/\/diarioabcdemichoacan.com.mx\/lasnoticias\/confirma-alfonso-martinez-obras-por-mas-de-100-mdp\/\",\"url\":\"https:\/\/diarioabcdemichoacan.com.mx\/lasnoticias\/confirma-alfonso-martinez-obras-por-mas-de-100-mdp\/\",\"name\":\"Confirma Alfonso Mart\u00ednez obras por m\u00e1s de 100 mdp - Diario ABC de Michoac\u00e1n\",\"isPartOf\":{\"@id\":\"https:\/\/diarioabcdemichoacan.com.mx\/lasnoticias\/#website\"},\"primaryImageOfPage\":{\"@id\":\"https:\/\/diarioabcdemichoacan.com.mx\/lasnoticias\/confirma-alfonso-martinez-obras-por-mas-de-100-mdp\/#primaryimage\"},\"image\":{\"@id\":\"https:\/\/diarioabcdemichoacan.com.mx\/lasnoticias\/confirma-alfonso-martinez-obras-por-mas-de-100-mdp\/#primaryimage\"},\"thumbnailUrl\":\"https:\/\/diarioabcdemichoacan.com.mx\/lasnoticias\/wp-content\/uploads\/2025\/02\/WhatsApp-Image-2025-02-20-at-17.23.40.jpeg\",\"datePublished\":\"2025-02-20T23:29:19+00:00\",\"dateModified\":\"2025-02-20T23:29:19+00:00\",\"author\":{\"@id\":\"https:\/\/diarioabcdemichoacan.com.mx\/lasnoticias\/#\/schema\/person\/657e7c20ff5297f317664d985712e8e8\"},\"breadcrumb\":{\"@id\":\"https:\/\/diarioabcdemichoacan.com.mx\/lasnoticias\/confirma-alfonso-martinez-obras-por-mas-de-100-mdp\/#breadcrumb\"},\"inLanguage\":\"es\",\"potentialAction\":[{\"@type\":\"ReadAction\",\"target\":[\"https:\/\/diarioabcdemichoacan.com.mx\/lasnoticias\/confirma-alfonso-martinez-obras-por-mas-de-100-mdp\/\"]}]},{\"@type\":\"ImageObject\",\"inLanguage\":\"es\",\"@id\":\"https:\/\/diarioabcdemichoacan.com.mx\/lasnoticias\/confirma-alfonso-martinez-obras-por-mas-de-100-mdp\/#primaryimage\",\"url\":\"https:\/\/diarioabcdemichoacan.com.mx\/lasnoticias\/wp-content\/uploads\/2025\/02\/WhatsApp-Image-2025-02-20-at-17.23.40.jpeg\",\"contentUrl\":\"https:\/\/diarioabcdemichoacan.com.mx\/lasnoticias\/wp-content\/uploads\/2025\/02\/WhatsApp-Image-2025-02-20-at-17.23.40.jpeg\",\"width\":800,\"height\":423},{\"@type\":\"BreadcrumbList\",\"@id\":\"https:\/\/diarioabcdemichoacan.com.mx\/lasnoticias\/confirma-alfonso-martinez-obras-por-mas-de-100-mdp\/#breadcrumb\",\"itemListElement\":[{\"@type\":\"ListItem\",\"position\":1,\"name\":\"Portada\",\"item\":\"https:\/\/diarioabcdemichoacan.com.mx\/lasnoticias\/\"},{\"@type\":\"ListItem\",\"position\":2,\"name\":\"Confirma Alfonso Mart\u00ednez obras por m\u00e1s de 100 mdp\"}]},{\"@type\":\"WebSite\",\"@id\":\"https:\/\/diarioabcdemichoacan.com.mx\/lasnoticias\/#website\",\"url\":\"https:\/\/diarioabcdemichoacan.com.mx\/lasnoticias\/\",\"name\":\"Diario ABC de Michoac\u00e1n\",\"description\":\"Las noticias al momento\",\"potentialAction\":[{\"@type\":\"SearchAction\",\"target\":{\"@type\":\"EntryPoint\",\"urlTemplate\":\"https:\/\/diarioabcdemichoacan.com.mx\/lasnoticias\/?s={search_term_string}\"},\"query-input\":{\"@type\":\"PropertyValueSpecification\",\"valueRequired\":true,\"valueName\":\"search_term_string\"}}],\"inLanguage\":\"es\"},{\"@type\":\"Person\",\"@id\":\"https:\/\/diarioabcdemichoacan.com.mx\/lasnoticias\/#\/schema\/person\/657e7c20ff5297f317664d985712e8e8\",\"name\":\"MD\",\"image\":{\"@type\":\"ImageObject\",\"inLanguage\":\"es\",\"@id\":\"https:\/\/diarioabcdemichoacan.com.mx\/lasnoticias\/#\/schema\/person\/image\/\",\"url\":\"https:\/\/secure.gravatar.com\/avatar\/a769375eedc94419a5b67bc5d63567af?s=96&d=mm&r=g\",\"contentUrl\":\"https:\/\/secure.gravatar.com\/avatar\/a769375eedc94419a5b67bc5d63567af?s=96&d=mm&r=g\",\"caption\":\"MD\"},\"url\":\"https:\/\/diarioabcdemichoacan.com.mx\/lasnoticias\/author\/merelydpa\/\"}]}<\/script>\n<!-- \/ Yoast SEO plugin. -->","yoast_head_json":{"title":"Confirma Alfonso Mart\u00ednez obras por m\u00e1s de 100 mdp - Diario ABC de Michoac\u00e1n","robots":{"index":"index","follow":"follow","max-snippet":"max-snippet:-1","max-image-preview":"max-image-preview:large","max-video-preview":"max-video-preview:-1"},"canonical":"https:\/\/diarioabcdemichoacan.com.mx\/lasnoticias\/confirma-alfonso-martinez-obras-por-mas-de-100-mdp\/","og_locale":"es_ES","og_type":"article","og_title":"Confirma Alfonso Mart\u00ednez obras por m\u00e1s de 100 mdp - Diario ABC de Michoac\u00e1n","og_description":"Conexi\u00f3n de Amalia Sol\u00f3rzano y domo del Bicentenario. Morelia, Michoac\u00e1n.- El Presidente Municipal, Alfonso Mart\u00ednez Alc\u00e1zar, confirm\u00f3 que este a\u00f1o se pondr\u00e1n en marcha dos importantes obras para Morelia: la conexi\u00f3n de las avenidas Amalia Sol\u00f3rzano con Juan Pablo Segundo y la reconstrucci\u00f3n del domo de la Unidad Deportiva Bicentenario. En entrevista, el Alcalde inform\u00f3 [&hellip;]","og_url":"https:\/\/diarioabcdemichoacan.com.mx\/lasnoticias\/confirma-alfonso-martinez-obras-por-mas-de-100-mdp\/","og_site_name":"Diario ABC de Michoac\u00e1n","article_published_time":"2025-02-20T23:29:19+00:00","og_image":[{"width":800,"height":423,"url":"https:\/\/diarioabcdemichoacan.com.mx\/lasnoticias\/wp-content\/uploads\/2025\/02\/WhatsApp-Image-2025-02-20-at-17.23.40.jpeg","type":"image\/jpeg"}],"author":"MD","twitter_card":"summary_large_image","twitter_misc":{"Escrito por":"MD","Tiempo de lectura":"2 minutos"},"schema":{"@context":"https:\/\/schema.org","@graph":[{"@type":"WebPage","@id":"https:\/\/diarioabcdemichoacan.com.mx\/lasnoticias\/confirma-alfonso-martinez-obras-por-mas-de-100-mdp\/","url":"https:\/\/diarioabcdemichoacan.com.mx\/lasnoticias\/confirma-alfonso-martinez-obras-por-mas-de-100-mdp\/","name":"Confirma Alfonso Mart\u00ednez obras por m\u00e1s de 100 mdp - Diario ABC de Michoac\u00e1n","isPartOf":{"@id":"https:\/\/diarioabcdemichoacan.com.mx\/lasnoticias\/#website"},"primaryImageOfPage":{"@id":"https:\/\/diarioabcdemichoacan.com.mx\/lasnoticias\/confirma-alfonso-martinez-obras-por-mas-de-100-mdp\/#primaryimage"},"image":{"@id":"https:\/\/diarioabcdemichoacan.com.mx\/lasnoticias\/confirma-alfonso-martinez-obras-por-mas-de-100-mdp\/#primaryimage"},"thumbnailUrl":"https:\/\/diarioabcdemichoacan.com.mx\/lasnoticias\/wp-content\/uploads\/2025\/02\/WhatsApp-Image-2025-02-20-at-17.23.40.jpeg","datePublished":"2025-02-20T23:29:19+00:00","dateModified":"2025-02-20T23:29:19+00:00","author":{"@id":"https:\/\/diarioabcdemichoacan.com.mx\/lasnoticias\/#\/schema\/person\/657e7c20ff5297f317664d985712e8e8"},"breadcrumb":{"@id":"https:\/\/diarioabcdemichoacan.com.mx\/lasnoticias\/confirma-alfonso-martinez-obras-por-mas-de-100-mdp\/#breadcrumb"},"inLanguage":"es","potentialAction":[{"@type":"ReadAction","target":["https:\/\/diarioabcdemichoacan.com.mx\/lasnoticias\/confirma-alfonso-martinez-obras-por-mas-de-100-mdp\/"]}]},{"@type":"ImageObject","inLanguage":"es","@id":"https:\/\/diarioabcdemichoacan.com.mx\/lasnoticias\/confirma-alfonso-martinez-obras-por-mas-de-100-mdp\/#primaryimage","url":"https:\/\/diarioabcdemichoacan.com.mx\/lasnoticias\/wp-content\/uploads\/2025\/02\/WhatsApp-Image-2025-02-20-at-17.23.40.jpeg","contentUrl":"https:\/\/diarioabcdemichoacan.com.mx\/lasnoticias\/wp-content\/uploads\/2025\/02\/WhatsApp-Image-2025-02-20-at-17.23.40.jpeg","width":800,"height":423},{"@type":"BreadcrumbList","@id":"https:\/\/diarioabcdemichoacan.com.mx\/lasnoticias\/confirma-alfonso-martinez-obras-por-mas-de-100-mdp\/#breadcrumb","itemListElement":[{"@type":"ListItem","position":1,"name":"Portada","item":"https:\/\/diarioabcdemichoacan.com.mx\/lasnoticias\/"},{"@type":"ListItem","position":2,"name":"Confirma Alfonso Mart\u00ednez obras por m\u00e1s de 100 mdp"}]},{"@type":"WebSite","@id":"https:\/\/diarioabcdemichoacan.com.mx\/lasnoticias\/#website","url":"https:\/\/diarioabcdemichoacan.com.mx\/lasnoticias\/","name":"Diario ABC de Michoac\u00e1n","description":"Las noticias al momento","potentialAction":[{"@type":"SearchAction","target":{"@type":"EntryPoint","urlTemplate":"https:\/\/diarioabcdemichoacan.com.mx\/lasnoticias\/?s={search_term_string}"},"query-input":{"@type":"PropertyValueSpecification","valueRequired":true,"valueName":"search_term_string"}}],"inLanguage":"es"},{"@type":"Person","@id":"https:\/\/diarioabcdemichoacan.com.mx\/lasnoticias\/#\/schema\/person\/657e7c20ff5297f317664d985712e8e8","name":"MD","image":{"@type":"ImageObject","inLanguage":"es","@id":"https:\/\/diarioabcdemichoacan.com.mx\/lasnoticias\/#\/schema\/person\/image\/","url":"https:\/\/secure.gravatar.com\/avatar\/a769375eedc94419a5b67bc5d63567af?s=96&d=mm&r=g","contentUrl":"https:\/\/secure.gravatar.com\/avatar\/a769375eedc94419a5b67bc5d63567af?s=96&d=mm&r=g","caption":"MD"},"url":"https:\/\/diarioabcdemichoacan.com.mx\/lasnoticias\/author\/merelydpa\/"}]}},"_links":{"self":[{"href":"https:\/\/diarioabcdemichoacan.com.mx\/lasnoticias\/wp-json\/wp\/v2\/posts\/47555","targetHints":{"allow":["GET"]}}],"collection":[{"href":"https:\/\/diarioabcdemichoacan.com.mx\/lasnoticias\/wp-json\/wp\/v2\/posts"}],"about":[{"href":"https:\/\/diarioabcdemichoacan.com.mx\/lasnoticias\/wp-json\/wp\/v2\/types\/post"}],"author":[{"embeddable":true,"href":"https:\/\/diarioabcdemichoacan.com.mx\/lasnoticias\/wp-json\/wp\/v2\/users\/8"}],"replies":[{"embeddable":true,"href":"https:\/\/diarioabcdemichoacan.com.mx\/lasnoticias\/wp-json\/wp\/v2\/comments?post=47555"}],"version-history":[{"count":1,"href":"https:\/\/diarioabcdemichoacan.com.mx\/lasnoticias\/wp-json\/wp\/v2\/posts\/47555\/revisions"}],"predecessor-version":[{"id":47557,"href":"https:\/\/diarioabcdemichoacan.com.mx\/lasnoticias\/wp-json\/wp\/v2\/posts\/47555\/revisions\/47557"}],"wp:featuredmedia":[{"embeddable":true,"href":"https:\/\/diarioabcdemichoacan.com.mx\/lasnoticias\/wp-json\/wp\/v2\/media\/47556"}],"wp:attachment":[{"href":"https:\/\/diarioabcdemichoacan.com.mx\/lasnoticias\/wp-json\/wp\/v2\/media?parent=47555"}],"wp:term":[{"taxonomy":"category","embeddable":true,"href":"https:\/\/diarioabcdemichoacan.com.mx\/lasnoticias\/wp-json\/wp\/v2\/categories?post=47555"},{"taxonomy":"post_tag","embeddable":true,"href":"https:\/\/diarioabcdemichoacan.com.mx\/lasnoticias\/wp-json\/wp\/v2\/tags?post=47555"}],"curies":[{"name":"wp","href":"https:\/\/api.w.org\/{rel}","templated":true}]}}