{"id":47804,"date":"2025-02-22T14:24:56","date_gmt":"2025-02-22T20:24:56","guid":{"rendered":"https:\/\/diarioabcdemichoacan.com.mx\/lasnoticias\/?p=47804"},"modified":"2025-02-22T14:24:56","modified_gmt":"2025-02-22T20:24:56","slug":"jornada-de-limpieza-llega-a-la-colonia-ejidal-isaac-arriaga-con-gran-participacion-ciudadana","status":"publish","type":"post","link":"https:\/\/diarioabcdemichoacan.com.mx\/lasnoticias\/jornada-de-limpieza-llega-a-la-colonia-ejidal-isaac-arriaga-con-gran-participacion-ciudadana\/","title":{"rendered":"Jornada de limpieza, llega a la colonia Ejidal Isaac Arriaga con gran participaci\u00f3n ciudadana"},"content":{"rendered":"<p>Se dio atenci\u00f3n integral a la Secundaria T\u00e9cnica 145, y a la Avenida Fray Sebasti\u00e1n de Aparicio<\/p>\n<hr \/>\n<p>Morelia, Michoac\u00e1n.- Como cada s\u00e1bado, el Ayuntamiento de Morelia que encabeza el Alcalde, Alfonso Mart\u00ednez Alc\u00e1zar, a trav\u00e9s de la Secretar\u00eda de Servicios P\u00fablicos, llev\u00f3 a cabo una jornada de limpieza al Nororiente de la ciudad. En esta ocasi\u00f3n, se dio atenci\u00f3n a Avenida Fray Sebasti\u00e1n de Aparicio, en la colonia Ejidal Isaac Arriaga, as\u00ed como a la Secundaria T\u00e9cnica 145.<\/p>\n<p>Dando seguimiento al compromiso del Presidente Municipal, Alfonso Mart\u00ednez, de mantener limpio y ordenado el municipio, el d\u00eda de hoy se hicieron labores de poda, retiro de maleza, liberaci\u00f3n de guarniciones y banquetas, a lo largo de la vialidad. Junto con estas acciones, se hizo una revisi\u00f3n del alumbrado p\u00fablico, y se instal\u00f3 un m\u00f3dulo de Atenci\u00f3n Animal, donde se aplicaron vacunas antirr\u00e1bicas.<\/p>\n<p>Al interior de la Secundaria T\u00e9cnica, maestros, padres de familia y alumnos, se sumaron a las tareas de limpieza, realizadas por el personal de Ayuntamiento, limpiando las instalaciones y \u00e1reas verdes de la escuela, adem\u00e1s de realizar el retiro de escombro y basura.<\/p>\n<p>La directora de la secundaria T\u00e9cnica 145, Angelina Su\u00e1rez Tinajero, resalt\u00f3 el acercamiento de las autoridades con la ciudadan\u00eda, y agradeci\u00f3 al Ayuntamiento Moreliano el apoyo brindado con las brigadas, para limpiar y mejorar los espacios dentro y fuera de la instituci\u00f3n educativa.<\/p>\n<p>De esta forma, el Ayuntamiento encabezado por Alfonso Mart\u00ednez refrenda su compromiso de trabajar junto con la ciudadan\u00eda por hacer de Morelia una ciudad m\u00e1s limpia, elevando la calidad de vida de sus habitantes.<\/p>\n<p>COMUNICADO.<\/p>\n","protected":false},"excerpt":{"rendered":"<p>Se dio atenci\u00f3n integral a la Secundaria T\u00e9cnica 145, y a la Avenida Fray Sebasti\u00e1n de Aparicio Morelia, Michoac\u00e1n.- Como cada s\u00e1bado, el Ayuntamiento de Morelia que encabeza el Alcalde, Alfonso Mart\u00ednez Alc\u00e1zar, a trav\u00e9s de la Secretar\u00eda de Servicios P\u00fablicos, llev\u00f3 a cabo una jornada de limpieza al Nororiente de la ciudad. En esta [&hellip;]<\/p>\n","protected":false},"author":6,"featured_media":47806,"comment_status":"closed","ping_status":"closed","sticky":false,"template":"","format":"standard","meta":{"footnotes":""},"categories":[18],"tags":[],"class_list":{"0":"post-47804","1":"post","2":"type-post","3":"status-publish","4":"format-standard","5":"has-post-thumbnail","7":"category-ayuntamiento-de-morelia"},"yoast_head":"<!-- This site is optimized with the Yoast SEO plugin v24.0 - https:\/\/yoast.com\/wordpress\/plugins\/seo\/ -->\n<title>Jornada de limpieza, llega a la colonia Ejidal Isaac Arriaga con gran participaci\u00f3n ciudadana - Diario ABC de Michoac\u00e1n<\/title>\n<meta name=\"robots\" content=\"index, follow, max-snippet:-1, max-image-preview:large, max-video-preview:-1\" \/>\n<link rel=\"canonical\" href=\"https:\/\/diarioabcdemichoacan.com.mx\/lasnoticias\/jornada-de-limpieza-llega-a-la-colonia-ejidal-isaac-arriaga-con-gran-participacion-ciudadana\/\" \/>\n<meta property=\"og:locale\" content=\"es_ES\" \/>\n<meta property=\"og:type\" content=\"article\" \/>\n<meta property=\"og:title\" content=\"Jornada de limpieza, llega a la colonia Ejidal Isaac Arriaga con gran participaci\u00f3n ciudadana - Diario ABC de Michoac\u00e1n\" \/>\n<meta property=\"og:description\" content=\"Se dio atenci\u00f3n integral a la Secundaria T\u00e9cnica 145, y a la Avenida Fray Sebasti\u00e1n de Aparicio Morelia, Michoac\u00e1n.- Como cada s\u00e1bado, el Ayuntamiento de Morelia que encabeza el Alcalde, Alfonso Mart\u00ednez Alc\u00e1zar, a trav\u00e9s de la Secretar\u00eda de Servicios P\u00fablicos, llev\u00f3 a cabo una jornada de limpieza al Nororiente de la ciudad. En esta [&hellip;]\" \/>\n<meta property=\"og:url\" content=\"https:\/\/diarioabcdemichoacan.com.mx\/lasnoticias\/jornada-de-limpieza-llega-a-la-colonia-ejidal-isaac-arriaga-con-gran-participacion-ciudadana\/\" \/>\n<meta property=\"og:site_name\" content=\"Diario ABC de Michoac\u00e1n\" \/>\n<meta property=\"article:published_time\" content=\"2025-02-22T20:24:56+00:00\" \/>\n<meta property=\"og:image\" content=\"https:\/\/diarioabcdemichoacan.com.mx\/lasnoticias\/wp-content\/uploads\/2025\/02\/IMG-20250222-WA0050.jpg\" \/>\n\t<meta property=\"og:image:width\" content=\"1280\" \/>\n\t<meta property=\"og:image:height\" content=\"960\" \/>\n\t<meta property=\"og:image:type\" content=\"image\/jpeg\" \/>\n<meta name=\"author\" content=\"MB\" \/>\n<meta name=\"twitter:card\" content=\"summary_large_image\" \/>\n<meta name=\"twitter:label1\" content=\"Escrito por\" \/>\n\t<meta name=\"twitter:data1\" content=\"MB\" \/>\n\t<meta name=\"twitter:label2\" content=\"Tiempo de lectura\" \/>\n\t<meta name=\"twitter:data2\" content=\"2 minutos\" \/>\n<script type=\"application\/ld+json\" class=\"yoast-schema-graph\">{\"@context\":\"https:\/\/schema.org\",\"@graph\":[{\"@type\":\"WebPage\",\"@id\":\"https:\/\/diarioabcdemichoacan.com.mx\/lasnoticias\/jornada-de-limpieza-llega-a-la-colonia-ejidal-isaac-arriaga-con-gran-participacion-ciudadana\/\",\"url\":\"https:\/\/diarioabcdemichoacan.com.mx\/lasnoticias\/jornada-de-limpieza-llega-a-la-colonia-ejidal-isaac-arriaga-con-gran-participacion-ciudadana\/\",\"name\":\"Jornada de limpieza, llega a la colonia Ejidal Isaac Arriaga con gran participaci\u00f3n ciudadana - Diario ABC de Michoac\u00e1n\",\"isPartOf\":{\"@id\":\"https:\/\/diarioabcdemichoacan.com.mx\/lasnoticias\/#website\"},\"primaryImageOfPage\":{\"@id\":\"https:\/\/diarioabcdemichoacan.com.mx\/lasnoticias\/jornada-de-limpieza-llega-a-la-colonia-ejidal-isaac-arriaga-con-gran-participacion-ciudadana\/#primaryimage\"},\"image\":{\"@id\":\"https:\/\/diarioabcdemichoacan.com.mx\/lasnoticias\/jornada-de-limpieza-llega-a-la-colonia-ejidal-isaac-arriaga-con-gran-participacion-ciudadana\/#primaryimage\"},\"thumbnailUrl\":\"https:\/\/diarioabcdemichoacan.com.mx\/lasnoticias\/wp-content\/uploads\/2025\/02\/IMG-20250222-WA0050.jpg\",\"datePublished\":\"2025-02-22T20:24:56+00:00\",\"dateModified\":\"2025-02-22T20:24:56+00:00\",\"author\":{\"@id\":\"https:\/\/diarioabcdemichoacan.com.mx\/lasnoticias\/#\/schema\/person\/0546f9c3407148f7452ca932715c5e88\"},\"breadcrumb\":{\"@id\":\"https:\/\/diarioabcdemichoacan.com.mx\/lasnoticias\/jornada-de-limpieza-llega-a-la-colonia-ejidal-isaac-arriaga-con-gran-participacion-ciudadana\/#breadcrumb\"},\"inLanguage\":\"es\",\"potentialAction\":[{\"@type\":\"ReadAction\",\"target\":[\"https:\/\/diarioabcdemichoacan.com.mx\/lasnoticias\/jornada-de-limpieza-llega-a-la-colonia-ejidal-isaac-arriaga-con-gran-participacion-ciudadana\/\"]}]},{\"@type\":\"ImageObject\",\"inLanguage\":\"es\",\"@id\":\"https:\/\/diarioabcdemichoacan.com.mx\/lasnoticias\/jornada-de-limpieza-llega-a-la-colonia-ejidal-isaac-arriaga-con-gran-participacion-ciudadana\/#primaryimage\",\"url\":\"https:\/\/diarioabcdemichoacan.com.mx\/lasnoticias\/wp-content\/uploads\/2025\/02\/IMG-20250222-WA0050.jpg\",\"contentUrl\":\"https:\/\/diarioabcdemichoacan.com.mx\/lasnoticias\/wp-content\/uploads\/2025\/02\/IMG-20250222-WA0050.jpg\",\"width\":1280,\"height\":960},{\"@type\":\"BreadcrumbList\",\"@id\":\"https:\/\/diarioabcdemichoacan.com.mx\/lasnoticias\/jornada-de-limpieza-llega-a-la-colonia-ejidal-isaac-arriaga-con-gran-participacion-ciudadana\/#breadcrumb\",\"itemListElement\":[{\"@type\":\"ListItem\",\"position\":1,\"name\":\"Portada\",\"item\":\"https:\/\/diarioabcdemichoacan.com.mx\/lasnoticias\/\"},{\"@type\":\"ListItem\",\"position\":2,\"name\":\"Jornada de limpieza, llega a la colonia Ejidal Isaac Arriaga con gran participaci\u00f3n ciudadana\"}]},{\"@type\":\"WebSite\",\"@id\":\"https:\/\/diarioabcdemichoacan.com.mx\/lasnoticias\/#website\",\"url\":\"https:\/\/diarioabcdemichoacan.com.mx\/lasnoticias\/\",\"name\":\"Diario ABC de Michoac\u00e1n\",\"description\":\"Las noticias al momento\",\"potentialAction\":[{\"@type\":\"SearchAction\",\"target\":{\"@type\":\"EntryPoint\",\"urlTemplate\":\"https:\/\/diarioabcdemichoacan.com.mx\/lasnoticias\/?s={search_term_string}\"},\"query-input\":{\"@type\":\"PropertyValueSpecification\",\"valueRequired\":true,\"valueName\":\"search_term_string\"}}],\"inLanguage\":\"es\"},{\"@type\":\"Person\",\"@id\":\"https:\/\/diarioabcdemichoacan.com.mx\/lasnoticias\/#\/schema\/person\/0546f9c3407148f7452ca932715c5e88\",\"name\":\"MB\",\"image\":{\"@type\":\"ImageObject\",\"inLanguage\":\"es\",\"@id\":\"https:\/\/diarioabcdemichoacan.com.mx\/lasnoticias\/#\/schema\/person\/image\/\",\"url\":\"https:\/\/secure.gravatar.com\/avatar\/adcd41fde6b8d0b5d9d0de001d3112b3?s=96&d=mm&r=g\",\"contentUrl\":\"https:\/\/secure.gravatar.com\/avatar\/adcd41fde6b8d0b5d9d0de001d3112b3?s=96&d=mm&r=g\",\"caption\":\"MB\"},\"url\":\"https:\/\/diarioabcdemichoacan.com.mx\/lasnoticias\/author\/bomariano03\/\"}]}<\/script>\n<!-- \/ Yoast SEO plugin. -->","yoast_head_json":{"title":"Jornada de limpieza, llega a la colonia Ejidal Isaac Arriaga con gran participaci\u00f3n ciudadana - Diario ABC de Michoac\u00e1n","robots":{"index":"index","follow":"follow","max-snippet":"max-snippet:-1","max-image-preview":"max-image-preview:large","max-video-preview":"max-video-preview:-1"},"canonical":"https:\/\/diarioabcdemichoacan.com.mx\/lasnoticias\/jornada-de-limpieza-llega-a-la-colonia-ejidal-isaac-arriaga-con-gran-participacion-ciudadana\/","og_locale":"es_ES","og_type":"article","og_title":"Jornada de limpieza, llega a la colonia Ejidal Isaac Arriaga con gran participaci\u00f3n ciudadana - Diario ABC de Michoac\u00e1n","og_description":"Se dio atenci\u00f3n integral a la Secundaria T\u00e9cnica 145, y a la Avenida Fray Sebasti\u00e1n de Aparicio Morelia, Michoac\u00e1n.- Como cada s\u00e1bado, el Ayuntamiento de Morelia que encabeza el Alcalde, Alfonso Mart\u00ednez Alc\u00e1zar, a trav\u00e9s de la Secretar\u00eda de Servicios P\u00fablicos, llev\u00f3 a cabo una jornada de limpieza al Nororiente de la ciudad. En esta [&hellip;]","og_url":"https:\/\/diarioabcdemichoacan.com.mx\/lasnoticias\/jornada-de-limpieza-llega-a-la-colonia-ejidal-isaac-arriaga-con-gran-participacion-ciudadana\/","og_site_name":"Diario ABC de Michoac\u00e1n","article_published_time":"2025-02-22T20:24:56+00:00","og_image":[{"width":1280,"height":960,"url":"https:\/\/diarioabcdemichoacan.com.mx\/lasnoticias\/wp-content\/uploads\/2025\/02\/IMG-20250222-WA0050.jpg","type":"image\/jpeg"}],"author":"MB","twitter_card":"summary_large_image","twitter_misc":{"Escrito por":"MB","Tiempo de lectura":"2 minutos"},"schema":{"@context":"https:\/\/schema.org","@graph":[{"@type":"WebPage","@id":"https:\/\/diarioabcdemichoacan.com.mx\/lasnoticias\/jornada-de-limpieza-llega-a-la-colonia-ejidal-isaac-arriaga-con-gran-participacion-ciudadana\/","url":"https:\/\/diarioabcdemichoacan.com.mx\/lasnoticias\/jornada-de-limpieza-llega-a-la-colonia-ejidal-isaac-arriaga-con-gran-participacion-ciudadana\/","name":"Jornada de limpieza, llega a la colonia Ejidal Isaac Arriaga con gran participaci\u00f3n ciudadana - Diario ABC de Michoac\u00e1n","isPartOf":{"@id":"https:\/\/diarioabcdemichoacan.com.mx\/lasnoticias\/#website"},"primaryImageOfPage":{"@id":"https:\/\/diarioabcdemichoacan.com.mx\/lasnoticias\/jornada-de-limpieza-llega-a-la-colonia-ejidal-isaac-arriaga-con-gran-participacion-ciudadana\/#primaryimage"},"image":{"@id":"https:\/\/diarioabcdemichoacan.com.mx\/lasnoticias\/jornada-de-limpieza-llega-a-la-colonia-ejidal-isaac-arriaga-con-gran-participacion-ciudadana\/#primaryimage"},"thumbnailUrl":"https:\/\/diarioabcdemichoacan.com.mx\/lasnoticias\/wp-content\/uploads\/2025\/02\/IMG-20250222-WA0050.jpg","datePublished":"2025-02-22T20:24:56+00:00","dateModified":"2025-02-22T20:24:56+00:00","author":{"@id":"https:\/\/diarioabcdemichoacan.com.mx\/lasnoticias\/#\/schema\/person\/0546f9c3407148f7452ca932715c5e88"},"breadcrumb":{"@id":"https:\/\/diarioabcdemichoacan.com.mx\/lasnoticias\/jornada-de-limpieza-llega-a-la-colonia-ejidal-isaac-arriaga-con-gran-participacion-ciudadana\/#breadcrumb"},"inLanguage":"es","potentialAction":[{"@type":"ReadAction","target":["https:\/\/diarioabcdemichoacan.com.mx\/lasnoticias\/jornada-de-limpieza-llega-a-la-colonia-ejidal-isaac-arriaga-con-gran-participacion-ciudadana\/"]}]},{"@type":"ImageObject","inLanguage":"es","@id":"https:\/\/diarioabcdemichoacan.com.mx\/lasnoticias\/jornada-de-limpieza-llega-a-la-colonia-ejidal-isaac-arriaga-con-gran-participacion-ciudadana\/#primaryimage","url":"https:\/\/diarioabcdemichoacan.com.mx\/lasnoticias\/wp-content\/uploads\/2025\/02\/IMG-20250222-WA0050.jpg","contentUrl":"https:\/\/diarioabcdemichoacan.com.mx\/lasnoticias\/wp-content\/uploads\/2025\/02\/IMG-20250222-WA0050.jpg","width":1280,"height":960},{"@type":"BreadcrumbList","@id":"https:\/\/diarioabcdemichoacan.com.mx\/lasnoticias\/jornada-de-limpieza-llega-a-la-colonia-ejidal-isaac-arriaga-con-gran-participacion-ciudadana\/#breadcrumb","itemListElement":[{"@type":"ListItem","position":1,"name":"Portada","item":"https:\/\/diarioabcdemichoacan.com.mx\/lasnoticias\/"},{"@type":"ListItem","position":2,"name":"Jornada de limpieza, llega a la colonia Ejidal Isaac Arriaga con gran participaci\u00f3n ciudadana"}]},{"@type":"WebSite","@id":"https:\/\/diarioabcdemichoacan.com.mx\/lasnoticias\/#website","url":"https:\/\/diarioabcdemichoacan.com.mx\/lasnoticias\/","name":"Diario ABC de Michoac\u00e1n","description":"Las noticias al momento","potentialAction":[{"@type":"SearchAction","target":{"@type":"EntryPoint","urlTemplate":"https:\/\/diarioabcdemichoacan.com.mx\/lasnoticias\/?s={search_term_string}"},"query-input":{"@type":"PropertyValueSpecification","valueRequired":true,"valueName":"search_term_string"}}],"inLanguage":"es"},{"@type":"Person","@id":"https:\/\/diarioabcdemichoacan.com.mx\/lasnoticias\/#\/schema\/person\/0546f9c3407148f7452ca932715c5e88","name":"MB","image":{"@type":"ImageObject","inLanguage":"es","@id":"https:\/\/diarioabcdemichoacan.com.mx\/lasnoticias\/#\/schema\/person\/image\/","url":"https:\/\/secure.gravatar.com\/avatar\/adcd41fde6b8d0b5d9d0de001d3112b3?s=96&d=mm&r=g","contentUrl":"https:\/\/secure.gravatar.com\/avatar\/adcd41fde6b8d0b5d9d0de001d3112b3?s=96&d=mm&r=g","caption":"MB"},"url":"https:\/\/diarioabcdemichoacan.com.mx\/lasnoticias\/author\/bomariano03\/"}]}},"_links":{"self":[{"href":"https:\/\/diarioabcdemichoacan.com.mx\/lasnoticias\/wp-json\/wp\/v2\/posts\/47804","targetHints":{"allow":["GET"]}}],"collection":[{"href":"https:\/\/diarioabcdemichoacan.com.mx\/lasnoticias\/wp-json\/wp\/v2\/posts"}],"about":[{"href":"https:\/\/diarioabcdemichoacan.com.mx\/lasnoticias\/wp-json\/wp\/v2\/types\/post"}],"author":[{"embeddable":true,"href":"https:\/\/diarioabcdemichoacan.com.mx\/lasnoticias\/wp-json\/wp\/v2\/users\/6"}],"replies":[{"embeddable":true,"href":"https:\/\/diarioabcdemichoacan.com.mx\/lasnoticias\/wp-json\/wp\/v2\/comments?post=47804"}],"version-history":[{"count":1,"href":"https:\/\/diarioabcdemichoacan.com.mx\/lasnoticias\/wp-json\/wp\/v2\/posts\/47804\/revisions"}],"predecessor-version":[{"id":47805,"href":"https:\/\/diarioabcdemichoacan.com.mx\/lasnoticias\/wp-json\/wp\/v2\/posts\/47804\/revisions\/47805"}],"wp:featuredmedia":[{"embeddable":true,"href":"https:\/\/diarioabcdemichoacan.com.mx\/lasnoticias\/wp-json\/wp\/v2\/media\/47806"}],"wp:attachment":[{"href":"https:\/\/diarioabcdemichoacan.com.mx\/lasnoticias\/wp-json\/wp\/v2\/media?parent=47804"}],"wp:term":[{"taxonomy":"category","embeddable":true,"href":"https:\/\/diarioabcdemichoacan.com.mx\/lasnoticias\/wp-json\/wp\/v2\/categories?post=47804"},{"taxonomy":"post_tag","embeddable":true,"href":"https:\/\/diarioabcdemichoacan.com.mx\/lasnoticias\/wp-json\/wp\/v2\/tags?post=47804"}],"curies":[{"name":"wp","href":"https:\/\/api.w.org\/{rel}","templated":true}]}}