{"id":49573,"date":"2025-03-05T10:06:58","date_gmt":"2025-03-05T16:06:58","guid":{"rendered":"https:\/\/diarioabcdemichoacan.com.mx\/lasnoticias\/?p=49573"},"modified":"2025-03-05T10:06:58","modified_gmt":"2025-03-05T16:06:58","slug":"fallece-el-nino-que-resulto-malherido-tras-el-choque-entre-2-autos-al-poniente-de-morelia","status":"publish","type":"post","link":"https:\/\/diarioabcdemichoacan.com.mx\/lasnoticias\/fallece-el-nino-que-resulto-malherido-tras-el-choque-entre-2-autos-al-poniente-de-morelia\/","title":{"rendered":"Fallece el ni\u00f1o que result\u00f3 malherido tras el choque entre 2 autos al poniente de Morelia"},"content":{"rendered":"<h2>El menor viajaba con su padre en una de las unidades involucradas.<\/h2>\n<ul>\n<li>El hecho de tr\u00e1nsito tuvo lugar sobre avenida Madero, a la altura de la colonia La Quemada.<\/li>\n<\/ul>\n<p>&nbsp;<\/p>\n<h6>Por Juan Manuel \u00c1lvarez<\/h6>\n<hr \/>\n<p>Morelia, Mich.- El ni\u00f1o que sufri\u00f3 heridas de gravedad tras un choque entre dos autom\u00f3viles, esto durante la ma\u00f1ana de ayer martes sobre la avenida Madero Poniente de Morelia, lamentablemente falleci\u00f3 horas despu\u00e9s en un hospital, informaron autoridades policiales.<\/p>\n<p>El menor respond\u00eda al nombre de Iker Gabriel, de 9 a\u00f1os de edad. De acuerdo con las fuentes, el susodicho viajaba a bordo de un Chevrolet Spark, color azul, con placa PPS517C, el cual era conducido por su padre, quien en determinado momento dio una vuelta en \u00abU\u00bb y su unidad fue impactada por un Chevrolet Aveo, color guinda con matr\u00edcula PJL464C.<\/p>\n<p><img loading=\"lazy\" decoding=\"async\" class=\"alignnone size-medium wp-image-49382\" src=\"https:\/\/diarioabcdemichoacan.com.mx\/lasnoticias\/wp-content\/uploads\/2025\/03\/Imagen-de-WhatsApp-2025-03-04-a-las-10.46.02_372ca036-375x500.jpg\" alt=\"\" width=\"375\" height=\"500\" srcset=\"https:\/\/diarioabcdemichoacan.com.mx\/lasnoticias\/wp-content\/uploads\/2025\/03\/Imagen-de-WhatsApp-2025-03-04-a-las-10.46.02_372ca036-375x500.jpg 375w, https:\/\/diarioabcdemichoacan.com.mx\/lasnoticias\/wp-content\/uploads\/2025\/03\/Imagen-de-WhatsApp-2025-03-04-a-las-10.46.02_372ca036-768x1024.jpg 768w, https:\/\/diarioabcdemichoacan.com.mx\/lasnoticias\/wp-content\/uploads\/2025\/03\/Imagen-de-WhatsApp-2025-03-04-a-las-10.46.02_372ca036-1152x1536.jpg 1152w, https:\/\/diarioabcdemichoacan.com.mx\/lasnoticias\/wp-content\/uploads\/2025\/03\/Imagen-de-WhatsApp-2025-03-04-a-las-10.46.02_372ca036-315x420.jpg 315w, https:\/\/diarioabcdemichoacan.com.mx\/lasnoticias\/wp-content\/uploads\/2025\/03\/Imagen-de-WhatsApp-2025-03-04-a-las-10.46.02_372ca036-150x200.jpg 150w, https:\/\/diarioabcdemichoacan.com.mx\/lasnoticias\/wp-content\/uploads\/2025\/03\/Imagen-de-WhatsApp-2025-03-04-a-las-10.46.02_372ca036-300x400.jpg 300w, https:\/\/diarioabcdemichoacan.com.mx\/lasnoticias\/wp-content\/uploads\/2025\/03\/Imagen-de-WhatsApp-2025-03-04-a-las-10.46.02_372ca036-696x928.jpg 696w, https:\/\/diarioabcdemichoacan.com.mx\/lasnoticias\/wp-content\/uploads\/2025\/03\/Imagen-de-WhatsApp-2025-03-04-a-las-10.46.02_372ca036-1068x1424.jpg 1068w, https:\/\/diarioabcdemichoacan.com.mx\/lasnoticias\/wp-content\/uploads\/2025\/03\/Imagen-de-WhatsApp-2025-03-04-a-las-10.46.02_372ca036.jpg 1200w\" sizes=\"auto, (max-width: 375px) 100vw, 375px\" \/><\/p>\n<p>La tragedia tuvo lugar a la altura de la colonia La Quemada y frente al asentamiento Manantiales, en las inmediaciones del Distribuidor Vial Salida a Quiroga.<\/p>\n<p>En el sitio se presentaron unos patrulleros y param\u00e9dicos, \u00e9stos \u00faltimos otorgaron los primeros auxilios a Iker y lo canalizaron de urgencia a un nosocomio, donde posteriormente feneci\u00f3 a consecuencia de los da\u00f1os que padeci\u00f3.<\/p>\n<p><img loading=\"lazy\" decoding=\"async\" class=\"alignnone size-medium wp-image-49375\" src=\"https:\/\/diarioabcdemichoacan.com.mx\/lasnoticias\/wp-content\/uploads\/2025\/03\/Imagen-de-WhatsApp-2025-03-04-a-las-10.46.06_748ca788-500x375.jpg\" alt=\"\" width=\"500\" height=\"375\" srcset=\"https:\/\/diarioabcdemichoacan.com.mx\/lasnoticias\/wp-content\/uploads\/2025\/03\/Imagen-de-WhatsApp-2025-03-04-a-las-10.46.06_748ca788-500x375.jpg 500w, https:\/\/diarioabcdemichoacan.com.mx\/lasnoticias\/wp-content\/uploads\/2025\/03\/Imagen-de-WhatsApp-2025-03-04-a-las-10.46.06_748ca788-1024x768.jpg 1024w, https:\/\/diarioabcdemichoacan.com.mx\/lasnoticias\/wp-content\/uploads\/2025\/03\/Imagen-de-WhatsApp-2025-03-04-a-las-10.46.06_748ca788-768x576.jpg 768w, https:\/\/diarioabcdemichoacan.com.mx\/lasnoticias\/wp-content\/uploads\/2025\/03\/Imagen-de-WhatsApp-2025-03-04-a-las-10.46.06_748ca788-1536x1152.jpg 1536w, https:\/\/diarioabcdemichoacan.com.mx\/lasnoticias\/wp-content\/uploads\/2025\/03\/Imagen-de-WhatsApp-2025-03-04-a-las-10.46.06_748ca788-560x420.jpg 560w, https:\/\/diarioabcdemichoacan.com.mx\/lasnoticias\/wp-content\/uploads\/2025\/03\/Imagen-de-WhatsApp-2025-03-04-a-las-10.46.06_748ca788-80x60.jpg 80w, https:\/\/diarioabcdemichoacan.com.mx\/lasnoticias\/wp-content\/uploads\/2025\/03\/Imagen-de-WhatsApp-2025-03-04-a-las-10.46.06_748ca788-150x113.jpg 150w, https:\/\/diarioabcdemichoacan.com.mx\/lasnoticias\/wp-content\/uploads\/2025\/03\/Imagen-de-WhatsApp-2025-03-04-a-las-10.46.06_748ca788-300x225.jpg 300w, https:\/\/diarioabcdemichoacan.com.mx\/lasnoticias\/wp-content\/uploads\/2025\/03\/Imagen-de-WhatsApp-2025-03-04-a-las-10.46.06_748ca788-696x522.jpg 696w, https:\/\/diarioabcdemichoacan.com.mx\/lasnoticias\/wp-content\/uploads\/2025\/03\/Imagen-de-WhatsApp-2025-03-04-a-las-10.46.06_748ca788-1068x801.jpg 1068w, https:\/\/diarioabcdemichoacan.com.mx\/lasnoticias\/wp-content\/uploads\/2025\/03\/Imagen-de-WhatsApp-2025-03-04-a-las-10.46.06_748ca788.jpg 1600w\" sizes=\"auto, (max-width: 500px) 100vw, 500px\" \/><\/p>\n<p>Elementos de la Fiscal\u00eda General del Estado (FGE) se encargaron de las investigaciones correspondientes y trasladaron el cad\u00e1ver a la morgue para la pr\u00e1ctica de la necropsia de rigor.<\/p>\n","protected":false},"excerpt":{"rendered":"<p>El menor viajaba con su padre en una de las unidades involucradas. El hecho de tr\u00e1nsito tuvo lugar sobre avenida Madero, a la altura de la colonia La Quemada. &nbsp; Por Juan Manuel \u00c1lvarez Morelia, Mich.- El ni\u00f1o que sufri\u00f3 heridas de gravedad tras un choque entre dos autom\u00f3viles, esto durante la ma\u00f1ana de ayer [&hellip;]<\/p>\n","protected":false},"author":9,"featured_media":49381,"comment_status":"closed","ping_status":"closed","sticky":false,"template":"","format":"standard","meta":{"footnotes":""},"categories":[7,26,27],"tags":[],"class_list":{"0":"post-49573","1":"post","2":"type-post","3":"status-publish","4":"format-standard","5":"has-post-thumbnail","7":"category-morelia","8":"category-nota-roja","9":"category-slider"},"yoast_head":"<!-- This site is optimized with the Yoast SEO plugin v24.0 - https:\/\/yoast.com\/wordpress\/plugins\/seo\/ -->\n<title>Fallece el ni\u00f1o que result\u00f3 malherido tras el choque entre 2 autos al poniente de Morelia - Diario ABC de Michoac\u00e1n<\/title>\n<meta name=\"robots\" content=\"index, follow, max-snippet:-1, max-image-preview:large, max-video-preview:-1\" \/>\n<link rel=\"canonical\" href=\"https:\/\/diarioabcdemichoacan.com.mx\/lasnoticias\/fallece-el-nino-que-resulto-malherido-tras-el-choque-entre-2-autos-al-poniente-de-morelia\/\" \/>\n<meta property=\"og:locale\" content=\"es_ES\" \/>\n<meta property=\"og:type\" content=\"article\" \/>\n<meta property=\"og:title\" content=\"Fallece el ni\u00f1o que result\u00f3 malherido tras el choque entre 2 autos al poniente de Morelia - Diario ABC de Michoac\u00e1n\" \/>\n<meta property=\"og:description\" content=\"El menor viajaba con su padre en una de las unidades involucradas. El hecho de tr\u00e1nsito tuvo lugar sobre avenida Madero, a la altura de la colonia La Quemada. &nbsp; Por Juan Manuel \u00c1lvarez Morelia, Mich.- El ni\u00f1o que sufri\u00f3 heridas de gravedad tras un choque entre dos autom\u00f3viles, esto durante la ma\u00f1ana de ayer [&hellip;]\" \/>\n<meta property=\"og:url\" content=\"https:\/\/diarioabcdemichoacan.com.mx\/lasnoticias\/fallece-el-nino-que-resulto-malherido-tras-el-choque-entre-2-autos-al-poniente-de-morelia\/\" \/>\n<meta property=\"og:site_name\" content=\"Diario ABC de Michoac\u00e1n\" \/>\n<meta property=\"article:published_time\" content=\"2025-03-05T16:06:58+00:00\" \/>\n<meta property=\"og:image\" content=\"https:\/\/diarioabcdemichoacan.com.mx\/lasnoticias\/wp-content\/uploads\/2025\/03\/Imagen-de-WhatsApp-2025-03-04-a-las-10.46.03_672b3cc2.jpg\" \/>\n\t<meta property=\"og:image:width\" content=\"1600\" \/>\n\t<meta property=\"og:image:height\" content=\"1200\" \/>\n\t<meta property=\"og:image:type\" content=\"image\/jpeg\" \/>\n<meta name=\"author\" content=\"AR\" \/>\n<meta name=\"twitter:card\" content=\"summary_large_image\" \/>\n<meta name=\"twitter:label1\" content=\"Escrito por\" \/>\n\t<meta name=\"twitter:data1\" content=\"AR\" \/>\n\t<meta name=\"twitter:label2\" content=\"Tiempo de lectura\" \/>\n\t<meta name=\"twitter:data2\" content=\"2 minutos\" \/>\n<script type=\"application\/ld+json\" class=\"yoast-schema-graph\">{\"@context\":\"https:\/\/schema.org\",\"@graph\":[{\"@type\":\"WebPage\",\"@id\":\"https:\/\/diarioabcdemichoacan.com.mx\/lasnoticias\/fallece-el-nino-que-resulto-malherido-tras-el-choque-entre-2-autos-al-poniente-de-morelia\/\",\"url\":\"https:\/\/diarioabcdemichoacan.com.mx\/lasnoticias\/fallece-el-nino-que-resulto-malherido-tras-el-choque-entre-2-autos-al-poniente-de-morelia\/\",\"name\":\"Fallece el ni\u00f1o que result\u00f3 malherido tras el choque entre 2 autos al poniente de Morelia - Diario ABC de Michoac\u00e1n\",\"isPartOf\":{\"@id\":\"https:\/\/diarioabcdemichoacan.com.mx\/lasnoticias\/#website\"},\"primaryImageOfPage\":{\"@id\":\"https:\/\/diarioabcdemichoacan.com.mx\/lasnoticias\/fallece-el-nino-que-resulto-malherido-tras-el-choque-entre-2-autos-al-poniente-de-morelia\/#primaryimage\"},\"image\":{\"@id\":\"https:\/\/diarioabcdemichoacan.com.mx\/lasnoticias\/fallece-el-nino-que-resulto-malherido-tras-el-choque-entre-2-autos-al-poniente-de-morelia\/#primaryimage\"},\"thumbnailUrl\":\"https:\/\/diarioabcdemichoacan.com.mx\/lasnoticias\/wp-content\/uploads\/2025\/03\/Imagen-de-WhatsApp-2025-03-04-a-las-10.46.03_672b3cc2.jpg\",\"datePublished\":\"2025-03-05T16:06:58+00:00\",\"dateModified\":\"2025-03-05T16:06:58+00:00\",\"author\":{\"@id\":\"https:\/\/diarioabcdemichoacan.com.mx\/lasnoticias\/#\/schema\/person\/19ae376040f6cbc489682ebdd8524852\"},\"breadcrumb\":{\"@id\":\"https:\/\/diarioabcdemichoacan.com.mx\/lasnoticias\/fallece-el-nino-que-resulto-malherido-tras-el-choque-entre-2-autos-al-poniente-de-morelia\/#breadcrumb\"},\"inLanguage\":\"es\",\"potentialAction\":[{\"@type\":\"ReadAction\",\"target\":[\"https:\/\/diarioabcdemichoacan.com.mx\/lasnoticias\/fallece-el-nino-que-resulto-malherido-tras-el-choque-entre-2-autos-al-poniente-de-morelia\/\"]}]},{\"@type\":\"ImageObject\",\"inLanguage\":\"es\",\"@id\":\"https:\/\/diarioabcdemichoacan.com.mx\/lasnoticias\/fallece-el-nino-que-resulto-malherido-tras-el-choque-entre-2-autos-al-poniente-de-morelia\/#primaryimage\",\"url\":\"https:\/\/diarioabcdemichoacan.com.mx\/lasnoticias\/wp-content\/uploads\/2025\/03\/Imagen-de-WhatsApp-2025-03-04-a-las-10.46.03_672b3cc2.jpg\",\"contentUrl\":\"https:\/\/diarioabcdemichoacan.com.mx\/lasnoticias\/wp-content\/uploads\/2025\/03\/Imagen-de-WhatsApp-2025-03-04-a-las-10.46.03_672b3cc2.jpg\",\"width\":1600,\"height\":1200},{\"@type\":\"BreadcrumbList\",\"@id\":\"https:\/\/diarioabcdemichoacan.com.mx\/lasnoticias\/fallece-el-nino-que-resulto-malherido-tras-el-choque-entre-2-autos-al-poniente-de-morelia\/#breadcrumb\",\"itemListElement\":[{\"@type\":\"ListItem\",\"position\":1,\"name\":\"Portada\",\"item\":\"https:\/\/diarioabcdemichoacan.com.mx\/lasnoticias\/\"},{\"@type\":\"ListItem\",\"position\":2,\"name\":\"Fallece el ni\u00f1o que result\u00f3 malherido tras el choque entre 2 autos al poniente de Morelia\"}]},{\"@type\":\"WebSite\",\"@id\":\"https:\/\/diarioabcdemichoacan.com.mx\/lasnoticias\/#website\",\"url\":\"https:\/\/diarioabcdemichoacan.com.mx\/lasnoticias\/\",\"name\":\"Diario ABC de Michoac\u00e1n\",\"description\":\"Las noticias al momento\",\"potentialAction\":[{\"@type\":\"SearchAction\",\"target\":{\"@type\":\"EntryPoint\",\"urlTemplate\":\"https:\/\/diarioabcdemichoacan.com.mx\/lasnoticias\/?s={search_term_string}\"},\"query-input\":{\"@type\":\"PropertyValueSpecification\",\"valueRequired\":true,\"valueName\":\"search_term_string\"}}],\"inLanguage\":\"es\"},{\"@type\":\"Person\",\"@id\":\"https:\/\/diarioabcdemichoacan.com.mx\/lasnoticias\/#\/schema\/person\/19ae376040f6cbc489682ebdd8524852\",\"name\":\"AR\",\"image\":{\"@type\":\"ImageObject\",\"inLanguage\":\"es\",\"@id\":\"https:\/\/diarioabcdemichoacan.com.mx\/lasnoticias\/#\/schema\/person\/image\/\",\"url\":\"https:\/\/secure.gravatar.com\/avatar\/44eca2ff970262234e20e1e082872af0?s=96&d=mm&r=g\",\"contentUrl\":\"https:\/\/secure.gravatar.com\/avatar\/44eca2ff970262234e20e1e082872af0?s=96&d=mm&r=g\",\"caption\":\"AR\"},\"url\":\"https:\/\/diarioabcdemichoacan.com.mx\/lasnoticias\/author\/adrian\/\"}]}<\/script>\n<!-- \/ Yoast SEO plugin. -->","yoast_head_json":{"title":"Fallece el ni\u00f1o que result\u00f3 malherido tras el choque entre 2 autos al poniente de Morelia - Diario ABC de Michoac\u00e1n","robots":{"index":"index","follow":"follow","max-snippet":"max-snippet:-1","max-image-preview":"max-image-preview:large","max-video-preview":"max-video-preview:-1"},"canonical":"https:\/\/diarioabcdemichoacan.com.mx\/lasnoticias\/fallece-el-nino-que-resulto-malherido-tras-el-choque-entre-2-autos-al-poniente-de-morelia\/","og_locale":"es_ES","og_type":"article","og_title":"Fallece el ni\u00f1o que result\u00f3 malherido tras el choque entre 2 autos al poniente de Morelia - Diario ABC de Michoac\u00e1n","og_description":"El menor viajaba con su padre en una de las unidades involucradas. El hecho de tr\u00e1nsito tuvo lugar sobre avenida Madero, a la altura de la colonia La Quemada. &nbsp; Por Juan Manuel \u00c1lvarez Morelia, Mich.- El ni\u00f1o que sufri\u00f3 heridas de gravedad tras un choque entre dos autom\u00f3viles, esto durante la ma\u00f1ana de ayer [&hellip;]","og_url":"https:\/\/diarioabcdemichoacan.com.mx\/lasnoticias\/fallece-el-nino-que-resulto-malherido-tras-el-choque-entre-2-autos-al-poniente-de-morelia\/","og_site_name":"Diario ABC de Michoac\u00e1n","article_published_time":"2025-03-05T16:06:58+00:00","og_image":[{"width":1600,"height":1200,"url":"https:\/\/diarioabcdemichoacan.com.mx\/lasnoticias\/wp-content\/uploads\/2025\/03\/Imagen-de-WhatsApp-2025-03-04-a-las-10.46.03_672b3cc2.jpg","type":"image\/jpeg"}],"author":"AR","twitter_card":"summary_large_image","twitter_misc":{"Escrito por":"AR","Tiempo de lectura":"2 minutos"},"schema":{"@context":"https:\/\/schema.org","@graph":[{"@type":"WebPage","@id":"https:\/\/diarioabcdemichoacan.com.mx\/lasnoticias\/fallece-el-nino-que-resulto-malherido-tras-el-choque-entre-2-autos-al-poniente-de-morelia\/","url":"https:\/\/diarioabcdemichoacan.com.mx\/lasnoticias\/fallece-el-nino-que-resulto-malherido-tras-el-choque-entre-2-autos-al-poniente-de-morelia\/","name":"Fallece el ni\u00f1o que result\u00f3 malherido tras el choque entre 2 autos al poniente de Morelia - Diario ABC de Michoac\u00e1n","isPartOf":{"@id":"https:\/\/diarioabcdemichoacan.com.mx\/lasnoticias\/#website"},"primaryImageOfPage":{"@id":"https:\/\/diarioabcdemichoacan.com.mx\/lasnoticias\/fallece-el-nino-que-resulto-malherido-tras-el-choque-entre-2-autos-al-poniente-de-morelia\/#primaryimage"},"image":{"@id":"https:\/\/diarioabcdemichoacan.com.mx\/lasnoticias\/fallece-el-nino-que-resulto-malherido-tras-el-choque-entre-2-autos-al-poniente-de-morelia\/#primaryimage"},"thumbnailUrl":"https:\/\/diarioabcdemichoacan.com.mx\/lasnoticias\/wp-content\/uploads\/2025\/03\/Imagen-de-WhatsApp-2025-03-04-a-las-10.46.03_672b3cc2.jpg","datePublished":"2025-03-05T16:06:58+00:00","dateModified":"2025-03-05T16:06:58+00:00","author":{"@id":"https:\/\/diarioabcdemichoacan.com.mx\/lasnoticias\/#\/schema\/person\/19ae376040f6cbc489682ebdd8524852"},"breadcrumb":{"@id":"https:\/\/diarioabcdemichoacan.com.mx\/lasnoticias\/fallece-el-nino-que-resulto-malherido-tras-el-choque-entre-2-autos-al-poniente-de-morelia\/#breadcrumb"},"inLanguage":"es","potentialAction":[{"@type":"ReadAction","target":["https:\/\/diarioabcdemichoacan.com.mx\/lasnoticias\/fallece-el-nino-que-resulto-malherido-tras-el-choque-entre-2-autos-al-poniente-de-morelia\/"]}]},{"@type":"ImageObject","inLanguage":"es","@id":"https:\/\/diarioabcdemichoacan.com.mx\/lasnoticias\/fallece-el-nino-que-resulto-malherido-tras-el-choque-entre-2-autos-al-poniente-de-morelia\/#primaryimage","url":"https:\/\/diarioabcdemichoacan.com.mx\/lasnoticias\/wp-content\/uploads\/2025\/03\/Imagen-de-WhatsApp-2025-03-04-a-las-10.46.03_672b3cc2.jpg","contentUrl":"https:\/\/diarioabcdemichoacan.com.mx\/lasnoticias\/wp-content\/uploads\/2025\/03\/Imagen-de-WhatsApp-2025-03-04-a-las-10.46.03_672b3cc2.jpg","width":1600,"height":1200},{"@type":"BreadcrumbList","@id":"https:\/\/diarioabcdemichoacan.com.mx\/lasnoticias\/fallece-el-nino-que-resulto-malherido-tras-el-choque-entre-2-autos-al-poniente-de-morelia\/#breadcrumb","itemListElement":[{"@type":"ListItem","position":1,"name":"Portada","item":"https:\/\/diarioabcdemichoacan.com.mx\/lasnoticias\/"},{"@type":"ListItem","position":2,"name":"Fallece el ni\u00f1o que result\u00f3 malherido tras el choque entre 2 autos al poniente de Morelia"}]},{"@type":"WebSite","@id":"https:\/\/diarioabcdemichoacan.com.mx\/lasnoticias\/#website","url":"https:\/\/diarioabcdemichoacan.com.mx\/lasnoticias\/","name":"Diario ABC de Michoac\u00e1n","description":"Las noticias al momento","potentialAction":[{"@type":"SearchAction","target":{"@type":"EntryPoint","urlTemplate":"https:\/\/diarioabcdemichoacan.com.mx\/lasnoticias\/?s={search_term_string}"},"query-input":{"@type":"PropertyValueSpecification","valueRequired":true,"valueName":"search_term_string"}}],"inLanguage":"es"},{"@type":"Person","@id":"https:\/\/diarioabcdemichoacan.com.mx\/lasnoticias\/#\/schema\/person\/19ae376040f6cbc489682ebdd8524852","name":"AR","image":{"@type":"ImageObject","inLanguage":"es","@id":"https:\/\/diarioabcdemichoacan.com.mx\/lasnoticias\/#\/schema\/person\/image\/","url":"https:\/\/secure.gravatar.com\/avatar\/44eca2ff970262234e20e1e082872af0?s=96&d=mm&r=g","contentUrl":"https:\/\/secure.gravatar.com\/avatar\/44eca2ff970262234e20e1e082872af0?s=96&d=mm&r=g","caption":"AR"},"url":"https:\/\/diarioabcdemichoacan.com.mx\/lasnoticias\/author\/adrian\/"}]}},"_links":{"self":[{"href":"https:\/\/diarioabcdemichoacan.com.mx\/lasnoticias\/wp-json\/wp\/v2\/posts\/49573","targetHints":{"allow":["GET"]}}],"collection":[{"href":"https:\/\/diarioabcdemichoacan.com.mx\/lasnoticias\/wp-json\/wp\/v2\/posts"}],"about":[{"href":"https:\/\/diarioabcdemichoacan.com.mx\/lasnoticias\/wp-json\/wp\/v2\/types\/post"}],"author":[{"embeddable":true,"href":"https:\/\/diarioabcdemichoacan.com.mx\/lasnoticias\/wp-json\/wp\/v2\/users\/9"}],"replies":[{"embeddable":true,"href":"https:\/\/diarioabcdemichoacan.com.mx\/lasnoticias\/wp-json\/wp\/v2\/comments?post=49573"}],"version-history":[{"count":1,"href":"https:\/\/diarioabcdemichoacan.com.mx\/lasnoticias\/wp-json\/wp\/v2\/posts\/49573\/revisions"}],"predecessor-version":[{"id":49574,"href":"https:\/\/diarioabcdemichoacan.com.mx\/lasnoticias\/wp-json\/wp\/v2\/posts\/49573\/revisions\/49574"}],"wp:featuredmedia":[{"embeddable":true,"href":"https:\/\/diarioabcdemichoacan.com.mx\/lasnoticias\/wp-json\/wp\/v2\/media\/49381"}],"wp:attachment":[{"href":"https:\/\/diarioabcdemichoacan.com.mx\/lasnoticias\/wp-json\/wp\/v2\/media?parent=49573"}],"wp:term":[{"taxonomy":"category","embeddable":true,"href":"https:\/\/diarioabcdemichoacan.com.mx\/lasnoticias\/wp-json\/wp\/v2\/categories?post=49573"},{"taxonomy":"post_tag","embeddable":true,"href":"https:\/\/diarioabcdemichoacan.com.mx\/lasnoticias\/wp-json\/wp\/v2\/tags?post=49573"}],"curies":[{"name":"wp","href":"https:\/\/api.w.org\/{rel}","templated":true}]}}