{"id":49581,"date":"2025-03-05T12:21:14","date_gmt":"2025-03-05T18:21:14","guid":{"rendered":"https:\/\/diarioabcdemichoacan.com.mx\/lasnoticias\/?p=49581"},"modified":"2025-03-05T12:21:14","modified_gmt":"2025-03-05T18:21:14","slug":"la-educacion-y-mejorar-la-infraestructura-educativa-es-prioridad-para-el-gobierno-de-fanny-arreola","status":"publish","type":"post","link":"https:\/\/diarioabcdemichoacan.com.mx\/lasnoticias\/la-educacion-y-mejorar-la-infraestructura-educativa-es-prioridad-para-el-gobierno-de-fanny-arreola\/","title":{"rendered":"La educaci\u00f3n y mejorar la infraestructura educativa es prioridad para el gobierno de Fanny Arreola."},"content":{"rendered":"<h2>Inauguran construcci\u00f3n de aula y barda perimetral en la Federal 1<\/h2>\n<p>&nbsp;<\/p>\n<hr \/>\n<p>Apatzing\u00e1n, Mich.- Como parte del compromiso que tiene la administraci\u00f3n municipal con el sector educativo, la presidente municipal, Fanny Arreola Pichardo, inaugur\u00f3 un aula y barda perimetral con rampas de acceso para alumnos con discapacidad en la escuela Secundar\u00eda Federal n\u00famero 1, en dichas obras se invirtieron m\u00e1s de 900 mil pesos para el beneficio de 900 estudiantes.<\/p>\n<p>Durante el evento la presidenta, Fanny Arreola estuvo acompa\u00f1ada por el secretario de Obras P\u00fablicas, Rogelio Reyes Peralta, as\u00ed como autoridades educativas y alumnado, quienes reconocieron el inter\u00e9s de la alcaldesa para invertir en mejorar la infraestructura educativa.<\/p>\n<p>En su mensaje, la presidenta, Fanny Arreola, indic\u00f3 que la educaci\u00f3n es y ser\u00e1 una de las prioridades de la administraci\u00f3n p\u00fablica, pues los ni\u00f1os y j\u00f3venes merecen obras de calidad en sus escuelas, con la finalidad de mejorar las condiciones de aprendizaje.<\/p>\n<p>Por su parte, el secretario de Obras P\u00fablicas, Desarrollo Urbano y Servicios Municipales, Rogelio Reyes, apunt\u00f3 que la construcci\u00f3n de la barda perimetral en la escuela Federal n\u00famero 1 tuvo una inversi\u00f3n de 175 mil pesos y para la construcci\u00f3n de un aula en la misma escuela se destinaron 575 mil pesos, recursos provenientes del Fondo de Aportaciones para la Infraestructura Social (FAIS).<\/p>\n","protected":false},"excerpt":{"rendered":"<p>Inauguran construcci\u00f3n de aula y barda perimetral en la Federal 1 &nbsp; Apatzing\u00e1n, Mich.- Como parte del compromiso que tiene la administraci\u00f3n municipal con el sector educativo, la presidente municipal, Fanny Arreola Pichardo, inaugur\u00f3 un aula y barda perimetral con rampas de acceso para alumnos con discapacidad en la escuela Secundar\u00eda Federal n\u00famero 1, en [&hellip;]<\/p>\n","protected":false},"author":9,"featured_media":49585,"comment_status":"closed","ping_status":"closed","sticky":false,"template":"","format":"standard","meta":{"footnotes":""},"categories":[6,15,28,27],"tags":[],"class_list":{"0":"post-49581","1":"post","2":"type-post","3":"status-publish","4":"format-standard","5":"has-post-thumbnail","7":"category-apatzingan","8":"category-educacion","9":"category-politica","10":"category-slider"},"yoast_head":"<!-- This site is optimized with the Yoast SEO plugin v24.0 - https:\/\/yoast.com\/wordpress\/plugins\/seo\/ -->\n<title>La educaci\u00f3n y mejorar la infraestructura educativa es prioridad para el gobierno de Fanny Arreola. - Diario ABC de Michoac\u00e1n<\/title>\n<meta name=\"robots\" content=\"index, follow, max-snippet:-1, max-image-preview:large, max-video-preview:-1\" \/>\n<link rel=\"canonical\" href=\"https:\/\/diarioabcdemichoacan.com.mx\/lasnoticias\/la-educacion-y-mejorar-la-infraestructura-educativa-es-prioridad-para-el-gobierno-de-fanny-arreola\/\" \/>\n<meta property=\"og:locale\" content=\"es_ES\" \/>\n<meta property=\"og:type\" content=\"article\" \/>\n<meta property=\"og:title\" content=\"La educaci\u00f3n y mejorar la infraestructura educativa es prioridad para el gobierno de Fanny Arreola. - Diario ABC de Michoac\u00e1n\" \/>\n<meta property=\"og:description\" content=\"Inauguran construcci\u00f3n de aula y barda perimetral en la Federal 1 &nbsp; Apatzing\u00e1n, Mich.- Como parte del compromiso que tiene la administraci\u00f3n municipal con el sector educativo, la presidente municipal, Fanny Arreola Pichardo, inaugur\u00f3 un aula y barda perimetral con rampas de acceso para alumnos con discapacidad en la escuela Secundar\u00eda Federal n\u00famero 1, en [&hellip;]\" \/>\n<meta property=\"og:url\" content=\"https:\/\/diarioabcdemichoacan.com.mx\/lasnoticias\/la-educacion-y-mejorar-la-infraestructura-educativa-es-prioridad-para-el-gobierno-de-fanny-arreola\/\" \/>\n<meta property=\"og:site_name\" content=\"Diario ABC de Michoac\u00e1n\" \/>\n<meta property=\"article:published_time\" content=\"2025-03-05T18:21:14+00:00\" \/>\n<meta property=\"og:image\" content=\"https:\/\/diarioabcdemichoacan.com.mx\/lasnoticias\/wp-content\/uploads\/2025\/03\/Imagen-de-WhatsApp-2025-03-05-a-las-12.16.52_0551f229.jpg\" \/>\n\t<meta property=\"og:image:width\" content=\"1600\" \/>\n\t<meta property=\"og:image:height\" content=\"1066\" \/>\n\t<meta property=\"og:image:type\" content=\"image\/jpeg\" \/>\n<meta name=\"author\" content=\"AR\" \/>\n<meta name=\"twitter:card\" content=\"summary_large_image\" \/>\n<meta name=\"twitter:label1\" content=\"Escrito por\" \/>\n\t<meta name=\"twitter:data1\" content=\"AR\" \/>\n\t<meta name=\"twitter:label2\" content=\"Tiempo de lectura\" \/>\n\t<meta name=\"twitter:data2\" content=\"2 minutos\" \/>\n<script type=\"application\/ld+json\" class=\"yoast-schema-graph\">{\"@context\":\"https:\/\/schema.org\",\"@graph\":[{\"@type\":\"WebPage\",\"@id\":\"https:\/\/diarioabcdemichoacan.com.mx\/lasnoticias\/la-educacion-y-mejorar-la-infraestructura-educativa-es-prioridad-para-el-gobierno-de-fanny-arreola\/\",\"url\":\"https:\/\/diarioabcdemichoacan.com.mx\/lasnoticias\/la-educacion-y-mejorar-la-infraestructura-educativa-es-prioridad-para-el-gobierno-de-fanny-arreola\/\",\"name\":\"La educaci\u00f3n y mejorar la infraestructura educativa es prioridad para el gobierno de Fanny Arreola. - Diario ABC de Michoac\u00e1n\",\"isPartOf\":{\"@id\":\"https:\/\/diarioabcdemichoacan.com.mx\/lasnoticias\/#website\"},\"primaryImageOfPage\":{\"@id\":\"https:\/\/diarioabcdemichoacan.com.mx\/lasnoticias\/la-educacion-y-mejorar-la-infraestructura-educativa-es-prioridad-para-el-gobierno-de-fanny-arreola\/#primaryimage\"},\"image\":{\"@id\":\"https:\/\/diarioabcdemichoacan.com.mx\/lasnoticias\/la-educacion-y-mejorar-la-infraestructura-educativa-es-prioridad-para-el-gobierno-de-fanny-arreola\/#primaryimage\"},\"thumbnailUrl\":\"https:\/\/diarioabcdemichoacan.com.mx\/lasnoticias\/wp-content\/uploads\/2025\/03\/Imagen-de-WhatsApp-2025-03-05-a-las-12.16.52_0551f229.jpg\",\"datePublished\":\"2025-03-05T18:21:14+00:00\",\"dateModified\":\"2025-03-05T18:21:14+00:00\",\"author\":{\"@id\":\"https:\/\/diarioabcdemichoacan.com.mx\/lasnoticias\/#\/schema\/person\/19ae376040f6cbc489682ebdd8524852\"},\"breadcrumb\":{\"@id\":\"https:\/\/diarioabcdemichoacan.com.mx\/lasnoticias\/la-educacion-y-mejorar-la-infraestructura-educativa-es-prioridad-para-el-gobierno-de-fanny-arreola\/#breadcrumb\"},\"inLanguage\":\"es\",\"potentialAction\":[{\"@type\":\"ReadAction\",\"target\":[\"https:\/\/diarioabcdemichoacan.com.mx\/lasnoticias\/la-educacion-y-mejorar-la-infraestructura-educativa-es-prioridad-para-el-gobierno-de-fanny-arreola\/\"]}]},{\"@type\":\"ImageObject\",\"inLanguage\":\"es\",\"@id\":\"https:\/\/diarioabcdemichoacan.com.mx\/lasnoticias\/la-educacion-y-mejorar-la-infraestructura-educativa-es-prioridad-para-el-gobierno-de-fanny-arreola\/#primaryimage\",\"url\":\"https:\/\/diarioabcdemichoacan.com.mx\/lasnoticias\/wp-content\/uploads\/2025\/03\/Imagen-de-WhatsApp-2025-03-05-a-las-12.16.52_0551f229.jpg\",\"contentUrl\":\"https:\/\/diarioabcdemichoacan.com.mx\/lasnoticias\/wp-content\/uploads\/2025\/03\/Imagen-de-WhatsApp-2025-03-05-a-las-12.16.52_0551f229.jpg\",\"width\":1600,\"height\":1066},{\"@type\":\"BreadcrumbList\",\"@id\":\"https:\/\/diarioabcdemichoacan.com.mx\/lasnoticias\/la-educacion-y-mejorar-la-infraestructura-educativa-es-prioridad-para-el-gobierno-de-fanny-arreola\/#breadcrumb\",\"itemListElement\":[{\"@type\":\"ListItem\",\"position\":1,\"name\":\"Portada\",\"item\":\"https:\/\/diarioabcdemichoacan.com.mx\/lasnoticias\/\"},{\"@type\":\"ListItem\",\"position\":2,\"name\":\"La educaci\u00f3n y mejorar la infraestructura educativa es prioridad para el gobierno de Fanny Arreola.\"}]},{\"@type\":\"WebSite\",\"@id\":\"https:\/\/diarioabcdemichoacan.com.mx\/lasnoticias\/#website\",\"url\":\"https:\/\/diarioabcdemichoacan.com.mx\/lasnoticias\/\",\"name\":\"Diario ABC de Michoac\u00e1n\",\"description\":\"Las noticias al momento\",\"potentialAction\":[{\"@type\":\"SearchAction\",\"target\":{\"@type\":\"EntryPoint\",\"urlTemplate\":\"https:\/\/diarioabcdemichoacan.com.mx\/lasnoticias\/?s={search_term_string}\"},\"query-input\":{\"@type\":\"PropertyValueSpecification\",\"valueRequired\":true,\"valueName\":\"search_term_string\"}}],\"inLanguage\":\"es\"},{\"@type\":\"Person\",\"@id\":\"https:\/\/diarioabcdemichoacan.com.mx\/lasnoticias\/#\/schema\/person\/19ae376040f6cbc489682ebdd8524852\",\"name\":\"AR\",\"image\":{\"@type\":\"ImageObject\",\"inLanguage\":\"es\",\"@id\":\"https:\/\/diarioabcdemichoacan.com.mx\/lasnoticias\/#\/schema\/person\/image\/\",\"url\":\"https:\/\/secure.gravatar.com\/avatar\/44eca2ff970262234e20e1e082872af0?s=96&d=mm&r=g\",\"contentUrl\":\"https:\/\/secure.gravatar.com\/avatar\/44eca2ff970262234e20e1e082872af0?s=96&d=mm&r=g\",\"caption\":\"AR\"},\"url\":\"https:\/\/diarioabcdemichoacan.com.mx\/lasnoticias\/author\/adrian\/\"}]}<\/script>\n<!-- \/ Yoast SEO plugin. -->","yoast_head_json":{"title":"La educaci\u00f3n y mejorar la infraestructura educativa es prioridad para el gobierno de Fanny Arreola. - Diario ABC de Michoac\u00e1n","robots":{"index":"index","follow":"follow","max-snippet":"max-snippet:-1","max-image-preview":"max-image-preview:large","max-video-preview":"max-video-preview:-1"},"canonical":"https:\/\/diarioabcdemichoacan.com.mx\/lasnoticias\/la-educacion-y-mejorar-la-infraestructura-educativa-es-prioridad-para-el-gobierno-de-fanny-arreola\/","og_locale":"es_ES","og_type":"article","og_title":"La educaci\u00f3n y mejorar la infraestructura educativa es prioridad para el gobierno de Fanny Arreola. - Diario ABC de Michoac\u00e1n","og_description":"Inauguran construcci\u00f3n de aula y barda perimetral en la Federal 1 &nbsp; Apatzing\u00e1n, Mich.- Como parte del compromiso que tiene la administraci\u00f3n municipal con el sector educativo, la presidente municipal, Fanny Arreola Pichardo, inaugur\u00f3 un aula y barda perimetral con rampas de acceso para alumnos con discapacidad en la escuela Secundar\u00eda Federal n\u00famero 1, en [&hellip;]","og_url":"https:\/\/diarioabcdemichoacan.com.mx\/lasnoticias\/la-educacion-y-mejorar-la-infraestructura-educativa-es-prioridad-para-el-gobierno-de-fanny-arreola\/","og_site_name":"Diario ABC de Michoac\u00e1n","article_published_time":"2025-03-05T18:21:14+00:00","og_image":[{"width":1600,"height":1066,"url":"https:\/\/diarioabcdemichoacan.com.mx\/lasnoticias\/wp-content\/uploads\/2025\/03\/Imagen-de-WhatsApp-2025-03-05-a-las-12.16.52_0551f229.jpg","type":"image\/jpeg"}],"author":"AR","twitter_card":"summary_large_image","twitter_misc":{"Escrito por":"AR","Tiempo de lectura":"2 minutos"},"schema":{"@context":"https:\/\/schema.org","@graph":[{"@type":"WebPage","@id":"https:\/\/diarioabcdemichoacan.com.mx\/lasnoticias\/la-educacion-y-mejorar-la-infraestructura-educativa-es-prioridad-para-el-gobierno-de-fanny-arreola\/","url":"https:\/\/diarioabcdemichoacan.com.mx\/lasnoticias\/la-educacion-y-mejorar-la-infraestructura-educativa-es-prioridad-para-el-gobierno-de-fanny-arreola\/","name":"La educaci\u00f3n y mejorar la infraestructura educativa es prioridad para el gobierno de Fanny Arreola. - Diario ABC de Michoac\u00e1n","isPartOf":{"@id":"https:\/\/diarioabcdemichoacan.com.mx\/lasnoticias\/#website"},"primaryImageOfPage":{"@id":"https:\/\/diarioabcdemichoacan.com.mx\/lasnoticias\/la-educacion-y-mejorar-la-infraestructura-educativa-es-prioridad-para-el-gobierno-de-fanny-arreola\/#primaryimage"},"image":{"@id":"https:\/\/diarioabcdemichoacan.com.mx\/lasnoticias\/la-educacion-y-mejorar-la-infraestructura-educativa-es-prioridad-para-el-gobierno-de-fanny-arreola\/#primaryimage"},"thumbnailUrl":"https:\/\/diarioabcdemichoacan.com.mx\/lasnoticias\/wp-content\/uploads\/2025\/03\/Imagen-de-WhatsApp-2025-03-05-a-las-12.16.52_0551f229.jpg","datePublished":"2025-03-05T18:21:14+00:00","dateModified":"2025-03-05T18:21:14+00:00","author":{"@id":"https:\/\/diarioabcdemichoacan.com.mx\/lasnoticias\/#\/schema\/person\/19ae376040f6cbc489682ebdd8524852"},"breadcrumb":{"@id":"https:\/\/diarioabcdemichoacan.com.mx\/lasnoticias\/la-educacion-y-mejorar-la-infraestructura-educativa-es-prioridad-para-el-gobierno-de-fanny-arreola\/#breadcrumb"},"inLanguage":"es","potentialAction":[{"@type":"ReadAction","target":["https:\/\/diarioabcdemichoacan.com.mx\/lasnoticias\/la-educacion-y-mejorar-la-infraestructura-educativa-es-prioridad-para-el-gobierno-de-fanny-arreola\/"]}]},{"@type":"ImageObject","inLanguage":"es","@id":"https:\/\/diarioabcdemichoacan.com.mx\/lasnoticias\/la-educacion-y-mejorar-la-infraestructura-educativa-es-prioridad-para-el-gobierno-de-fanny-arreola\/#primaryimage","url":"https:\/\/diarioabcdemichoacan.com.mx\/lasnoticias\/wp-content\/uploads\/2025\/03\/Imagen-de-WhatsApp-2025-03-05-a-las-12.16.52_0551f229.jpg","contentUrl":"https:\/\/diarioabcdemichoacan.com.mx\/lasnoticias\/wp-content\/uploads\/2025\/03\/Imagen-de-WhatsApp-2025-03-05-a-las-12.16.52_0551f229.jpg","width":1600,"height":1066},{"@type":"BreadcrumbList","@id":"https:\/\/diarioabcdemichoacan.com.mx\/lasnoticias\/la-educacion-y-mejorar-la-infraestructura-educativa-es-prioridad-para-el-gobierno-de-fanny-arreola\/#breadcrumb","itemListElement":[{"@type":"ListItem","position":1,"name":"Portada","item":"https:\/\/diarioabcdemichoacan.com.mx\/lasnoticias\/"},{"@type":"ListItem","position":2,"name":"La educaci\u00f3n y mejorar la infraestructura educativa es prioridad para el gobierno de Fanny Arreola."}]},{"@type":"WebSite","@id":"https:\/\/diarioabcdemichoacan.com.mx\/lasnoticias\/#website","url":"https:\/\/diarioabcdemichoacan.com.mx\/lasnoticias\/","name":"Diario ABC de Michoac\u00e1n","description":"Las noticias al momento","potentialAction":[{"@type":"SearchAction","target":{"@type":"EntryPoint","urlTemplate":"https:\/\/diarioabcdemichoacan.com.mx\/lasnoticias\/?s={search_term_string}"},"query-input":{"@type":"PropertyValueSpecification","valueRequired":true,"valueName":"search_term_string"}}],"inLanguage":"es"},{"@type":"Person","@id":"https:\/\/diarioabcdemichoacan.com.mx\/lasnoticias\/#\/schema\/person\/19ae376040f6cbc489682ebdd8524852","name":"AR","image":{"@type":"ImageObject","inLanguage":"es","@id":"https:\/\/diarioabcdemichoacan.com.mx\/lasnoticias\/#\/schema\/person\/image\/","url":"https:\/\/secure.gravatar.com\/avatar\/44eca2ff970262234e20e1e082872af0?s=96&d=mm&r=g","contentUrl":"https:\/\/secure.gravatar.com\/avatar\/44eca2ff970262234e20e1e082872af0?s=96&d=mm&r=g","caption":"AR"},"url":"https:\/\/diarioabcdemichoacan.com.mx\/lasnoticias\/author\/adrian\/"}]}},"_links":{"self":[{"href":"https:\/\/diarioabcdemichoacan.com.mx\/lasnoticias\/wp-json\/wp\/v2\/posts\/49581","targetHints":{"allow":["GET"]}}],"collection":[{"href":"https:\/\/diarioabcdemichoacan.com.mx\/lasnoticias\/wp-json\/wp\/v2\/posts"}],"about":[{"href":"https:\/\/diarioabcdemichoacan.com.mx\/lasnoticias\/wp-json\/wp\/v2\/types\/post"}],"author":[{"embeddable":true,"href":"https:\/\/diarioabcdemichoacan.com.mx\/lasnoticias\/wp-json\/wp\/v2\/users\/9"}],"replies":[{"embeddable":true,"href":"https:\/\/diarioabcdemichoacan.com.mx\/lasnoticias\/wp-json\/wp\/v2\/comments?post=49581"}],"version-history":[{"count":1,"href":"https:\/\/diarioabcdemichoacan.com.mx\/lasnoticias\/wp-json\/wp\/v2\/posts\/49581\/revisions"}],"predecessor-version":[{"id":49586,"href":"https:\/\/diarioabcdemichoacan.com.mx\/lasnoticias\/wp-json\/wp\/v2\/posts\/49581\/revisions\/49586"}],"wp:featuredmedia":[{"embeddable":true,"href":"https:\/\/diarioabcdemichoacan.com.mx\/lasnoticias\/wp-json\/wp\/v2\/media\/49585"}],"wp:attachment":[{"href":"https:\/\/diarioabcdemichoacan.com.mx\/lasnoticias\/wp-json\/wp\/v2\/media?parent=49581"}],"wp:term":[{"taxonomy":"category","embeddable":true,"href":"https:\/\/diarioabcdemichoacan.com.mx\/lasnoticias\/wp-json\/wp\/v2\/categories?post=49581"},{"taxonomy":"post_tag","embeddable":true,"href":"https:\/\/diarioabcdemichoacan.com.mx\/lasnoticias\/wp-json\/wp\/v2\/tags?post=49581"}],"curies":[{"name":"wp","href":"https:\/\/api.w.org\/{rel}","templated":true}]}}