{"id":49624,"date":"2025-03-05T16:23:48","date_gmt":"2025-03-05T22:23:48","guid":{"rendered":"https:\/\/diarioabcdemichoacan.com.mx\/lasnoticias\/?p=49624"},"modified":"2025-03-05T16:23:48","modified_gmt":"2025-03-05T22:23:48","slug":"democracia-interna-y-justicia-para-todos","status":"publish","type":"post","link":"https:\/\/diarioabcdemichoacan.com.mx\/lasnoticias\/democracia-interna-y-justicia-para-todos\/","title":{"rendered":"Democracia Interna y Justicia para todos."},"content":{"rendered":"<h2>Se re\u00fanen fuera del PRI y sin invitar a los dirigentes, para conmemorar el 96\u00a0 Aniversario de su Partido.<\/h2>\n<p>&nbsp;<\/p>\n<hr \/>\n<p>Morelia, Mich.- A la voz de Democracia Interna y Justicia para Todos, un grupo de destacados pri\u00edstas morelianos y del interior del estado, se reuni\u00f3 el d\u00eda de ayer para conmemorar el 96 aniversario del Partido Revolucionario Institucional.<\/p>\n<p>&nbsp;<\/p>\n<p>EL ex alcalde de Morelia y ex diputado local entre otras cosas, Wilfrido L\u00e1zaro Medina, as\u00ed como el dirigente de la CNC y actual Secretario de Desarrollo Rural de Morelia, Roberto Carlos L\u00f3pez, el Excoordinador parlamentario y ex dirigente del PRI estatal, Jes\u00fas Hern\u00e1ndez Pe\u00f1a, el expresidente de Zacapu y tambi\u00e9n excoordinador priista en el congreso Mario Maga\u00f1a Ju\u00e1rez, el ex delegado en varios estados del ISSSTE, Diego Romeo Ch\u00e1vez, as\u00ed como un sinn\u00famero de ex servidores p\u00fablicos municipales y estatales, se dieron cita para conmemorar a su partido.<\/p>\n<p>&nbsp;<\/p>\n<p><img loading=\"lazy\" decoding=\"async\" class=\"alignnone size-medium wp-image-49625\" src=\"https:\/\/diarioabcdemichoacan.com.mx\/lasnoticias\/wp-content\/uploads\/2025\/03\/Imagen-de-WhatsApp-2025-03-05-a-las-16.15.35_c3428899-500x333.jpg\" alt=\"\" width=\"500\" height=\"333\" srcset=\"https:\/\/diarioabcdemichoacan.com.mx\/lasnoticias\/wp-content\/uploads\/2025\/03\/Imagen-de-WhatsApp-2025-03-05-a-las-16.15.35_c3428899-500x333.jpg 500w, https:\/\/diarioabcdemichoacan.com.mx\/lasnoticias\/wp-content\/uploads\/2025\/03\/Imagen-de-WhatsApp-2025-03-05-a-las-16.15.35_c3428899-1024x682.jpg 1024w, https:\/\/diarioabcdemichoacan.com.mx\/lasnoticias\/wp-content\/uploads\/2025\/03\/Imagen-de-WhatsApp-2025-03-05-a-las-16.15.35_c3428899-768x512.jpg 768w, https:\/\/diarioabcdemichoacan.com.mx\/lasnoticias\/wp-content\/uploads\/2025\/03\/Imagen-de-WhatsApp-2025-03-05-a-las-16.15.35_c3428899-630x420.jpg 630w, https:\/\/diarioabcdemichoacan.com.mx\/lasnoticias\/wp-content\/uploads\/2025\/03\/Imagen-de-WhatsApp-2025-03-05-a-las-16.15.35_c3428899-150x100.jpg 150w, https:\/\/diarioabcdemichoacan.com.mx\/lasnoticias\/wp-content\/uploads\/2025\/03\/Imagen-de-WhatsApp-2025-03-05-a-las-16.15.35_c3428899-300x200.jpg 300w, https:\/\/diarioabcdemichoacan.com.mx\/lasnoticias\/wp-content\/uploads\/2025\/03\/Imagen-de-WhatsApp-2025-03-05-a-las-16.15.35_c3428899-696x464.jpg 696w, https:\/\/diarioabcdemichoacan.com.mx\/lasnoticias\/wp-content\/uploads\/2025\/03\/Imagen-de-WhatsApp-2025-03-05-a-las-16.15.35_c3428899-1068x712.jpg 1068w, https:\/\/diarioabcdemichoacan.com.mx\/lasnoticias\/wp-content\/uploads\/2025\/03\/Imagen-de-WhatsApp-2025-03-05-a-las-16.15.35_c3428899.jpg 1280w\" sizes=\"auto, (max-width: 500px) 100vw, 500px\" \/><\/p>\n<p>\u201cHace meses nos empezamos a reunir en el prop\u00f3sito de unir fuerzas y procurar en unidad \u00a0con partidos de la oposici\u00f3n ganar elecciones a partir de la Alianza por M\u00e9xico, del PRI, el PAN y el PRD y as\u00ed sucedi\u00f3 en Morelia\u201d , dijo el expresidente Wilfrido L\u00e1zaro, quien tambi\u00e9n se\u00f1al\u00f3 tajante, \u201c Somos pri\u00edstas. Cuando se intent\u00f3 expulsarnos, logramos argumentar y defender nuestra postura, y el PRI nacional nos dio la raz\u00f3n y ratific\u00f3 nuestra militancia.\u201d, lo anterior en alusi\u00f3n a que este grupo vivi\u00f3 un proceso de expulsi\u00f3n por apoyar a Alfonso Mart\u00ednez en Morelia y no a Ren\u00e9 Valencia, hermano del dirigente estatal Guillermo Valencia y que al final, fueron exonerados por la dirigencia nacional.<\/p>\n<p>&nbsp;<\/p>\n<p>Quien tambi\u00e9n ha sido delegado regional del PRI en varios distritos de Michoac\u00e1n, Mario Maga\u00f1a, se encarg\u00f3 de moderar el evento y dio paso a la\u00a0 intervenci\u00f3n de Jes\u00fas Hern\u00e1ndez Pe\u00f1a, quien asegur\u00f3 que el\u00a0 PRI tiene una historia que lo acredita para seguir siendo una opci\u00f3n de gobierno viable para la sociedad mexicana y asegur\u00f3 que su partido deber\u00e1 de reencontrarse con la sociedad, retomar sus causas y sus or\u00edgenes para renovarse\u201d.<\/p>\n<p><img loading=\"lazy\" decoding=\"async\" class=\"alignnone size-medium wp-image-49627\" src=\"https:\/\/diarioabcdemichoacan.com.mx\/lasnoticias\/wp-content\/uploads\/2025\/03\/Imagen-de-WhatsApp-2025-03-05-a-las-16.15.36_67f36eed-500x272.jpg\" alt=\"\" width=\"500\" height=\"272\" srcset=\"https:\/\/diarioabcdemichoacan.com.mx\/lasnoticias\/wp-content\/uploads\/2025\/03\/Imagen-de-WhatsApp-2025-03-05-a-las-16.15.36_67f36eed-500x272.jpg 500w, https:\/\/diarioabcdemichoacan.com.mx\/lasnoticias\/wp-content\/uploads\/2025\/03\/Imagen-de-WhatsApp-2025-03-05-a-las-16.15.36_67f36eed-1024x558.jpg 1024w, https:\/\/diarioabcdemichoacan.com.mx\/lasnoticias\/wp-content\/uploads\/2025\/03\/Imagen-de-WhatsApp-2025-03-05-a-las-16.15.36_67f36eed-768x418.jpg 768w, https:\/\/diarioabcdemichoacan.com.mx\/lasnoticias\/wp-content\/uploads\/2025\/03\/Imagen-de-WhatsApp-2025-03-05-a-las-16.15.36_67f36eed-771x420.jpg 771w, https:\/\/diarioabcdemichoacan.com.mx\/lasnoticias\/wp-content\/uploads\/2025\/03\/Imagen-de-WhatsApp-2025-03-05-a-las-16.15.36_67f36eed-150x82.jpg 150w, https:\/\/diarioabcdemichoacan.com.mx\/lasnoticias\/wp-content\/uploads\/2025\/03\/Imagen-de-WhatsApp-2025-03-05-a-las-16.15.36_67f36eed-300x163.jpg 300w, https:\/\/diarioabcdemichoacan.com.mx\/lasnoticias\/wp-content\/uploads\/2025\/03\/Imagen-de-WhatsApp-2025-03-05-a-las-16.15.36_67f36eed-696x379.jpg 696w, https:\/\/diarioabcdemichoacan.com.mx\/lasnoticias\/wp-content\/uploads\/2025\/03\/Imagen-de-WhatsApp-2025-03-05-a-las-16.15.36_67f36eed-1068x582.jpg 1068w, https:\/\/diarioabcdemichoacan.com.mx\/lasnoticias\/wp-content\/uploads\/2025\/03\/Imagen-de-WhatsApp-2025-03-05-a-las-16.15.36_67f36eed.jpg 1280w\" sizes=\"auto, (max-width: 500px) 100vw, 500px\" \/><\/p>\n<p>En un lugar que termin\u00f3 siendo insuficiente por el n\u00famero de invitados que a decir de los organizadores fue rebasado, se coincidi\u00f3 en que todo empez\u00f3 con una mesa de di\u00e1logo que ha ido creciendo y ahora se queda abierta para que todo aquel que quiera dialogar y sobretodo actuar para estar cerca de los michoacanos y buscar los espacios de actuaci\u00f3n que les permita seguir al servicio de su estado, lo que abri\u00f3 una nueva etapa para salir al estado al encuentro de los pri\u00edstas que han sido excluidos de la vida interna del PRI y al encuentro tambi\u00e9n de la sociedad civil organizada, que son la mayor\u00eda.<\/p>\n<p>&nbsp;<\/p>\n<p>En su intervenci\u00f3n sobre el aniversario del partido, quien fuera delegado estatal del ISSSTE y que ocup\u00f3 varias carteras en el comit\u00e9 estatal del PRI,\u00a0 Diego Romeo Ch\u00e1vez, hizo un recorrido hist\u00f3rico sobre las etapas del PRI, como Partido Nacional Revolucionario, Partido de la Revoluci\u00f3n Mexicana y despu\u00e9s como Partido Revolucionario Institucional, sobre todos los aportes que a lo largo de la historia de nuestro pa\u00eds realiz\u00f3, as\u00ed como por el momento dif\u00edcil que vive en estos momentos.<\/p>\n<p><img loading=\"lazy\" decoding=\"async\" class=\"alignnone size-medium wp-image-49628\" src=\"https:\/\/diarioabcdemichoacan.com.mx\/lasnoticias\/wp-content\/uploads\/2025\/03\/Imagen-de-WhatsApp-2025-03-05-a-las-16.15.37_a8df68f1-500x333.jpg\" alt=\"\" width=\"500\" height=\"333\" srcset=\"https:\/\/diarioabcdemichoacan.com.mx\/lasnoticias\/wp-content\/uploads\/2025\/03\/Imagen-de-WhatsApp-2025-03-05-a-las-16.15.37_a8df68f1-500x333.jpg 500w, https:\/\/diarioabcdemichoacan.com.mx\/lasnoticias\/wp-content\/uploads\/2025\/03\/Imagen-de-WhatsApp-2025-03-05-a-las-16.15.37_a8df68f1-1024x682.jpg 1024w, https:\/\/diarioabcdemichoacan.com.mx\/lasnoticias\/wp-content\/uploads\/2025\/03\/Imagen-de-WhatsApp-2025-03-05-a-las-16.15.37_a8df68f1-768x512.jpg 768w, https:\/\/diarioabcdemichoacan.com.mx\/lasnoticias\/wp-content\/uploads\/2025\/03\/Imagen-de-WhatsApp-2025-03-05-a-las-16.15.37_a8df68f1-630x420.jpg 630w, https:\/\/diarioabcdemichoacan.com.mx\/lasnoticias\/wp-content\/uploads\/2025\/03\/Imagen-de-WhatsApp-2025-03-05-a-las-16.15.37_a8df68f1-150x100.jpg 150w, https:\/\/diarioabcdemichoacan.com.mx\/lasnoticias\/wp-content\/uploads\/2025\/03\/Imagen-de-WhatsApp-2025-03-05-a-las-16.15.37_a8df68f1-300x200.jpg 300w, https:\/\/diarioabcdemichoacan.com.mx\/lasnoticias\/wp-content\/uploads\/2025\/03\/Imagen-de-WhatsApp-2025-03-05-a-las-16.15.37_a8df68f1-696x464.jpg 696w, https:\/\/diarioabcdemichoacan.com.mx\/lasnoticias\/wp-content\/uploads\/2025\/03\/Imagen-de-WhatsApp-2025-03-05-a-las-16.15.37_a8df68f1-1068x712.jpg 1068w, https:\/\/diarioabcdemichoacan.com.mx\/lasnoticias\/wp-content\/uploads\/2025\/03\/Imagen-de-WhatsApp-2025-03-05-a-las-16.15.37_a8df68f1.jpg 1280w\" sizes=\"auto, (max-width: 500px) 100vw, 500px\" \/><\/p>\n<p>\u201c Hoy es un d\u00eda para celebrar nuestra historia y nuestra lucha, pero tambi\u00e9n es un d\u00eda para reflexionar sobre nuestros desaf\u00edos y trabajar juntos para superarlos. Vamos al reencuentro en las comunidades , los municipios y\u00a0 ciudades y recuperar nuestra ideolog\u00eda y nuestra agenda pol\u00edtica. Vamos a ser m\u00e1s inclusivos y a abrirnos a nuevas ideas y propuestas\u201d.<\/p>\n<p>&nbsp;<\/p>\n<p>Coincidiendo con las frases que mencion\u00f3 en su momento, L\u00e1zaro Medina, Diego Romeo remat\u00f3 su discurso con vitores a la militancia PRI, a la democracia interna y pidiendo justicia para todos.<\/p>\n<p><img loading=\"lazy\" decoding=\"async\" class=\"alignnone size-medium wp-image-49629\" src=\"https:\/\/diarioabcdemichoacan.com.mx\/lasnoticias\/wp-content\/uploads\/2025\/03\/Imagen-de-WhatsApp-2025-03-05-a-las-16.15.37_4d1d4f01-500x333.jpg\" alt=\"\" width=\"500\" height=\"333\" srcset=\"https:\/\/diarioabcdemichoacan.com.mx\/lasnoticias\/wp-content\/uploads\/2025\/03\/Imagen-de-WhatsApp-2025-03-05-a-las-16.15.37_4d1d4f01-500x333.jpg 500w, https:\/\/diarioabcdemichoacan.com.mx\/lasnoticias\/wp-content\/uploads\/2025\/03\/Imagen-de-WhatsApp-2025-03-05-a-las-16.15.37_4d1d4f01-1024x682.jpg 1024w, https:\/\/diarioabcdemichoacan.com.mx\/lasnoticias\/wp-content\/uploads\/2025\/03\/Imagen-de-WhatsApp-2025-03-05-a-las-16.15.37_4d1d4f01-768x512.jpg 768w, https:\/\/diarioabcdemichoacan.com.mx\/lasnoticias\/wp-content\/uploads\/2025\/03\/Imagen-de-WhatsApp-2025-03-05-a-las-16.15.37_4d1d4f01-630x420.jpg 630w, https:\/\/diarioabcdemichoacan.com.mx\/lasnoticias\/wp-content\/uploads\/2025\/03\/Imagen-de-WhatsApp-2025-03-05-a-las-16.15.37_4d1d4f01-150x100.jpg 150w, https:\/\/diarioabcdemichoacan.com.mx\/lasnoticias\/wp-content\/uploads\/2025\/03\/Imagen-de-WhatsApp-2025-03-05-a-las-16.15.37_4d1d4f01-300x200.jpg 300w, https:\/\/diarioabcdemichoacan.com.mx\/lasnoticias\/wp-content\/uploads\/2025\/03\/Imagen-de-WhatsApp-2025-03-05-a-las-16.15.37_4d1d4f01-696x464.jpg 696w, https:\/\/diarioabcdemichoacan.com.mx\/lasnoticias\/wp-content\/uploads\/2025\/03\/Imagen-de-WhatsApp-2025-03-05-a-las-16.15.37_4d1d4f01-1068x712.jpg 1068w, https:\/\/diarioabcdemichoacan.com.mx\/lasnoticias\/wp-content\/uploads\/2025\/03\/Imagen-de-WhatsApp-2025-03-05-a-las-16.15.37_4d1d4f01.jpg 1280w\" sizes=\"auto, (max-width: 500px) 100vw, 500px\" \/><\/p>\n<p>Participaron varios militantes entre ellos la ex regidora de Acuitzio, Rufina Olivos Calix, la Expresidente de comit\u00e9 municipal del PRI en Tar\u00edmbaro, Susana Garc\u00eda Contreras, Hugo Palomares, Secretario de Operaci\u00f3n Pol\u00edtica del PRI de Morelia, el Cenecista Francisco Agu\u00ed\u00f1iga del distrito de la Piedad, el abogado Salvador Huerta, as\u00ed como la l\u00edder femenil Irma Villag\u00f3mez.<\/p>\n<p>&nbsp;<\/p>\n<p>Tanto el exdiputado coordinador, Mario Maga\u00f1a, quien se encarg\u00f3 de moderar la reuni\u00f3n, \u00a0como el dirigente nacional de la CNC, Roberto Carlos L\u00f3pez, agradecieron la presencia de los invitados y les exhortaron para que divulgaran este primer evento de muchos m\u00e1s que se habr\u00e1n de organizar a invitaciones de amigos del interior del estado, para seguir dialogando y poner en marcha una serie de acciones que re\u00fanan a j\u00f3venes y adultos en torno de los temas que m\u00e1s nos preocupan en Michoac\u00e1n, remataron.<\/p>\n","protected":false},"excerpt":{"rendered":"<p>Se re\u00fanen fuera del PRI y sin invitar a los dirigentes, para conmemorar el 96\u00a0 Aniversario de su Partido. &nbsp; Morelia, Mich.- A la voz de Democracia Interna y Justicia para Todos, un grupo de destacados pri\u00edstas morelianos y del interior del estado, se reuni\u00f3 el d\u00eda de ayer para conmemorar el 96 aniversario del [&hellip;]<\/p>\n","protected":false},"author":9,"featured_media":49626,"comment_status":"closed","ping_status":"closed","sticky":false,"template":"","format":"standard","meta":{"footnotes":""},"categories":[10,28,27],"tags":[],"class_list":{"0":"post-49624","1":"post","2":"type-post","3":"status-publish","4":"format-standard","5":"has-post-thumbnail","7":"category-estado","8":"category-politica","9":"category-slider"},"yoast_head":"<!-- This site is optimized with the Yoast SEO plugin v24.0 - https:\/\/yoast.com\/wordpress\/plugins\/seo\/ -->\n<title>Democracia Interna y Justicia para todos. - Diario ABC de Michoac\u00e1n<\/title>\n<meta name=\"robots\" content=\"index, follow, max-snippet:-1, max-image-preview:large, max-video-preview:-1\" \/>\n<link rel=\"canonical\" href=\"https:\/\/diarioabcdemichoacan.com.mx\/lasnoticias\/democracia-interna-y-justicia-para-todos\/\" \/>\n<meta property=\"og:locale\" content=\"es_ES\" \/>\n<meta property=\"og:type\" content=\"article\" \/>\n<meta property=\"og:title\" content=\"Democracia Interna y Justicia para todos. - Diario ABC de Michoac\u00e1n\" \/>\n<meta property=\"og:description\" content=\"Se re\u00fanen fuera del PRI y sin invitar a los dirigentes, para conmemorar el 96\u00a0 Aniversario de su Partido. &nbsp; Morelia, Mich.- A la voz de Democracia Interna y Justicia para Todos, un grupo de destacados pri\u00edstas morelianos y del interior del estado, se reuni\u00f3 el d\u00eda de ayer para conmemorar el 96 aniversario del [&hellip;]\" \/>\n<meta property=\"og:url\" content=\"https:\/\/diarioabcdemichoacan.com.mx\/lasnoticias\/democracia-interna-y-justicia-para-todos\/\" \/>\n<meta property=\"og:site_name\" content=\"Diario ABC de Michoac\u00e1n\" \/>\n<meta property=\"article:published_time\" content=\"2025-03-05T22:23:48+00:00\" \/>\n<meta property=\"og:image\" content=\"https:\/\/diarioabcdemichoacan.com.mx\/lasnoticias\/wp-content\/uploads\/2025\/03\/Imagen-de-WhatsApp-2025-03-05-a-las-16.15.35_12d1c88f.jpg\" \/>\n\t<meta property=\"og:image:width\" content=\"1280\" \/>\n\t<meta property=\"og:image:height\" content=\"904\" \/>\n\t<meta property=\"og:image:type\" content=\"image\/jpeg\" \/>\n<meta name=\"author\" content=\"AR\" \/>\n<meta name=\"twitter:card\" content=\"summary_large_image\" \/>\n<meta name=\"twitter:label1\" content=\"Escrito por\" \/>\n\t<meta name=\"twitter:data1\" content=\"AR\" \/>\n\t<meta name=\"twitter:label2\" content=\"Tiempo de lectura\" \/>\n\t<meta name=\"twitter:data2\" content=\"5 minutos\" \/>\n<script type=\"application\/ld+json\" class=\"yoast-schema-graph\">{\"@context\":\"https:\/\/schema.org\",\"@graph\":[{\"@type\":\"WebPage\",\"@id\":\"https:\/\/diarioabcdemichoacan.com.mx\/lasnoticias\/democracia-interna-y-justicia-para-todos\/\",\"url\":\"https:\/\/diarioabcdemichoacan.com.mx\/lasnoticias\/democracia-interna-y-justicia-para-todos\/\",\"name\":\"Democracia Interna y Justicia para todos. - Diario ABC de Michoac\u00e1n\",\"isPartOf\":{\"@id\":\"https:\/\/diarioabcdemichoacan.com.mx\/lasnoticias\/#website\"},\"primaryImageOfPage\":{\"@id\":\"https:\/\/diarioabcdemichoacan.com.mx\/lasnoticias\/democracia-interna-y-justicia-para-todos\/#primaryimage\"},\"image\":{\"@id\":\"https:\/\/diarioabcdemichoacan.com.mx\/lasnoticias\/democracia-interna-y-justicia-para-todos\/#primaryimage\"},\"thumbnailUrl\":\"https:\/\/diarioabcdemichoacan.com.mx\/lasnoticias\/wp-content\/uploads\/2025\/03\/Imagen-de-WhatsApp-2025-03-05-a-las-16.15.35_12d1c88f.jpg\",\"datePublished\":\"2025-03-05T22:23:48+00:00\",\"dateModified\":\"2025-03-05T22:23:48+00:00\",\"author\":{\"@id\":\"https:\/\/diarioabcdemichoacan.com.mx\/lasnoticias\/#\/schema\/person\/19ae376040f6cbc489682ebdd8524852\"},\"breadcrumb\":{\"@id\":\"https:\/\/diarioabcdemichoacan.com.mx\/lasnoticias\/democracia-interna-y-justicia-para-todos\/#breadcrumb\"},\"inLanguage\":\"es\",\"potentialAction\":[{\"@type\":\"ReadAction\",\"target\":[\"https:\/\/diarioabcdemichoacan.com.mx\/lasnoticias\/democracia-interna-y-justicia-para-todos\/\"]}]},{\"@type\":\"ImageObject\",\"inLanguage\":\"es\",\"@id\":\"https:\/\/diarioabcdemichoacan.com.mx\/lasnoticias\/democracia-interna-y-justicia-para-todos\/#primaryimage\",\"url\":\"https:\/\/diarioabcdemichoacan.com.mx\/lasnoticias\/wp-content\/uploads\/2025\/03\/Imagen-de-WhatsApp-2025-03-05-a-las-16.15.35_12d1c88f.jpg\",\"contentUrl\":\"https:\/\/diarioabcdemichoacan.com.mx\/lasnoticias\/wp-content\/uploads\/2025\/03\/Imagen-de-WhatsApp-2025-03-05-a-las-16.15.35_12d1c88f.jpg\",\"width\":1280,\"height\":904},{\"@type\":\"BreadcrumbList\",\"@id\":\"https:\/\/diarioabcdemichoacan.com.mx\/lasnoticias\/democracia-interna-y-justicia-para-todos\/#breadcrumb\",\"itemListElement\":[{\"@type\":\"ListItem\",\"position\":1,\"name\":\"Portada\",\"item\":\"https:\/\/diarioabcdemichoacan.com.mx\/lasnoticias\/\"},{\"@type\":\"ListItem\",\"position\":2,\"name\":\"Democracia Interna y Justicia para todos.\"}]},{\"@type\":\"WebSite\",\"@id\":\"https:\/\/diarioabcdemichoacan.com.mx\/lasnoticias\/#website\",\"url\":\"https:\/\/diarioabcdemichoacan.com.mx\/lasnoticias\/\",\"name\":\"Diario ABC de Michoac\u00e1n\",\"description\":\"Las noticias al momento\",\"potentialAction\":[{\"@type\":\"SearchAction\",\"target\":{\"@type\":\"EntryPoint\",\"urlTemplate\":\"https:\/\/diarioabcdemichoacan.com.mx\/lasnoticias\/?s={search_term_string}\"},\"query-input\":{\"@type\":\"PropertyValueSpecification\",\"valueRequired\":true,\"valueName\":\"search_term_string\"}}],\"inLanguage\":\"es\"},{\"@type\":\"Person\",\"@id\":\"https:\/\/diarioabcdemichoacan.com.mx\/lasnoticias\/#\/schema\/person\/19ae376040f6cbc489682ebdd8524852\",\"name\":\"AR\",\"image\":{\"@type\":\"ImageObject\",\"inLanguage\":\"es\",\"@id\":\"https:\/\/diarioabcdemichoacan.com.mx\/lasnoticias\/#\/schema\/person\/image\/\",\"url\":\"https:\/\/secure.gravatar.com\/avatar\/44eca2ff970262234e20e1e082872af0?s=96&d=mm&r=g\",\"contentUrl\":\"https:\/\/secure.gravatar.com\/avatar\/44eca2ff970262234e20e1e082872af0?s=96&d=mm&r=g\",\"caption\":\"AR\"},\"url\":\"https:\/\/diarioabcdemichoacan.com.mx\/lasnoticias\/author\/adrian\/\"}]}<\/script>\n<!-- \/ Yoast SEO plugin. -->","yoast_head_json":{"title":"Democracia Interna y Justicia para todos. - Diario ABC de Michoac\u00e1n","robots":{"index":"index","follow":"follow","max-snippet":"max-snippet:-1","max-image-preview":"max-image-preview:large","max-video-preview":"max-video-preview:-1"},"canonical":"https:\/\/diarioabcdemichoacan.com.mx\/lasnoticias\/democracia-interna-y-justicia-para-todos\/","og_locale":"es_ES","og_type":"article","og_title":"Democracia Interna y Justicia para todos. - Diario ABC de Michoac\u00e1n","og_description":"Se re\u00fanen fuera del PRI y sin invitar a los dirigentes, para conmemorar el 96\u00a0 Aniversario de su Partido. &nbsp; Morelia, Mich.- A la voz de Democracia Interna y Justicia para Todos, un grupo de destacados pri\u00edstas morelianos y del interior del estado, se reuni\u00f3 el d\u00eda de ayer para conmemorar el 96 aniversario del [&hellip;]","og_url":"https:\/\/diarioabcdemichoacan.com.mx\/lasnoticias\/democracia-interna-y-justicia-para-todos\/","og_site_name":"Diario ABC de Michoac\u00e1n","article_published_time":"2025-03-05T22:23:48+00:00","og_image":[{"width":1280,"height":904,"url":"https:\/\/diarioabcdemichoacan.com.mx\/lasnoticias\/wp-content\/uploads\/2025\/03\/Imagen-de-WhatsApp-2025-03-05-a-las-16.15.35_12d1c88f.jpg","type":"image\/jpeg"}],"author":"AR","twitter_card":"summary_large_image","twitter_misc":{"Escrito por":"AR","Tiempo de lectura":"5 minutos"},"schema":{"@context":"https:\/\/schema.org","@graph":[{"@type":"WebPage","@id":"https:\/\/diarioabcdemichoacan.com.mx\/lasnoticias\/democracia-interna-y-justicia-para-todos\/","url":"https:\/\/diarioabcdemichoacan.com.mx\/lasnoticias\/democracia-interna-y-justicia-para-todos\/","name":"Democracia Interna y Justicia para todos. - Diario ABC de Michoac\u00e1n","isPartOf":{"@id":"https:\/\/diarioabcdemichoacan.com.mx\/lasnoticias\/#website"},"primaryImageOfPage":{"@id":"https:\/\/diarioabcdemichoacan.com.mx\/lasnoticias\/democracia-interna-y-justicia-para-todos\/#primaryimage"},"image":{"@id":"https:\/\/diarioabcdemichoacan.com.mx\/lasnoticias\/democracia-interna-y-justicia-para-todos\/#primaryimage"},"thumbnailUrl":"https:\/\/diarioabcdemichoacan.com.mx\/lasnoticias\/wp-content\/uploads\/2025\/03\/Imagen-de-WhatsApp-2025-03-05-a-las-16.15.35_12d1c88f.jpg","datePublished":"2025-03-05T22:23:48+00:00","dateModified":"2025-03-05T22:23:48+00:00","author":{"@id":"https:\/\/diarioabcdemichoacan.com.mx\/lasnoticias\/#\/schema\/person\/19ae376040f6cbc489682ebdd8524852"},"breadcrumb":{"@id":"https:\/\/diarioabcdemichoacan.com.mx\/lasnoticias\/democracia-interna-y-justicia-para-todos\/#breadcrumb"},"inLanguage":"es","potentialAction":[{"@type":"ReadAction","target":["https:\/\/diarioabcdemichoacan.com.mx\/lasnoticias\/democracia-interna-y-justicia-para-todos\/"]}]},{"@type":"ImageObject","inLanguage":"es","@id":"https:\/\/diarioabcdemichoacan.com.mx\/lasnoticias\/democracia-interna-y-justicia-para-todos\/#primaryimage","url":"https:\/\/diarioabcdemichoacan.com.mx\/lasnoticias\/wp-content\/uploads\/2025\/03\/Imagen-de-WhatsApp-2025-03-05-a-las-16.15.35_12d1c88f.jpg","contentUrl":"https:\/\/diarioabcdemichoacan.com.mx\/lasnoticias\/wp-content\/uploads\/2025\/03\/Imagen-de-WhatsApp-2025-03-05-a-las-16.15.35_12d1c88f.jpg","width":1280,"height":904},{"@type":"BreadcrumbList","@id":"https:\/\/diarioabcdemichoacan.com.mx\/lasnoticias\/democracia-interna-y-justicia-para-todos\/#breadcrumb","itemListElement":[{"@type":"ListItem","position":1,"name":"Portada","item":"https:\/\/diarioabcdemichoacan.com.mx\/lasnoticias\/"},{"@type":"ListItem","position":2,"name":"Democracia Interna y Justicia para todos."}]},{"@type":"WebSite","@id":"https:\/\/diarioabcdemichoacan.com.mx\/lasnoticias\/#website","url":"https:\/\/diarioabcdemichoacan.com.mx\/lasnoticias\/","name":"Diario ABC de Michoac\u00e1n","description":"Las noticias al momento","potentialAction":[{"@type":"SearchAction","target":{"@type":"EntryPoint","urlTemplate":"https:\/\/diarioabcdemichoacan.com.mx\/lasnoticias\/?s={search_term_string}"},"query-input":{"@type":"PropertyValueSpecification","valueRequired":true,"valueName":"search_term_string"}}],"inLanguage":"es"},{"@type":"Person","@id":"https:\/\/diarioabcdemichoacan.com.mx\/lasnoticias\/#\/schema\/person\/19ae376040f6cbc489682ebdd8524852","name":"AR","image":{"@type":"ImageObject","inLanguage":"es","@id":"https:\/\/diarioabcdemichoacan.com.mx\/lasnoticias\/#\/schema\/person\/image\/","url":"https:\/\/secure.gravatar.com\/avatar\/44eca2ff970262234e20e1e082872af0?s=96&d=mm&r=g","contentUrl":"https:\/\/secure.gravatar.com\/avatar\/44eca2ff970262234e20e1e082872af0?s=96&d=mm&r=g","caption":"AR"},"url":"https:\/\/diarioabcdemichoacan.com.mx\/lasnoticias\/author\/adrian\/"}]}},"_links":{"self":[{"href":"https:\/\/diarioabcdemichoacan.com.mx\/lasnoticias\/wp-json\/wp\/v2\/posts\/49624","targetHints":{"allow":["GET"]}}],"collection":[{"href":"https:\/\/diarioabcdemichoacan.com.mx\/lasnoticias\/wp-json\/wp\/v2\/posts"}],"about":[{"href":"https:\/\/diarioabcdemichoacan.com.mx\/lasnoticias\/wp-json\/wp\/v2\/types\/post"}],"author":[{"embeddable":true,"href":"https:\/\/diarioabcdemichoacan.com.mx\/lasnoticias\/wp-json\/wp\/v2\/users\/9"}],"replies":[{"embeddable":true,"href":"https:\/\/diarioabcdemichoacan.com.mx\/lasnoticias\/wp-json\/wp\/v2\/comments?post=49624"}],"version-history":[{"count":1,"href":"https:\/\/diarioabcdemichoacan.com.mx\/lasnoticias\/wp-json\/wp\/v2\/posts\/49624\/revisions"}],"predecessor-version":[{"id":49630,"href":"https:\/\/diarioabcdemichoacan.com.mx\/lasnoticias\/wp-json\/wp\/v2\/posts\/49624\/revisions\/49630"}],"wp:featuredmedia":[{"embeddable":true,"href":"https:\/\/diarioabcdemichoacan.com.mx\/lasnoticias\/wp-json\/wp\/v2\/media\/49626"}],"wp:attachment":[{"href":"https:\/\/diarioabcdemichoacan.com.mx\/lasnoticias\/wp-json\/wp\/v2\/media?parent=49624"}],"wp:term":[{"taxonomy":"category","embeddable":true,"href":"https:\/\/diarioabcdemichoacan.com.mx\/lasnoticias\/wp-json\/wp\/v2\/categories?post=49624"},{"taxonomy":"post_tag","embeddable":true,"href":"https:\/\/diarioabcdemichoacan.com.mx\/lasnoticias\/wp-json\/wp\/v2\/tags?post=49624"}],"curies":[{"name":"wp","href":"https:\/\/api.w.org\/{rel}","templated":true}]}}