{"id":50072,"date":"2025-03-09T11:26:55","date_gmt":"2025-03-09T17:26:55","guid":{"rendered":"https:\/\/diarioabcdemichoacan.com.mx\/lasnoticias\/?p=50072"},"modified":"2025-03-09T11:26:55","modified_gmt":"2025-03-09T17:26:55","slug":"se-registra-choque-de-camioneta-en-el-ramal-camelinas-ocupante-resulta-herido","status":"publish","type":"post","link":"https:\/\/diarioabcdemichoacan.com.mx\/lasnoticias\/se-registra-choque-de-camioneta-en-el-ramal-camelinas-ocupante-resulta-herido\/","title":{"rendered":"Se registra choque de camioneta en el Ramal Camelinas; ocupante resulta herido"},"content":{"rendered":"<p>El veh\u00edculo se estrell\u00f3 contra un muro de tierra. El lesionado hab\u00eda quedado prensado<\/p>\n<p>Por Juan Manuel \u00c1lvarez<\/p>\n<hr \/>\n<p>Morelia, Mich.- Un hombre result\u00f3 lesionado tras el choque de una camioneta contra un muro de tierra en el Ramal Camelinas, al sur de Morelia, informaron autoridades policiales.<\/p>\n<p>El accidente se registr\u00f3 durante los primeros minutos de este domingo y fue reportado al n\u00famero de emergencias 911. Se apreci\u00f3 que el veh\u00edculo siniestrado es un Tonale, color verde, con matr\u00edcula PLM039D, el cual termin\u00f3 destrozado de la parte frontal.<\/p>\n<p><img loading=\"lazy\" decoding=\"async\" class=\"alignnone size-full wp-image-50073\" src=\"https:\/\/diarioabcdemichoacan.com.mx\/lasnoticias\/wp-content\/uploads\/2025\/03\/IMG-20250309-WA0020-scaled.jpg\" alt=\"\" width=\"2560\" height=\"1441\" srcset=\"https:\/\/diarioabcdemichoacan.com.mx\/lasnoticias\/wp-content\/uploads\/2025\/03\/IMG-20250309-WA0020-scaled.jpg 2560w, https:\/\/diarioabcdemichoacan.com.mx\/lasnoticias\/wp-content\/uploads\/2025\/03\/IMG-20250309-WA0020-500x282.jpg 500w, https:\/\/diarioabcdemichoacan.com.mx\/lasnoticias\/wp-content\/uploads\/2025\/03\/IMG-20250309-WA0020-1024x577.jpg 1024w, https:\/\/diarioabcdemichoacan.com.mx\/lasnoticias\/wp-content\/uploads\/2025\/03\/IMG-20250309-WA0020-768x432.jpg 768w, https:\/\/diarioabcdemichoacan.com.mx\/lasnoticias\/wp-content\/uploads\/2025\/03\/IMG-20250309-WA0020-1536x865.jpg 1536w, https:\/\/diarioabcdemichoacan.com.mx\/lasnoticias\/wp-content\/uploads\/2025\/03\/IMG-20250309-WA0020-2048x1153.jpg 2048w, https:\/\/diarioabcdemichoacan.com.mx\/lasnoticias\/wp-content\/uploads\/2025\/03\/IMG-20250309-WA0020-746x420.jpg 746w, https:\/\/diarioabcdemichoacan.com.mx\/lasnoticias\/wp-content\/uploads\/2025\/03\/IMG-20250309-WA0020-150x84.jpg 150w, https:\/\/diarioabcdemichoacan.com.mx\/lasnoticias\/wp-content\/uploads\/2025\/03\/IMG-20250309-WA0020-300x169.jpg 300w, https:\/\/diarioabcdemichoacan.com.mx\/lasnoticias\/wp-content\/uploads\/2025\/03\/IMG-20250309-WA0020-696x392.jpg 696w, https:\/\/diarioabcdemichoacan.com.mx\/lasnoticias\/wp-content\/uploads\/2025\/03\/IMG-20250309-WA0020-1068x601.jpg 1068w, https:\/\/diarioabcdemichoacan.com.mx\/lasnoticias\/wp-content\/uploads\/2025\/03\/IMG-20250309-WA0020-1920x1081.jpg 1920w\" sizes=\"auto, (max-width: 2560px) 100vw, 2560px\" \/><\/p>\n<p>En el interior de la unidad qued\u00f3 prensado el ocupante identificado como Armando, de 39 a\u00f1os de edad, quien fue rescatado por bomberos, consecutivamente unos patrulleros lo canalizaron a un hospital, paciente que sufri\u00f3 aparentemente traumatismo craneoencef\u00e1lico y fractura de h\u00famero.<\/p>\n<p>Unos agentes de Tr\u00e1nsito se encargaron del peritaje correspondiente y al final una gr\u00faa retir\u00f3 el automotor siniestrado, el cual fue llevado a un corral\u00f3n.<\/p>\n","protected":false},"excerpt":{"rendered":"<p>El veh\u00edculo se estrell\u00f3 contra un muro de tierra. El lesionado hab\u00eda quedado prensado Por Juan Manuel \u00c1lvarez Morelia, Mich.- Un hombre result\u00f3 lesionado tras el choque de una camioneta contra un muro de tierra en el Ramal Camelinas, al sur de Morelia, informaron autoridades policiales. El accidente se registr\u00f3 durante los primeros minutos de [&hellip;]<\/p>\n","protected":false},"author":6,"featured_media":50074,"comment_status":"closed","ping_status":"closed","sticky":false,"template":"","format":"standard","meta":{"footnotes":""},"categories":[7,26],"tags":[],"class_list":{"0":"post-50072","1":"post","2":"type-post","3":"status-publish","4":"format-standard","5":"has-post-thumbnail","7":"category-morelia","8":"category-nota-roja"},"yoast_head":"<!-- This site is optimized with the Yoast SEO plugin v24.0 - https:\/\/yoast.com\/wordpress\/plugins\/seo\/ -->\n<title>Se registra choque de camioneta en el Ramal Camelinas; ocupante resulta herido - Diario ABC de Michoac\u00e1n<\/title>\n<meta name=\"robots\" content=\"index, follow, max-snippet:-1, max-image-preview:large, max-video-preview:-1\" \/>\n<link rel=\"canonical\" href=\"https:\/\/diarioabcdemichoacan.com.mx\/lasnoticias\/se-registra-choque-de-camioneta-en-el-ramal-camelinas-ocupante-resulta-herido\/\" \/>\n<meta property=\"og:locale\" content=\"es_ES\" \/>\n<meta property=\"og:type\" content=\"article\" \/>\n<meta property=\"og:title\" content=\"Se registra choque de camioneta en el Ramal Camelinas; ocupante resulta herido - Diario ABC de Michoac\u00e1n\" \/>\n<meta property=\"og:description\" content=\"El veh\u00edculo se estrell\u00f3 contra un muro de tierra. El lesionado hab\u00eda quedado prensado Por Juan Manuel \u00c1lvarez Morelia, Mich.- Un hombre result\u00f3 lesionado tras el choque de una camioneta contra un muro de tierra en el Ramal Camelinas, al sur de Morelia, informaron autoridades policiales. El accidente se registr\u00f3 durante los primeros minutos de [&hellip;]\" \/>\n<meta property=\"og:url\" content=\"https:\/\/diarioabcdemichoacan.com.mx\/lasnoticias\/se-registra-choque-de-camioneta-en-el-ramal-camelinas-ocupante-resulta-herido\/\" \/>\n<meta property=\"og:site_name\" content=\"Diario ABC de Michoac\u00e1n\" \/>\n<meta property=\"article:published_time\" content=\"2025-03-09T17:26:55+00:00\" \/>\n<meta property=\"og:image\" content=\"https:\/\/diarioabcdemichoacan.com.mx\/lasnoticias\/wp-content\/uploads\/2025\/03\/IMG-20250309-WA0022-scaled.jpg\" \/>\n\t<meta property=\"og:image:width\" content=\"2560\" \/>\n\t<meta property=\"og:image:height\" content=\"1441\" \/>\n\t<meta property=\"og:image:type\" content=\"image\/jpeg\" \/>\n<meta name=\"author\" content=\"MB\" \/>\n<meta name=\"twitter:card\" content=\"summary_large_image\" \/>\n<meta name=\"twitter:label1\" content=\"Escrito por\" \/>\n\t<meta name=\"twitter:data1\" content=\"MB\" \/>\n\t<meta name=\"twitter:label2\" content=\"Tiempo de lectura\" \/>\n\t<meta name=\"twitter:data2\" content=\"2 minutos\" \/>\n<script type=\"application\/ld+json\" class=\"yoast-schema-graph\">{\"@context\":\"https:\/\/schema.org\",\"@graph\":[{\"@type\":\"WebPage\",\"@id\":\"https:\/\/diarioabcdemichoacan.com.mx\/lasnoticias\/se-registra-choque-de-camioneta-en-el-ramal-camelinas-ocupante-resulta-herido\/\",\"url\":\"https:\/\/diarioabcdemichoacan.com.mx\/lasnoticias\/se-registra-choque-de-camioneta-en-el-ramal-camelinas-ocupante-resulta-herido\/\",\"name\":\"Se registra choque de camioneta en el Ramal Camelinas; ocupante resulta herido - Diario ABC de Michoac\u00e1n\",\"isPartOf\":{\"@id\":\"https:\/\/diarioabcdemichoacan.com.mx\/lasnoticias\/#website\"},\"primaryImageOfPage\":{\"@id\":\"https:\/\/diarioabcdemichoacan.com.mx\/lasnoticias\/se-registra-choque-de-camioneta-en-el-ramal-camelinas-ocupante-resulta-herido\/#primaryimage\"},\"image\":{\"@id\":\"https:\/\/diarioabcdemichoacan.com.mx\/lasnoticias\/se-registra-choque-de-camioneta-en-el-ramal-camelinas-ocupante-resulta-herido\/#primaryimage\"},\"thumbnailUrl\":\"https:\/\/diarioabcdemichoacan.com.mx\/lasnoticias\/wp-content\/uploads\/2025\/03\/IMG-20250309-WA0022-scaled.jpg\",\"datePublished\":\"2025-03-09T17:26:55+00:00\",\"dateModified\":\"2025-03-09T17:26:55+00:00\",\"author\":{\"@id\":\"https:\/\/diarioabcdemichoacan.com.mx\/lasnoticias\/#\/schema\/person\/0546f9c3407148f7452ca932715c5e88\"},\"breadcrumb\":{\"@id\":\"https:\/\/diarioabcdemichoacan.com.mx\/lasnoticias\/se-registra-choque-de-camioneta-en-el-ramal-camelinas-ocupante-resulta-herido\/#breadcrumb\"},\"inLanguage\":\"es\",\"potentialAction\":[{\"@type\":\"ReadAction\",\"target\":[\"https:\/\/diarioabcdemichoacan.com.mx\/lasnoticias\/se-registra-choque-de-camioneta-en-el-ramal-camelinas-ocupante-resulta-herido\/\"]}]},{\"@type\":\"ImageObject\",\"inLanguage\":\"es\",\"@id\":\"https:\/\/diarioabcdemichoacan.com.mx\/lasnoticias\/se-registra-choque-de-camioneta-en-el-ramal-camelinas-ocupante-resulta-herido\/#primaryimage\",\"url\":\"https:\/\/diarioabcdemichoacan.com.mx\/lasnoticias\/wp-content\/uploads\/2025\/03\/IMG-20250309-WA0022-scaled.jpg\",\"contentUrl\":\"https:\/\/diarioabcdemichoacan.com.mx\/lasnoticias\/wp-content\/uploads\/2025\/03\/IMG-20250309-WA0022-scaled.jpg\",\"width\":2560,\"height\":1441},{\"@type\":\"BreadcrumbList\",\"@id\":\"https:\/\/diarioabcdemichoacan.com.mx\/lasnoticias\/se-registra-choque-de-camioneta-en-el-ramal-camelinas-ocupante-resulta-herido\/#breadcrumb\",\"itemListElement\":[{\"@type\":\"ListItem\",\"position\":1,\"name\":\"Portada\",\"item\":\"https:\/\/diarioabcdemichoacan.com.mx\/lasnoticias\/\"},{\"@type\":\"ListItem\",\"position\":2,\"name\":\"Se registra choque de camioneta en el Ramal Camelinas; ocupante resulta herido\"}]},{\"@type\":\"WebSite\",\"@id\":\"https:\/\/diarioabcdemichoacan.com.mx\/lasnoticias\/#website\",\"url\":\"https:\/\/diarioabcdemichoacan.com.mx\/lasnoticias\/\",\"name\":\"Diario ABC de Michoac\u00e1n\",\"description\":\"Las noticias al momento\",\"potentialAction\":[{\"@type\":\"SearchAction\",\"target\":{\"@type\":\"EntryPoint\",\"urlTemplate\":\"https:\/\/diarioabcdemichoacan.com.mx\/lasnoticias\/?s={search_term_string}\"},\"query-input\":{\"@type\":\"PropertyValueSpecification\",\"valueRequired\":true,\"valueName\":\"search_term_string\"}}],\"inLanguage\":\"es\"},{\"@type\":\"Person\",\"@id\":\"https:\/\/diarioabcdemichoacan.com.mx\/lasnoticias\/#\/schema\/person\/0546f9c3407148f7452ca932715c5e88\",\"name\":\"MB\",\"image\":{\"@type\":\"ImageObject\",\"inLanguage\":\"es\",\"@id\":\"https:\/\/diarioabcdemichoacan.com.mx\/lasnoticias\/#\/schema\/person\/image\/\",\"url\":\"https:\/\/secure.gravatar.com\/avatar\/adcd41fde6b8d0b5d9d0de001d3112b3?s=96&d=mm&r=g\",\"contentUrl\":\"https:\/\/secure.gravatar.com\/avatar\/adcd41fde6b8d0b5d9d0de001d3112b3?s=96&d=mm&r=g\",\"caption\":\"MB\"},\"url\":\"https:\/\/diarioabcdemichoacan.com.mx\/lasnoticias\/author\/bomariano03\/\"}]}<\/script>\n<!-- \/ Yoast SEO plugin. -->","yoast_head_json":{"title":"Se registra choque de camioneta en el Ramal Camelinas; ocupante resulta herido - Diario ABC de Michoac\u00e1n","robots":{"index":"index","follow":"follow","max-snippet":"max-snippet:-1","max-image-preview":"max-image-preview:large","max-video-preview":"max-video-preview:-1"},"canonical":"https:\/\/diarioabcdemichoacan.com.mx\/lasnoticias\/se-registra-choque-de-camioneta-en-el-ramal-camelinas-ocupante-resulta-herido\/","og_locale":"es_ES","og_type":"article","og_title":"Se registra choque de camioneta en el Ramal Camelinas; ocupante resulta herido - Diario ABC de Michoac\u00e1n","og_description":"El veh\u00edculo se estrell\u00f3 contra un muro de tierra. El lesionado hab\u00eda quedado prensado Por Juan Manuel \u00c1lvarez Morelia, Mich.- Un hombre result\u00f3 lesionado tras el choque de una camioneta contra un muro de tierra en el Ramal Camelinas, al sur de Morelia, informaron autoridades policiales. El accidente se registr\u00f3 durante los primeros minutos de [&hellip;]","og_url":"https:\/\/diarioabcdemichoacan.com.mx\/lasnoticias\/se-registra-choque-de-camioneta-en-el-ramal-camelinas-ocupante-resulta-herido\/","og_site_name":"Diario ABC de Michoac\u00e1n","article_published_time":"2025-03-09T17:26:55+00:00","og_image":[{"width":2560,"height":1441,"url":"https:\/\/diarioabcdemichoacan.com.mx\/lasnoticias\/wp-content\/uploads\/2025\/03\/IMG-20250309-WA0022-scaled.jpg","type":"image\/jpeg"}],"author":"MB","twitter_card":"summary_large_image","twitter_misc":{"Escrito por":"MB","Tiempo de lectura":"2 minutos"},"schema":{"@context":"https:\/\/schema.org","@graph":[{"@type":"WebPage","@id":"https:\/\/diarioabcdemichoacan.com.mx\/lasnoticias\/se-registra-choque-de-camioneta-en-el-ramal-camelinas-ocupante-resulta-herido\/","url":"https:\/\/diarioabcdemichoacan.com.mx\/lasnoticias\/se-registra-choque-de-camioneta-en-el-ramal-camelinas-ocupante-resulta-herido\/","name":"Se registra choque de camioneta en el Ramal Camelinas; ocupante resulta herido - Diario ABC de Michoac\u00e1n","isPartOf":{"@id":"https:\/\/diarioabcdemichoacan.com.mx\/lasnoticias\/#website"},"primaryImageOfPage":{"@id":"https:\/\/diarioabcdemichoacan.com.mx\/lasnoticias\/se-registra-choque-de-camioneta-en-el-ramal-camelinas-ocupante-resulta-herido\/#primaryimage"},"image":{"@id":"https:\/\/diarioabcdemichoacan.com.mx\/lasnoticias\/se-registra-choque-de-camioneta-en-el-ramal-camelinas-ocupante-resulta-herido\/#primaryimage"},"thumbnailUrl":"https:\/\/diarioabcdemichoacan.com.mx\/lasnoticias\/wp-content\/uploads\/2025\/03\/IMG-20250309-WA0022-scaled.jpg","datePublished":"2025-03-09T17:26:55+00:00","dateModified":"2025-03-09T17:26:55+00:00","author":{"@id":"https:\/\/diarioabcdemichoacan.com.mx\/lasnoticias\/#\/schema\/person\/0546f9c3407148f7452ca932715c5e88"},"breadcrumb":{"@id":"https:\/\/diarioabcdemichoacan.com.mx\/lasnoticias\/se-registra-choque-de-camioneta-en-el-ramal-camelinas-ocupante-resulta-herido\/#breadcrumb"},"inLanguage":"es","potentialAction":[{"@type":"ReadAction","target":["https:\/\/diarioabcdemichoacan.com.mx\/lasnoticias\/se-registra-choque-de-camioneta-en-el-ramal-camelinas-ocupante-resulta-herido\/"]}]},{"@type":"ImageObject","inLanguage":"es","@id":"https:\/\/diarioabcdemichoacan.com.mx\/lasnoticias\/se-registra-choque-de-camioneta-en-el-ramal-camelinas-ocupante-resulta-herido\/#primaryimage","url":"https:\/\/diarioabcdemichoacan.com.mx\/lasnoticias\/wp-content\/uploads\/2025\/03\/IMG-20250309-WA0022-scaled.jpg","contentUrl":"https:\/\/diarioabcdemichoacan.com.mx\/lasnoticias\/wp-content\/uploads\/2025\/03\/IMG-20250309-WA0022-scaled.jpg","width":2560,"height":1441},{"@type":"BreadcrumbList","@id":"https:\/\/diarioabcdemichoacan.com.mx\/lasnoticias\/se-registra-choque-de-camioneta-en-el-ramal-camelinas-ocupante-resulta-herido\/#breadcrumb","itemListElement":[{"@type":"ListItem","position":1,"name":"Portada","item":"https:\/\/diarioabcdemichoacan.com.mx\/lasnoticias\/"},{"@type":"ListItem","position":2,"name":"Se registra choque de camioneta en el Ramal Camelinas; ocupante resulta herido"}]},{"@type":"WebSite","@id":"https:\/\/diarioabcdemichoacan.com.mx\/lasnoticias\/#website","url":"https:\/\/diarioabcdemichoacan.com.mx\/lasnoticias\/","name":"Diario ABC de Michoac\u00e1n","description":"Las noticias al momento","potentialAction":[{"@type":"SearchAction","target":{"@type":"EntryPoint","urlTemplate":"https:\/\/diarioabcdemichoacan.com.mx\/lasnoticias\/?s={search_term_string}"},"query-input":{"@type":"PropertyValueSpecification","valueRequired":true,"valueName":"search_term_string"}}],"inLanguage":"es"},{"@type":"Person","@id":"https:\/\/diarioabcdemichoacan.com.mx\/lasnoticias\/#\/schema\/person\/0546f9c3407148f7452ca932715c5e88","name":"MB","image":{"@type":"ImageObject","inLanguage":"es","@id":"https:\/\/diarioabcdemichoacan.com.mx\/lasnoticias\/#\/schema\/person\/image\/","url":"https:\/\/secure.gravatar.com\/avatar\/adcd41fde6b8d0b5d9d0de001d3112b3?s=96&d=mm&r=g","contentUrl":"https:\/\/secure.gravatar.com\/avatar\/adcd41fde6b8d0b5d9d0de001d3112b3?s=96&d=mm&r=g","caption":"MB"},"url":"https:\/\/diarioabcdemichoacan.com.mx\/lasnoticias\/author\/bomariano03\/"}]}},"_links":{"self":[{"href":"https:\/\/diarioabcdemichoacan.com.mx\/lasnoticias\/wp-json\/wp\/v2\/posts\/50072","targetHints":{"allow":["GET"]}}],"collection":[{"href":"https:\/\/diarioabcdemichoacan.com.mx\/lasnoticias\/wp-json\/wp\/v2\/posts"}],"about":[{"href":"https:\/\/diarioabcdemichoacan.com.mx\/lasnoticias\/wp-json\/wp\/v2\/types\/post"}],"author":[{"embeddable":true,"href":"https:\/\/diarioabcdemichoacan.com.mx\/lasnoticias\/wp-json\/wp\/v2\/users\/6"}],"replies":[{"embeddable":true,"href":"https:\/\/diarioabcdemichoacan.com.mx\/lasnoticias\/wp-json\/wp\/v2\/comments?post=50072"}],"version-history":[{"count":1,"href":"https:\/\/diarioabcdemichoacan.com.mx\/lasnoticias\/wp-json\/wp\/v2\/posts\/50072\/revisions"}],"predecessor-version":[{"id":50075,"href":"https:\/\/diarioabcdemichoacan.com.mx\/lasnoticias\/wp-json\/wp\/v2\/posts\/50072\/revisions\/50075"}],"wp:featuredmedia":[{"embeddable":true,"href":"https:\/\/diarioabcdemichoacan.com.mx\/lasnoticias\/wp-json\/wp\/v2\/media\/50074"}],"wp:attachment":[{"href":"https:\/\/diarioabcdemichoacan.com.mx\/lasnoticias\/wp-json\/wp\/v2\/media?parent=50072"}],"wp:term":[{"taxonomy":"category","embeddable":true,"href":"https:\/\/diarioabcdemichoacan.com.mx\/lasnoticias\/wp-json\/wp\/v2\/categories?post=50072"},{"taxonomy":"post_tag","embeddable":true,"href":"https:\/\/diarioabcdemichoacan.com.mx\/lasnoticias\/wp-json\/wp\/v2\/tags?post=50072"}],"curies":[{"name":"wp","href":"https:\/\/api.w.org\/{rel}","templated":true}]}}