{"id":50081,"date":"2025-03-09T13:23:09","date_gmt":"2025-03-09T19:23:09","guid":{"rendered":"https:\/\/diarioabcdemichoacan.com.mx\/lasnoticias\/?p=50081"},"modified":"2025-03-09T13:23:09","modified_gmt":"2025-03-09T19:23:09","slug":"se-registra-incendio-de-casa-en-la-colonia-moreliana-wenceslao-victoria","status":"publish","type":"post","link":"https:\/\/diarioabcdemichoacan.com.mx\/lasnoticias\/se-registra-incendio-de-casa-en-la-colonia-moreliana-wenceslao-victoria\/","title":{"rendered":"Se registra incendio de casa en la colonia moreliana Wenceslao Victoria"},"content":{"rendered":"<p>\u00danicamente hubo afectaciones materiales<\/p>\n<p>Por Juan Manuel \u00c1lvarez<\/p>\n<hr \/>\n<p>Morelia, Mich.- Un incendio de casa habitaci\u00f3n se registr\u00f3 la ma\u00f1ana de este domingo en la colonia moreliana Wenceslao Victoria, hecho que s\u00f3lo dej\u00f3 da\u00f1os materiales, informaron fuentes policiales y de rescate.<\/p>\n<p>El inmueble donde ocurri\u00f3 el siniestro se localiza en la calle Esteban P\u00e1ez. Unos vecinos se organizaron para combatir la lumbre con cubetadas de agua, adem\u00e1s avisaron al n\u00famero de emergencias 911.<\/p>\n<p>En el sitio se presentaron unos bomberos, quienes r\u00e1pidamente atacaron el fuego con chorros de agua a presi\u00f3n hasta que lo sofocaron. Por fortuna no hubo personas lesionadas.<\/p>\n<p>Se recomienda a los habitantes no dejar veladoras encendidas, aparatos el\u00e9ctricos conectados y revisar las instalaciones de gas y luz, a efecto de evitar situaciones como la ya relatada.<\/p>\n<p><img loading=\"lazy\" decoding=\"async\" class=\"alignnone size-full wp-image-50084\" src=\"https:\/\/diarioabcdemichoacan.com.mx\/lasnoticias\/wp-content\/uploads\/2025\/03\/IMG-20250309-WA0028.jpg\" alt=\"\" width=\"627\" height=\"1397\" srcset=\"https:\/\/diarioabcdemichoacan.com.mx\/lasnoticias\/wp-content\/uploads\/2025\/03\/IMG-20250309-WA0028.jpg 627w, https:\/\/diarioabcdemichoacan.com.mx\/lasnoticias\/wp-content\/uploads\/2025\/03\/IMG-20250309-WA0028-224x500.jpg 224w, https:\/\/diarioabcdemichoacan.com.mx\/lasnoticias\/wp-content\/uploads\/2025\/03\/IMG-20250309-WA0028-460x1024.jpg 460w, https:\/\/diarioabcdemichoacan.com.mx\/lasnoticias\/wp-content\/uploads\/2025\/03\/IMG-20250309-WA0028-189x420.jpg 189w, https:\/\/diarioabcdemichoacan.com.mx\/lasnoticias\/wp-content\/uploads\/2025\/03\/IMG-20250309-WA0028-150x334.jpg 150w, https:\/\/diarioabcdemichoacan.com.mx\/lasnoticias\/wp-content\/uploads\/2025\/03\/IMG-20250309-WA0028-300x668.jpg 300w\" sizes=\"auto, (max-width: 627px) 100vw, 627px\" \/><\/p>\n","protected":false},"excerpt":{"rendered":"<p>\u00danicamente hubo afectaciones materiales Por Juan Manuel \u00c1lvarez Morelia, Mich.- Un incendio de casa habitaci\u00f3n se registr\u00f3 la ma\u00f1ana de este domingo en la colonia moreliana Wenceslao Victoria, hecho que s\u00f3lo dej\u00f3 da\u00f1os materiales, informaron fuentes policiales y de rescate. El inmueble donde ocurri\u00f3 el siniestro se localiza en la calle Esteban P\u00e1ez. Unos vecinos [&hellip;]<\/p>\n","protected":false},"author":6,"featured_media":50083,"comment_status":"closed","ping_status":"closed","sticky":false,"template":"","format":"standard","meta":{"footnotes":""},"categories":[7,26],"tags":[],"class_list":{"0":"post-50081","1":"post","2":"type-post","3":"status-publish","4":"format-standard","5":"has-post-thumbnail","7":"category-morelia","8":"category-nota-roja"},"yoast_head":"<!-- This site is optimized with the Yoast SEO plugin v24.0 - https:\/\/yoast.com\/wordpress\/plugins\/seo\/ -->\n<title>Se registra incendio de casa en la colonia moreliana Wenceslao Victoria - Diario ABC de Michoac\u00e1n<\/title>\n<meta name=\"robots\" content=\"index, follow, max-snippet:-1, max-image-preview:large, max-video-preview:-1\" \/>\n<link rel=\"canonical\" href=\"https:\/\/diarioabcdemichoacan.com.mx\/lasnoticias\/se-registra-incendio-de-casa-en-la-colonia-moreliana-wenceslao-victoria\/\" \/>\n<meta property=\"og:locale\" content=\"es_ES\" \/>\n<meta property=\"og:type\" content=\"article\" \/>\n<meta property=\"og:title\" content=\"Se registra incendio de casa en la colonia moreliana Wenceslao Victoria - Diario ABC de Michoac\u00e1n\" \/>\n<meta property=\"og:description\" content=\"\u00danicamente hubo afectaciones materiales Por Juan Manuel \u00c1lvarez Morelia, Mich.- Un incendio de casa habitaci\u00f3n se registr\u00f3 la ma\u00f1ana de este domingo en la colonia moreliana Wenceslao Victoria, hecho que s\u00f3lo dej\u00f3 da\u00f1os materiales, informaron fuentes policiales y de rescate. El inmueble donde ocurri\u00f3 el siniestro se localiza en la calle Esteban P\u00e1ez. Unos vecinos [&hellip;]\" \/>\n<meta property=\"og:url\" content=\"https:\/\/diarioabcdemichoacan.com.mx\/lasnoticias\/se-registra-incendio-de-casa-en-la-colonia-moreliana-wenceslao-victoria\/\" \/>\n<meta property=\"og:site_name\" content=\"Diario ABC de Michoac\u00e1n\" \/>\n<meta property=\"article:published_time\" content=\"2025-03-09T19:23:09+00:00\" \/>\n<meta property=\"og:image\" content=\"https:\/\/diarioabcdemichoacan.com.mx\/lasnoticias\/wp-content\/uploads\/2025\/03\/IMG-20250309-WA0027.jpg\" \/>\n\t<meta property=\"og:image:width\" content=\"899\" \/>\n\t<meta property=\"og:image:height\" content=\"871\" \/>\n\t<meta property=\"og:image:type\" content=\"image\/jpeg\" \/>\n<meta name=\"author\" content=\"MB\" \/>\n<meta name=\"twitter:card\" content=\"summary_large_image\" \/>\n<meta name=\"twitter:label1\" content=\"Escrito por\" \/>\n\t<meta name=\"twitter:data1\" content=\"MB\" \/>\n\t<meta name=\"twitter:label2\" content=\"Tiempo de lectura\" \/>\n\t<meta name=\"twitter:data2\" content=\"1 minuto\" \/>\n<script type=\"application\/ld+json\" class=\"yoast-schema-graph\">{\"@context\":\"https:\/\/schema.org\",\"@graph\":[{\"@type\":\"WebPage\",\"@id\":\"https:\/\/diarioabcdemichoacan.com.mx\/lasnoticias\/se-registra-incendio-de-casa-en-la-colonia-moreliana-wenceslao-victoria\/\",\"url\":\"https:\/\/diarioabcdemichoacan.com.mx\/lasnoticias\/se-registra-incendio-de-casa-en-la-colonia-moreliana-wenceslao-victoria\/\",\"name\":\"Se registra incendio de casa en la colonia moreliana Wenceslao Victoria - Diario ABC de Michoac\u00e1n\",\"isPartOf\":{\"@id\":\"https:\/\/diarioabcdemichoacan.com.mx\/lasnoticias\/#website\"},\"primaryImageOfPage\":{\"@id\":\"https:\/\/diarioabcdemichoacan.com.mx\/lasnoticias\/se-registra-incendio-de-casa-en-la-colonia-moreliana-wenceslao-victoria\/#primaryimage\"},\"image\":{\"@id\":\"https:\/\/diarioabcdemichoacan.com.mx\/lasnoticias\/se-registra-incendio-de-casa-en-la-colonia-moreliana-wenceslao-victoria\/#primaryimage\"},\"thumbnailUrl\":\"https:\/\/diarioabcdemichoacan.com.mx\/lasnoticias\/wp-content\/uploads\/2025\/03\/IMG-20250309-WA0027.jpg\",\"datePublished\":\"2025-03-09T19:23:09+00:00\",\"dateModified\":\"2025-03-09T19:23:09+00:00\",\"author\":{\"@id\":\"https:\/\/diarioabcdemichoacan.com.mx\/lasnoticias\/#\/schema\/person\/0546f9c3407148f7452ca932715c5e88\"},\"breadcrumb\":{\"@id\":\"https:\/\/diarioabcdemichoacan.com.mx\/lasnoticias\/se-registra-incendio-de-casa-en-la-colonia-moreliana-wenceslao-victoria\/#breadcrumb\"},\"inLanguage\":\"es\",\"potentialAction\":[{\"@type\":\"ReadAction\",\"target\":[\"https:\/\/diarioabcdemichoacan.com.mx\/lasnoticias\/se-registra-incendio-de-casa-en-la-colonia-moreliana-wenceslao-victoria\/\"]}]},{\"@type\":\"ImageObject\",\"inLanguage\":\"es\",\"@id\":\"https:\/\/diarioabcdemichoacan.com.mx\/lasnoticias\/se-registra-incendio-de-casa-en-la-colonia-moreliana-wenceslao-victoria\/#primaryimage\",\"url\":\"https:\/\/diarioabcdemichoacan.com.mx\/lasnoticias\/wp-content\/uploads\/2025\/03\/IMG-20250309-WA0027.jpg\",\"contentUrl\":\"https:\/\/diarioabcdemichoacan.com.mx\/lasnoticias\/wp-content\/uploads\/2025\/03\/IMG-20250309-WA0027.jpg\",\"width\":899,\"height\":871},{\"@type\":\"BreadcrumbList\",\"@id\":\"https:\/\/diarioabcdemichoacan.com.mx\/lasnoticias\/se-registra-incendio-de-casa-en-la-colonia-moreliana-wenceslao-victoria\/#breadcrumb\",\"itemListElement\":[{\"@type\":\"ListItem\",\"position\":1,\"name\":\"Portada\",\"item\":\"https:\/\/diarioabcdemichoacan.com.mx\/lasnoticias\/\"},{\"@type\":\"ListItem\",\"position\":2,\"name\":\"Se registra incendio de casa en la colonia moreliana Wenceslao Victoria\"}]},{\"@type\":\"WebSite\",\"@id\":\"https:\/\/diarioabcdemichoacan.com.mx\/lasnoticias\/#website\",\"url\":\"https:\/\/diarioabcdemichoacan.com.mx\/lasnoticias\/\",\"name\":\"Diario ABC de Michoac\u00e1n\",\"description\":\"Las noticias al momento\",\"potentialAction\":[{\"@type\":\"SearchAction\",\"target\":{\"@type\":\"EntryPoint\",\"urlTemplate\":\"https:\/\/diarioabcdemichoacan.com.mx\/lasnoticias\/?s={search_term_string}\"},\"query-input\":{\"@type\":\"PropertyValueSpecification\",\"valueRequired\":true,\"valueName\":\"search_term_string\"}}],\"inLanguage\":\"es\"},{\"@type\":\"Person\",\"@id\":\"https:\/\/diarioabcdemichoacan.com.mx\/lasnoticias\/#\/schema\/person\/0546f9c3407148f7452ca932715c5e88\",\"name\":\"MB\",\"image\":{\"@type\":\"ImageObject\",\"inLanguage\":\"es\",\"@id\":\"https:\/\/diarioabcdemichoacan.com.mx\/lasnoticias\/#\/schema\/person\/image\/\",\"url\":\"https:\/\/secure.gravatar.com\/avatar\/adcd41fde6b8d0b5d9d0de001d3112b3?s=96&d=mm&r=g\",\"contentUrl\":\"https:\/\/secure.gravatar.com\/avatar\/adcd41fde6b8d0b5d9d0de001d3112b3?s=96&d=mm&r=g\",\"caption\":\"MB\"},\"url\":\"https:\/\/diarioabcdemichoacan.com.mx\/lasnoticias\/author\/bomariano03\/\"}]}<\/script>\n<!-- \/ Yoast SEO plugin. -->","yoast_head_json":{"title":"Se registra incendio de casa en la colonia moreliana Wenceslao Victoria - Diario ABC de Michoac\u00e1n","robots":{"index":"index","follow":"follow","max-snippet":"max-snippet:-1","max-image-preview":"max-image-preview:large","max-video-preview":"max-video-preview:-1"},"canonical":"https:\/\/diarioabcdemichoacan.com.mx\/lasnoticias\/se-registra-incendio-de-casa-en-la-colonia-moreliana-wenceslao-victoria\/","og_locale":"es_ES","og_type":"article","og_title":"Se registra incendio de casa en la colonia moreliana Wenceslao Victoria - Diario ABC de Michoac\u00e1n","og_description":"\u00danicamente hubo afectaciones materiales Por Juan Manuel \u00c1lvarez Morelia, Mich.- Un incendio de casa habitaci\u00f3n se registr\u00f3 la ma\u00f1ana de este domingo en la colonia moreliana Wenceslao Victoria, hecho que s\u00f3lo dej\u00f3 da\u00f1os materiales, informaron fuentes policiales y de rescate. El inmueble donde ocurri\u00f3 el siniestro se localiza en la calle Esteban P\u00e1ez. Unos vecinos [&hellip;]","og_url":"https:\/\/diarioabcdemichoacan.com.mx\/lasnoticias\/se-registra-incendio-de-casa-en-la-colonia-moreliana-wenceslao-victoria\/","og_site_name":"Diario ABC de Michoac\u00e1n","article_published_time":"2025-03-09T19:23:09+00:00","og_image":[{"width":899,"height":871,"url":"https:\/\/diarioabcdemichoacan.com.mx\/lasnoticias\/wp-content\/uploads\/2025\/03\/IMG-20250309-WA0027.jpg","type":"image\/jpeg"}],"author":"MB","twitter_card":"summary_large_image","twitter_misc":{"Escrito por":"MB","Tiempo de lectura":"1 minuto"},"schema":{"@context":"https:\/\/schema.org","@graph":[{"@type":"WebPage","@id":"https:\/\/diarioabcdemichoacan.com.mx\/lasnoticias\/se-registra-incendio-de-casa-en-la-colonia-moreliana-wenceslao-victoria\/","url":"https:\/\/diarioabcdemichoacan.com.mx\/lasnoticias\/se-registra-incendio-de-casa-en-la-colonia-moreliana-wenceslao-victoria\/","name":"Se registra incendio de casa en la colonia moreliana Wenceslao Victoria - Diario ABC de Michoac\u00e1n","isPartOf":{"@id":"https:\/\/diarioabcdemichoacan.com.mx\/lasnoticias\/#website"},"primaryImageOfPage":{"@id":"https:\/\/diarioabcdemichoacan.com.mx\/lasnoticias\/se-registra-incendio-de-casa-en-la-colonia-moreliana-wenceslao-victoria\/#primaryimage"},"image":{"@id":"https:\/\/diarioabcdemichoacan.com.mx\/lasnoticias\/se-registra-incendio-de-casa-en-la-colonia-moreliana-wenceslao-victoria\/#primaryimage"},"thumbnailUrl":"https:\/\/diarioabcdemichoacan.com.mx\/lasnoticias\/wp-content\/uploads\/2025\/03\/IMG-20250309-WA0027.jpg","datePublished":"2025-03-09T19:23:09+00:00","dateModified":"2025-03-09T19:23:09+00:00","author":{"@id":"https:\/\/diarioabcdemichoacan.com.mx\/lasnoticias\/#\/schema\/person\/0546f9c3407148f7452ca932715c5e88"},"breadcrumb":{"@id":"https:\/\/diarioabcdemichoacan.com.mx\/lasnoticias\/se-registra-incendio-de-casa-en-la-colonia-moreliana-wenceslao-victoria\/#breadcrumb"},"inLanguage":"es","potentialAction":[{"@type":"ReadAction","target":["https:\/\/diarioabcdemichoacan.com.mx\/lasnoticias\/se-registra-incendio-de-casa-en-la-colonia-moreliana-wenceslao-victoria\/"]}]},{"@type":"ImageObject","inLanguage":"es","@id":"https:\/\/diarioabcdemichoacan.com.mx\/lasnoticias\/se-registra-incendio-de-casa-en-la-colonia-moreliana-wenceslao-victoria\/#primaryimage","url":"https:\/\/diarioabcdemichoacan.com.mx\/lasnoticias\/wp-content\/uploads\/2025\/03\/IMG-20250309-WA0027.jpg","contentUrl":"https:\/\/diarioabcdemichoacan.com.mx\/lasnoticias\/wp-content\/uploads\/2025\/03\/IMG-20250309-WA0027.jpg","width":899,"height":871},{"@type":"BreadcrumbList","@id":"https:\/\/diarioabcdemichoacan.com.mx\/lasnoticias\/se-registra-incendio-de-casa-en-la-colonia-moreliana-wenceslao-victoria\/#breadcrumb","itemListElement":[{"@type":"ListItem","position":1,"name":"Portada","item":"https:\/\/diarioabcdemichoacan.com.mx\/lasnoticias\/"},{"@type":"ListItem","position":2,"name":"Se registra incendio de casa en la colonia moreliana Wenceslao Victoria"}]},{"@type":"WebSite","@id":"https:\/\/diarioabcdemichoacan.com.mx\/lasnoticias\/#website","url":"https:\/\/diarioabcdemichoacan.com.mx\/lasnoticias\/","name":"Diario ABC de Michoac\u00e1n","description":"Las noticias al momento","potentialAction":[{"@type":"SearchAction","target":{"@type":"EntryPoint","urlTemplate":"https:\/\/diarioabcdemichoacan.com.mx\/lasnoticias\/?s={search_term_string}"},"query-input":{"@type":"PropertyValueSpecification","valueRequired":true,"valueName":"search_term_string"}}],"inLanguage":"es"},{"@type":"Person","@id":"https:\/\/diarioabcdemichoacan.com.mx\/lasnoticias\/#\/schema\/person\/0546f9c3407148f7452ca932715c5e88","name":"MB","image":{"@type":"ImageObject","inLanguage":"es","@id":"https:\/\/diarioabcdemichoacan.com.mx\/lasnoticias\/#\/schema\/person\/image\/","url":"https:\/\/secure.gravatar.com\/avatar\/adcd41fde6b8d0b5d9d0de001d3112b3?s=96&d=mm&r=g","contentUrl":"https:\/\/secure.gravatar.com\/avatar\/adcd41fde6b8d0b5d9d0de001d3112b3?s=96&d=mm&r=g","caption":"MB"},"url":"https:\/\/diarioabcdemichoacan.com.mx\/lasnoticias\/author\/bomariano03\/"}]}},"_links":{"self":[{"href":"https:\/\/diarioabcdemichoacan.com.mx\/lasnoticias\/wp-json\/wp\/v2\/posts\/50081","targetHints":{"allow":["GET"]}}],"collection":[{"href":"https:\/\/diarioabcdemichoacan.com.mx\/lasnoticias\/wp-json\/wp\/v2\/posts"}],"about":[{"href":"https:\/\/diarioabcdemichoacan.com.mx\/lasnoticias\/wp-json\/wp\/v2\/types\/post"}],"author":[{"embeddable":true,"href":"https:\/\/diarioabcdemichoacan.com.mx\/lasnoticias\/wp-json\/wp\/v2\/users\/6"}],"replies":[{"embeddable":true,"href":"https:\/\/diarioabcdemichoacan.com.mx\/lasnoticias\/wp-json\/wp\/v2\/comments?post=50081"}],"version-history":[{"count":2,"href":"https:\/\/diarioabcdemichoacan.com.mx\/lasnoticias\/wp-json\/wp\/v2\/posts\/50081\/revisions"}],"predecessor-version":[{"id":50085,"href":"https:\/\/diarioabcdemichoacan.com.mx\/lasnoticias\/wp-json\/wp\/v2\/posts\/50081\/revisions\/50085"}],"wp:featuredmedia":[{"embeddable":true,"href":"https:\/\/diarioabcdemichoacan.com.mx\/lasnoticias\/wp-json\/wp\/v2\/media\/50083"}],"wp:attachment":[{"href":"https:\/\/diarioabcdemichoacan.com.mx\/lasnoticias\/wp-json\/wp\/v2\/media?parent=50081"}],"wp:term":[{"taxonomy":"category","embeddable":true,"href":"https:\/\/diarioabcdemichoacan.com.mx\/lasnoticias\/wp-json\/wp\/v2\/categories?post=50081"},{"taxonomy":"post_tag","embeddable":true,"href":"https:\/\/diarioabcdemichoacan.com.mx\/lasnoticias\/wp-json\/wp\/v2\/tags?post=50081"}],"curies":[{"name":"wp","href":"https:\/\/api.w.org\/{rel}","templated":true}]}}