{"id":50680,"date":"2025-03-12T15:59:01","date_gmt":"2025-03-12T21:59:01","guid":{"rendered":"https:\/\/diarioabcdemichoacan.com.mx\/lasnoticias\/?p=50680"},"modified":"2025-03-12T15:59:01","modified_gmt":"2025-03-12T21:59:01","slug":"antonio-carreno-juicio-politico-contra-alcaldesa-sienta-un-precedente-peligroso-en-michoacan","status":"publish","type":"post","link":"https:\/\/diarioabcdemichoacan.com.mx\/lasnoticias\/antonio-carreno-juicio-politico-contra-alcaldesa-sienta-un-precedente-peligroso-en-michoacan\/","title":{"rendered":"Antonio Carre\u00f1o: Juicio pol\u00edtico contra alcaldesa sienta un precedente peligroso en Michoac\u00e1n"},"content":{"rendered":"<h6>Por Am\u00e9rica Ju\u00e1rez Navarro<\/h6>\n<hr \/>\n<p>Morelia, Mich. \u2013 El dirigente estatal de Movimiento Ciudadano (MC), Antonio Carre\u00f1o Sosa, denunci\u00f3 un incremento en los ataques pol\u00edticos contra su partido, especialmente en un momento en el que, seg\u00fan \u00e9l, ha logrado un crecimiento significativo tanto a nivel estatal como nacional.<\/p>\n<p>Durante una conferencia de prensa, Carre\u00f1o Sosa critic\u00f3 el juicio pol\u00edtico promovido contra la alcaldesa de Coalcom\u00e1n, Anavel \u00c1vila Castrej\u00f3n, se\u00f1alando que el Congreso de Michoac\u00e1n est\u00e1 adelantando sanciones sin llevar a cabo una investigaci\u00f3n formal ni contar con pruebas suficientes. Advirti\u00f3 que este tipo de acciones podr\u00edan sentar un precedente peligroso para la democracia en el estado.<\/p>\n<p>\u00abQue se hagan las investigaciones necesarias y que quien tenga que rendir cuentas, lo haga, sin importar el partido al que pertenezca. Pero cuando se imponen sanciones sin pruebas suficientes, se atenta contra la vida democr\u00e1tica del estado\u00bb, expres\u00f3 el l\u00edder de MC.<\/p>\n<p>Carre\u00f1o Sosa tambi\u00e9n cuestion\u00f3 el manejo del caso por parte del Congreso local, asegurando que las decisiones parecen responder a intereses pol\u00edticos m\u00e1s que a un proceso legal bien fundamentado. Adem\u00e1s, acus\u00f3 al Poder Legislativo de actuar bajo criterios de mayor\u00eda sin respetar los procedimientos establecidos en la Ley Org\u00e1nica del Congreso.<\/p>\n<p>En cuanto a la situaci\u00f3n de Movimiento Ciudadano, destac\u00f3 que su bancada continuar\u00e1 exigiendo que cualquier proceso legal se lleve a cabo con imparcialidad y transparencia. Atribuy\u00f3 los recientes ataques contra su partido al crecimiento que ha registrado en las encuestas, lo que, a su juicio, podr\u00eda estar motivando una estrategia de desprestigio en su contra.<\/p>\n","protected":false},"excerpt":{"rendered":"<p>Por Am\u00e9rica Ju\u00e1rez Navarro Morelia, Mich. \u2013 El dirigente estatal de Movimiento Ciudadano (MC), Antonio Carre\u00f1o Sosa, denunci\u00f3 un incremento en los ataques pol\u00edticos contra su partido, especialmente en un momento en el que, seg\u00fan \u00e9l, ha logrado un crecimiento significativo tanto a nivel estatal como nacional. Durante una conferencia de prensa, Carre\u00f1o Sosa critic\u00f3 [&hellip;]<\/p>\n","protected":false},"author":9,"featured_media":50681,"comment_status":"closed","ping_status":"closed","sticky":false,"template":"","format":"standard","meta":{"footnotes":""},"categories":[30,13,10,28,27],"tags":[],"class_list":{"0":"post-50680","1":"post","2":"type-post","3":"status-publish","4":"format-standard","5":"has-post-thumbnail","7":"category-columnas","8":"category-congreso","9":"category-estado","10":"category-politica","11":"category-slider"},"yoast_head":"<!-- This site is optimized with the Yoast SEO plugin v24.0 - https:\/\/yoast.com\/wordpress\/plugins\/seo\/ -->\n<title>Antonio Carre\u00f1o: Juicio pol\u00edtico contra alcaldesa sienta un precedente peligroso en Michoac\u00e1n - Diario ABC de Michoac\u00e1n<\/title>\n<meta name=\"robots\" content=\"index, follow, max-snippet:-1, max-image-preview:large, max-video-preview:-1\" \/>\n<link rel=\"canonical\" href=\"https:\/\/diarioabcdemichoacan.com.mx\/lasnoticias\/antonio-carreno-juicio-politico-contra-alcaldesa-sienta-un-precedente-peligroso-en-michoacan\/\" \/>\n<meta property=\"og:locale\" content=\"es_ES\" \/>\n<meta property=\"og:type\" content=\"article\" \/>\n<meta property=\"og:title\" content=\"Antonio Carre\u00f1o: Juicio pol\u00edtico contra alcaldesa sienta un precedente peligroso en Michoac\u00e1n - Diario ABC de Michoac\u00e1n\" \/>\n<meta property=\"og:description\" content=\"Por Am\u00e9rica Ju\u00e1rez Navarro Morelia, Mich. \u2013 El dirigente estatal de Movimiento Ciudadano (MC), Antonio Carre\u00f1o Sosa, denunci\u00f3 un incremento en los ataques pol\u00edticos contra su partido, especialmente en un momento en el que, seg\u00fan \u00e9l, ha logrado un crecimiento significativo tanto a nivel estatal como nacional. Durante una conferencia de prensa, Carre\u00f1o Sosa critic\u00f3 [&hellip;]\" \/>\n<meta property=\"og:url\" content=\"https:\/\/diarioabcdemichoacan.com.mx\/lasnoticias\/antonio-carreno-juicio-politico-contra-alcaldesa-sienta-un-precedente-peligroso-en-michoacan\/\" \/>\n<meta property=\"og:site_name\" content=\"Diario ABC de Michoac\u00e1n\" \/>\n<meta property=\"article:published_time\" content=\"2025-03-12T21:59:01+00:00\" \/>\n<meta property=\"og:image\" content=\"https:\/\/diarioabcdemichoacan.com.mx\/lasnoticias\/wp-content\/uploads\/2025\/03\/Imagen-de-WhatsApp-2025-03-12-a-las-15.56.19_8d9c026a.jpg\" \/>\n\t<meta property=\"og:image:width\" content=\"1280\" \/>\n\t<meta property=\"og:image:height\" content=\"720\" \/>\n\t<meta property=\"og:image:type\" content=\"image\/jpeg\" \/>\n<meta name=\"author\" content=\"AR\" \/>\n<meta name=\"twitter:card\" content=\"summary_large_image\" \/>\n<meta name=\"twitter:label1\" content=\"Escrito por\" \/>\n\t<meta name=\"twitter:data1\" content=\"AR\" \/>\n\t<meta name=\"twitter:label2\" content=\"Tiempo de lectura\" \/>\n\t<meta name=\"twitter:data2\" content=\"2 minutos\" \/>\n<script type=\"application\/ld+json\" class=\"yoast-schema-graph\">{\"@context\":\"https:\/\/schema.org\",\"@graph\":[{\"@type\":\"WebPage\",\"@id\":\"https:\/\/diarioabcdemichoacan.com.mx\/lasnoticias\/antonio-carreno-juicio-politico-contra-alcaldesa-sienta-un-precedente-peligroso-en-michoacan\/\",\"url\":\"https:\/\/diarioabcdemichoacan.com.mx\/lasnoticias\/antonio-carreno-juicio-politico-contra-alcaldesa-sienta-un-precedente-peligroso-en-michoacan\/\",\"name\":\"Antonio Carre\u00f1o: Juicio pol\u00edtico contra alcaldesa sienta un precedente peligroso en Michoac\u00e1n - Diario ABC de Michoac\u00e1n\",\"isPartOf\":{\"@id\":\"https:\/\/diarioabcdemichoacan.com.mx\/lasnoticias\/#website\"},\"primaryImageOfPage\":{\"@id\":\"https:\/\/diarioabcdemichoacan.com.mx\/lasnoticias\/antonio-carreno-juicio-politico-contra-alcaldesa-sienta-un-precedente-peligroso-en-michoacan\/#primaryimage\"},\"image\":{\"@id\":\"https:\/\/diarioabcdemichoacan.com.mx\/lasnoticias\/antonio-carreno-juicio-politico-contra-alcaldesa-sienta-un-precedente-peligroso-en-michoacan\/#primaryimage\"},\"thumbnailUrl\":\"https:\/\/diarioabcdemichoacan.com.mx\/lasnoticias\/wp-content\/uploads\/2025\/03\/Imagen-de-WhatsApp-2025-03-12-a-las-15.56.19_8d9c026a.jpg\",\"datePublished\":\"2025-03-12T21:59:01+00:00\",\"dateModified\":\"2025-03-12T21:59:01+00:00\",\"author\":{\"@id\":\"https:\/\/diarioabcdemichoacan.com.mx\/lasnoticias\/#\/schema\/person\/19ae376040f6cbc489682ebdd8524852\"},\"breadcrumb\":{\"@id\":\"https:\/\/diarioabcdemichoacan.com.mx\/lasnoticias\/antonio-carreno-juicio-politico-contra-alcaldesa-sienta-un-precedente-peligroso-en-michoacan\/#breadcrumb\"},\"inLanguage\":\"es\",\"potentialAction\":[{\"@type\":\"ReadAction\",\"target\":[\"https:\/\/diarioabcdemichoacan.com.mx\/lasnoticias\/antonio-carreno-juicio-politico-contra-alcaldesa-sienta-un-precedente-peligroso-en-michoacan\/\"]}]},{\"@type\":\"ImageObject\",\"inLanguage\":\"es\",\"@id\":\"https:\/\/diarioabcdemichoacan.com.mx\/lasnoticias\/antonio-carreno-juicio-politico-contra-alcaldesa-sienta-un-precedente-peligroso-en-michoacan\/#primaryimage\",\"url\":\"https:\/\/diarioabcdemichoacan.com.mx\/lasnoticias\/wp-content\/uploads\/2025\/03\/Imagen-de-WhatsApp-2025-03-12-a-las-15.56.19_8d9c026a.jpg\",\"contentUrl\":\"https:\/\/diarioabcdemichoacan.com.mx\/lasnoticias\/wp-content\/uploads\/2025\/03\/Imagen-de-WhatsApp-2025-03-12-a-las-15.56.19_8d9c026a.jpg\",\"width\":1280,\"height\":720},{\"@type\":\"BreadcrumbList\",\"@id\":\"https:\/\/diarioabcdemichoacan.com.mx\/lasnoticias\/antonio-carreno-juicio-politico-contra-alcaldesa-sienta-un-precedente-peligroso-en-michoacan\/#breadcrumb\",\"itemListElement\":[{\"@type\":\"ListItem\",\"position\":1,\"name\":\"Portada\",\"item\":\"https:\/\/diarioabcdemichoacan.com.mx\/lasnoticias\/\"},{\"@type\":\"ListItem\",\"position\":2,\"name\":\"Antonio Carre\u00f1o: Juicio pol\u00edtico contra alcaldesa sienta un precedente peligroso en Michoac\u00e1n\"}]},{\"@type\":\"WebSite\",\"@id\":\"https:\/\/diarioabcdemichoacan.com.mx\/lasnoticias\/#website\",\"url\":\"https:\/\/diarioabcdemichoacan.com.mx\/lasnoticias\/\",\"name\":\"Diario ABC de Michoac\u00e1n\",\"description\":\"Las noticias al momento\",\"potentialAction\":[{\"@type\":\"SearchAction\",\"target\":{\"@type\":\"EntryPoint\",\"urlTemplate\":\"https:\/\/diarioabcdemichoacan.com.mx\/lasnoticias\/?s={search_term_string}\"},\"query-input\":{\"@type\":\"PropertyValueSpecification\",\"valueRequired\":true,\"valueName\":\"search_term_string\"}}],\"inLanguage\":\"es\"},{\"@type\":\"Person\",\"@id\":\"https:\/\/diarioabcdemichoacan.com.mx\/lasnoticias\/#\/schema\/person\/19ae376040f6cbc489682ebdd8524852\",\"name\":\"AR\",\"image\":{\"@type\":\"ImageObject\",\"inLanguage\":\"es\",\"@id\":\"https:\/\/diarioabcdemichoacan.com.mx\/lasnoticias\/#\/schema\/person\/image\/\",\"url\":\"https:\/\/secure.gravatar.com\/avatar\/44eca2ff970262234e20e1e082872af0?s=96&d=mm&r=g\",\"contentUrl\":\"https:\/\/secure.gravatar.com\/avatar\/44eca2ff970262234e20e1e082872af0?s=96&d=mm&r=g\",\"caption\":\"AR\"},\"url\":\"https:\/\/diarioabcdemichoacan.com.mx\/lasnoticias\/author\/adrian\/\"}]}<\/script>\n<!-- \/ Yoast SEO plugin. -->","yoast_head_json":{"title":"Antonio Carre\u00f1o: Juicio pol\u00edtico contra alcaldesa sienta un precedente peligroso en Michoac\u00e1n - Diario ABC de Michoac\u00e1n","robots":{"index":"index","follow":"follow","max-snippet":"max-snippet:-1","max-image-preview":"max-image-preview:large","max-video-preview":"max-video-preview:-1"},"canonical":"https:\/\/diarioabcdemichoacan.com.mx\/lasnoticias\/antonio-carreno-juicio-politico-contra-alcaldesa-sienta-un-precedente-peligroso-en-michoacan\/","og_locale":"es_ES","og_type":"article","og_title":"Antonio Carre\u00f1o: Juicio pol\u00edtico contra alcaldesa sienta un precedente peligroso en Michoac\u00e1n - Diario ABC de Michoac\u00e1n","og_description":"Por Am\u00e9rica Ju\u00e1rez Navarro Morelia, Mich. \u2013 El dirigente estatal de Movimiento Ciudadano (MC), Antonio Carre\u00f1o Sosa, denunci\u00f3 un incremento en los ataques pol\u00edticos contra su partido, especialmente en un momento en el que, seg\u00fan \u00e9l, ha logrado un crecimiento significativo tanto a nivel estatal como nacional. Durante una conferencia de prensa, Carre\u00f1o Sosa critic\u00f3 [&hellip;]","og_url":"https:\/\/diarioabcdemichoacan.com.mx\/lasnoticias\/antonio-carreno-juicio-politico-contra-alcaldesa-sienta-un-precedente-peligroso-en-michoacan\/","og_site_name":"Diario ABC de Michoac\u00e1n","article_published_time":"2025-03-12T21:59:01+00:00","og_image":[{"width":1280,"height":720,"url":"https:\/\/diarioabcdemichoacan.com.mx\/lasnoticias\/wp-content\/uploads\/2025\/03\/Imagen-de-WhatsApp-2025-03-12-a-las-15.56.19_8d9c026a.jpg","type":"image\/jpeg"}],"author":"AR","twitter_card":"summary_large_image","twitter_misc":{"Escrito por":"AR","Tiempo de lectura":"2 minutos"},"schema":{"@context":"https:\/\/schema.org","@graph":[{"@type":"WebPage","@id":"https:\/\/diarioabcdemichoacan.com.mx\/lasnoticias\/antonio-carreno-juicio-politico-contra-alcaldesa-sienta-un-precedente-peligroso-en-michoacan\/","url":"https:\/\/diarioabcdemichoacan.com.mx\/lasnoticias\/antonio-carreno-juicio-politico-contra-alcaldesa-sienta-un-precedente-peligroso-en-michoacan\/","name":"Antonio Carre\u00f1o: Juicio pol\u00edtico contra alcaldesa sienta un precedente peligroso en Michoac\u00e1n - Diario ABC de Michoac\u00e1n","isPartOf":{"@id":"https:\/\/diarioabcdemichoacan.com.mx\/lasnoticias\/#website"},"primaryImageOfPage":{"@id":"https:\/\/diarioabcdemichoacan.com.mx\/lasnoticias\/antonio-carreno-juicio-politico-contra-alcaldesa-sienta-un-precedente-peligroso-en-michoacan\/#primaryimage"},"image":{"@id":"https:\/\/diarioabcdemichoacan.com.mx\/lasnoticias\/antonio-carreno-juicio-politico-contra-alcaldesa-sienta-un-precedente-peligroso-en-michoacan\/#primaryimage"},"thumbnailUrl":"https:\/\/diarioabcdemichoacan.com.mx\/lasnoticias\/wp-content\/uploads\/2025\/03\/Imagen-de-WhatsApp-2025-03-12-a-las-15.56.19_8d9c026a.jpg","datePublished":"2025-03-12T21:59:01+00:00","dateModified":"2025-03-12T21:59:01+00:00","author":{"@id":"https:\/\/diarioabcdemichoacan.com.mx\/lasnoticias\/#\/schema\/person\/19ae376040f6cbc489682ebdd8524852"},"breadcrumb":{"@id":"https:\/\/diarioabcdemichoacan.com.mx\/lasnoticias\/antonio-carreno-juicio-politico-contra-alcaldesa-sienta-un-precedente-peligroso-en-michoacan\/#breadcrumb"},"inLanguage":"es","potentialAction":[{"@type":"ReadAction","target":["https:\/\/diarioabcdemichoacan.com.mx\/lasnoticias\/antonio-carreno-juicio-politico-contra-alcaldesa-sienta-un-precedente-peligroso-en-michoacan\/"]}]},{"@type":"ImageObject","inLanguage":"es","@id":"https:\/\/diarioabcdemichoacan.com.mx\/lasnoticias\/antonio-carreno-juicio-politico-contra-alcaldesa-sienta-un-precedente-peligroso-en-michoacan\/#primaryimage","url":"https:\/\/diarioabcdemichoacan.com.mx\/lasnoticias\/wp-content\/uploads\/2025\/03\/Imagen-de-WhatsApp-2025-03-12-a-las-15.56.19_8d9c026a.jpg","contentUrl":"https:\/\/diarioabcdemichoacan.com.mx\/lasnoticias\/wp-content\/uploads\/2025\/03\/Imagen-de-WhatsApp-2025-03-12-a-las-15.56.19_8d9c026a.jpg","width":1280,"height":720},{"@type":"BreadcrumbList","@id":"https:\/\/diarioabcdemichoacan.com.mx\/lasnoticias\/antonio-carreno-juicio-politico-contra-alcaldesa-sienta-un-precedente-peligroso-en-michoacan\/#breadcrumb","itemListElement":[{"@type":"ListItem","position":1,"name":"Portada","item":"https:\/\/diarioabcdemichoacan.com.mx\/lasnoticias\/"},{"@type":"ListItem","position":2,"name":"Antonio Carre\u00f1o: Juicio pol\u00edtico contra alcaldesa sienta un precedente peligroso en Michoac\u00e1n"}]},{"@type":"WebSite","@id":"https:\/\/diarioabcdemichoacan.com.mx\/lasnoticias\/#website","url":"https:\/\/diarioabcdemichoacan.com.mx\/lasnoticias\/","name":"Diario ABC de Michoac\u00e1n","description":"Las noticias al momento","potentialAction":[{"@type":"SearchAction","target":{"@type":"EntryPoint","urlTemplate":"https:\/\/diarioabcdemichoacan.com.mx\/lasnoticias\/?s={search_term_string}"},"query-input":{"@type":"PropertyValueSpecification","valueRequired":true,"valueName":"search_term_string"}}],"inLanguage":"es"},{"@type":"Person","@id":"https:\/\/diarioabcdemichoacan.com.mx\/lasnoticias\/#\/schema\/person\/19ae376040f6cbc489682ebdd8524852","name":"AR","image":{"@type":"ImageObject","inLanguage":"es","@id":"https:\/\/diarioabcdemichoacan.com.mx\/lasnoticias\/#\/schema\/person\/image\/","url":"https:\/\/secure.gravatar.com\/avatar\/44eca2ff970262234e20e1e082872af0?s=96&d=mm&r=g","contentUrl":"https:\/\/secure.gravatar.com\/avatar\/44eca2ff970262234e20e1e082872af0?s=96&d=mm&r=g","caption":"AR"},"url":"https:\/\/diarioabcdemichoacan.com.mx\/lasnoticias\/author\/adrian\/"}]}},"_links":{"self":[{"href":"https:\/\/diarioabcdemichoacan.com.mx\/lasnoticias\/wp-json\/wp\/v2\/posts\/50680","targetHints":{"allow":["GET"]}}],"collection":[{"href":"https:\/\/diarioabcdemichoacan.com.mx\/lasnoticias\/wp-json\/wp\/v2\/posts"}],"about":[{"href":"https:\/\/diarioabcdemichoacan.com.mx\/lasnoticias\/wp-json\/wp\/v2\/types\/post"}],"author":[{"embeddable":true,"href":"https:\/\/diarioabcdemichoacan.com.mx\/lasnoticias\/wp-json\/wp\/v2\/users\/9"}],"replies":[{"embeddable":true,"href":"https:\/\/diarioabcdemichoacan.com.mx\/lasnoticias\/wp-json\/wp\/v2\/comments?post=50680"}],"version-history":[{"count":1,"href":"https:\/\/diarioabcdemichoacan.com.mx\/lasnoticias\/wp-json\/wp\/v2\/posts\/50680\/revisions"}],"predecessor-version":[{"id":50682,"href":"https:\/\/diarioabcdemichoacan.com.mx\/lasnoticias\/wp-json\/wp\/v2\/posts\/50680\/revisions\/50682"}],"wp:featuredmedia":[{"embeddable":true,"href":"https:\/\/diarioabcdemichoacan.com.mx\/lasnoticias\/wp-json\/wp\/v2\/media\/50681"}],"wp:attachment":[{"href":"https:\/\/diarioabcdemichoacan.com.mx\/lasnoticias\/wp-json\/wp\/v2\/media?parent=50680"}],"wp:term":[{"taxonomy":"category","embeddable":true,"href":"https:\/\/diarioabcdemichoacan.com.mx\/lasnoticias\/wp-json\/wp\/v2\/categories?post=50680"},{"taxonomy":"post_tag","embeddable":true,"href":"https:\/\/diarioabcdemichoacan.com.mx\/lasnoticias\/wp-json\/wp\/v2\/tags?post=50680"}],"curies":[{"name":"wp","href":"https:\/\/api.w.org\/{rel}","templated":true}]}}