{"id":50683,"date":"2025-03-12T16:34:17","date_gmt":"2025-03-12T22:34:17","guid":{"rendered":"https:\/\/diarioabcdemichoacan.com.mx\/lasnoticias\/?p=50683"},"modified":"2025-03-12T16:34:17","modified_gmt":"2025-03-12T22:34:17","slug":"movilizaciones-no-son-organizadas-por-el-partido-son-voluntarias-morena","status":"publish","type":"post","link":"https:\/\/diarioabcdemichoacan.com.mx\/lasnoticias\/movilizaciones-no-son-organizadas-por-el-partido-son-voluntarias-morena\/","title":{"rendered":"Movilizaciones no son organizadas por el partido, son voluntarias: Morena"},"content":{"rendered":"<h6>Am\u00e9rica Ju\u00e1rez Navarro<\/h6>\n<hr \/>\n<p>Morelia, Mich.- El dirigente estatal de Morena, Jes\u00fas Mora Gonz\u00e1lez y el secretario de finanzas de este partido Rigoberto Verduzco M\u00e1rquez, aseguraron que las movilizaciones en espacios p\u00fablicos, como el Z\u00f3calo de Ciudad de M\u00e9xico, no son organizadas ni financiadas por el partido, sino que se llevan a cabo por la voluntad de los ciudadanos.<\/p>\n<p>Rigoberto M\u00e1rquez Verduzco, Secretario de Finanzas del Comit\u00e9 Ejecutivo Estatal de Morena, rechaz\u00f3 haber destinado recurso alguno para el mitin del domingo ocurrido en el Z\u00f3calo Capitalino, que ten\u00eda como fin apoyar a Claudia Sheinbaum Pardo.<\/p>\n<p>Detall\u00f3 que el financiamiento p\u00fablico de los partidos est\u00e1 establecido por la ley, y que los recursos se distribuyen anualmente en funci\u00f3n de las prerrogativas asignadas. Morena, se\u00f1al\u00f3, recibe cerca de 80 millones de pesos al a\u00f1o, lo que equivale a aproximadamente 4 millones mensuales. Sin embargo, dej\u00f3 claro que no es posible gastar m\u00e1s de lo que se asigna mensualmente. En caso de necesitar un gasto extra, este debe ser justificado mediante donaciones o aportaciones, y todo debe estar registrado y fiscalizado por las autoridades correspondientes.<\/p>\n<p>\u00abNo hemos ocupado al partido para llenar el Z\u00f3calo, somos hombres de lucha, de izquierda, es una forma de manifestarnos en el Z\u00f3calo, hemos sido a veces sin saber qu\u00e9 vamos a echar de lonche y otras con lonche tambi\u00e9n, pero hemos sido organizados y ordenados. Entonces financieramente es imposible que un partido politico saque recurso para hacer una movilizaci\u00f3n.Yo le recuerdo al dirigente del PRI que haya lo que se llama finalidad partidista. Esa finalidad partidista nos determina si es o no es ese dinero lo que nos da el recurso\u00bb, expuso.<\/p>\n<p>Subray\u00f3 que, a diferencia de otros partidos como el PRI, Morena ha mantenido una estricta disciplina financiera, lo que ha resultado en una baja cantidad de sanciones. Explic\u00f3 que el partido de L\u00f3pez Obrador ha sido auditado y fiscalizado, y a pesar de los grandes gastos en campa\u00f1a, las multas que se han impuesto han sido m\u00ednimas. En contraste, mencion\u00f3 que el PRI enfrenta una multa de 4 millones de pesos por irregularidades financieras.<\/p>\n<p>A su vez, Jes\u00fas Mora Gonz\u00e1lez, l\u00edder estatal de Morena, expres\u00f3 su postura sobre la movilizaci\u00f3n pol\u00edtica de su partido, destacando la organizaci\u00f3n voluntaria y el uso de recursos propios por parte de los militantes. En su intervenci\u00f3n, Mora explic\u00f3 que el Comit\u00e9 Ejecutivo Estatal no organiza movilizaciones masivas con recursos p\u00fablicos, sino que se organizan por su cuenta, a menudo rentando autobuses o utilizando veh\u00edculos propios para acudir a eventos, como los que se realizan en el Z\u00f3calo de Ciudad de M\u00e9xico.<\/p>\n<p>\u00abLa obligaci\u00f3n del Comit\u00e9 Ejecutivo Estatal para la movilizaci\u00f3n, los compa\u00f1eros y compa\u00f1eras se organizan, rentan un cami\u00f3n o un autob\u00fas, tampoco se van caminando de aqu\u00ed al Z\u00f3calo, o se van por sus propios medios en veh\u00edculos, porque estamos convencidos de que con un pueblo organizado, un pueblo informado y un pueblo movilizado, la transformaci\u00f3n del pa\u00eds se hace de manera m\u00e1s efectiva\u00bb, dijo.<\/p>\n<p>Mora enfatiz\u00f3 que Morena est\u00e1 convencido de que la transformaci\u00f3n del pa\u00eds solo es posible con un pueblo organizado, informado y movilizado. Afirm\u00f3 que el PRI, a diferencia de Morena, sigue anclado en pr\u00e1cticas del pasado, como las movilizaciones forzadas de la \u00e9poca de Gustavo D\u00edaz Ordaz, Luis Echeverr\u00eda y Carlos Salinas de Gortari, quienes, seg\u00fan el l\u00edder de Morena, recurr\u00edan a la coacci\u00f3n para llenar plazas y aplaudir a los l\u00edderes, incluso durante momentos oscuros de la historia como la matanza de Tlatelolco y la crisis econ\u00f3mica de los a\u00f1os 80.<\/p>\n<p>En cuanto al PAN, Mora critic\u00f3 la falta de capacidad del partido para convocar a grandes movilizaciones, comparando su capacidad organizativa con la de Morena, que ha logrado llenar el Z\u00f3calo en m\u00e1s de 100 ocasiones. Seg\u00fan Mora, el PAN y el PRI no comprenden c\u00f3mo lo hace Morena, ya que est\u00e1n acostumbrados a resolver todo \u00aba billetazos\u00bb, mientras que el partido de L\u00f3pez Obrador organiza sus movilizaciones de manera coordinada y sin recurrir a recursos p\u00fablicos.<\/p>\n","protected":false},"excerpt":{"rendered":"<p>Am\u00e9rica Ju\u00e1rez Navarro Morelia, Mich.- El dirigente estatal de Morena, Jes\u00fas Mora Gonz\u00e1lez y el secretario de finanzas de este partido Rigoberto Verduzco M\u00e1rquez, aseguraron que las movilizaciones en espacios p\u00fablicos, como el Z\u00f3calo de Ciudad de M\u00e9xico, no son organizadas ni financiadas por el partido, sino que se llevan a cabo por la voluntad [&hellip;]<\/p>\n","protected":false},"author":9,"featured_media":50685,"comment_status":"closed","ping_status":"closed","sticky":false,"template":"","format":"standard","meta":{"footnotes":""},"categories":[30,28,27],"tags":[],"class_list":{"0":"post-50683","1":"post","2":"type-post","3":"status-publish","4":"format-standard","5":"has-post-thumbnail","7":"category-columnas","8":"category-politica","9":"category-slider"},"yoast_head":"<!-- This site is optimized with the Yoast SEO plugin v24.0 - https:\/\/yoast.com\/wordpress\/plugins\/seo\/ -->\n<title>Movilizaciones no son organizadas por el partido, son voluntarias: Morena - Diario ABC de Michoac\u00e1n<\/title>\n<meta name=\"robots\" content=\"index, follow, max-snippet:-1, max-image-preview:large, max-video-preview:-1\" \/>\n<link rel=\"canonical\" href=\"https:\/\/diarioabcdemichoacan.com.mx\/lasnoticias\/movilizaciones-no-son-organizadas-por-el-partido-son-voluntarias-morena\/\" \/>\n<meta property=\"og:locale\" content=\"es_ES\" \/>\n<meta property=\"og:type\" content=\"article\" \/>\n<meta property=\"og:title\" content=\"Movilizaciones no son organizadas por el partido, son voluntarias: Morena - Diario ABC de Michoac\u00e1n\" \/>\n<meta property=\"og:description\" content=\"Am\u00e9rica Ju\u00e1rez Navarro Morelia, Mich.- El dirigente estatal de Morena, Jes\u00fas Mora Gonz\u00e1lez y el secretario de finanzas de este partido Rigoberto Verduzco M\u00e1rquez, aseguraron que las movilizaciones en espacios p\u00fablicos, como el Z\u00f3calo de Ciudad de M\u00e9xico, no son organizadas ni financiadas por el partido, sino que se llevan a cabo por la voluntad [&hellip;]\" \/>\n<meta property=\"og:url\" content=\"https:\/\/diarioabcdemichoacan.com.mx\/lasnoticias\/movilizaciones-no-son-organizadas-por-el-partido-son-voluntarias-morena\/\" \/>\n<meta property=\"og:site_name\" content=\"Diario ABC de Michoac\u00e1n\" \/>\n<meta property=\"article:published_time\" content=\"2025-03-12T22:34:17+00:00\" \/>\n<meta property=\"og:image\" content=\"https:\/\/diarioabcdemichoacan.com.mx\/lasnoticias\/wp-content\/uploads\/2025\/03\/Imagen-de-WhatsApp-2025-03-12-a-las-16.30.25_9f2220c0.jpg\" \/>\n\t<meta property=\"og:image:width\" content=\"1599\" \/>\n\t<meta property=\"og:image:height\" content=\"899\" \/>\n\t<meta property=\"og:image:type\" content=\"image\/jpeg\" \/>\n<meta name=\"author\" content=\"AR\" \/>\n<meta name=\"twitter:card\" content=\"summary_large_image\" \/>\n<meta name=\"twitter:label1\" content=\"Escrito por\" \/>\n\t<meta name=\"twitter:data1\" content=\"AR\" \/>\n\t<meta name=\"twitter:label2\" content=\"Tiempo de lectura\" \/>\n\t<meta name=\"twitter:data2\" content=\"4 minutos\" \/>\n<script type=\"application\/ld+json\" class=\"yoast-schema-graph\">{\"@context\":\"https:\/\/schema.org\",\"@graph\":[{\"@type\":\"WebPage\",\"@id\":\"https:\/\/diarioabcdemichoacan.com.mx\/lasnoticias\/movilizaciones-no-son-organizadas-por-el-partido-son-voluntarias-morena\/\",\"url\":\"https:\/\/diarioabcdemichoacan.com.mx\/lasnoticias\/movilizaciones-no-son-organizadas-por-el-partido-son-voluntarias-morena\/\",\"name\":\"Movilizaciones no son organizadas por el partido, son voluntarias: Morena - Diario ABC de Michoac\u00e1n\",\"isPartOf\":{\"@id\":\"https:\/\/diarioabcdemichoacan.com.mx\/lasnoticias\/#website\"},\"primaryImageOfPage\":{\"@id\":\"https:\/\/diarioabcdemichoacan.com.mx\/lasnoticias\/movilizaciones-no-son-organizadas-por-el-partido-son-voluntarias-morena\/#primaryimage\"},\"image\":{\"@id\":\"https:\/\/diarioabcdemichoacan.com.mx\/lasnoticias\/movilizaciones-no-son-organizadas-por-el-partido-son-voluntarias-morena\/#primaryimage\"},\"thumbnailUrl\":\"https:\/\/diarioabcdemichoacan.com.mx\/lasnoticias\/wp-content\/uploads\/2025\/03\/Imagen-de-WhatsApp-2025-03-12-a-las-16.30.25_9f2220c0.jpg\",\"datePublished\":\"2025-03-12T22:34:17+00:00\",\"dateModified\":\"2025-03-12T22:34:17+00:00\",\"author\":{\"@id\":\"https:\/\/diarioabcdemichoacan.com.mx\/lasnoticias\/#\/schema\/person\/19ae376040f6cbc489682ebdd8524852\"},\"breadcrumb\":{\"@id\":\"https:\/\/diarioabcdemichoacan.com.mx\/lasnoticias\/movilizaciones-no-son-organizadas-por-el-partido-son-voluntarias-morena\/#breadcrumb\"},\"inLanguage\":\"es\",\"potentialAction\":[{\"@type\":\"ReadAction\",\"target\":[\"https:\/\/diarioabcdemichoacan.com.mx\/lasnoticias\/movilizaciones-no-son-organizadas-por-el-partido-son-voluntarias-morena\/\"]}]},{\"@type\":\"ImageObject\",\"inLanguage\":\"es\",\"@id\":\"https:\/\/diarioabcdemichoacan.com.mx\/lasnoticias\/movilizaciones-no-son-organizadas-por-el-partido-son-voluntarias-morena\/#primaryimage\",\"url\":\"https:\/\/diarioabcdemichoacan.com.mx\/lasnoticias\/wp-content\/uploads\/2025\/03\/Imagen-de-WhatsApp-2025-03-12-a-las-16.30.25_9f2220c0.jpg\",\"contentUrl\":\"https:\/\/diarioabcdemichoacan.com.mx\/lasnoticias\/wp-content\/uploads\/2025\/03\/Imagen-de-WhatsApp-2025-03-12-a-las-16.30.25_9f2220c0.jpg\",\"width\":1599,\"height\":899},{\"@type\":\"BreadcrumbList\",\"@id\":\"https:\/\/diarioabcdemichoacan.com.mx\/lasnoticias\/movilizaciones-no-son-organizadas-por-el-partido-son-voluntarias-morena\/#breadcrumb\",\"itemListElement\":[{\"@type\":\"ListItem\",\"position\":1,\"name\":\"Portada\",\"item\":\"https:\/\/diarioabcdemichoacan.com.mx\/lasnoticias\/\"},{\"@type\":\"ListItem\",\"position\":2,\"name\":\"Movilizaciones no son organizadas por el partido, son voluntarias: Morena\"}]},{\"@type\":\"WebSite\",\"@id\":\"https:\/\/diarioabcdemichoacan.com.mx\/lasnoticias\/#website\",\"url\":\"https:\/\/diarioabcdemichoacan.com.mx\/lasnoticias\/\",\"name\":\"Diario ABC de Michoac\u00e1n\",\"description\":\"Las noticias al momento\",\"potentialAction\":[{\"@type\":\"SearchAction\",\"target\":{\"@type\":\"EntryPoint\",\"urlTemplate\":\"https:\/\/diarioabcdemichoacan.com.mx\/lasnoticias\/?s={search_term_string}\"},\"query-input\":{\"@type\":\"PropertyValueSpecification\",\"valueRequired\":true,\"valueName\":\"search_term_string\"}}],\"inLanguage\":\"es\"},{\"@type\":\"Person\",\"@id\":\"https:\/\/diarioabcdemichoacan.com.mx\/lasnoticias\/#\/schema\/person\/19ae376040f6cbc489682ebdd8524852\",\"name\":\"AR\",\"image\":{\"@type\":\"ImageObject\",\"inLanguage\":\"es\",\"@id\":\"https:\/\/diarioabcdemichoacan.com.mx\/lasnoticias\/#\/schema\/person\/image\/\",\"url\":\"https:\/\/secure.gravatar.com\/avatar\/44eca2ff970262234e20e1e082872af0?s=96&d=mm&r=g\",\"contentUrl\":\"https:\/\/secure.gravatar.com\/avatar\/44eca2ff970262234e20e1e082872af0?s=96&d=mm&r=g\",\"caption\":\"AR\"},\"url\":\"https:\/\/diarioabcdemichoacan.com.mx\/lasnoticias\/author\/adrian\/\"}]}<\/script>\n<!-- \/ Yoast SEO plugin. -->","yoast_head_json":{"title":"Movilizaciones no son organizadas por el partido, son voluntarias: Morena - Diario ABC de Michoac\u00e1n","robots":{"index":"index","follow":"follow","max-snippet":"max-snippet:-1","max-image-preview":"max-image-preview:large","max-video-preview":"max-video-preview:-1"},"canonical":"https:\/\/diarioabcdemichoacan.com.mx\/lasnoticias\/movilizaciones-no-son-organizadas-por-el-partido-son-voluntarias-morena\/","og_locale":"es_ES","og_type":"article","og_title":"Movilizaciones no son organizadas por el partido, son voluntarias: Morena - Diario ABC de Michoac\u00e1n","og_description":"Am\u00e9rica Ju\u00e1rez Navarro Morelia, Mich.- El dirigente estatal de Morena, Jes\u00fas Mora Gonz\u00e1lez y el secretario de finanzas de este partido Rigoberto Verduzco M\u00e1rquez, aseguraron que las movilizaciones en espacios p\u00fablicos, como el Z\u00f3calo de Ciudad de M\u00e9xico, no son organizadas ni financiadas por el partido, sino que se llevan a cabo por la voluntad [&hellip;]","og_url":"https:\/\/diarioabcdemichoacan.com.mx\/lasnoticias\/movilizaciones-no-son-organizadas-por-el-partido-son-voluntarias-morena\/","og_site_name":"Diario ABC de Michoac\u00e1n","article_published_time":"2025-03-12T22:34:17+00:00","og_image":[{"width":1599,"height":899,"url":"https:\/\/diarioabcdemichoacan.com.mx\/lasnoticias\/wp-content\/uploads\/2025\/03\/Imagen-de-WhatsApp-2025-03-12-a-las-16.30.25_9f2220c0.jpg","type":"image\/jpeg"}],"author":"AR","twitter_card":"summary_large_image","twitter_misc":{"Escrito por":"AR","Tiempo de lectura":"4 minutos"},"schema":{"@context":"https:\/\/schema.org","@graph":[{"@type":"WebPage","@id":"https:\/\/diarioabcdemichoacan.com.mx\/lasnoticias\/movilizaciones-no-son-organizadas-por-el-partido-son-voluntarias-morena\/","url":"https:\/\/diarioabcdemichoacan.com.mx\/lasnoticias\/movilizaciones-no-son-organizadas-por-el-partido-son-voluntarias-morena\/","name":"Movilizaciones no son organizadas por el partido, son voluntarias: Morena - Diario ABC de Michoac\u00e1n","isPartOf":{"@id":"https:\/\/diarioabcdemichoacan.com.mx\/lasnoticias\/#website"},"primaryImageOfPage":{"@id":"https:\/\/diarioabcdemichoacan.com.mx\/lasnoticias\/movilizaciones-no-son-organizadas-por-el-partido-son-voluntarias-morena\/#primaryimage"},"image":{"@id":"https:\/\/diarioabcdemichoacan.com.mx\/lasnoticias\/movilizaciones-no-son-organizadas-por-el-partido-son-voluntarias-morena\/#primaryimage"},"thumbnailUrl":"https:\/\/diarioabcdemichoacan.com.mx\/lasnoticias\/wp-content\/uploads\/2025\/03\/Imagen-de-WhatsApp-2025-03-12-a-las-16.30.25_9f2220c0.jpg","datePublished":"2025-03-12T22:34:17+00:00","dateModified":"2025-03-12T22:34:17+00:00","author":{"@id":"https:\/\/diarioabcdemichoacan.com.mx\/lasnoticias\/#\/schema\/person\/19ae376040f6cbc489682ebdd8524852"},"breadcrumb":{"@id":"https:\/\/diarioabcdemichoacan.com.mx\/lasnoticias\/movilizaciones-no-son-organizadas-por-el-partido-son-voluntarias-morena\/#breadcrumb"},"inLanguage":"es","potentialAction":[{"@type":"ReadAction","target":["https:\/\/diarioabcdemichoacan.com.mx\/lasnoticias\/movilizaciones-no-son-organizadas-por-el-partido-son-voluntarias-morena\/"]}]},{"@type":"ImageObject","inLanguage":"es","@id":"https:\/\/diarioabcdemichoacan.com.mx\/lasnoticias\/movilizaciones-no-son-organizadas-por-el-partido-son-voluntarias-morena\/#primaryimage","url":"https:\/\/diarioabcdemichoacan.com.mx\/lasnoticias\/wp-content\/uploads\/2025\/03\/Imagen-de-WhatsApp-2025-03-12-a-las-16.30.25_9f2220c0.jpg","contentUrl":"https:\/\/diarioabcdemichoacan.com.mx\/lasnoticias\/wp-content\/uploads\/2025\/03\/Imagen-de-WhatsApp-2025-03-12-a-las-16.30.25_9f2220c0.jpg","width":1599,"height":899},{"@type":"BreadcrumbList","@id":"https:\/\/diarioabcdemichoacan.com.mx\/lasnoticias\/movilizaciones-no-son-organizadas-por-el-partido-son-voluntarias-morena\/#breadcrumb","itemListElement":[{"@type":"ListItem","position":1,"name":"Portada","item":"https:\/\/diarioabcdemichoacan.com.mx\/lasnoticias\/"},{"@type":"ListItem","position":2,"name":"Movilizaciones no son organizadas por el partido, son voluntarias: Morena"}]},{"@type":"WebSite","@id":"https:\/\/diarioabcdemichoacan.com.mx\/lasnoticias\/#website","url":"https:\/\/diarioabcdemichoacan.com.mx\/lasnoticias\/","name":"Diario ABC de Michoac\u00e1n","description":"Las noticias al momento","potentialAction":[{"@type":"SearchAction","target":{"@type":"EntryPoint","urlTemplate":"https:\/\/diarioabcdemichoacan.com.mx\/lasnoticias\/?s={search_term_string}"},"query-input":{"@type":"PropertyValueSpecification","valueRequired":true,"valueName":"search_term_string"}}],"inLanguage":"es"},{"@type":"Person","@id":"https:\/\/diarioabcdemichoacan.com.mx\/lasnoticias\/#\/schema\/person\/19ae376040f6cbc489682ebdd8524852","name":"AR","image":{"@type":"ImageObject","inLanguage":"es","@id":"https:\/\/diarioabcdemichoacan.com.mx\/lasnoticias\/#\/schema\/person\/image\/","url":"https:\/\/secure.gravatar.com\/avatar\/44eca2ff970262234e20e1e082872af0?s=96&d=mm&r=g","contentUrl":"https:\/\/secure.gravatar.com\/avatar\/44eca2ff970262234e20e1e082872af0?s=96&d=mm&r=g","caption":"AR"},"url":"https:\/\/diarioabcdemichoacan.com.mx\/lasnoticias\/author\/adrian\/"}]}},"_links":{"self":[{"href":"https:\/\/diarioabcdemichoacan.com.mx\/lasnoticias\/wp-json\/wp\/v2\/posts\/50683","targetHints":{"allow":["GET"]}}],"collection":[{"href":"https:\/\/diarioabcdemichoacan.com.mx\/lasnoticias\/wp-json\/wp\/v2\/posts"}],"about":[{"href":"https:\/\/diarioabcdemichoacan.com.mx\/lasnoticias\/wp-json\/wp\/v2\/types\/post"}],"author":[{"embeddable":true,"href":"https:\/\/diarioabcdemichoacan.com.mx\/lasnoticias\/wp-json\/wp\/v2\/users\/9"}],"replies":[{"embeddable":true,"href":"https:\/\/diarioabcdemichoacan.com.mx\/lasnoticias\/wp-json\/wp\/v2\/comments?post=50683"}],"version-history":[{"count":1,"href":"https:\/\/diarioabcdemichoacan.com.mx\/lasnoticias\/wp-json\/wp\/v2\/posts\/50683\/revisions"}],"predecessor-version":[{"id":50687,"href":"https:\/\/diarioabcdemichoacan.com.mx\/lasnoticias\/wp-json\/wp\/v2\/posts\/50683\/revisions\/50687"}],"wp:featuredmedia":[{"embeddable":true,"href":"https:\/\/diarioabcdemichoacan.com.mx\/lasnoticias\/wp-json\/wp\/v2\/media\/50685"}],"wp:attachment":[{"href":"https:\/\/diarioabcdemichoacan.com.mx\/lasnoticias\/wp-json\/wp\/v2\/media?parent=50683"}],"wp:term":[{"taxonomy":"category","embeddable":true,"href":"https:\/\/diarioabcdemichoacan.com.mx\/lasnoticias\/wp-json\/wp\/v2\/categories?post=50683"},{"taxonomy":"post_tag","embeddable":true,"href":"https:\/\/diarioabcdemichoacan.com.mx\/lasnoticias\/wp-json\/wp\/v2\/tags?post=50683"}],"curies":[{"name":"wp","href":"https:\/\/api.w.org\/{rel}","templated":true}]}}