{"id":51607,"date":"2025-03-19T13:51:32","date_gmt":"2025-03-19T19:51:32","guid":{"rendered":"https:\/\/diarioabcdemichoacan.com.mx\/lasnoticias\/?p=51607"},"modified":"2025-03-19T13:51:32","modified_gmt":"2025-03-19T19:51:32","slug":"alfonso-martinez-reconoce-a-jovenes-morelianos-campeones-de-futbol-7","status":"publish","type":"post","link":"https:\/\/diarioabcdemichoacan.com.mx\/lasnoticias\/alfonso-martinez-reconoce-a-jovenes-morelianos-campeones-de-futbol-7\/","title":{"rendered":"Alfonso Mart\u00ednez reconoce a j\u00f3venes morelianos campeones de F\u00fatbol 7"},"content":{"rendered":"<h2>Entreg\u00f3 mejoras a las instalaciones de la Unidad Deportiva 150.<\/h2>\n<ul>\n<li>Alent\u00f3 a morelianos campeones mundiales de la disciplina.<\/li>\n<\/ul>\n<p>&nbsp;<\/p>\n<hr \/>\n<p>Morelia, Mich.- El presidente municipal, Alfonso Mart\u00ednez Alc\u00e1zar, reconoci\u00f3 a los j\u00f3venes morelianos campeones de la Copa de Naciones de F\u00fatbol 7 y les hizo entrega de las mejoras a su cancha e instalaciones, como parte del impulso al deporte y la juventud de la capital michoacana.<\/p>\n<p>\u201cEs ser sorprendente lo que han logrado, chavos, con su disciplina, su entrenamiento y sus ganas de jugar f\u00fatbol, pero la satisfacci\u00f3n es que van a Europa, que es donde se ve el f\u00fatbol m\u00e1s importante del mundo y ustedes ganan\u201d, expres\u00f3 el edil moreliano.<\/p>\n<p><img loading=\"lazy\" decoding=\"async\" class=\"alignnone size-medium wp-image-51610\" src=\"https:\/\/diarioabcdemichoacan.com.mx\/lasnoticias\/wp-content\/uploads\/2025\/03\/Imagen-de-WhatsApp-2025-03-19-a-las-13.41.13_0de2b0fb-500x333.jpg\" alt=\"\" width=\"500\" height=\"333\" srcset=\"https:\/\/diarioabcdemichoacan.com.mx\/lasnoticias\/wp-content\/uploads\/2025\/03\/Imagen-de-WhatsApp-2025-03-19-a-las-13.41.13_0de2b0fb-500x333.jpg 500w, https:\/\/diarioabcdemichoacan.com.mx\/lasnoticias\/wp-content\/uploads\/2025\/03\/Imagen-de-WhatsApp-2025-03-19-a-las-13.41.13_0de2b0fb-1024x682.jpg 1024w, https:\/\/diarioabcdemichoacan.com.mx\/lasnoticias\/wp-content\/uploads\/2025\/03\/Imagen-de-WhatsApp-2025-03-19-a-las-13.41.13_0de2b0fb-768x512.jpg 768w, https:\/\/diarioabcdemichoacan.com.mx\/lasnoticias\/wp-content\/uploads\/2025\/03\/Imagen-de-WhatsApp-2025-03-19-a-las-13.41.13_0de2b0fb-630x420.jpg 630w, https:\/\/diarioabcdemichoacan.com.mx\/lasnoticias\/wp-content\/uploads\/2025\/03\/Imagen-de-WhatsApp-2025-03-19-a-las-13.41.13_0de2b0fb-150x100.jpg 150w, https:\/\/diarioabcdemichoacan.com.mx\/lasnoticias\/wp-content\/uploads\/2025\/03\/Imagen-de-WhatsApp-2025-03-19-a-las-13.41.13_0de2b0fb-300x200.jpg 300w, https:\/\/diarioabcdemichoacan.com.mx\/lasnoticias\/wp-content\/uploads\/2025\/03\/Imagen-de-WhatsApp-2025-03-19-a-las-13.41.13_0de2b0fb-696x464.jpg 696w, https:\/\/diarioabcdemichoacan.com.mx\/lasnoticias\/wp-content\/uploads\/2025\/03\/Imagen-de-WhatsApp-2025-03-19-a-las-13.41.13_0de2b0fb-1068x712.jpg 1068w, https:\/\/diarioabcdemichoacan.com.mx\/lasnoticias\/wp-content\/uploads\/2025\/03\/Imagen-de-WhatsApp-2025-03-19-a-las-13.41.13_0de2b0fb.jpg 1280w\" sizes=\"auto, (max-width: 500px) 100vw, 500px\" \/><\/p>\n<p>Este reconocimiento se dio durante la entrega de mejoras a la Unidad Deportiva 150 del Instituto Municipal de Cultura F\u00edsica y Deporte (Imcufide), la cual se ubica en la colonia Industrial y ahora cuenta con vestidores, regaderas, malla perimetral e iluminaci\u00f3n nocturna.<\/p>\n<p>Mientras que el alcalde otorg\u00f3 un reconocimiento simb\u00f3lico al sub-capit\u00e1n del equipo, los jugadores le entregaron una camiseta firmada por todos los competidores que resultaron campeones en Europa, quienes tuvieron el respaldo del Gobierno de Morelia para su viaje.<\/p>\n<p><img loading=\"lazy\" decoding=\"async\" class=\"alignnone size-medium wp-image-51609\" src=\"https:\/\/diarioabcdemichoacan.com.mx\/lasnoticias\/wp-content\/uploads\/2025\/03\/Imagen-de-WhatsApp-2025-03-19-a-las-13.41.14_7a03ef0a-500x333.jpg\" alt=\"\" width=\"500\" height=\"333\" srcset=\"https:\/\/diarioabcdemichoacan.com.mx\/lasnoticias\/wp-content\/uploads\/2025\/03\/Imagen-de-WhatsApp-2025-03-19-a-las-13.41.14_7a03ef0a-500x333.jpg 500w, https:\/\/diarioabcdemichoacan.com.mx\/lasnoticias\/wp-content\/uploads\/2025\/03\/Imagen-de-WhatsApp-2025-03-19-a-las-13.41.14_7a03ef0a-1024x682.jpg 1024w, https:\/\/diarioabcdemichoacan.com.mx\/lasnoticias\/wp-content\/uploads\/2025\/03\/Imagen-de-WhatsApp-2025-03-19-a-las-13.41.14_7a03ef0a-768x512.jpg 768w, https:\/\/diarioabcdemichoacan.com.mx\/lasnoticias\/wp-content\/uploads\/2025\/03\/Imagen-de-WhatsApp-2025-03-19-a-las-13.41.14_7a03ef0a-630x420.jpg 630w, https:\/\/diarioabcdemichoacan.com.mx\/lasnoticias\/wp-content\/uploads\/2025\/03\/Imagen-de-WhatsApp-2025-03-19-a-las-13.41.14_7a03ef0a-150x100.jpg 150w, https:\/\/diarioabcdemichoacan.com.mx\/lasnoticias\/wp-content\/uploads\/2025\/03\/Imagen-de-WhatsApp-2025-03-19-a-las-13.41.14_7a03ef0a-300x200.jpg 300w, https:\/\/diarioabcdemichoacan.com.mx\/lasnoticias\/wp-content\/uploads\/2025\/03\/Imagen-de-WhatsApp-2025-03-19-a-las-13.41.14_7a03ef0a-696x464.jpg 696w, https:\/\/diarioabcdemichoacan.com.mx\/lasnoticias\/wp-content\/uploads\/2025\/03\/Imagen-de-WhatsApp-2025-03-19-a-las-13.41.14_7a03ef0a-1068x712.jpg 1068w, https:\/\/diarioabcdemichoacan.com.mx\/lasnoticias\/wp-content\/uploads\/2025\/03\/Imagen-de-WhatsApp-2025-03-19-a-las-13.41.14_7a03ef0a.jpg 1280w\" sizes=\"auto, (max-width: 500px) 100vw, 500px\" \/><\/p>\n<p>\u201cQueremos darles las gracias por el apoyo a cada uno de nosotros para poder representar a nuestro pa\u00eds en el continente europeo. Creo que desde que salimos de la ciudad \u00edbamos con la mentalidad de traer esa copa a casa, y as\u00ed fue\u201d, expres\u00f3 el sub-capit\u00e1n del equipo, Mario Rojas Ayala.<\/p>\n<p>El director t\u00e9cnico de la Selecci\u00f3n Mexicana IFA 7, Walterio Mart\u00ednez B\u00e1ez, secund\u00f3: \u201cSin tu apoyo no hubiera sido posible que cumpli\u00e9ramos el sue\u00f1o, tu servidor y los j\u00f3venes de aqu\u00ed. As\u00ed como Morelia est\u00e1 brillando, hoy el F\u00fatbol 7 en M\u00e9xico y el Mundo tambi\u00e9n est\u00e1 brillando\u201d.<\/p>\n<p>En el evento tambi\u00e9n estuvieron presentes, dando su respaldo a esta iniciativa, el secretario de obras p\u00fablicas, Juan Fernando Sosa Tapia; la secretaria de desarrollo urbano y movilidad, Joanna Moreno Manzo; el director general del DIF Morelia, Jos\u00e9 Manuel \u00c1lvarez Lucio; el director del Imcufide, Pablo C\u00e9sar S\u00e1nchez Silva; y el asesor del programa Estrellas del Ma\u00f1ana, Carlos Adri\u00e1n Morales Higuera.<\/p>\n","protected":false},"excerpt":{"rendered":"<p>Entreg\u00f3 mejoras a las instalaciones de la Unidad Deportiva 150. Alent\u00f3 a morelianos campeones mundiales de la disciplina. &nbsp; Morelia, Mich.- El presidente municipal, Alfonso Mart\u00ednez Alc\u00e1zar, reconoci\u00f3 a los j\u00f3venes morelianos campeones de la Copa de Naciones de F\u00fatbol 7 y les hizo entrega de las mejoras a su cancha e instalaciones, como parte [&hellip;]<\/p>\n","protected":false},"author":9,"featured_media":51608,"comment_status":"closed","ping_status":"closed","sticky":false,"template":"","format":"standard","meta":{"footnotes":""},"categories":[18,14,7,28,27],"tags":[],"class_list":{"0":"post-51607","1":"post","2":"type-post","3":"status-publish","4":"format-standard","5":"has-post-thumbnail","7":"category-ayuntamiento-de-morelia","8":"category-deportes","9":"category-morelia","10":"category-politica","11":"category-slider"},"yoast_head":"<!-- This site is optimized with the Yoast SEO plugin v24.0 - https:\/\/yoast.com\/wordpress\/plugins\/seo\/ -->\n<title>Alfonso Mart\u00ednez reconoce a j\u00f3venes morelianos campeones de F\u00fatbol 7 - Diario ABC de Michoac\u00e1n<\/title>\n<meta name=\"robots\" content=\"index, follow, max-snippet:-1, max-image-preview:large, max-video-preview:-1\" \/>\n<link rel=\"canonical\" href=\"https:\/\/diarioabcdemichoacan.com.mx\/lasnoticias\/alfonso-martinez-reconoce-a-jovenes-morelianos-campeones-de-futbol-7\/\" \/>\n<meta property=\"og:locale\" content=\"es_ES\" \/>\n<meta property=\"og:type\" content=\"article\" \/>\n<meta property=\"og:title\" content=\"Alfonso Mart\u00ednez reconoce a j\u00f3venes morelianos campeones de F\u00fatbol 7 - Diario ABC de Michoac\u00e1n\" \/>\n<meta property=\"og:description\" content=\"Entreg\u00f3 mejoras a las instalaciones de la Unidad Deportiva 150. Alent\u00f3 a morelianos campeones mundiales de la disciplina. &nbsp; Morelia, Mich.- El presidente municipal, Alfonso Mart\u00ednez Alc\u00e1zar, reconoci\u00f3 a los j\u00f3venes morelianos campeones de la Copa de Naciones de F\u00fatbol 7 y les hizo entrega de las mejoras a su cancha e instalaciones, como parte [&hellip;]\" \/>\n<meta property=\"og:url\" content=\"https:\/\/diarioabcdemichoacan.com.mx\/lasnoticias\/alfonso-martinez-reconoce-a-jovenes-morelianos-campeones-de-futbol-7\/\" \/>\n<meta property=\"og:site_name\" content=\"Diario ABC de Michoac\u00e1n\" \/>\n<meta property=\"article:published_time\" content=\"2025-03-19T19:51:32+00:00\" \/>\n<meta property=\"og:image\" content=\"https:\/\/diarioabcdemichoacan.com.mx\/lasnoticias\/wp-content\/uploads\/2025\/03\/Imagen-de-WhatsApp-2025-03-19-a-las-13.41.14_4a2d3320.jpg\" \/>\n\t<meta property=\"og:image:width\" content=\"1280\" \/>\n\t<meta property=\"og:image:height\" content=\"853\" \/>\n\t<meta property=\"og:image:type\" content=\"image\/jpeg\" \/>\n<meta name=\"author\" content=\"AR\" \/>\n<meta name=\"twitter:card\" content=\"summary_large_image\" \/>\n<meta name=\"twitter:label1\" content=\"Escrito por\" \/>\n\t<meta name=\"twitter:data1\" content=\"AR\" \/>\n\t<meta name=\"twitter:label2\" content=\"Tiempo de lectura\" \/>\n\t<meta name=\"twitter:data2\" content=\"3 minutos\" \/>\n<script type=\"application\/ld+json\" class=\"yoast-schema-graph\">{\"@context\":\"https:\/\/schema.org\",\"@graph\":[{\"@type\":\"WebPage\",\"@id\":\"https:\/\/diarioabcdemichoacan.com.mx\/lasnoticias\/alfonso-martinez-reconoce-a-jovenes-morelianos-campeones-de-futbol-7\/\",\"url\":\"https:\/\/diarioabcdemichoacan.com.mx\/lasnoticias\/alfonso-martinez-reconoce-a-jovenes-morelianos-campeones-de-futbol-7\/\",\"name\":\"Alfonso Mart\u00ednez reconoce a j\u00f3venes morelianos campeones de F\u00fatbol 7 - Diario ABC de Michoac\u00e1n\",\"isPartOf\":{\"@id\":\"https:\/\/diarioabcdemichoacan.com.mx\/lasnoticias\/#website\"},\"primaryImageOfPage\":{\"@id\":\"https:\/\/diarioabcdemichoacan.com.mx\/lasnoticias\/alfonso-martinez-reconoce-a-jovenes-morelianos-campeones-de-futbol-7\/#primaryimage\"},\"image\":{\"@id\":\"https:\/\/diarioabcdemichoacan.com.mx\/lasnoticias\/alfonso-martinez-reconoce-a-jovenes-morelianos-campeones-de-futbol-7\/#primaryimage\"},\"thumbnailUrl\":\"https:\/\/diarioabcdemichoacan.com.mx\/lasnoticias\/wp-content\/uploads\/2025\/03\/Imagen-de-WhatsApp-2025-03-19-a-las-13.41.14_4a2d3320.jpg\",\"datePublished\":\"2025-03-19T19:51:32+00:00\",\"dateModified\":\"2025-03-19T19:51:32+00:00\",\"author\":{\"@id\":\"https:\/\/diarioabcdemichoacan.com.mx\/lasnoticias\/#\/schema\/person\/19ae376040f6cbc489682ebdd8524852\"},\"breadcrumb\":{\"@id\":\"https:\/\/diarioabcdemichoacan.com.mx\/lasnoticias\/alfonso-martinez-reconoce-a-jovenes-morelianos-campeones-de-futbol-7\/#breadcrumb\"},\"inLanguage\":\"es\",\"potentialAction\":[{\"@type\":\"ReadAction\",\"target\":[\"https:\/\/diarioabcdemichoacan.com.mx\/lasnoticias\/alfonso-martinez-reconoce-a-jovenes-morelianos-campeones-de-futbol-7\/\"]}]},{\"@type\":\"ImageObject\",\"inLanguage\":\"es\",\"@id\":\"https:\/\/diarioabcdemichoacan.com.mx\/lasnoticias\/alfonso-martinez-reconoce-a-jovenes-morelianos-campeones-de-futbol-7\/#primaryimage\",\"url\":\"https:\/\/diarioabcdemichoacan.com.mx\/lasnoticias\/wp-content\/uploads\/2025\/03\/Imagen-de-WhatsApp-2025-03-19-a-las-13.41.14_4a2d3320.jpg\",\"contentUrl\":\"https:\/\/diarioabcdemichoacan.com.mx\/lasnoticias\/wp-content\/uploads\/2025\/03\/Imagen-de-WhatsApp-2025-03-19-a-las-13.41.14_4a2d3320.jpg\",\"width\":1280,\"height\":853},{\"@type\":\"BreadcrumbList\",\"@id\":\"https:\/\/diarioabcdemichoacan.com.mx\/lasnoticias\/alfonso-martinez-reconoce-a-jovenes-morelianos-campeones-de-futbol-7\/#breadcrumb\",\"itemListElement\":[{\"@type\":\"ListItem\",\"position\":1,\"name\":\"Portada\",\"item\":\"https:\/\/diarioabcdemichoacan.com.mx\/lasnoticias\/\"},{\"@type\":\"ListItem\",\"position\":2,\"name\":\"Alfonso Mart\u00ednez reconoce a j\u00f3venes morelianos campeones de F\u00fatbol 7\"}]},{\"@type\":\"WebSite\",\"@id\":\"https:\/\/diarioabcdemichoacan.com.mx\/lasnoticias\/#website\",\"url\":\"https:\/\/diarioabcdemichoacan.com.mx\/lasnoticias\/\",\"name\":\"Diario ABC de Michoac\u00e1n\",\"description\":\"Las noticias al momento\",\"potentialAction\":[{\"@type\":\"SearchAction\",\"target\":{\"@type\":\"EntryPoint\",\"urlTemplate\":\"https:\/\/diarioabcdemichoacan.com.mx\/lasnoticias\/?s={search_term_string}\"},\"query-input\":{\"@type\":\"PropertyValueSpecification\",\"valueRequired\":true,\"valueName\":\"search_term_string\"}}],\"inLanguage\":\"es\"},{\"@type\":\"Person\",\"@id\":\"https:\/\/diarioabcdemichoacan.com.mx\/lasnoticias\/#\/schema\/person\/19ae376040f6cbc489682ebdd8524852\",\"name\":\"AR\",\"image\":{\"@type\":\"ImageObject\",\"inLanguage\":\"es\",\"@id\":\"https:\/\/diarioabcdemichoacan.com.mx\/lasnoticias\/#\/schema\/person\/image\/\",\"url\":\"https:\/\/secure.gravatar.com\/avatar\/44eca2ff970262234e20e1e082872af0?s=96&d=mm&r=g\",\"contentUrl\":\"https:\/\/secure.gravatar.com\/avatar\/44eca2ff970262234e20e1e082872af0?s=96&d=mm&r=g\",\"caption\":\"AR\"},\"url\":\"https:\/\/diarioabcdemichoacan.com.mx\/lasnoticias\/author\/adrian\/\"}]}<\/script>\n<!-- \/ Yoast SEO plugin. -->","yoast_head_json":{"title":"Alfonso Mart\u00ednez reconoce a j\u00f3venes morelianos campeones de F\u00fatbol 7 - Diario ABC de Michoac\u00e1n","robots":{"index":"index","follow":"follow","max-snippet":"max-snippet:-1","max-image-preview":"max-image-preview:large","max-video-preview":"max-video-preview:-1"},"canonical":"https:\/\/diarioabcdemichoacan.com.mx\/lasnoticias\/alfonso-martinez-reconoce-a-jovenes-morelianos-campeones-de-futbol-7\/","og_locale":"es_ES","og_type":"article","og_title":"Alfonso Mart\u00ednez reconoce a j\u00f3venes morelianos campeones de F\u00fatbol 7 - Diario ABC de Michoac\u00e1n","og_description":"Entreg\u00f3 mejoras a las instalaciones de la Unidad Deportiva 150. Alent\u00f3 a morelianos campeones mundiales de la disciplina. &nbsp; Morelia, Mich.- El presidente municipal, Alfonso Mart\u00ednez Alc\u00e1zar, reconoci\u00f3 a los j\u00f3venes morelianos campeones de la Copa de Naciones de F\u00fatbol 7 y les hizo entrega de las mejoras a su cancha e instalaciones, como parte [&hellip;]","og_url":"https:\/\/diarioabcdemichoacan.com.mx\/lasnoticias\/alfonso-martinez-reconoce-a-jovenes-morelianos-campeones-de-futbol-7\/","og_site_name":"Diario ABC de Michoac\u00e1n","article_published_time":"2025-03-19T19:51:32+00:00","og_image":[{"width":1280,"height":853,"url":"https:\/\/diarioabcdemichoacan.com.mx\/lasnoticias\/wp-content\/uploads\/2025\/03\/Imagen-de-WhatsApp-2025-03-19-a-las-13.41.14_4a2d3320.jpg","type":"image\/jpeg"}],"author":"AR","twitter_card":"summary_large_image","twitter_misc":{"Escrito por":"AR","Tiempo de lectura":"3 minutos"},"schema":{"@context":"https:\/\/schema.org","@graph":[{"@type":"WebPage","@id":"https:\/\/diarioabcdemichoacan.com.mx\/lasnoticias\/alfonso-martinez-reconoce-a-jovenes-morelianos-campeones-de-futbol-7\/","url":"https:\/\/diarioabcdemichoacan.com.mx\/lasnoticias\/alfonso-martinez-reconoce-a-jovenes-morelianos-campeones-de-futbol-7\/","name":"Alfonso Mart\u00ednez reconoce a j\u00f3venes morelianos campeones de F\u00fatbol 7 - Diario ABC de Michoac\u00e1n","isPartOf":{"@id":"https:\/\/diarioabcdemichoacan.com.mx\/lasnoticias\/#website"},"primaryImageOfPage":{"@id":"https:\/\/diarioabcdemichoacan.com.mx\/lasnoticias\/alfonso-martinez-reconoce-a-jovenes-morelianos-campeones-de-futbol-7\/#primaryimage"},"image":{"@id":"https:\/\/diarioabcdemichoacan.com.mx\/lasnoticias\/alfonso-martinez-reconoce-a-jovenes-morelianos-campeones-de-futbol-7\/#primaryimage"},"thumbnailUrl":"https:\/\/diarioabcdemichoacan.com.mx\/lasnoticias\/wp-content\/uploads\/2025\/03\/Imagen-de-WhatsApp-2025-03-19-a-las-13.41.14_4a2d3320.jpg","datePublished":"2025-03-19T19:51:32+00:00","dateModified":"2025-03-19T19:51:32+00:00","author":{"@id":"https:\/\/diarioabcdemichoacan.com.mx\/lasnoticias\/#\/schema\/person\/19ae376040f6cbc489682ebdd8524852"},"breadcrumb":{"@id":"https:\/\/diarioabcdemichoacan.com.mx\/lasnoticias\/alfonso-martinez-reconoce-a-jovenes-morelianos-campeones-de-futbol-7\/#breadcrumb"},"inLanguage":"es","potentialAction":[{"@type":"ReadAction","target":["https:\/\/diarioabcdemichoacan.com.mx\/lasnoticias\/alfonso-martinez-reconoce-a-jovenes-morelianos-campeones-de-futbol-7\/"]}]},{"@type":"ImageObject","inLanguage":"es","@id":"https:\/\/diarioabcdemichoacan.com.mx\/lasnoticias\/alfonso-martinez-reconoce-a-jovenes-morelianos-campeones-de-futbol-7\/#primaryimage","url":"https:\/\/diarioabcdemichoacan.com.mx\/lasnoticias\/wp-content\/uploads\/2025\/03\/Imagen-de-WhatsApp-2025-03-19-a-las-13.41.14_4a2d3320.jpg","contentUrl":"https:\/\/diarioabcdemichoacan.com.mx\/lasnoticias\/wp-content\/uploads\/2025\/03\/Imagen-de-WhatsApp-2025-03-19-a-las-13.41.14_4a2d3320.jpg","width":1280,"height":853},{"@type":"BreadcrumbList","@id":"https:\/\/diarioabcdemichoacan.com.mx\/lasnoticias\/alfonso-martinez-reconoce-a-jovenes-morelianos-campeones-de-futbol-7\/#breadcrumb","itemListElement":[{"@type":"ListItem","position":1,"name":"Portada","item":"https:\/\/diarioabcdemichoacan.com.mx\/lasnoticias\/"},{"@type":"ListItem","position":2,"name":"Alfonso Mart\u00ednez reconoce a j\u00f3venes morelianos campeones de F\u00fatbol 7"}]},{"@type":"WebSite","@id":"https:\/\/diarioabcdemichoacan.com.mx\/lasnoticias\/#website","url":"https:\/\/diarioabcdemichoacan.com.mx\/lasnoticias\/","name":"Diario ABC de Michoac\u00e1n","description":"Las noticias al momento","potentialAction":[{"@type":"SearchAction","target":{"@type":"EntryPoint","urlTemplate":"https:\/\/diarioabcdemichoacan.com.mx\/lasnoticias\/?s={search_term_string}"},"query-input":{"@type":"PropertyValueSpecification","valueRequired":true,"valueName":"search_term_string"}}],"inLanguage":"es"},{"@type":"Person","@id":"https:\/\/diarioabcdemichoacan.com.mx\/lasnoticias\/#\/schema\/person\/19ae376040f6cbc489682ebdd8524852","name":"AR","image":{"@type":"ImageObject","inLanguage":"es","@id":"https:\/\/diarioabcdemichoacan.com.mx\/lasnoticias\/#\/schema\/person\/image\/","url":"https:\/\/secure.gravatar.com\/avatar\/44eca2ff970262234e20e1e082872af0?s=96&d=mm&r=g","contentUrl":"https:\/\/secure.gravatar.com\/avatar\/44eca2ff970262234e20e1e082872af0?s=96&d=mm&r=g","caption":"AR"},"url":"https:\/\/diarioabcdemichoacan.com.mx\/lasnoticias\/author\/adrian\/"}]}},"_links":{"self":[{"href":"https:\/\/diarioabcdemichoacan.com.mx\/lasnoticias\/wp-json\/wp\/v2\/posts\/51607","targetHints":{"allow":["GET"]}}],"collection":[{"href":"https:\/\/diarioabcdemichoacan.com.mx\/lasnoticias\/wp-json\/wp\/v2\/posts"}],"about":[{"href":"https:\/\/diarioabcdemichoacan.com.mx\/lasnoticias\/wp-json\/wp\/v2\/types\/post"}],"author":[{"embeddable":true,"href":"https:\/\/diarioabcdemichoacan.com.mx\/lasnoticias\/wp-json\/wp\/v2\/users\/9"}],"replies":[{"embeddable":true,"href":"https:\/\/diarioabcdemichoacan.com.mx\/lasnoticias\/wp-json\/wp\/v2\/comments?post=51607"}],"version-history":[{"count":1,"href":"https:\/\/diarioabcdemichoacan.com.mx\/lasnoticias\/wp-json\/wp\/v2\/posts\/51607\/revisions"}],"predecessor-version":[{"id":51611,"href":"https:\/\/diarioabcdemichoacan.com.mx\/lasnoticias\/wp-json\/wp\/v2\/posts\/51607\/revisions\/51611"}],"wp:featuredmedia":[{"embeddable":true,"href":"https:\/\/diarioabcdemichoacan.com.mx\/lasnoticias\/wp-json\/wp\/v2\/media\/51608"}],"wp:attachment":[{"href":"https:\/\/diarioabcdemichoacan.com.mx\/lasnoticias\/wp-json\/wp\/v2\/media?parent=51607"}],"wp:term":[{"taxonomy":"category","embeddable":true,"href":"https:\/\/diarioabcdemichoacan.com.mx\/lasnoticias\/wp-json\/wp\/v2\/categories?post=51607"},{"taxonomy":"post_tag","embeddable":true,"href":"https:\/\/diarioabcdemichoacan.com.mx\/lasnoticias\/wp-json\/wp\/v2\/tags?post=51607"}],"curies":[{"name":"wp","href":"https:\/\/api.w.org\/{rel}","templated":true}]}}