{"id":55272,"date":"2025-04-16T13:17:22","date_gmt":"2025-04-16T19:17:22","guid":{"rendered":"https:\/\/diarioabcdemichoacan.com.mx\/lasnoticias\/?p=55272"},"modified":"2025-04-16T13:17:22","modified_gmt":"2025-04-16T19:17:22","slug":"pueblos-indigenas-de-salvador-escalante-se-organizan-contra-el-gobierno-municipal","status":"publish","type":"post","link":"https:\/\/diarioabcdemichoacan.com.mx\/lasnoticias\/pueblos-indigenas-de-salvador-escalante-se-organizan-contra-el-gobierno-municipal\/","title":{"rendered":"Pueblos ind\u00edgenas de Salvador Escalante se organizan contra el gobierno municipal"},"content":{"rendered":"<h6>Por Am\u00e9rica Ju\u00e1rez Navarro<\/h6>\n<hr \/>\n<p>Morelia, Mich.\u2013Tras denunciar una serie de abusos por parte del Ayuntamiento de Salvador Escalante, comunidades ind\u00edgenas de Opopeo, Zirahu\u00e9n, Chapa Nuevo y Villa Escalante han formado una alianza para defender sus derechos colectivos y exigir respeto a su autonom\u00eda.<\/p>\n<p>El vocero del Consejo Supremo Ind\u00edgena de Michoac\u00e1n (CSIM), P\u00e1vel Ulianov Macario Guzm\u00e1n, dio a conocer el posicionamiento conjunto, en el que acusan a la presidenta municipal Dayana P\u00e9rez Mendoza de promover actos autoritarios, frenar procesos de autogobierno y apropiarse de recursos destinados a los pueblos originarios.<\/p>\n<p>Uno de los casos se registra en Chapa Nuevo, donde el Ayuntamiento decidi\u00f3, de manera unilateral, convertir a la comunidad en una encargatura del orden dependiente de Zirahu\u00e9n. Para el CSIM, esta decisi\u00f3n es una maniobra para impedir que Chapa Nuevo acceda a la consulta legalmente establecida para transitar hacia el autogobierno.<\/p>\n<p>\u201cEl objetivo es claro: desarticular el proceso de organizaci\u00f3n de las comunidades ind\u00edgenas y mantener el control pol\u00edtico desde el Ayuntamiento\u201d, se\u00f1al\u00f3 Macario Guzm\u00e1n.<\/p>\n<p>La comunidad de Opopeo tambi\u00e9n denunci\u00f3 irregularidades en la elecci\u00f3n de su jefe de tenencia. De acuerdo con el CSIM, hubo intentos de imponer a un candidato af\u00edn al partido de la alcaldesa, lo que llev\u00f3 el caso hasta el Tribunal Electoral del Poder Judicial de la Federaci\u00f3n. Este \u00f3rgano determin\u00f3 la necesidad de repetir el proceso electoral.<\/p>\n<p>Adem\u00e1s, las comunidades acusan a la presidenta municipal de intentar manejar de forma unilateral el Fondo de Apoyo a la Infraestructura y los Servicios P\u00fablicos para los Pueblos Ind\u00edgenas (FASPIAM), ignorando la normatividad que establece que estos recursos deben ser asignados por decisi\u00f3n de las asambleas comunitarias.<\/p>\n<p>Tambi\u00e9n denunciaron una campa\u00f1a de desinformaci\u00f3n impulsada desde la administraci\u00f3n municipal, con la que se pretende sembrar miedo entre la poblaci\u00f3n asegurando que, si optan por el autogobierno, perder\u00e1n servicios p\u00fablicos y programas sociales, lo cual fue desmentido por el CSIM.<\/p>\n<p>Las comunidades han recurrido a recursos legales tanto en el \u00e1mbito local como federal, y advirtieron que si no obtienen resoluciones favorables, iniciar\u00e1n movilizaciones en el municipio y podr\u00edan escalar su protesta a nivel estatal.<\/p>\n","protected":false},"excerpt":{"rendered":"<p>Por Am\u00e9rica Ju\u00e1rez Navarro Morelia, Mich.\u2013Tras denunciar una serie de abusos por parte del Ayuntamiento de Salvador Escalante, comunidades ind\u00edgenas de Opopeo, Zirahu\u00e9n, Chapa Nuevo y Villa Escalante han formado una alianza para defender sus derechos colectivos y exigir respeto a su autonom\u00eda. El vocero del Consejo Supremo Ind\u00edgena de Michoac\u00e1n (CSIM), P\u00e1vel Ulianov Macario [&hellip;]<\/p>\n","protected":false},"author":9,"featured_media":55273,"comment_status":"closed","ping_status":"closed","sticky":false,"template":"","format":"standard","meta":{"footnotes":""},"categories":[30,10,28,27],"tags":[],"class_list":{"0":"post-55272","1":"post","2":"type-post","3":"status-publish","4":"format-standard","5":"has-post-thumbnail","7":"category-columnas","8":"category-estado","9":"category-politica","10":"category-slider"},"yoast_head":"<!-- This site is optimized with the Yoast SEO plugin v24.0 - https:\/\/yoast.com\/wordpress\/plugins\/seo\/ -->\n<title>Pueblos ind\u00edgenas de Salvador Escalante se organizan contra el gobierno municipal - Diario ABC de Michoac\u00e1n<\/title>\n<meta name=\"robots\" content=\"index, follow, max-snippet:-1, max-image-preview:large, max-video-preview:-1\" \/>\n<link rel=\"canonical\" href=\"https:\/\/diarioabcdemichoacan.com.mx\/lasnoticias\/pueblos-indigenas-de-salvador-escalante-se-organizan-contra-el-gobierno-municipal\/\" \/>\n<meta property=\"og:locale\" content=\"es_ES\" \/>\n<meta property=\"og:type\" content=\"article\" \/>\n<meta property=\"og:title\" content=\"Pueblos ind\u00edgenas de Salvador Escalante se organizan contra el gobierno municipal - Diario ABC de Michoac\u00e1n\" \/>\n<meta property=\"og:description\" content=\"Por Am\u00e9rica Ju\u00e1rez Navarro Morelia, Mich.\u2013Tras denunciar una serie de abusos por parte del Ayuntamiento de Salvador Escalante, comunidades ind\u00edgenas de Opopeo, Zirahu\u00e9n, Chapa Nuevo y Villa Escalante han formado una alianza para defender sus derechos colectivos y exigir respeto a su autonom\u00eda. El vocero del Consejo Supremo Ind\u00edgena de Michoac\u00e1n (CSIM), P\u00e1vel Ulianov Macario [&hellip;]\" \/>\n<meta property=\"og:url\" content=\"https:\/\/diarioabcdemichoacan.com.mx\/lasnoticias\/pueblos-indigenas-de-salvador-escalante-se-organizan-contra-el-gobierno-municipal\/\" \/>\n<meta property=\"og:site_name\" content=\"Diario ABC de Michoac\u00e1n\" \/>\n<meta property=\"article:published_time\" content=\"2025-04-16T19:17:22+00:00\" \/>\n<meta property=\"og:image\" content=\"https:\/\/diarioabcdemichoacan.com.mx\/lasnoticias\/wp-content\/uploads\/2025\/04\/Imagen-de-WhatsApp-2025-04-16-a-las-13.14.27_666ab089.jpg\" \/>\n\t<meta property=\"og:image:width\" content=\"1280\" \/>\n\t<meta property=\"og:image:height\" content=\"720\" \/>\n\t<meta property=\"og:image:type\" content=\"image\/jpeg\" \/>\n<meta name=\"author\" content=\"AR\" \/>\n<meta name=\"twitter:card\" content=\"summary_large_image\" \/>\n<meta name=\"twitter:label1\" content=\"Escrito por\" \/>\n\t<meta name=\"twitter:data1\" content=\"AR\" \/>\n\t<meta name=\"twitter:label2\" content=\"Tiempo de lectura\" \/>\n\t<meta name=\"twitter:data2\" content=\"2 minutos\" \/>\n<script type=\"application\/ld+json\" class=\"yoast-schema-graph\">{\"@context\":\"https:\/\/schema.org\",\"@graph\":[{\"@type\":\"WebPage\",\"@id\":\"https:\/\/diarioabcdemichoacan.com.mx\/lasnoticias\/pueblos-indigenas-de-salvador-escalante-se-organizan-contra-el-gobierno-municipal\/\",\"url\":\"https:\/\/diarioabcdemichoacan.com.mx\/lasnoticias\/pueblos-indigenas-de-salvador-escalante-se-organizan-contra-el-gobierno-municipal\/\",\"name\":\"Pueblos ind\u00edgenas de Salvador Escalante se organizan contra el gobierno municipal - Diario ABC de Michoac\u00e1n\",\"isPartOf\":{\"@id\":\"https:\/\/diarioabcdemichoacan.com.mx\/lasnoticias\/#website\"},\"primaryImageOfPage\":{\"@id\":\"https:\/\/diarioabcdemichoacan.com.mx\/lasnoticias\/pueblos-indigenas-de-salvador-escalante-se-organizan-contra-el-gobierno-municipal\/#primaryimage\"},\"image\":{\"@id\":\"https:\/\/diarioabcdemichoacan.com.mx\/lasnoticias\/pueblos-indigenas-de-salvador-escalante-se-organizan-contra-el-gobierno-municipal\/#primaryimage\"},\"thumbnailUrl\":\"https:\/\/diarioabcdemichoacan.com.mx\/lasnoticias\/wp-content\/uploads\/2025\/04\/Imagen-de-WhatsApp-2025-04-16-a-las-13.14.27_666ab089.jpg\",\"datePublished\":\"2025-04-16T19:17:22+00:00\",\"dateModified\":\"2025-04-16T19:17:22+00:00\",\"author\":{\"@id\":\"https:\/\/diarioabcdemichoacan.com.mx\/lasnoticias\/#\/schema\/person\/19ae376040f6cbc489682ebdd8524852\"},\"breadcrumb\":{\"@id\":\"https:\/\/diarioabcdemichoacan.com.mx\/lasnoticias\/pueblos-indigenas-de-salvador-escalante-se-organizan-contra-el-gobierno-municipal\/#breadcrumb\"},\"inLanguage\":\"es\",\"potentialAction\":[{\"@type\":\"ReadAction\",\"target\":[\"https:\/\/diarioabcdemichoacan.com.mx\/lasnoticias\/pueblos-indigenas-de-salvador-escalante-se-organizan-contra-el-gobierno-municipal\/\"]}]},{\"@type\":\"ImageObject\",\"inLanguage\":\"es\",\"@id\":\"https:\/\/diarioabcdemichoacan.com.mx\/lasnoticias\/pueblos-indigenas-de-salvador-escalante-se-organizan-contra-el-gobierno-municipal\/#primaryimage\",\"url\":\"https:\/\/diarioabcdemichoacan.com.mx\/lasnoticias\/wp-content\/uploads\/2025\/04\/Imagen-de-WhatsApp-2025-04-16-a-las-13.14.27_666ab089.jpg\",\"contentUrl\":\"https:\/\/diarioabcdemichoacan.com.mx\/lasnoticias\/wp-content\/uploads\/2025\/04\/Imagen-de-WhatsApp-2025-04-16-a-las-13.14.27_666ab089.jpg\",\"width\":1280,\"height\":720},{\"@type\":\"BreadcrumbList\",\"@id\":\"https:\/\/diarioabcdemichoacan.com.mx\/lasnoticias\/pueblos-indigenas-de-salvador-escalante-se-organizan-contra-el-gobierno-municipal\/#breadcrumb\",\"itemListElement\":[{\"@type\":\"ListItem\",\"position\":1,\"name\":\"Portada\",\"item\":\"https:\/\/diarioabcdemichoacan.com.mx\/lasnoticias\/\"},{\"@type\":\"ListItem\",\"position\":2,\"name\":\"Pueblos ind\u00edgenas de Salvador Escalante se organizan contra el gobierno municipal\"}]},{\"@type\":\"WebSite\",\"@id\":\"https:\/\/diarioabcdemichoacan.com.mx\/lasnoticias\/#website\",\"url\":\"https:\/\/diarioabcdemichoacan.com.mx\/lasnoticias\/\",\"name\":\"Diario ABC de Michoac\u00e1n\",\"description\":\"Las noticias al momento\",\"potentialAction\":[{\"@type\":\"SearchAction\",\"target\":{\"@type\":\"EntryPoint\",\"urlTemplate\":\"https:\/\/diarioabcdemichoacan.com.mx\/lasnoticias\/?s={search_term_string}\"},\"query-input\":{\"@type\":\"PropertyValueSpecification\",\"valueRequired\":true,\"valueName\":\"search_term_string\"}}],\"inLanguage\":\"es\"},{\"@type\":\"Person\",\"@id\":\"https:\/\/diarioabcdemichoacan.com.mx\/lasnoticias\/#\/schema\/person\/19ae376040f6cbc489682ebdd8524852\",\"name\":\"AR\",\"image\":{\"@type\":\"ImageObject\",\"inLanguage\":\"es\",\"@id\":\"https:\/\/diarioabcdemichoacan.com.mx\/lasnoticias\/#\/schema\/person\/image\/\",\"url\":\"https:\/\/secure.gravatar.com\/avatar\/44eca2ff970262234e20e1e082872af0?s=96&d=mm&r=g\",\"contentUrl\":\"https:\/\/secure.gravatar.com\/avatar\/44eca2ff970262234e20e1e082872af0?s=96&d=mm&r=g\",\"caption\":\"AR\"},\"url\":\"https:\/\/diarioabcdemichoacan.com.mx\/lasnoticias\/author\/adrian\/\"}]}<\/script>\n<!-- \/ Yoast SEO plugin. -->","yoast_head_json":{"title":"Pueblos ind\u00edgenas de Salvador Escalante se organizan contra el gobierno municipal - Diario ABC de Michoac\u00e1n","robots":{"index":"index","follow":"follow","max-snippet":"max-snippet:-1","max-image-preview":"max-image-preview:large","max-video-preview":"max-video-preview:-1"},"canonical":"https:\/\/diarioabcdemichoacan.com.mx\/lasnoticias\/pueblos-indigenas-de-salvador-escalante-se-organizan-contra-el-gobierno-municipal\/","og_locale":"es_ES","og_type":"article","og_title":"Pueblos ind\u00edgenas de Salvador Escalante se organizan contra el gobierno municipal - Diario ABC de Michoac\u00e1n","og_description":"Por Am\u00e9rica Ju\u00e1rez Navarro Morelia, Mich.\u2013Tras denunciar una serie de abusos por parte del Ayuntamiento de Salvador Escalante, comunidades ind\u00edgenas de Opopeo, Zirahu\u00e9n, Chapa Nuevo y Villa Escalante han formado una alianza para defender sus derechos colectivos y exigir respeto a su autonom\u00eda. El vocero del Consejo Supremo Ind\u00edgena de Michoac\u00e1n (CSIM), P\u00e1vel Ulianov Macario [&hellip;]","og_url":"https:\/\/diarioabcdemichoacan.com.mx\/lasnoticias\/pueblos-indigenas-de-salvador-escalante-se-organizan-contra-el-gobierno-municipal\/","og_site_name":"Diario ABC de Michoac\u00e1n","article_published_time":"2025-04-16T19:17:22+00:00","og_image":[{"width":1280,"height":720,"url":"https:\/\/diarioabcdemichoacan.com.mx\/lasnoticias\/wp-content\/uploads\/2025\/04\/Imagen-de-WhatsApp-2025-04-16-a-las-13.14.27_666ab089.jpg","type":"image\/jpeg"}],"author":"AR","twitter_card":"summary_large_image","twitter_misc":{"Escrito por":"AR","Tiempo de lectura":"2 minutos"},"schema":{"@context":"https:\/\/schema.org","@graph":[{"@type":"WebPage","@id":"https:\/\/diarioabcdemichoacan.com.mx\/lasnoticias\/pueblos-indigenas-de-salvador-escalante-se-organizan-contra-el-gobierno-municipal\/","url":"https:\/\/diarioabcdemichoacan.com.mx\/lasnoticias\/pueblos-indigenas-de-salvador-escalante-se-organizan-contra-el-gobierno-municipal\/","name":"Pueblos ind\u00edgenas de Salvador Escalante se organizan contra el gobierno municipal - Diario ABC de Michoac\u00e1n","isPartOf":{"@id":"https:\/\/diarioabcdemichoacan.com.mx\/lasnoticias\/#website"},"primaryImageOfPage":{"@id":"https:\/\/diarioabcdemichoacan.com.mx\/lasnoticias\/pueblos-indigenas-de-salvador-escalante-se-organizan-contra-el-gobierno-municipal\/#primaryimage"},"image":{"@id":"https:\/\/diarioabcdemichoacan.com.mx\/lasnoticias\/pueblos-indigenas-de-salvador-escalante-se-organizan-contra-el-gobierno-municipal\/#primaryimage"},"thumbnailUrl":"https:\/\/diarioabcdemichoacan.com.mx\/lasnoticias\/wp-content\/uploads\/2025\/04\/Imagen-de-WhatsApp-2025-04-16-a-las-13.14.27_666ab089.jpg","datePublished":"2025-04-16T19:17:22+00:00","dateModified":"2025-04-16T19:17:22+00:00","author":{"@id":"https:\/\/diarioabcdemichoacan.com.mx\/lasnoticias\/#\/schema\/person\/19ae376040f6cbc489682ebdd8524852"},"breadcrumb":{"@id":"https:\/\/diarioabcdemichoacan.com.mx\/lasnoticias\/pueblos-indigenas-de-salvador-escalante-se-organizan-contra-el-gobierno-municipal\/#breadcrumb"},"inLanguage":"es","potentialAction":[{"@type":"ReadAction","target":["https:\/\/diarioabcdemichoacan.com.mx\/lasnoticias\/pueblos-indigenas-de-salvador-escalante-se-organizan-contra-el-gobierno-municipal\/"]}]},{"@type":"ImageObject","inLanguage":"es","@id":"https:\/\/diarioabcdemichoacan.com.mx\/lasnoticias\/pueblos-indigenas-de-salvador-escalante-se-organizan-contra-el-gobierno-municipal\/#primaryimage","url":"https:\/\/diarioabcdemichoacan.com.mx\/lasnoticias\/wp-content\/uploads\/2025\/04\/Imagen-de-WhatsApp-2025-04-16-a-las-13.14.27_666ab089.jpg","contentUrl":"https:\/\/diarioabcdemichoacan.com.mx\/lasnoticias\/wp-content\/uploads\/2025\/04\/Imagen-de-WhatsApp-2025-04-16-a-las-13.14.27_666ab089.jpg","width":1280,"height":720},{"@type":"BreadcrumbList","@id":"https:\/\/diarioabcdemichoacan.com.mx\/lasnoticias\/pueblos-indigenas-de-salvador-escalante-se-organizan-contra-el-gobierno-municipal\/#breadcrumb","itemListElement":[{"@type":"ListItem","position":1,"name":"Portada","item":"https:\/\/diarioabcdemichoacan.com.mx\/lasnoticias\/"},{"@type":"ListItem","position":2,"name":"Pueblos ind\u00edgenas de Salvador Escalante se organizan contra el gobierno municipal"}]},{"@type":"WebSite","@id":"https:\/\/diarioabcdemichoacan.com.mx\/lasnoticias\/#website","url":"https:\/\/diarioabcdemichoacan.com.mx\/lasnoticias\/","name":"Diario ABC de Michoac\u00e1n","description":"Las noticias al momento","potentialAction":[{"@type":"SearchAction","target":{"@type":"EntryPoint","urlTemplate":"https:\/\/diarioabcdemichoacan.com.mx\/lasnoticias\/?s={search_term_string}"},"query-input":{"@type":"PropertyValueSpecification","valueRequired":true,"valueName":"search_term_string"}}],"inLanguage":"es"},{"@type":"Person","@id":"https:\/\/diarioabcdemichoacan.com.mx\/lasnoticias\/#\/schema\/person\/19ae376040f6cbc489682ebdd8524852","name":"AR","image":{"@type":"ImageObject","inLanguage":"es","@id":"https:\/\/diarioabcdemichoacan.com.mx\/lasnoticias\/#\/schema\/person\/image\/","url":"https:\/\/secure.gravatar.com\/avatar\/44eca2ff970262234e20e1e082872af0?s=96&d=mm&r=g","contentUrl":"https:\/\/secure.gravatar.com\/avatar\/44eca2ff970262234e20e1e082872af0?s=96&d=mm&r=g","caption":"AR"},"url":"https:\/\/diarioabcdemichoacan.com.mx\/lasnoticias\/author\/adrian\/"}]}},"_links":{"self":[{"href":"https:\/\/diarioabcdemichoacan.com.mx\/lasnoticias\/wp-json\/wp\/v2\/posts\/55272","targetHints":{"allow":["GET"]}}],"collection":[{"href":"https:\/\/diarioabcdemichoacan.com.mx\/lasnoticias\/wp-json\/wp\/v2\/posts"}],"about":[{"href":"https:\/\/diarioabcdemichoacan.com.mx\/lasnoticias\/wp-json\/wp\/v2\/types\/post"}],"author":[{"embeddable":true,"href":"https:\/\/diarioabcdemichoacan.com.mx\/lasnoticias\/wp-json\/wp\/v2\/users\/9"}],"replies":[{"embeddable":true,"href":"https:\/\/diarioabcdemichoacan.com.mx\/lasnoticias\/wp-json\/wp\/v2\/comments?post=55272"}],"version-history":[{"count":2,"href":"https:\/\/diarioabcdemichoacan.com.mx\/lasnoticias\/wp-json\/wp\/v2\/posts\/55272\/revisions"}],"predecessor-version":[{"id":55275,"href":"https:\/\/diarioabcdemichoacan.com.mx\/lasnoticias\/wp-json\/wp\/v2\/posts\/55272\/revisions\/55275"}],"wp:featuredmedia":[{"embeddable":true,"href":"https:\/\/diarioabcdemichoacan.com.mx\/lasnoticias\/wp-json\/wp\/v2\/media\/55273"}],"wp:attachment":[{"href":"https:\/\/diarioabcdemichoacan.com.mx\/lasnoticias\/wp-json\/wp\/v2\/media?parent=55272"}],"wp:term":[{"taxonomy":"category","embeddable":true,"href":"https:\/\/diarioabcdemichoacan.com.mx\/lasnoticias\/wp-json\/wp\/v2\/categories?post=55272"},{"taxonomy":"post_tag","embeddable":true,"href":"https:\/\/diarioabcdemichoacan.com.mx\/lasnoticias\/wp-json\/wp\/v2\/tags?post=55272"}],"curies":[{"name":"wp","href":"https:\/\/api.w.org\/{rel}","templated":true}]}}