{"id":56242,"date":"2025-04-24T16:49:16","date_gmt":"2025-04-24T22:49:16","guid":{"rendered":"https:\/\/diarioabcdemichoacan.com.mx\/lasnoticias\/?p=56242"},"modified":"2025-04-24T16:51:12","modified_gmt":"2025-04-24T22:51:12","slug":"la-construccion-de-la-paz-comienza-desde-lo-individual-y-el-respeto-entre-las-personas-remarca-magana-de-la-mora","status":"publish","type":"post","link":"https:\/\/diarioabcdemichoacan.com.mx\/lasnoticias\/la-construccion-de-la-paz-comienza-desde-lo-individual-y-el-respeto-entre-las-personas-remarca-magana-de-la-mora\/","title":{"rendered":"La construcci\u00f3n de la paz comienza desde lo individual y el respeto entre las personas, remarca Maga\u00f1a de la Mora"},"content":{"rendered":"<hr \/>\n<p>Morelia, Mich.- Bajo la premisa que la construcci\u00f3n de la cultura de paz comienza con el respeto entre las personas y la disciplina individual, el diputado Juan Antonio Maga\u00f1a de la Mora, presidente de la Mesa Directiva del Congreso del Estado, hizo un llamado a las y los michoacanos a fomentar desde cada una de sus trincheras la paz social.<\/p>\n<p>Lo anterior, en el marco del Congreso \u201cMedios Alternos de Soluci\u00f3n de Controversias y Justicia Restaurativa\u201d convocado por la Comisi\u00f3n Estatal de Derechos Humanos de Michoac\u00e1n (CEDH), que preside, Marco Antonio Tinoco \u00c1lvarez.<\/p>\n<p>Al hacer uso de la voz, el representante del Poder Legislativo, Maga\u00f1a Mora, se\u00f1al\u00f3 que la mediaci\u00f3n es un recurso que debe generarse desde la individualidad, \u201ctenemos que tener respeto por nuestros semejantes y evitaremos que se generen problemas y consecuencias no queridas\u201d, dijo.<\/p>\n<p>Ante las y los ombudspersons del pa\u00eds, el legislador subray\u00f3 que es esencial la recuperaci\u00f3n de los derechos c\u00edvicos para alcanzar una sociedad de mayor paz; por lo que, sociedad y organismos como las Comisiones de Derechos Humanos deben coadyuvarse para lograr la paz social.<\/p>\n<p>Finalmente, celebr\u00f3 este tipo de encuentros de donde saldr\u00e1n diversas reflexiones, opciones y perspectivas para fortalecer el trabajo de los organismos para atender las necesidades de la sociedad en materia de cultura de paz y derechos humanos.<\/p>\n","protected":false},"excerpt":{"rendered":"<p>Morelia, Mich.- Bajo la premisa que la construcci\u00f3n de la cultura de paz comienza con el respeto entre las personas y la disciplina individual, el diputado Juan Antonio Maga\u00f1a de la Mora, presidente de la Mesa Directiva del Congreso del Estado, hizo un llamado a las y los michoacanos a fomentar desde cada una de [&hellip;]<\/p>\n","protected":false},"author":9,"featured_media":56243,"comment_status":"closed","ping_status":"closed","sticky":false,"template":"","format":"standard","meta":{"footnotes":""},"categories":[30,13,10,28,27],"tags":[],"class_list":{"0":"post-56242","1":"post","2":"type-post","3":"status-publish","4":"format-standard","5":"has-post-thumbnail","7":"category-columnas","8":"category-congreso","9":"category-estado","10":"category-politica","11":"category-slider"},"yoast_head":"<!-- This site is optimized with the Yoast SEO plugin v24.0 - https:\/\/yoast.com\/wordpress\/plugins\/seo\/ -->\n<title>La construcci\u00f3n de la paz comienza desde lo individual y el respeto entre las personas, remarca Maga\u00f1a de la Mora - Diario ABC de Michoac\u00e1n<\/title>\n<meta name=\"robots\" content=\"index, follow, max-snippet:-1, max-image-preview:large, max-video-preview:-1\" \/>\n<link rel=\"canonical\" href=\"https:\/\/diarioabcdemichoacan.com.mx\/lasnoticias\/la-construccion-de-la-paz-comienza-desde-lo-individual-y-el-respeto-entre-las-personas-remarca-magana-de-la-mora\/\" \/>\n<meta property=\"og:locale\" content=\"es_ES\" \/>\n<meta property=\"og:type\" content=\"article\" \/>\n<meta property=\"og:title\" content=\"La construcci\u00f3n de la paz comienza desde lo individual y el respeto entre las personas, remarca Maga\u00f1a de la Mora - Diario ABC de Michoac\u00e1n\" \/>\n<meta property=\"og:description\" content=\"Morelia, Mich.- Bajo la premisa que la construcci\u00f3n de la cultura de paz comienza con el respeto entre las personas y la disciplina individual, el diputado Juan Antonio Maga\u00f1a de la Mora, presidente de la Mesa Directiva del Congreso del Estado, hizo un llamado a las y los michoacanos a fomentar desde cada una de [&hellip;]\" \/>\n<meta property=\"og:url\" content=\"https:\/\/diarioabcdemichoacan.com.mx\/lasnoticias\/la-construccion-de-la-paz-comienza-desde-lo-individual-y-el-respeto-entre-las-personas-remarca-magana-de-la-mora\/\" \/>\n<meta property=\"og:site_name\" content=\"Diario ABC de Michoac\u00e1n\" \/>\n<meta property=\"article:published_time\" content=\"2025-04-24T22:49:16+00:00\" \/>\n<meta property=\"article:modified_time\" content=\"2025-04-24T22:51:12+00:00\" \/>\n<meta property=\"og:image\" content=\"https:\/\/diarioabcdemichoacan.com.mx\/lasnoticias\/wp-content\/uploads\/2025\/04\/Imagen-de-WhatsApp-2025-04-24-a-las-16.46.53_f6760838.jpg\" \/>\n\t<meta property=\"og:image:width\" content=\"1280\" \/>\n\t<meta property=\"og:image:height\" content=\"853\" \/>\n\t<meta property=\"og:image:type\" content=\"image\/jpeg\" \/>\n<meta name=\"author\" content=\"AR\" \/>\n<meta name=\"twitter:card\" content=\"summary_large_image\" \/>\n<meta name=\"twitter:label1\" content=\"Escrito por\" \/>\n\t<meta name=\"twitter:data1\" content=\"AR\" \/>\n\t<meta name=\"twitter:label2\" content=\"Tiempo de lectura\" \/>\n\t<meta name=\"twitter:data2\" content=\"2 minutos\" \/>\n<script type=\"application\/ld+json\" class=\"yoast-schema-graph\">{\"@context\":\"https:\/\/schema.org\",\"@graph\":[{\"@type\":\"WebPage\",\"@id\":\"https:\/\/diarioabcdemichoacan.com.mx\/lasnoticias\/la-construccion-de-la-paz-comienza-desde-lo-individual-y-el-respeto-entre-las-personas-remarca-magana-de-la-mora\/\",\"url\":\"https:\/\/diarioabcdemichoacan.com.mx\/lasnoticias\/la-construccion-de-la-paz-comienza-desde-lo-individual-y-el-respeto-entre-las-personas-remarca-magana-de-la-mora\/\",\"name\":\"La construcci\u00f3n de la paz comienza desde lo individual y el respeto entre las personas, remarca Maga\u00f1a de la Mora - Diario ABC de Michoac\u00e1n\",\"isPartOf\":{\"@id\":\"https:\/\/diarioabcdemichoacan.com.mx\/lasnoticias\/#website\"},\"primaryImageOfPage\":{\"@id\":\"https:\/\/diarioabcdemichoacan.com.mx\/lasnoticias\/la-construccion-de-la-paz-comienza-desde-lo-individual-y-el-respeto-entre-las-personas-remarca-magana-de-la-mora\/#primaryimage\"},\"image\":{\"@id\":\"https:\/\/diarioabcdemichoacan.com.mx\/lasnoticias\/la-construccion-de-la-paz-comienza-desde-lo-individual-y-el-respeto-entre-las-personas-remarca-magana-de-la-mora\/#primaryimage\"},\"thumbnailUrl\":\"https:\/\/diarioabcdemichoacan.com.mx\/lasnoticias\/wp-content\/uploads\/2025\/04\/Imagen-de-WhatsApp-2025-04-24-a-las-16.46.53_f6760838.jpg\",\"datePublished\":\"2025-04-24T22:49:16+00:00\",\"dateModified\":\"2025-04-24T22:51:12+00:00\",\"author\":{\"@id\":\"https:\/\/diarioabcdemichoacan.com.mx\/lasnoticias\/#\/schema\/person\/19ae376040f6cbc489682ebdd8524852\"},\"breadcrumb\":{\"@id\":\"https:\/\/diarioabcdemichoacan.com.mx\/lasnoticias\/la-construccion-de-la-paz-comienza-desde-lo-individual-y-el-respeto-entre-las-personas-remarca-magana-de-la-mora\/#breadcrumb\"},\"inLanguage\":\"es\",\"potentialAction\":[{\"@type\":\"ReadAction\",\"target\":[\"https:\/\/diarioabcdemichoacan.com.mx\/lasnoticias\/la-construccion-de-la-paz-comienza-desde-lo-individual-y-el-respeto-entre-las-personas-remarca-magana-de-la-mora\/\"]}]},{\"@type\":\"ImageObject\",\"inLanguage\":\"es\",\"@id\":\"https:\/\/diarioabcdemichoacan.com.mx\/lasnoticias\/la-construccion-de-la-paz-comienza-desde-lo-individual-y-el-respeto-entre-las-personas-remarca-magana-de-la-mora\/#primaryimage\",\"url\":\"https:\/\/diarioabcdemichoacan.com.mx\/lasnoticias\/wp-content\/uploads\/2025\/04\/Imagen-de-WhatsApp-2025-04-24-a-las-16.46.53_f6760838.jpg\",\"contentUrl\":\"https:\/\/diarioabcdemichoacan.com.mx\/lasnoticias\/wp-content\/uploads\/2025\/04\/Imagen-de-WhatsApp-2025-04-24-a-las-16.46.53_f6760838.jpg\",\"width\":1280,\"height\":853},{\"@type\":\"BreadcrumbList\",\"@id\":\"https:\/\/diarioabcdemichoacan.com.mx\/lasnoticias\/la-construccion-de-la-paz-comienza-desde-lo-individual-y-el-respeto-entre-las-personas-remarca-magana-de-la-mora\/#breadcrumb\",\"itemListElement\":[{\"@type\":\"ListItem\",\"position\":1,\"name\":\"Portada\",\"item\":\"https:\/\/diarioabcdemichoacan.com.mx\/lasnoticias\/\"},{\"@type\":\"ListItem\",\"position\":2,\"name\":\"La construcci\u00f3n de la paz comienza desde lo individual y el respeto entre las personas, remarca Maga\u00f1a de la Mora\"}]},{\"@type\":\"WebSite\",\"@id\":\"https:\/\/diarioabcdemichoacan.com.mx\/lasnoticias\/#website\",\"url\":\"https:\/\/diarioabcdemichoacan.com.mx\/lasnoticias\/\",\"name\":\"Diario ABC de Michoac\u00e1n\",\"description\":\"Las noticias al momento\",\"potentialAction\":[{\"@type\":\"SearchAction\",\"target\":{\"@type\":\"EntryPoint\",\"urlTemplate\":\"https:\/\/diarioabcdemichoacan.com.mx\/lasnoticias\/?s={search_term_string}\"},\"query-input\":{\"@type\":\"PropertyValueSpecification\",\"valueRequired\":true,\"valueName\":\"search_term_string\"}}],\"inLanguage\":\"es\"},{\"@type\":\"Person\",\"@id\":\"https:\/\/diarioabcdemichoacan.com.mx\/lasnoticias\/#\/schema\/person\/19ae376040f6cbc489682ebdd8524852\",\"name\":\"AR\",\"image\":{\"@type\":\"ImageObject\",\"inLanguage\":\"es\",\"@id\":\"https:\/\/diarioabcdemichoacan.com.mx\/lasnoticias\/#\/schema\/person\/image\/\",\"url\":\"https:\/\/secure.gravatar.com\/avatar\/44eca2ff970262234e20e1e082872af0?s=96&d=mm&r=g\",\"contentUrl\":\"https:\/\/secure.gravatar.com\/avatar\/44eca2ff970262234e20e1e082872af0?s=96&d=mm&r=g\",\"caption\":\"AR\"},\"url\":\"https:\/\/diarioabcdemichoacan.com.mx\/lasnoticias\/author\/adrian\/\"}]}<\/script>\n<!-- \/ Yoast SEO plugin. -->","yoast_head_json":{"title":"La construcci\u00f3n de la paz comienza desde lo individual y el respeto entre las personas, remarca Maga\u00f1a de la Mora - Diario ABC de Michoac\u00e1n","robots":{"index":"index","follow":"follow","max-snippet":"max-snippet:-1","max-image-preview":"max-image-preview:large","max-video-preview":"max-video-preview:-1"},"canonical":"https:\/\/diarioabcdemichoacan.com.mx\/lasnoticias\/la-construccion-de-la-paz-comienza-desde-lo-individual-y-el-respeto-entre-las-personas-remarca-magana-de-la-mora\/","og_locale":"es_ES","og_type":"article","og_title":"La construcci\u00f3n de la paz comienza desde lo individual y el respeto entre las personas, remarca Maga\u00f1a de la Mora - Diario ABC de Michoac\u00e1n","og_description":"Morelia, Mich.- Bajo la premisa que la construcci\u00f3n de la cultura de paz comienza con el respeto entre las personas y la disciplina individual, el diputado Juan Antonio Maga\u00f1a de la Mora, presidente de la Mesa Directiva del Congreso del Estado, hizo un llamado a las y los michoacanos a fomentar desde cada una de [&hellip;]","og_url":"https:\/\/diarioabcdemichoacan.com.mx\/lasnoticias\/la-construccion-de-la-paz-comienza-desde-lo-individual-y-el-respeto-entre-las-personas-remarca-magana-de-la-mora\/","og_site_name":"Diario ABC de Michoac\u00e1n","article_published_time":"2025-04-24T22:49:16+00:00","article_modified_time":"2025-04-24T22:51:12+00:00","og_image":[{"width":1280,"height":853,"url":"https:\/\/diarioabcdemichoacan.com.mx\/lasnoticias\/wp-content\/uploads\/2025\/04\/Imagen-de-WhatsApp-2025-04-24-a-las-16.46.53_f6760838.jpg","type":"image\/jpeg"}],"author":"AR","twitter_card":"summary_large_image","twitter_misc":{"Escrito por":"AR","Tiempo de lectura":"2 minutos"},"schema":{"@context":"https:\/\/schema.org","@graph":[{"@type":"WebPage","@id":"https:\/\/diarioabcdemichoacan.com.mx\/lasnoticias\/la-construccion-de-la-paz-comienza-desde-lo-individual-y-el-respeto-entre-las-personas-remarca-magana-de-la-mora\/","url":"https:\/\/diarioabcdemichoacan.com.mx\/lasnoticias\/la-construccion-de-la-paz-comienza-desde-lo-individual-y-el-respeto-entre-las-personas-remarca-magana-de-la-mora\/","name":"La construcci\u00f3n de la paz comienza desde lo individual y el respeto entre las personas, remarca Maga\u00f1a de la Mora - Diario ABC de Michoac\u00e1n","isPartOf":{"@id":"https:\/\/diarioabcdemichoacan.com.mx\/lasnoticias\/#website"},"primaryImageOfPage":{"@id":"https:\/\/diarioabcdemichoacan.com.mx\/lasnoticias\/la-construccion-de-la-paz-comienza-desde-lo-individual-y-el-respeto-entre-las-personas-remarca-magana-de-la-mora\/#primaryimage"},"image":{"@id":"https:\/\/diarioabcdemichoacan.com.mx\/lasnoticias\/la-construccion-de-la-paz-comienza-desde-lo-individual-y-el-respeto-entre-las-personas-remarca-magana-de-la-mora\/#primaryimage"},"thumbnailUrl":"https:\/\/diarioabcdemichoacan.com.mx\/lasnoticias\/wp-content\/uploads\/2025\/04\/Imagen-de-WhatsApp-2025-04-24-a-las-16.46.53_f6760838.jpg","datePublished":"2025-04-24T22:49:16+00:00","dateModified":"2025-04-24T22:51:12+00:00","author":{"@id":"https:\/\/diarioabcdemichoacan.com.mx\/lasnoticias\/#\/schema\/person\/19ae376040f6cbc489682ebdd8524852"},"breadcrumb":{"@id":"https:\/\/diarioabcdemichoacan.com.mx\/lasnoticias\/la-construccion-de-la-paz-comienza-desde-lo-individual-y-el-respeto-entre-las-personas-remarca-magana-de-la-mora\/#breadcrumb"},"inLanguage":"es","potentialAction":[{"@type":"ReadAction","target":["https:\/\/diarioabcdemichoacan.com.mx\/lasnoticias\/la-construccion-de-la-paz-comienza-desde-lo-individual-y-el-respeto-entre-las-personas-remarca-magana-de-la-mora\/"]}]},{"@type":"ImageObject","inLanguage":"es","@id":"https:\/\/diarioabcdemichoacan.com.mx\/lasnoticias\/la-construccion-de-la-paz-comienza-desde-lo-individual-y-el-respeto-entre-las-personas-remarca-magana-de-la-mora\/#primaryimage","url":"https:\/\/diarioabcdemichoacan.com.mx\/lasnoticias\/wp-content\/uploads\/2025\/04\/Imagen-de-WhatsApp-2025-04-24-a-las-16.46.53_f6760838.jpg","contentUrl":"https:\/\/diarioabcdemichoacan.com.mx\/lasnoticias\/wp-content\/uploads\/2025\/04\/Imagen-de-WhatsApp-2025-04-24-a-las-16.46.53_f6760838.jpg","width":1280,"height":853},{"@type":"BreadcrumbList","@id":"https:\/\/diarioabcdemichoacan.com.mx\/lasnoticias\/la-construccion-de-la-paz-comienza-desde-lo-individual-y-el-respeto-entre-las-personas-remarca-magana-de-la-mora\/#breadcrumb","itemListElement":[{"@type":"ListItem","position":1,"name":"Portada","item":"https:\/\/diarioabcdemichoacan.com.mx\/lasnoticias\/"},{"@type":"ListItem","position":2,"name":"La construcci\u00f3n de la paz comienza desde lo individual y el respeto entre las personas, remarca Maga\u00f1a de la Mora"}]},{"@type":"WebSite","@id":"https:\/\/diarioabcdemichoacan.com.mx\/lasnoticias\/#website","url":"https:\/\/diarioabcdemichoacan.com.mx\/lasnoticias\/","name":"Diario ABC de Michoac\u00e1n","description":"Las noticias al momento","potentialAction":[{"@type":"SearchAction","target":{"@type":"EntryPoint","urlTemplate":"https:\/\/diarioabcdemichoacan.com.mx\/lasnoticias\/?s={search_term_string}"},"query-input":{"@type":"PropertyValueSpecification","valueRequired":true,"valueName":"search_term_string"}}],"inLanguage":"es"},{"@type":"Person","@id":"https:\/\/diarioabcdemichoacan.com.mx\/lasnoticias\/#\/schema\/person\/19ae376040f6cbc489682ebdd8524852","name":"AR","image":{"@type":"ImageObject","inLanguage":"es","@id":"https:\/\/diarioabcdemichoacan.com.mx\/lasnoticias\/#\/schema\/person\/image\/","url":"https:\/\/secure.gravatar.com\/avatar\/44eca2ff970262234e20e1e082872af0?s=96&d=mm&r=g","contentUrl":"https:\/\/secure.gravatar.com\/avatar\/44eca2ff970262234e20e1e082872af0?s=96&d=mm&r=g","caption":"AR"},"url":"https:\/\/diarioabcdemichoacan.com.mx\/lasnoticias\/author\/adrian\/"}]}},"_links":{"self":[{"href":"https:\/\/diarioabcdemichoacan.com.mx\/lasnoticias\/wp-json\/wp\/v2\/posts\/56242","targetHints":{"allow":["GET"]}}],"collection":[{"href":"https:\/\/diarioabcdemichoacan.com.mx\/lasnoticias\/wp-json\/wp\/v2\/posts"}],"about":[{"href":"https:\/\/diarioabcdemichoacan.com.mx\/lasnoticias\/wp-json\/wp\/v2\/types\/post"}],"author":[{"embeddable":true,"href":"https:\/\/diarioabcdemichoacan.com.mx\/lasnoticias\/wp-json\/wp\/v2\/users\/9"}],"replies":[{"embeddable":true,"href":"https:\/\/diarioabcdemichoacan.com.mx\/lasnoticias\/wp-json\/wp\/v2\/comments?post=56242"}],"version-history":[{"count":1,"href":"https:\/\/diarioabcdemichoacan.com.mx\/lasnoticias\/wp-json\/wp\/v2\/posts\/56242\/revisions"}],"predecessor-version":[{"id":56244,"href":"https:\/\/diarioabcdemichoacan.com.mx\/lasnoticias\/wp-json\/wp\/v2\/posts\/56242\/revisions\/56244"}],"wp:featuredmedia":[{"embeddable":true,"href":"https:\/\/diarioabcdemichoacan.com.mx\/lasnoticias\/wp-json\/wp\/v2\/media\/56243"}],"wp:attachment":[{"href":"https:\/\/diarioabcdemichoacan.com.mx\/lasnoticias\/wp-json\/wp\/v2\/media?parent=56242"}],"wp:term":[{"taxonomy":"category","embeddable":true,"href":"https:\/\/diarioabcdemichoacan.com.mx\/lasnoticias\/wp-json\/wp\/v2\/categories?post=56242"},{"taxonomy":"post_tag","embeddable":true,"href":"https:\/\/diarioabcdemichoacan.com.mx\/lasnoticias\/wp-json\/wp\/v2\/tags?post=56242"}],"curies":[{"name":"wp","href":"https:\/\/api.w.org\/{rel}","templated":true}]}}