{"id":56537,"date":"2025-04-27T13:04:11","date_gmt":"2025-04-27T19:04:11","guid":{"rendered":"https:\/\/diarioabcdemichoacan.com.mx\/lasnoticias\/?p=56537"},"modified":"2025-04-27T13:04:11","modified_gmt":"2025-04-27T19:04:11","slug":"artesanos-de-capula-embellecen-paso-catrinas","status":"publish","type":"post","link":"https:\/\/diarioabcdemichoacan.com.mx\/lasnoticias\/artesanos-de-capula-embellecen-paso-catrinas\/","title":{"rendered":"Artesanos de Capula embellecen Paso Catrinas"},"content":{"rendered":"<h2>Obra mural en Talavera representa la cultura del estado<\/h2>\n<p>&nbsp;<\/p>\n<h6>Por Sara\u00ed Rangel<\/h6>\n<hr \/>\n<p>Morelia, Mich.- El Paso Catrinas contar\u00e1 con una obra mural en talavera, elaborado por artesanos de Capula, con detalles en relieve que destacan la cultura de la tenencia moreliana y del estado de Michoac\u00e1n, a partir del dise\u00f1o de Alejandro Jacobo Villanueva, quien tom\u00f3 diversos elementos para integrarlos en la obra de 2.80 por 5.30 metros, en una estructura que soportar\u00e1 un \u00e1rea recreativa para ni\u00f1as y ni\u00f1os.<\/p>\n<p>&nbsp;<\/p>\n<p>La obra inici\u00f3 el pasado 12 de abril y se espera quede listo el pr\u00f3ximo mi\u00e9rcoles 30, \u201cquise plasmar un poco lo que es la artesan\u00eda de mi pueblo de Capula, est\u00e1 la Catrina, est\u00e1 el Catr\u00edn, la Garbancera, la Noche de Muertos y qu\u00e9 m\u00e1s michoacano que la Mariposa Monarca\u00bb, destac\u00f3 el artesano, quien dijo se trata de una obra costosa, pues la talavera fue tra\u00edda desde el estado de Hidalgo.<\/p>\n<p>&nbsp;<\/p>\n<p>En la \u00faltima d\u00e9cada Capula ha presentado un importante crecimiento por su actividad artesanal, lo que les ha valido la denominaci\u00f3n geogr\u00e1fica.<\/p>\n<p>&nbsp;<\/p>\n<p>\u201cUna certificaci\u00f3n que tiene el tequila de Jalisco o el queso Cotija, ya la Catrina es de Capula, reconocida internacionalmente, ahorita las Catrinas que se quieren exportar para Europa no van a pagar aranceles y estamos protegidos ya por esta distinci\u00f3n\u201d, refiri\u00f3 el art\u00edfice.<\/p>\n<p>&nbsp;<\/p>\n<p>Actualmente la Tenencia moreliana cuenta con cerca de 700 talleres de alfarer\u00eda, que a decir de Alejandro Jacobo requieren de una buena coordinaci\u00f3n para la recepci\u00f3n de visitantes y compradores, mismos que se espera incrementen con las obras de infraestructura y conexi\u00f3n vial que se construyen en la zona.<\/p>\n","protected":false},"excerpt":{"rendered":"<p>Obra mural en Talavera representa la cultura del estado &nbsp; Por Sara\u00ed Rangel Morelia, Mich.- El Paso Catrinas contar\u00e1 con una obra mural en talavera, elaborado por artesanos de Capula, con detalles en relieve que destacan la cultura de la tenencia moreliana y del estado de Michoac\u00e1n, a partir del dise\u00f1o de Alejandro Jacobo Villanueva, [&hellip;]<\/p>\n","protected":false},"author":9,"featured_media":56539,"comment_status":"closed","ping_status":"closed","sticky":false,"template":"","format":"standard","meta":{"footnotes":""},"categories":[10,7,28,27],"tags":[],"class_list":{"0":"post-56537","1":"post","2":"type-post","3":"status-publish","4":"format-standard","5":"has-post-thumbnail","7":"category-estado","8":"category-morelia","9":"category-politica","10":"category-slider"},"yoast_head":"<!-- This site is optimized with the Yoast SEO plugin v24.0 - https:\/\/yoast.com\/wordpress\/plugins\/seo\/ -->\n<title>Artesanos de Capula embellecen Paso Catrinas - Diario ABC de Michoac\u00e1n<\/title>\n<meta name=\"robots\" content=\"index, follow, max-snippet:-1, max-image-preview:large, max-video-preview:-1\" \/>\n<link rel=\"canonical\" href=\"https:\/\/diarioabcdemichoacan.com.mx\/lasnoticias\/artesanos-de-capula-embellecen-paso-catrinas\/\" \/>\n<meta property=\"og:locale\" content=\"es_ES\" \/>\n<meta property=\"og:type\" content=\"article\" \/>\n<meta property=\"og:title\" content=\"Artesanos de Capula embellecen Paso Catrinas - Diario ABC de Michoac\u00e1n\" \/>\n<meta property=\"og:description\" content=\"Obra mural en Talavera representa la cultura del estado &nbsp; Por Sara\u00ed Rangel Morelia, Mich.- El Paso Catrinas contar\u00e1 con una obra mural en talavera, elaborado por artesanos de Capula, con detalles en relieve que destacan la cultura de la tenencia moreliana y del estado de Michoac\u00e1n, a partir del dise\u00f1o de Alejandro Jacobo Villanueva, [&hellip;]\" \/>\n<meta property=\"og:url\" content=\"https:\/\/diarioabcdemichoacan.com.mx\/lasnoticias\/artesanos-de-capula-embellecen-paso-catrinas\/\" \/>\n<meta property=\"og:site_name\" content=\"Diario ABC de Michoac\u00e1n\" \/>\n<meta property=\"article:published_time\" content=\"2025-04-27T19:04:11+00:00\" \/>\n<meta property=\"og:image\" content=\"https:\/\/diarioabcdemichoacan.com.mx\/lasnoticias\/wp-content\/uploads\/2025\/04\/IMG-20250427-WA0089.jpg\" \/>\n\t<meta property=\"og:image:width\" content=\"1599\" \/>\n\t<meta property=\"og:image:height\" content=\"899\" \/>\n\t<meta property=\"og:image:type\" content=\"image\/jpeg\" \/>\n<meta name=\"author\" content=\"AR\" \/>\n<meta name=\"twitter:card\" content=\"summary_large_image\" \/>\n<meta name=\"twitter:label1\" content=\"Escrito por\" \/>\n\t<meta name=\"twitter:data1\" content=\"AR\" \/>\n\t<meta name=\"twitter:label2\" content=\"Tiempo de lectura\" \/>\n\t<meta name=\"twitter:data2\" content=\"2 minutos\" \/>\n<script type=\"application\/ld+json\" class=\"yoast-schema-graph\">{\"@context\":\"https:\/\/schema.org\",\"@graph\":[{\"@type\":\"WebPage\",\"@id\":\"https:\/\/diarioabcdemichoacan.com.mx\/lasnoticias\/artesanos-de-capula-embellecen-paso-catrinas\/\",\"url\":\"https:\/\/diarioabcdemichoacan.com.mx\/lasnoticias\/artesanos-de-capula-embellecen-paso-catrinas\/\",\"name\":\"Artesanos de Capula embellecen Paso Catrinas - Diario ABC de Michoac\u00e1n\",\"isPartOf\":{\"@id\":\"https:\/\/diarioabcdemichoacan.com.mx\/lasnoticias\/#website\"},\"primaryImageOfPage\":{\"@id\":\"https:\/\/diarioabcdemichoacan.com.mx\/lasnoticias\/artesanos-de-capula-embellecen-paso-catrinas\/#primaryimage\"},\"image\":{\"@id\":\"https:\/\/diarioabcdemichoacan.com.mx\/lasnoticias\/artesanos-de-capula-embellecen-paso-catrinas\/#primaryimage\"},\"thumbnailUrl\":\"https:\/\/diarioabcdemichoacan.com.mx\/lasnoticias\/wp-content\/uploads\/2025\/04\/IMG-20250427-WA0089.jpg\",\"datePublished\":\"2025-04-27T19:04:11+00:00\",\"dateModified\":\"2025-04-27T19:04:11+00:00\",\"author\":{\"@id\":\"https:\/\/diarioabcdemichoacan.com.mx\/lasnoticias\/#\/schema\/person\/19ae376040f6cbc489682ebdd8524852\"},\"breadcrumb\":{\"@id\":\"https:\/\/diarioabcdemichoacan.com.mx\/lasnoticias\/artesanos-de-capula-embellecen-paso-catrinas\/#breadcrumb\"},\"inLanguage\":\"es\",\"potentialAction\":[{\"@type\":\"ReadAction\",\"target\":[\"https:\/\/diarioabcdemichoacan.com.mx\/lasnoticias\/artesanos-de-capula-embellecen-paso-catrinas\/\"]}]},{\"@type\":\"ImageObject\",\"inLanguage\":\"es\",\"@id\":\"https:\/\/diarioabcdemichoacan.com.mx\/lasnoticias\/artesanos-de-capula-embellecen-paso-catrinas\/#primaryimage\",\"url\":\"https:\/\/diarioabcdemichoacan.com.mx\/lasnoticias\/wp-content\/uploads\/2025\/04\/IMG-20250427-WA0089.jpg\",\"contentUrl\":\"https:\/\/diarioabcdemichoacan.com.mx\/lasnoticias\/wp-content\/uploads\/2025\/04\/IMG-20250427-WA0089.jpg\",\"width\":1599,\"height\":899},{\"@type\":\"BreadcrumbList\",\"@id\":\"https:\/\/diarioabcdemichoacan.com.mx\/lasnoticias\/artesanos-de-capula-embellecen-paso-catrinas\/#breadcrumb\",\"itemListElement\":[{\"@type\":\"ListItem\",\"position\":1,\"name\":\"Portada\",\"item\":\"https:\/\/diarioabcdemichoacan.com.mx\/lasnoticias\/\"},{\"@type\":\"ListItem\",\"position\":2,\"name\":\"Artesanos de Capula embellecen Paso Catrinas\"}]},{\"@type\":\"WebSite\",\"@id\":\"https:\/\/diarioabcdemichoacan.com.mx\/lasnoticias\/#website\",\"url\":\"https:\/\/diarioabcdemichoacan.com.mx\/lasnoticias\/\",\"name\":\"Diario ABC de Michoac\u00e1n\",\"description\":\"Las noticias al momento\",\"potentialAction\":[{\"@type\":\"SearchAction\",\"target\":{\"@type\":\"EntryPoint\",\"urlTemplate\":\"https:\/\/diarioabcdemichoacan.com.mx\/lasnoticias\/?s={search_term_string}\"},\"query-input\":{\"@type\":\"PropertyValueSpecification\",\"valueRequired\":true,\"valueName\":\"search_term_string\"}}],\"inLanguage\":\"es\"},{\"@type\":\"Person\",\"@id\":\"https:\/\/diarioabcdemichoacan.com.mx\/lasnoticias\/#\/schema\/person\/19ae376040f6cbc489682ebdd8524852\",\"name\":\"AR\",\"image\":{\"@type\":\"ImageObject\",\"inLanguage\":\"es\",\"@id\":\"https:\/\/diarioabcdemichoacan.com.mx\/lasnoticias\/#\/schema\/person\/image\/\",\"url\":\"https:\/\/secure.gravatar.com\/avatar\/44eca2ff970262234e20e1e082872af0?s=96&d=mm&r=g\",\"contentUrl\":\"https:\/\/secure.gravatar.com\/avatar\/44eca2ff970262234e20e1e082872af0?s=96&d=mm&r=g\",\"caption\":\"AR\"},\"url\":\"https:\/\/diarioabcdemichoacan.com.mx\/lasnoticias\/author\/adrian\/\"}]}<\/script>\n<!-- \/ Yoast SEO plugin. -->","yoast_head_json":{"title":"Artesanos de Capula embellecen Paso Catrinas - Diario ABC de Michoac\u00e1n","robots":{"index":"index","follow":"follow","max-snippet":"max-snippet:-1","max-image-preview":"max-image-preview:large","max-video-preview":"max-video-preview:-1"},"canonical":"https:\/\/diarioabcdemichoacan.com.mx\/lasnoticias\/artesanos-de-capula-embellecen-paso-catrinas\/","og_locale":"es_ES","og_type":"article","og_title":"Artesanos de Capula embellecen Paso Catrinas - Diario ABC de Michoac\u00e1n","og_description":"Obra mural en Talavera representa la cultura del estado &nbsp; Por Sara\u00ed Rangel Morelia, Mich.- El Paso Catrinas contar\u00e1 con una obra mural en talavera, elaborado por artesanos de Capula, con detalles en relieve que destacan la cultura de la tenencia moreliana y del estado de Michoac\u00e1n, a partir del dise\u00f1o de Alejandro Jacobo Villanueva, [&hellip;]","og_url":"https:\/\/diarioabcdemichoacan.com.mx\/lasnoticias\/artesanos-de-capula-embellecen-paso-catrinas\/","og_site_name":"Diario ABC de Michoac\u00e1n","article_published_time":"2025-04-27T19:04:11+00:00","og_image":[{"width":1599,"height":899,"url":"https:\/\/diarioabcdemichoacan.com.mx\/lasnoticias\/wp-content\/uploads\/2025\/04\/IMG-20250427-WA0089.jpg","type":"image\/jpeg"}],"author":"AR","twitter_card":"summary_large_image","twitter_misc":{"Escrito por":"AR","Tiempo de lectura":"2 minutos"},"schema":{"@context":"https:\/\/schema.org","@graph":[{"@type":"WebPage","@id":"https:\/\/diarioabcdemichoacan.com.mx\/lasnoticias\/artesanos-de-capula-embellecen-paso-catrinas\/","url":"https:\/\/diarioabcdemichoacan.com.mx\/lasnoticias\/artesanos-de-capula-embellecen-paso-catrinas\/","name":"Artesanos de Capula embellecen Paso Catrinas - Diario ABC de Michoac\u00e1n","isPartOf":{"@id":"https:\/\/diarioabcdemichoacan.com.mx\/lasnoticias\/#website"},"primaryImageOfPage":{"@id":"https:\/\/diarioabcdemichoacan.com.mx\/lasnoticias\/artesanos-de-capula-embellecen-paso-catrinas\/#primaryimage"},"image":{"@id":"https:\/\/diarioabcdemichoacan.com.mx\/lasnoticias\/artesanos-de-capula-embellecen-paso-catrinas\/#primaryimage"},"thumbnailUrl":"https:\/\/diarioabcdemichoacan.com.mx\/lasnoticias\/wp-content\/uploads\/2025\/04\/IMG-20250427-WA0089.jpg","datePublished":"2025-04-27T19:04:11+00:00","dateModified":"2025-04-27T19:04:11+00:00","author":{"@id":"https:\/\/diarioabcdemichoacan.com.mx\/lasnoticias\/#\/schema\/person\/19ae376040f6cbc489682ebdd8524852"},"breadcrumb":{"@id":"https:\/\/diarioabcdemichoacan.com.mx\/lasnoticias\/artesanos-de-capula-embellecen-paso-catrinas\/#breadcrumb"},"inLanguage":"es","potentialAction":[{"@type":"ReadAction","target":["https:\/\/diarioabcdemichoacan.com.mx\/lasnoticias\/artesanos-de-capula-embellecen-paso-catrinas\/"]}]},{"@type":"ImageObject","inLanguage":"es","@id":"https:\/\/diarioabcdemichoacan.com.mx\/lasnoticias\/artesanos-de-capula-embellecen-paso-catrinas\/#primaryimage","url":"https:\/\/diarioabcdemichoacan.com.mx\/lasnoticias\/wp-content\/uploads\/2025\/04\/IMG-20250427-WA0089.jpg","contentUrl":"https:\/\/diarioabcdemichoacan.com.mx\/lasnoticias\/wp-content\/uploads\/2025\/04\/IMG-20250427-WA0089.jpg","width":1599,"height":899},{"@type":"BreadcrumbList","@id":"https:\/\/diarioabcdemichoacan.com.mx\/lasnoticias\/artesanos-de-capula-embellecen-paso-catrinas\/#breadcrumb","itemListElement":[{"@type":"ListItem","position":1,"name":"Portada","item":"https:\/\/diarioabcdemichoacan.com.mx\/lasnoticias\/"},{"@type":"ListItem","position":2,"name":"Artesanos de Capula embellecen Paso Catrinas"}]},{"@type":"WebSite","@id":"https:\/\/diarioabcdemichoacan.com.mx\/lasnoticias\/#website","url":"https:\/\/diarioabcdemichoacan.com.mx\/lasnoticias\/","name":"Diario ABC de Michoac\u00e1n","description":"Las noticias al momento","potentialAction":[{"@type":"SearchAction","target":{"@type":"EntryPoint","urlTemplate":"https:\/\/diarioabcdemichoacan.com.mx\/lasnoticias\/?s={search_term_string}"},"query-input":{"@type":"PropertyValueSpecification","valueRequired":true,"valueName":"search_term_string"}}],"inLanguage":"es"},{"@type":"Person","@id":"https:\/\/diarioabcdemichoacan.com.mx\/lasnoticias\/#\/schema\/person\/19ae376040f6cbc489682ebdd8524852","name":"AR","image":{"@type":"ImageObject","inLanguage":"es","@id":"https:\/\/diarioabcdemichoacan.com.mx\/lasnoticias\/#\/schema\/person\/image\/","url":"https:\/\/secure.gravatar.com\/avatar\/44eca2ff970262234e20e1e082872af0?s=96&d=mm&r=g","contentUrl":"https:\/\/secure.gravatar.com\/avatar\/44eca2ff970262234e20e1e082872af0?s=96&d=mm&r=g","caption":"AR"},"url":"https:\/\/diarioabcdemichoacan.com.mx\/lasnoticias\/author\/adrian\/"}]}},"_links":{"self":[{"href":"https:\/\/diarioabcdemichoacan.com.mx\/lasnoticias\/wp-json\/wp\/v2\/posts\/56537","targetHints":{"allow":["GET"]}}],"collection":[{"href":"https:\/\/diarioabcdemichoacan.com.mx\/lasnoticias\/wp-json\/wp\/v2\/posts"}],"about":[{"href":"https:\/\/diarioabcdemichoacan.com.mx\/lasnoticias\/wp-json\/wp\/v2\/types\/post"}],"author":[{"embeddable":true,"href":"https:\/\/diarioabcdemichoacan.com.mx\/lasnoticias\/wp-json\/wp\/v2\/users\/9"}],"replies":[{"embeddable":true,"href":"https:\/\/diarioabcdemichoacan.com.mx\/lasnoticias\/wp-json\/wp\/v2\/comments?post=56537"}],"version-history":[{"count":1,"href":"https:\/\/diarioabcdemichoacan.com.mx\/lasnoticias\/wp-json\/wp\/v2\/posts\/56537\/revisions"}],"predecessor-version":[{"id":56542,"href":"https:\/\/diarioabcdemichoacan.com.mx\/lasnoticias\/wp-json\/wp\/v2\/posts\/56537\/revisions\/56542"}],"wp:featuredmedia":[{"embeddable":true,"href":"https:\/\/diarioabcdemichoacan.com.mx\/lasnoticias\/wp-json\/wp\/v2\/media\/56539"}],"wp:attachment":[{"href":"https:\/\/diarioabcdemichoacan.com.mx\/lasnoticias\/wp-json\/wp\/v2\/media?parent=56537"}],"wp:term":[{"taxonomy":"category","embeddable":true,"href":"https:\/\/diarioabcdemichoacan.com.mx\/lasnoticias\/wp-json\/wp\/v2\/categories?post=56537"},{"taxonomy":"post_tag","embeddable":true,"href":"https:\/\/diarioabcdemichoacan.com.mx\/lasnoticias\/wp-json\/wp\/v2\/tags?post=56537"}],"curies":[{"name":"wp","href":"https:\/\/api.w.org\/{rel}","templated":true}]}}