{"id":56550,"date":"2025-04-27T14:53:47","date_gmt":"2025-04-27T20:53:47","guid":{"rendered":"https:\/\/diarioabcdemichoacan.com.mx\/lasnoticias\/?p=56550"},"modified":"2025-04-27T14:53:47","modified_gmt":"2025-04-27T20:53:47","slug":"raul-moron-denuncia-hechos-ocurridos-en-apatzingan-ante-la-fiscalia","status":"publish","type":"post","link":"https:\/\/diarioabcdemichoacan.com.mx\/lasnoticias\/raul-moron-denuncia-hechos-ocurridos-en-apatzingan-ante-la-fiscalia\/","title":{"rendered":"Ra\u00fal Mor\u00f3n denuncia hechos ocurridos en Apatzing\u00e1n ante la Fiscal\u00eda"},"content":{"rendered":"<h6>Por Am\u00e9rica Ju\u00e1rez Navarro<\/h6>\n<hr \/>\n<p>Morelia, Mich.-Tras los acontecimientos registrados la tarde del s\u00e1bado en Apatzing\u00e1n, el Senador de la Rep\u00fablica, Ra\u00fal Mor\u00f3n Orozco, inform\u00f3 que interpuso una denuncia formal ante la Fiscal\u00eda General del Estado de Michoac\u00e1n (FGE).<\/p>\n<p>&nbsp;<\/p>\n<p>En un mensaje dirigido a la ciudadan\u00eda, a trav\u00e9s de sus redes sociales, Mor\u00f3n Orozco subray\u00f3 que su deber como representante popular es informar con transparencia y mantener el contacto directo con la gente. Por ello, asegur\u00f3 que no detendr\u00e1 su recorrido por el estado ni las asambleas informativas que ha venido realizando en el marco del Proceso Electoral Judicial.<\/p>\n<p>&nbsp;<\/p>\n<p>\u201cInformar a la poblaci\u00f3n es una de las principales responsabilidades que tenemos como representantes populares. Por ello, no detendr\u00e9 mi recorrido por Michoac\u00e1n y hago votos para que la poblaci\u00f3n pueda participar libremente en las asambleas informativas sobre el Proceso Electoral Judicial\u201d, se\u00f1al\u00f3 el pol\u00edtico michoacano.<\/p>\n<p>&nbsp;<\/p>\n<p>Mor\u00f3n tambi\u00e9n expres\u00f3 su confianza en que las autoridades competentes investiguen a fondo los hechos denunciados, y refrend\u00f3 su compromiso con la libre participaci\u00f3n ciudadana en todos los espacios democr\u00e1ticos.<\/p>\n<p>&nbsp;<\/p>\n<p>El mensaje concluy\u00f3 con el llamado a la ciudadan\u00eda a no dejarse intimidar y a seguir participando activamente en este momento pol\u00edtico clave para el pa\u00eds.<\/p>\n","protected":false},"excerpt":{"rendered":"<p>Por Am\u00e9rica Ju\u00e1rez Navarro Morelia, Mich.-Tras los acontecimientos registrados la tarde del s\u00e1bado en Apatzing\u00e1n, el Senador de la Rep\u00fablica, Ra\u00fal Mor\u00f3n Orozco, inform\u00f3 que interpuso una denuncia formal ante la Fiscal\u00eda General del Estado de Michoac\u00e1n (FGE). &nbsp; En un mensaje dirigido a la ciudadan\u00eda, a trav\u00e9s de sus redes sociales, Mor\u00f3n Orozco subray\u00f3 [&hellip;]<\/p>\n","protected":false},"author":9,"featured_media":56551,"comment_status":"closed","ping_status":"closed","sticky":false,"template":"","format":"standard","meta":{"footnotes":""},"categories":[30,10,28,27],"tags":[],"class_list":{"0":"post-56550","1":"post","2":"type-post","3":"status-publish","4":"format-standard","5":"has-post-thumbnail","7":"category-columnas","8":"category-estado","9":"category-politica","10":"category-slider"},"yoast_head":"<!-- This site is optimized with the Yoast SEO plugin v24.0 - https:\/\/yoast.com\/wordpress\/plugins\/seo\/ -->\n<title>Ra\u00fal Mor\u00f3n denuncia hechos ocurridos en Apatzing\u00e1n ante la Fiscal\u00eda - Diario ABC de Michoac\u00e1n<\/title>\n<meta name=\"robots\" content=\"index, follow, max-snippet:-1, max-image-preview:large, max-video-preview:-1\" \/>\n<link rel=\"canonical\" href=\"https:\/\/diarioabcdemichoacan.com.mx\/lasnoticias\/raul-moron-denuncia-hechos-ocurridos-en-apatzingan-ante-la-fiscalia\/\" \/>\n<meta property=\"og:locale\" content=\"es_ES\" \/>\n<meta property=\"og:type\" content=\"article\" \/>\n<meta property=\"og:title\" content=\"Ra\u00fal Mor\u00f3n denuncia hechos ocurridos en Apatzing\u00e1n ante la Fiscal\u00eda - Diario ABC de Michoac\u00e1n\" \/>\n<meta property=\"og:description\" content=\"Por Am\u00e9rica Ju\u00e1rez Navarro Morelia, Mich.-Tras los acontecimientos registrados la tarde del s\u00e1bado en Apatzing\u00e1n, el Senador de la Rep\u00fablica, Ra\u00fal Mor\u00f3n Orozco, inform\u00f3 que interpuso una denuncia formal ante la Fiscal\u00eda General del Estado de Michoac\u00e1n (FGE). &nbsp; En un mensaje dirigido a la ciudadan\u00eda, a trav\u00e9s de sus redes sociales, Mor\u00f3n Orozco subray\u00f3 [&hellip;]\" \/>\n<meta property=\"og:url\" content=\"https:\/\/diarioabcdemichoacan.com.mx\/lasnoticias\/raul-moron-denuncia-hechos-ocurridos-en-apatzingan-ante-la-fiscalia\/\" \/>\n<meta property=\"og:site_name\" content=\"Diario ABC de Michoac\u00e1n\" \/>\n<meta property=\"article:published_time\" content=\"2025-04-27T20:53:47+00:00\" \/>\n<meta property=\"og:image\" content=\"https:\/\/diarioabcdemichoacan.com.mx\/lasnoticias\/wp-content\/uploads\/2025\/04\/IMG-20250427-WA01191.jpg\" \/>\n\t<meta property=\"og:image:width\" content=\"1080\" \/>\n\t<meta property=\"og:image:height\" content=\"720\" \/>\n\t<meta property=\"og:image:type\" content=\"image\/jpeg\" \/>\n<meta name=\"author\" content=\"AR\" \/>\n<meta name=\"twitter:card\" content=\"summary_large_image\" \/>\n<meta name=\"twitter:label1\" content=\"Escrito por\" \/>\n\t<meta name=\"twitter:data1\" content=\"AR\" \/>\n\t<meta name=\"twitter:label2\" content=\"Tiempo de lectura\" \/>\n\t<meta name=\"twitter:data2\" content=\"2 minutos\" \/>\n<script type=\"application\/ld+json\" class=\"yoast-schema-graph\">{\"@context\":\"https:\/\/schema.org\",\"@graph\":[{\"@type\":\"WebPage\",\"@id\":\"https:\/\/diarioabcdemichoacan.com.mx\/lasnoticias\/raul-moron-denuncia-hechos-ocurridos-en-apatzingan-ante-la-fiscalia\/\",\"url\":\"https:\/\/diarioabcdemichoacan.com.mx\/lasnoticias\/raul-moron-denuncia-hechos-ocurridos-en-apatzingan-ante-la-fiscalia\/\",\"name\":\"Ra\u00fal Mor\u00f3n denuncia hechos ocurridos en Apatzing\u00e1n ante la Fiscal\u00eda - Diario ABC de Michoac\u00e1n\",\"isPartOf\":{\"@id\":\"https:\/\/diarioabcdemichoacan.com.mx\/lasnoticias\/#website\"},\"primaryImageOfPage\":{\"@id\":\"https:\/\/diarioabcdemichoacan.com.mx\/lasnoticias\/raul-moron-denuncia-hechos-ocurridos-en-apatzingan-ante-la-fiscalia\/#primaryimage\"},\"image\":{\"@id\":\"https:\/\/diarioabcdemichoacan.com.mx\/lasnoticias\/raul-moron-denuncia-hechos-ocurridos-en-apatzingan-ante-la-fiscalia\/#primaryimage\"},\"thumbnailUrl\":\"https:\/\/diarioabcdemichoacan.com.mx\/lasnoticias\/wp-content\/uploads\/2025\/04\/IMG-20250427-WA01191.jpg\",\"datePublished\":\"2025-04-27T20:53:47+00:00\",\"dateModified\":\"2025-04-27T20:53:47+00:00\",\"author\":{\"@id\":\"https:\/\/diarioabcdemichoacan.com.mx\/lasnoticias\/#\/schema\/person\/19ae376040f6cbc489682ebdd8524852\"},\"breadcrumb\":{\"@id\":\"https:\/\/diarioabcdemichoacan.com.mx\/lasnoticias\/raul-moron-denuncia-hechos-ocurridos-en-apatzingan-ante-la-fiscalia\/#breadcrumb\"},\"inLanguage\":\"es\",\"potentialAction\":[{\"@type\":\"ReadAction\",\"target\":[\"https:\/\/diarioabcdemichoacan.com.mx\/lasnoticias\/raul-moron-denuncia-hechos-ocurridos-en-apatzingan-ante-la-fiscalia\/\"]}]},{\"@type\":\"ImageObject\",\"inLanguage\":\"es\",\"@id\":\"https:\/\/diarioabcdemichoacan.com.mx\/lasnoticias\/raul-moron-denuncia-hechos-ocurridos-en-apatzingan-ante-la-fiscalia\/#primaryimage\",\"url\":\"https:\/\/diarioabcdemichoacan.com.mx\/lasnoticias\/wp-content\/uploads\/2025\/04\/IMG-20250427-WA01191.jpg\",\"contentUrl\":\"https:\/\/diarioabcdemichoacan.com.mx\/lasnoticias\/wp-content\/uploads\/2025\/04\/IMG-20250427-WA01191.jpg\",\"width\":1080,\"height\":720},{\"@type\":\"BreadcrumbList\",\"@id\":\"https:\/\/diarioabcdemichoacan.com.mx\/lasnoticias\/raul-moron-denuncia-hechos-ocurridos-en-apatzingan-ante-la-fiscalia\/#breadcrumb\",\"itemListElement\":[{\"@type\":\"ListItem\",\"position\":1,\"name\":\"Portada\",\"item\":\"https:\/\/diarioabcdemichoacan.com.mx\/lasnoticias\/\"},{\"@type\":\"ListItem\",\"position\":2,\"name\":\"Ra\u00fal Mor\u00f3n denuncia hechos ocurridos en Apatzing\u00e1n ante la Fiscal\u00eda\"}]},{\"@type\":\"WebSite\",\"@id\":\"https:\/\/diarioabcdemichoacan.com.mx\/lasnoticias\/#website\",\"url\":\"https:\/\/diarioabcdemichoacan.com.mx\/lasnoticias\/\",\"name\":\"Diario ABC de Michoac\u00e1n\",\"description\":\"Las noticias al momento\",\"potentialAction\":[{\"@type\":\"SearchAction\",\"target\":{\"@type\":\"EntryPoint\",\"urlTemplate\":\"https:\/\/diarioabcdemichoacan.com.mx\/lasnoticias\/?s={search_term_string}\"},\"query-input\":{\"@type\":\"PropertyValueSpecification\",\"valueRequired\":true,\"valueName\":\"search_term_string\"}}],\"inLanguage\":\"es\"},{\"@type\":\"Person\",\"@id\":\"https:\/\/diarioabcdemichoacan.com.mx\/lasnoticias\/#\/schema\/person\/19ae376040f6cbc489682ebdd8524852\",\"name\":\"AR\",\"image\":{\"@type\":\"ImageObject\",\"inLanguage\":\"es\",\"@id\":\"https:\/\/diarioabcdemichoacan.com.mx\/lasnoticias\/#\/schema\/person\/image\/\",\"url\":\"https:\/\/secure.gravatar.com\/avatar\/44eca2ff970262234e20e1e082872af0?s=96&d=mm&r=g\",\"contentUrl\":\"https:\/\/secure.gravatar.com\/avatar\/44eca2ff970262234e20e1e082872af0?s=96&d=mm&r=g\",\"caption\":\"AR\"},\"url\":\"https:\/\/diarioabcdemichoacan.com.mx\/lasnoticias\/author\/adrian\/\"}]}<\/script>\n<!-- \/ Yoast SEO plugin. -->","yoast_head_json":{"title":"Ra\u00fal Mor\u00f3n denuncia hechos ocurridos en Apatzing\u00e1n ante la Fiscal\u00eda - Diario ABC de Michoac\u00e1n","robots":{"index":"index","follow":"follow","max-snippet":"max-snippet:-1","max-image-preview":"max-image-preview:large","max-video-preview":"max-video-preview:-1"},"canonical":"https:\/\/diarioabcdemichoacan.com.mx\/lasnoticias\/raul-moron-denuncia-hechos-ocurridos-en-apatzingan-ante-la-fiscalia\/","og_locale":"es_ES","og_type":"article","og_title":"Ra\u00fal Mor\u00f3n denuncia hechos ocurridos en Apatzing\u00e1n ante la Fiscal\u00eda - Diario ABC de Michoac\u00e1n","og_description":"Por Am\u00e9rica Ju\u00e1rez Navarro Morelia, Mich.-Tras los acontecimientos registrados la tarde del s\u00e1bado en Apatzing\u00e1n, el Senador de la Rep\u00fablica, Ra\u00fal Mor\u00f3n Orozco, inform\u00f3 que interpuso una denuncia formal ante la Fiscal\u00eda General del Estado de Michoac\u00e1n (FGE). &nbsp; En un mensaje dirigido a la ciudadan\u00eda, a trav\u00e9s de sus redes sociales, Mor\u00f3n Orozco subray\u00f3 [&hellip;]","og_url":"https:\/\/diarioabcdemichoacan.com.mx\/lasnoticias\/raul-moron-denuncia-hechos-ocurridos-en-apatzingan-ante-la-fiscalia\/","og_site_name":"Diario ABC de Michoac\u00e1n","article_published_time":"2025-04-27T20:53:47+00:00","og_image":[{"width":1080,"height":720,"url":"https:\/\/diarioabcdemichoacan.com.mx\/lasnoticias\/wp-content\/uploads\/2025\/04\/IMG-20250427-WA01191.jpg","type":"image\/jpeg"}],"author":"AR","twitter_card":"summary_large_image","twitter_misc":{"Escrito por":"AR","Tiempo de lectura":"2 minutos"},"schema":{"@context":"https:\/\/schema.org","@graph":[{"@type":"WebPage","@id":"https:\/\/diarioabcdemichoacan.com.mx\/lasnoticias\/raul-moron-denuncia-hechos-ocurridos-en-apatzingan-ante-la-fiscalia\/","url":"https:\/\/diarioabcdemichoacan.com.mx\/lasnoticias\/raul-moron-denuncia-hechos-ocurridos-en-apatzingan-ante-la-fiscalia\/","name":"Ra\u00fal Mor\u00f3n denuncia hechos ocurridos en Apatzing\u00e1n ante la Fiscal\u00eda - Diario ABC de Michoac\u00e1n","isPartOf":{"@id":"https:\/\/diarioabcdemichoacan.com.mx\/lasnoticias\/#website"},"primaryImageOfPage":{"@id":"https:\/\/diarioabcdemichoacan.com.mx\/lasnoticias\/raul-moron-denuncia-hechos-ocurridos-en-apatzingan-ante-la-fiscalia\/#primaryimage"},"image":{"@id":"https:\/\/diarioabcdemichoacan.com.mx\/lasnoticias\/raul-moron-denuncia-hechos-ocurridos-en-apatzingan-ante-la-fiscalia\/#primaryimage"},"thumbnailUrl":"https:\/\/diarioabcdemichoacan.com.mx\/lasnoticias\/wp-content\/uploads\/2025\/04\/IMG-20250427-WA01191.jpg","datePublished":"2025-04-27T20:53:47+00:00","dateModified":"2025-04-27T20:53:47+00:00","author":{"@id":"https:\/\/diarioabcdemichoacan.com.mx\/lasnoticias\/#\/schema\/person\/19ae376040f6cbc489682ebdd8524852"},"breadcrumb":{"@id":"https:\/\/diarioabcdemichoacan.com.mx\/lasnoticias\/raul-moron-denuncia-hechos-ocurridos-en-apatzingan-ante-la-fiscalia\/#breadcrumb"},"inLanguage":"es","potentialAction":[{"@type":"ReadAction","target":["https:\/\/diarioabcdemichoacan.com.mx\/lasnoticias\/raul-moron-denuncia-hechos-ocurridos-en-apatzingan-ante-la-fiscalia\/"]}]},{"@type":"ImageObject","inLanguage":"es","@id":"https:\/\/diarioabcdemichoacan.com.mx\/lasnoticias\/raul-moron-denuncia-hechos-ocurridos-en-apatzingan-ante-la-fiscalia\/#primaryimage","url":"https:\/\/diarioabcdemichoacan.com.mx\/lasnoticias\/wp-content\/uploads\/2025\/04\/IMG-20250427-WA01191.jpg","contentUrl":"https:\/\/diarioabcdemichoacan.com.mx\/lasnoticias\/wp-content\/uploads\/2025\/04\/IMG-20250427-WA01191.jpg","width":1080,"height":720},{"@type":"BreadcrumbList","@id":"https:\/\/diarioabcdemichoacan.com.mx\/lasnoticias\/raul-moron-denuncia-hechos-ocurridos-en-apatzingan-ante-la-fiscalia\/#breadcrumb","itemListElement":[{"@type":"ListItem","position":1,"name":"Portada","item":"https:\/\/diarioabcdemichoacan.com.mx\/lasnoticias\/"},{"@type":"ListItem","position":2,"name":"Ra\u00fal Mor\u00f3n denuncia hechos ocurridos en Apatzing\u00e1n ante la Fiscal\u00eda"}]},{"@type":"WebSite","@id":"https:\/\/diarioabcdemichoacan.com.mx\/lasnoticias\/#website","url":"https:\/\/diarioabcdemichoacan.com.mx\/lasnoticias\/","name":"Diario ABC de Michoac\u00e1n","description":"Las noticias al momento","potentialAction":[{"@type":"SearchAction","target":{"@type":"EntryPoint","urlTemplate":"https:\/\/diarioabcdemichoacan.com.mx\/lasnoticias\/?s={search_term_string}"},"query-input":{"@type":"PropertyValueSpecification","valueRequired":true,"valueName":"search_term_string"}}],"inLanguage":"es"},{"@type":"Person","@id":"https:\/\/diarioabcdemichoacan.com.mx\/lasnoticias\/#\/schema\/person\/19ae376040f6cbc489682ebdd8524852","name":"AR","image":{"@type":"ImageObject","inLanguage":"es","@id":"https:\/\/diarioabcdemichoacan.com.mx\/lasnoticias\/#\/schema\/person\/image\/","url":"https:\/\/secure.gravatar.com\/avatar\/44eca2ff970262234e20e1e082872af0?s=96&d=mm&r=g","contentUrl":"https:\/\/secure.gravatar.com\/avatar\/44eca2ff970262234e20e1e082872af0?s=96&d=mm&r=g","caption":"AR"},"url":"https:\/\/diarioabcdemichoacan.com.mx\/lasnoticias\/author\/adrian\/"}]}},"_links":{"self":[{"href":"https:\/\/diarioabcdemichoacan.com.mx\/lasnoticias\/wp-json\/wp\/v2\/posts\/56550","targetHints":{"allow":["GET"]}}],"collection":[{"href":"https:\/\/diarioabcdemichoacan.com.mx\/lasnoticias\/wp-json\/wp\/v2\/posts"}],"about":[{"href":"https:\/\/diarioabcdemichoacan.com.mx\/lasnoticias\/wp-json\/wp\/v2\/types\/post"}],"author":[{"embeddable":true,"href":"https:\/\/diarioabcdemichoacan.com.mx\/lasnoticias\/wp-json\/wp\/v2\/users\/9"}],"replies":[{"embeddable":true,"href":"https:\/\/diarioabcdemichoacan.com.mx\/lasnoticias\/wp-json\/wp\/v2\/comments?post=56550"}],"version-history":[{"count":1,"href":"https:\/\/diarioabcdemichoacan.com.mx\/lasnoticias\/wp-json\/wp\/v2\/posts\/56550\/revisions"}],"predecessor-version":[{"id":56552,"href":"https:\/\/diarioabcdemichoacan.com.mx\/lasnoticias\/wp-json\/wp\/v2\/posts\/56550\/revisions\/56552"}],"wp:featuredmedia":[{"embeddable":true,"href":"https:\/\/diarioabcdemichoacan.com.mx\/lasnoticias\/wp-json\/wp\/v2\/media\/56551"}],"wp:attachment":[{"href":"https:\/\/diarioabcdemichoacan.com.mx\/lasnoticias\/wp-json\/wp\/v2\/media?parent=56550"}],"wp:term":[{"taxonomy":"category","embeddable":true,"href":"https:\/\/diarioabcdemichoacan.com.mx\/lasnoticias\/wp-json\/wp\/v2\/categories?post=56550"},{"taxonomy":"post_tag","embeddable":true,"href":"https:\/\/diarioabcdemichoacan.com.mx\/lasnoticias\/wp-json\/wp\/v2\/tags?post=56550"}],"curies":[{"name":"wp","href":"https:\/\/api.w.org\/{rel}","templated":true}]}}