{"id":58064,"date":"2025-05-08T12:55:02","date_gmt":"2025-05-08T18:55:02","guid":{"rendered":"https:\/\/diarioabcdemichoacan.com.mx\/lasnoticias\/?p=58064"},"modified":"2025-05-08T12:55:02","modified_gmt":"2025-05-08T18:55:02","slug":"bedolla-convoca-a-mantener-ideario-de-libertad-y-justicia-social-de-miguel-hidalgo","status":"publish","type":"post","link":"https:\/\/diarioabcdemichoacan.com.mx\/lasnoticias\/bedolla-convoca-a-mantener-ideario-de-libertad-y-justicia-social-de-miguel-hidalgo\/","title":{"rendered":"Bedolla convoca a mantener ideario de libertad y justicia social de Miguel Hidalgo"},"content":{"rendered":"<h2>En la UMSNH, el gobernador encabez\u00f3 el 272 Aniversario del Natalicio del Padre de la Patria<\/h2>\n<p>&nbsp;<\/p>\n<hr \/>\n<p>Morelia, Mich.- Al conmemorar los 272 a\u00f1os del Natalicio de Miguel Hidalgo y Costilla en el Colegio Primitivo y Nacional de San Nicol\u00e1s de Hidalgo, el gobernador Alfredo Ram\u00edrez Bedolla convoc\u00f3 a seguir el ideario del llamado Padre de la Patria para mantener los prop\u00f3sitos de libertad y justicia social, as\u00ed como larga vida a la Universidad Michoacana de San Nicol\u00e1s de Hidalgo (UMSNH).<\/p>\n<p>Como orador oficial del evento donde se honr\u00f3 la memoria del Cura de Dolores, el mandatario pronunci\u00f3 que hoy, en los tiempos de transformaci\u00f3n que vive el pa\u00eds, siguen latiendo con fuerza sus principales ideas, como la m\u00e1xima que dicta que \u201cel pueblo quiere ser libre y lo ser\u00e1\u201d.<\/p>\n<p>Al recordar los acontecimientos hist\u00f3ricos que impuls\u00f3 Hidalgo y que marcaron el rumbo de M\u00e9xico hasta lograr una patria libre y soberana, Ram\u00edrez Bedolla destac\u00f3 que, tras haber promulgado su Grito de Independencia, el pa\u00eds vivi\u00f3 su primera gran transformaci\u00f3n.<\/p>\n<p>El gobernador resalt\u00f3 en su mensaje que hoy la Universidad Michoacana lleva con orgullo el nombre de Hidalgo, convirti\u00e9ndose en heredera de su esp\u00edritu donde no solo se forman profesionistas, sino mujeres y hombres activos y conscientes de su responsabilidad hist\u00f3rica.<\/p>\n<p>Dese\u00f3 que la llamada Casa de Hidalgo siga siendo un espacio de pensamiento cr\u00edtico y acci\u00f3n transformadora, que cada aula, investigaci\u00f3n y proyecto social lleve impreso el esp\u00edritu libertador de Miguel Hidalgo, que contin\u00faa presente en la vida de M\u00e9xico.<\/p>\n<p>Acompa\u00f1aron al gobernador la rectora de la Universidad Michoacana, Yarab\u00ed \u00c1vila Gonz\u00e1lez; el diputado presidente de la Mesa Directiva del Congreso local, Juan Antonio Maga\u00f1a de la Mora; el magistrado presidente del Poder Judicial del Estado, Gerardo Contreras; la secretaria de Educaci\u00f3n, Gabriela Molina; la rectora del Colegio de San Nicolas, Yaneth Morales; entre otras autoridades.<\/p>\n","protected":false},"excerpt":{"rendered":"<p>En la UMSNH, el gobernador encabez\u00f3 el 272 Aniversario del Natalicio del Padre de la Patria &nbsp; Morelia, Mich.- Al conmemorar los 272 a\u00f1os del Natalicio de Miguel Hidalgo y Costilla en el Colegio Primitivo y Nacional de San Nicol\u00e1s de Hidalgo, el gobernador Alfredo Ram\u00edrez Bedolla convoc\u00f3 a seguir el ideario del llamado Padre [&hellip;]<\/p>\n","protected":false},"author":9,"featured_media":58065,"comment_status":"closed","ping_status":"closed","sticky":false,"template":"","format":"standard","meta":{"footnotes":""},"categories":[10,17,28,27],"tags":[],"class_list":{"0":"post-58064","1":"post","2":"type-post","3":"status-publish","4":"format-standard","5":"has-post-thumbnail","7":"category-estado","8":"category-gobierno-de-michoacan","9":"category-politica","10":"category-slider"},"yoast_head":"<!-- This site is optimized with the Yoast SEO plugin v24.0 - https:\/\/yoast.com\/wordpress\/plugins\/seo\/ -->\n<title>Bedolla convoca a mantener ideario de libertad y justicia social de Miguel Hidalgo - Diario ABC de Michoac\u00e1n<\/title>\n<meta name=\"robots\" content=\"index, follow, max-snippet:-1, max-image-preview:large, max-video-preview:-1\" \/>\n<link rel=\"canonical\" href=\"https:\/\/diarioabcdemichoacan.com.mx\/lasnoticias\/bedolla-convoca-a-mantener-ideario-de-libertad-y-justicia-social-de-miguel-hidalgo\/\" \/>\n<meta property=\"og:locale\" content=\"es_ES\" \/>\n<meta property=\"og:type\" content=\"article\" \/>\n<meta property=\"og:title\" content=\"Bedolla convoca a mantener ideario de libertad y justicia social de Miguel Hidalgo - Diario ABC de Michoac\u00e1n\" \/>\n<meta property=\"og:description\" content=\"En la UMSNH, el gobernador encabez\u00f3 el 272 Aniversario del Natalicio del Padre de la Patria &nbsp; Morelia, Mich.- Al conmemorar los 272 a\u00f1os del Natalicio de Miguel Hidalgo y Costilla en el Colegio Primitivo y Nacional de San Nicol\u00e1s de Hidalgo, el gobernador Alfredo Ram\u00edrez Bedolla convoc\u00f3 a seguir el ideario del llamado Padre [&hellip;]\" \/>\n<meta property=\"og:url\" content=\"https:\/\/diarioabcdemichoacan.com.mx\/lasnoticias\/bedolla-convoca-a-mantener-ideario-de-libertad-y-justicia-social-de-miguel-hidalgo\/\" \/>\n<meta property=\"og:site_name\" content=\"Diario ABC de Michoac\u00e1n\" \/>\n<meta property=\"article:published_time\" content=\"2025-05-08T18:55:02+00:00\" \/>\n<meta property=\"og:image\" content=\"https:\/\/diarioabcdemichoacan.com.mx\/lasnoticias\/wp-content\/uploads\/2025\/05\/Imagen-de-WhatsApp-2025-05-08-a-las-12.45.09_1db537e7.jpg\" \/>\n\t<meta property=\"og:image:width\" content=\"1280\" \/>\n\t<meta property=\"og:image:height\" content=\"852\" \/>\n\t<meta property=\"og:image:type\" content=\"image\/jpeg\" \/>\n<meta name=\"author\" content=\"AR\" \/>\n<meta name=\"twitter:card\" content=\"summary_large_image\" \/>\n<meta name=\"twitter:label1\" content=\"Escrito por\" \/>\n\t<meta name=\"twitter:data1\" content=\"AR\" \/>\n\t<meta name=\"twitter:label2\" content=\"Tiempo de lectura\" \/>\n\t<meta name=\"twitter:data2\" content=\"2 minutos\" \/>\n<script type=\"application\/ld+json\" class=\"yoast-schema-graph\">{\"@context\":\"https:\/\/schema.org\",\"@graph\":[{\"@type\":\"WebPage\",\"@id\":\"https:\/\/diarioabcdemichoacan.com.mx\/lasnoticias\/bedolla-convoca-a-mantener-ideario-de-libertad-y-justicia-social-de-miguel-hidalgo\/\",\"url\":\"https:\/\/diarioabcdemichoacan.com.mx\/lasnoticias\/bedolla-convoca-a-mantener-ideario-de-libertad-y-justicia-social-de-miguel-hidalgo\/\",\"name\":\"Bedolla convoca a mantener ideario de libertad y justicia social de Miguel Hidalgo - Diario ABC de Michoac\u00e1n\",\"isPartOf\":{\"@id\":\"https:\/\/diarioabcdemichoacan.com.mx\/lasnoticias\/#website\"},\"primaryImageOfPage\":{\"@id\":\"https:\/\/diarioabcdemichoacan.com.mx\/lasnoticias\/bedolla-convoca-a-mantener-ideario-de-libertad-y-justicia-social-de-miguel-hidalgo\/#primaryimage\"},\"image\":{\"@id\":\"https:\/\/diarioabcdemichoacan.com.mx\/lasnoticias\/bedolla-convoca-a-mantener-ideario-de-libertad-y-justicia-social-de-miguel-hidalgo\/#primaryimage\"},\"thumbnailUrl\":\"https:\/\/diarioabcdemichoacan.com.mx\/lasnoticias\/wp-content\/uploads\/2025\/05\/Imagen-de-WhatsApp-2025-05-08-a-las-12.45.09_1db537e7.jpg\",\"datePublished\":\"2025-05-08T18:55:02+00:00\",\"dateModified\":\"2025-05-08T18:55:02+00:00\",\"author\":{\"@id\":\"https:\/\/diarioabcdemichoacan.com.mx\/lasnoticias\/#\/schema\/person\/19ae376040f6cbc489682ebdd8524852\"},\"breadcrumb\":{\"@id\":\"https:\/\/diarioabcdemichoacan.com.mx\/lasnoticias\/bedolla-convoca-a-mantener-ideario-de-libertad-y-justicia-social-de-miguel-hidalgo\/#breadcrumb\"},\"inLanguage\":\"es\",\"potentialAction\":[{\"@type\":\"ReadAction\",\"target\":[\"https:\/\/diarioabcdemichoacan.com.mx\/lasnoticias\/bedolla-convoca-a-mantener-ideario-de-libertad-y-justicia-social-de-miguel-hidalgo\/\"]}]},{\"@type\":\"ImageObject\",\"inLanguage\":\"es\",\"@id\":\"https:\/\/diarioabcdemichoacan.com.mx\/lasnoticias\/bedolla-convoca-a-mantener-ideario-de-libertad-y-justicia-social-de-miguel-hidalgo\/#primaryimage\",\"url\":\"https:\/\/diarioabcdemichoacan.com.mx\/lasnoticias\/wp-content\/uploads\/2025\/05\/Imagen-de-WhatsApp-2025-05-08-a-las-12.45.09_1db537e7.jpg\",\"contentUrl\":\"https:\/\/diarioabcdemichoacan.com.mx\/lasnoticias\/wp-content\/uploads\/2025\/05\/Imagen-de-WhatsApp-2025-05-08-a-las-12.45.09_1db537e7.jpg\",\"width\":1280,\"height\":852},{\"@type\":\"BreadcrumbList\",\"@id\":\"https:\/\/diarioabcdemichoacan.com.mx\/lasnoticias\/bedolla-convoca-a-mantener-ideario-de-libertad-y-justicia-social-de-miguel-hidalgo\/#breadcrumb\",\"itemListElement\":[{\"@type\":\"ListItem\",\"position\":1,\"name\":\"Portada\",\"item\":\"https:\/\/diarioabcdemichoacan.com.mx\/lasnoticias\/\"},{\"@type\":\"ListItem\",\"position\":2,\"name\":\"Bedolla convoca a mantener ideario de libertad y justicia social de Miguel Hidalgo\"}]},{\"@type\":\"WebSite\",\"@id\":\"https:\/\/diarioabcdemichoacan.com.mx\/lasnoticias\/#website\",\"url\":\"https:\/\/diarioabcdemichoacan.com.mx\/lasnoticias\/\",\"name\":\"Diario ABC de Michoac\u00e1n\",\"description\":\"Las noticias al momento\",\"potentialAction\":[{\"@type\":\"SearchAction\",\"target\":{\"@type\":\"EntryPoint\",\"urlTemplate\":\"https:\/\/diarioabcdemichoacan.com.mx\/lasnoticias\/?s={search_term_string}\"},\"query-input\":{\"@type\":\"PropertyValueSpecification\",\"valueRequired\":true,\"valueName\":\"search_term_string\"}}],\"inLanguage\":\"es\"},{\"@type\":\"Person\",\"@id\":\"https:\/\/diarioabcdemichoacan.com.mx\/lasnoticias\/#\/schema\/person\/19ae376040f6cbc489682ebdd8524852\",\"name\":\"AR\",\"image\":{\"@type\":\"ImageObject\",\"inLanguage\":\"es\",\"@id\":\"https:\/\/diarioabcdemichoacan.com.mx\/lasnoticias\/#\/schema\/person\/image\/\",\"url\":\"https:\/\/secure.gravatar.com\/avatar\/44eca2ff970262234e20e1e082872af0?s=96&d=mm&r=g\",\"contentUrl\":\"https:\/\/secure.gravatar.com\/avatar\/44eca2ff970262234e20e1e082872af0?s=96&d=mm&r=g\",\"caption\":\"AR\"},\"url\":\"https:\/\/diarioabcdemichoacan.com.mx\/lasnoticias\/author\/adrian\/\"}]}<\/script>\n<!-- \/ Yoast SEO plugin. -->","yoast_head_json":{"title":"Bedolla convoca a mantener ideario de libertad y justicia social de Miguel Hidalgo - Diario ABC de Michoac\u00e1n","robots":{"index":"index","follow":"follow","max-snippet":"max-snippet:-1","max-image-preview":"max-image-preview:large","max-video-preview":"max-video-preview:-1"},"canonical":"https:\/\/diarioabcdemichoacan.com.mx\/lasnoticias\/bedolla-convoca-a-mantener-ideario-de-libertad-y-justicia-social-de-miguel-hidalgo\/","og_locale":"es_ES","og_type":"article","og_title":"Bedolla convoca a mantener ideario de libertad y justicia social de Miguel Hidalgo - Diario ABC de Michoac\u00e1n","og_description":"En la UMSNH, el gobernador encabez\u00f3 el 272 Aniversario del Natalicio del Padre de la Patria &nbsp; Morelia, Mich.- Al conmemorar los 272 a\u00f1os del Natalicio de Miguel Hidalgo y Costilla en el Colegio Primitivo y Nacional de San Nicol\u00e1s de Hidalgo, el gobernador Alfredo Ram\u00edrez Bedolla convoc\u00f3 a seguir el ideario del llamado Padre [&hellip;]","og_url":"https:\/\/diarioabcdemichoacan.com.mx\/lasnoticias\/bedolla-convoca-a-mantener-ideario-de-libertad-y-justicia-social-de-miguel-hidalgo\/","og_site_name":"Diario ABC de Michoac\u00e1n","article_published_time":"2025-05-08T18:55:02+00:00","og_image":[{"width":1280,"height":852,"url":"https:\/\/diarioabcdemichoacan.com.mx\/lasnoticias\/wp-content\/uploads\/2025\/05\/Imagen-de-WhatsApp-2025-05-08-a-las-12.45.09_1db537e7.jpg","type":"image\/jpeg"}],"author":"AR","twitter_card":"summary_large_image","twitter_misc":{"Escrito por":"AR","Tiempo de lectura":"2 minutos"},"schema":{"@context":"https:\/\/schema.org","@graph":[{"@type":"WebPage","@id":"https:\/\/diarioabcdemichoacan.com.mx\/lasnoticias\/bedolla-convoca-a-mantener-ideario-de-libertad-y-justicia-social-de-miguel-hidalgo\/","url":"https:\/\/diarioabcdemichoacan.com.mx\/lasnoticias\/bedolla-convoca-a-mantener-ideario-de-libertad-y-justicia-social-de-miguel-hidalgo\/","name":"Bedolla convoca a mantener ideario de libertad y justicia social de Miguel Hidalgo - Diario ABC de Michoac\u00e1n","isPartOf":{"@id":"https:\/\/diarioabcdemichoacan.com.mx\/lasnoticias\/#website"},"primaryImageOfPage":{"@id":"https:\/\/diarioabcdemichoacan.com.mx\/lasnoticias\/bedolla-convoca-a-mantener-ideario-de-libertad-y-justicia-social-de-miguel-hidalgo\/#primaryimage"},"image":{"@id":"https:\/\/diarioabcdemichoacan.com.mx\/lasnoticias\/bedolla-convoca-a-mantener-ideario-de-libertad-y-justicia-social-de-miguel-hidalgo\/#primaryimage"},"thumbnailUrl":"https:\/\/diarioabcdemichoacan.com.mx\/lasnoticias\/wp-content\/uploads\/2025\/05\/Imagen-de-WhatsApp-2025-05-08-a-las-12.45.09_1db537e7.jpg","datePublished":"2025-05-08T18:55:02+00:00","dateModified":"2025-05-08T18:55:02+00:00","author":{"@id":"https:\/\/diarioabcdemichoacan.com.mx\/lasnoticias\/#\/schema\/person\/19ae376040f6cbc489682ebdd8524852"},"breadcrumb":{"@id":"https:\/\/diarioabcdemichoacan.com.mx\/lasnoticias\/bedolla-convoca-a-mantener-ideario-de-libertad-y-justicia-social-de-miguel-hidalgo\/#breadcrumb"},"inLanguage":"es","potentialAction":[{"@type":"ReadAction","target":["https:\/\/diarioabcdemichoacan.com.mx\/lasnoticias\/bedolla-convoca-a-mantener-ideario-de-libertad-y-justicia-social-de-miguel-hidalgo\/"]}]},{"@type":"ImageObject","inLanguage":"es","@id":"https:\/\/diarioabcdemichoacan.com.mx\/lasnoticias\/bedolla-convoca-a-mantener-ideario-de-libertad-y-justicia-social-de-miguel-hidalgo\/#primaryimage","url":"https:\/\/diarioabcdemichoacan.com.mx\/lasnoticias\/wp-content\/uploads\/2025\/05\/Imagen-de-WhatsApp-2025-05-08-a-las-12.45.09_1db537e7.jpg","contentUrl":"https:\/\/diarioabcdemichoacan.com.mx\/lasnoticias\/wp-content\/uploads\/2025\/05\/Imagen-de-WhatsApp-2025-05-08-a-las-12.45.09_1db537e7.jpg","width":1280,"height":852},{"@type":"BreadcrumbList","@id":"https:\/\/diarioabcdemichoacan.com.mx\/lasnoticias\/bedolla-convoca-a-mantener-ideario-de-libertad-y-justicia-social-de-miguel-hidalgo\/#breadcrumb","itemListElement":[{"@type":"ListItem","position":1,"name":"Portada","item":"https:\/\/diarioabcdemichoacan.com.mx\/lasnoticias\/"},{"@type":"ListItem","position":2,"name":"Bedolla convoca a mantener ideario de libertad y justicia social de Miguel Hidalgo"}]},{"@type":"WebSite","@id":"https:\/\/diarioabcdemichoacan.com.mx\/lasnoticias\/#website","url":"https:\/\/diarioabcdemichoacan.com.mx\/lasnoticias\/","name":"Diario ABC de Michoac\u00e1n","description":"Las noticias al momento","potentialAction":[{"@type":"SearchAction","target":{"@type":"EntryPoint","urlTemplate":"https:\/\/diarioabcdemichoacan.com.mx\/lasnoticias\/?s={search_term_string}"},"query-input":{"@type":"PropertyValueSpecification","valueRequired":true,"valueName":"search_term_string"}}],"inLanguage":"es"},{"@type":"Person","@id":"https:\/\/diarioabcdemichoacan.com.mx\/lasnoticias\/#\/schema\/person\/19ae376040f6cbc489682ebdd8524852","name":"AR","image":{"@type":"ImageObject","inLanguage":"es","@id":"https:\/\/diarioabcdemichoacan.com.mx\/lasnoticias\/#\/schema\/person\/image\/","url":"https:\/\/secure.gravatar.com\/avatar\/44eca2ff970262234e20e1e082872af0?s=96&d=mm&r=g","contentUrl":"https:\/\/secure.gravatar.com\/avatar\/44eca2ff970262234e20e1e082872af0?s=96&d=mm&r=g","caption":"AR"},"url":"https:\/\/diarioabcdemichoacan.com.mx\/lasnoticias\/author\/adrian\/"}]}},"_links":{"self":[{"href":"https:\/\/diarioabcdemichoacan.com.mx\/lasnoticias\/wp-json\/wp\/v2\/posts\/58064","targetHints":{"allow":["GET"]}}],"collection":[{"href":"https:\/\/diarioabcdemichoacan.com.mx\/lasnoticias\/wp-json\/wp\/v2\/posts"}],"about":[{"href":"https:\/\/diarioabcdemichoacan.com.mx\/lasnoticias\/wp-json\/wp\/v2\/types\/post"}],"author":[{"embeddable":true,"href":"https:\/\/diarioabcdemichoacan.com.mx\/lasnoticias\/wp-json\/wp\/v2\/users\/9"}],"replies":[{"embeddable":true,"href":"https:\/\/diarioabcdemichoacan.com.mx\/lasnoticias\/wp-json\/wp\/v2\/comments?post=58064"}],"version-history":[{"count":1,"href":"https:\/\/diarioabcdemichoacan.com.mx\/lasnoticias\/wp-json\/wp\/v2\/posts\/58064\/revisions"}],"predecessor-version":[{"id":58066,"href":"https:\/\/diarioabcdemichoacan.com.mx\/lasnoticias\/wp-json\/wp\/v2\/posts\/58064\/revisions\/58066"}],"wp:featuredmedia":[{"embeddable":true,"href":"https:\/\/diarioabcdemichoacan.com.mx\/lasnoticias\/wp-json\/wp\/v2\/media\/58065"}],"wp:attachment":[{"href":"https:\/\/diarioabcdemichoacan.com.mx\/lasnoticias\/wp-json\/wp\/v2\/media?parent=58064"}],"wp:term":[{"taxonomy":"category","embeddable":true,"href":"https:\/\/diarioabcdemichoacan.com.mx\/lasnoticias\/wp-json\/wp\/v2\/categories?post=58064"},{"taxonomy":"post_tag","embeddable":true,"href":"https:\/\/diarioabcdemichoacan.com.mx\/lasnoticias\/wp-json\/wp\/v2\/tags?post=58064"}],"curies":[{"name":"wp","href":"https:\/\/api.w.org\/{rel}","templated":true}]}}