{"id":5814,"date":"2024-05-16T18:03:17","date_gmt":"2024-05-17T00:03:17","guid":{"rendered":"https:\/\/diarioabcdemichoacan.com.mx\/lasnoticias\/?p=5814"},"modified":"2024-05-16T18:03:17","modified_gmt":"2024-05-17T00:03:17","slug":"se-concreta-y-aplica-programa-de-preservacion-del-lago-de-patzcuaro-bedolla","status":"publish","type":"post","link":"https:\/\/diarioabcdemichoacan.com.mx\/lasnoticias\/se-concreta-y-aplica-programa-de-preservacion-del-lago-de-patzcuaro-bedolla\/","title":{"rendered":"Se concreta y aplica programa de preservaci\u00f3n del lago de P\u00e1tzcuaro: Bedolla"},"content":{"rendered":"<h2>Acciones de desazolve y mantenimiento avanzan en coordinaci\u00f3n con el estado, la Marina y comunidades.<\/h2>\n<h6>POR REDACCI\u00d3N, DIARIO ABC DE MICHOAC\u00c1N, 16 DE MAYO DE 2024.<\/h6>\n<hr \/>\n<p>P\u00e1tzcuaro, Michoac\u00e1n, 16 de mayo de 2024.-* Al encabezar la reuni\u00f3n del Comit\u00e9 Interinstitucional para la Defensa del lago de P\u00e1tzcuaro, el gobernador Alfredo Ram\u00edrez Bedolla destac\u00f3 el trabajo que se est\u00e1 realizando para la recuperaci\u00f3n de este cuerpo de agua, con acciones de desazolve que se llevan a cabo a trav\u00e9s de maquinaria del estado y de la Secretar\u00eda de Marina.<\/p>\n<p>Se\u00f1al\u00f3 que est\u00e1 en operaci\u00f3n una draga de la Semar y en pr\u00f3ximos d\u00edas llegar\u00e1 otra, adem\u00e1s de cuatro excavadoras, cuatro camiones de volteo y dos pipas de la Secretar\u00eda de Comunicaciones y Obras P\u00fablicas (SCOP) con las que se da mantenimiento y realiza el desazolve de manantiales ubicados en los muelles general y San Pedrito, as\u00ed como en Urand\u00e9n.<\/p>\n<p>Inform\u00f3 que con los trabajos iniciados el pasado 2 de mayo en estos tres puntos donde ya se recuperaron manantiales, se han retirado 15 mil metros c\u00fabicos de azolve, siendo en Urand\u00e9n donde se presenta el mayor avance con 11 mil 400 metros c\u00fabicos y se rehabilit\u00f3 el canal de navegaci\u00f3n, mientras que en San Pedrito son 2 mil metros c\u00fabicos los que se han retirado.<\/p>\n<p>El gobernador detall\u00f3 que con estas acciones se est\u00e1 atendiendo el problema de sequ\u00eda que afecta al lago, adem\u00e1s se emprenden otras acciones en los cuatro municipios de la cuenca como es P\u00e1tzcuaro, Quiroga, Erongar\u00edcuaro y Tzintzuntzan, al implementarse operativos para evitar el \u201chuachicoleo\u201d del agua y se combate el cambio de uso de suelo a trav\u00e9s del sistema de vigilancia Guardi\u00e1n Forestal.<\/p>\n<p>Recalc\u00f3 que se est\u00e1 actuando con el desarrollo de varias estrategias para mitigar la situaci\u00f3n del lago de P\u00e1tzcuaro, como es el sembrado de nubes que se llevar\u00e1 a cabo en coordinaci\u00f3n con la Comisi\u00f3n Nacional de Zonas \u00c1ridas (Conaza), el cual se realizar\u00e1 una vez que haya las condiciones de humedad correspondientes.<\/p>\n<p>Durante el recorrido que se llev\u00f3 a cabo en los tres principales puntos de intervenci\u00f3n, el mandatario recalc\u00f3, ante los habitantes de comunidades, que el despliegue de la maquinaria continuar\u00e1 durante los pr\u00f3ximos meses, as\u00ed como la contrataci\u00f3n de pobladores quienes se han sumado a las labores.<\/p>\n","protected":false},"excerpt":{"rendered":"<p>Acciones de desazolve y mantenimiento avanzan en coordinaci\u00f3n con el estado, la Marina y comunidades. POR REDACCI\u00d3N, DIARIO ABC DE MICHOAC\u00c1N, 16 DE MAYO DE 2024. P\u00e1tzcuaro, Michoac\u00e1n, 16 de mayo de 2024.-* Al encabezar la reuni\u00f3n del Comit\u00e9 Interinstitucional para la Defensa del lago de P\u00e1tzcuaro, el gobernador Alfredo Ram\u00edrez Bedolla destac\u00f3 el trabajo [&hellip;]<\/p>\n","protected":false},"author":8,"featured_media":5811,"comment_status":"closed","ping_status":"closed","sticky":false,"template":"","format":"standard","meta":{"footnotes":""},"categories":[10,17,27],"tags":[],"class_list":{"0":"post-5814","1":"post","2":"type-post","3":"status-publish","4":"format-standard","5":"has-post-thumbnail","7":"category-estado","8":"category-gobierno-de-michoacan","9":"category-slider"},"yoast_head":"<!-- This site is optimized with the Yoast SEO plugin v24.0 - https:\/\/yoast.com\/wordpress\/plugins\/seo\/ -->\n<title>Se concreta y aplica programa de preservaci\u00f3n del lago de P\u00e1tzcuaro: Bedolla - Diario ABC de Michoac\u00e1n<\/title>\n<meta name=\"robots\" content=\"index, follow, max-snippet:-1, max-image-preview:large, max-video-preview:-1\" \/>\n<link rel=\"canonical\" href=\"https:\/\/diarioabcdemichoacan.com.mx\/lasnoticias\/se-concreta-y-aplica-programa-de-preservacion-del-lago-de-patzcuaro-bedolla\/\" \/>\n<meta property=\"og:locale\" content=\"es_ES\" \/>\n<meta property=\"og:type\" content=\"article\" \/>\n<meta property=\"og:title\" content=\"Se concreta y aplica programa de preservaci\u00f3n del lago de P\u00e1tzcuaro: Bedolla - Diario ABC de Michoac\u00e1n\" \/>\n<meta property=\"og:description\" content=\"Acciones de desazolve y mantenimiento avanzan en coordinaci\u00f3n con el estado, la Marina y comunidades. POR REDACCI\u00d3N, DIARIO ABC DE MICHOAC\u00c1N, 16 DE MAYO DE 2024. P\u00e1tzcuaro, Michoac\u00e1n, 16 de mayo de 2024.-* Al encabezar la reuni\u00f3n del Comit\u00e9 Interinstitucional para la Defensa del lago de P\u00e1tzcuaro, el gobernador Alfredo Ram\u00edrez Bedolla destac\u00f3 el trabajo [&hellip;]\" \/>\n<meta property=\"og:url\" content=\"https:\/\/diarioabcdemichoacan.com.mx\/lasnoticias\/se-concreta-y-aplica-programa-de-preservacion-del-lago-de-patzcuaro-bedolla\/\" \/>\n<meta property=\"og:site_name\" content=\"Diario ABC de Michoac\u00e1n\" \/>\n<meta property=\"article:published_time\" content=\"2024-05-17T00:03:17+00:00\" \/>\n<meta property=\"og:image\" content=\"https:\/\/diarioabcdemichoacan.com.mx\/lasnoticias\/wp-content\/uploads\/2024\/05\/IMG-20240516-WA0143.jpg\" \/>\n\t<meta property=\"og:image:width\" content=\"1599\" \/>\n\t<meta property=\"og:image:height\" content=\"1066\" \/>\n\t<meta property=\"og:image:type\" content=\"image\/jpeg\" \/>\n<meta name=\"author\" content=\"MD\" \/>\n<meta name=\"twitter:card\" content=\"summary_large_image\" \/>\n<meta name=\"twitter:label1\" content=\"Escrito por\" \/>\n\t<meta name=\"twitter:data1\" content=\"MD\" \/>\n\t<meta name=\"twitter:label2\" content=\"Tiempo de lectura\" \/>\n\t<meta name=\"twitter:data2\" content=\"2 minutos\" \/>\n<script type=\"application\/ld+json\" class=\"yoast-schema-graph\">{\"@context\":\"https:\/\/schema.org\",\"@graph\":[{\"@type\":\"WebPage\",\"@id\":\"https:\/\/diarioabcdemichoacan.com.mx\/lasnoticias\/se-concreta-y-aplica-programa-de-preservacion-del-lago-de-patzcuaro-bedolla\/\",\"url\":\"https:\/\/diarioabcdemichoacan.com.mx\/lasnoticias\/se-concreta-y-aplica-programa-de-preservacion-del-lago-de-patzcuaro-bedolla\/\",\"name\":\"Se concreta y aplica programa de preservaci\u00f3n del lago de P\u00e1tzcuaro: Bedolla - Diario ABC de Michoac\u00e1n\",\"isPartOf\":{\"@id\":\"https:\/\/diarioabcdemichoacan.com.mx\/lasnoticias\/#website\"},\"primaryImageOfPage\":{\"@id\":\"https:\/\/diarioabcdemichoacan.com.mx\/lasnoticias\/se-concreta-y-aplica-programa-de-preservacion-del-lago-de-patzcuaro-bedolla\/#primaryimage\"},\"image\":{\"@id\":\"https:\/\/diarioabcdemichoacan.com.mx\/lasnoticias\/se-concreta-y-aplica-programa-de-preservacion-del-lago-de-patzcuaro-bedolla\/#primaryimage\"},\"thumbnailUrl\":\"https:\/\/diarioabcdemichoacan.com.mx\/lasnoticias\/wp-content\/uploads\/2024\/05\/IMG-20240516-WA0143.jpg\",\"datePublished\":\"2024-05-17T00:03:17+00:00\",\"dateModified\":\"2024-05-17T00:03:17+00:00\",\"author\":{\"@id\":\"https:\/\/diarioabcdemichoacan.com.mx\/lasnoticias\/#\/schema\/person\/657e7c20ff5297f317664d985712e8e8\"},\"breadcrumb\":{\"@id\":\"https:\/\/diarioabcdemichoacan.com.mx\/lasnoticias\/se-concreta-y-aplica-programa-de-preservacion-del-lago-de-patzcuaro-bedolla\/#breadcrumb\"},\"inLanguage\":\"es\",\"potentialAction\":[{\"@type\":\"ReadAction\",\"target\":[\"https:\/\/diarioabcdemichoacan.com.mx\/lasnoticias\/se-concreta-y-aplica-programa-de-preservacion-del-lago-de-patzcuaro-bedolla\/\"]}]},{\"@type\":\"ImageObject\",\"inLanguage\":\"es\",\"@id\":\"https:\/\/diarioabcdemichoacan.com.mx\/lasnoticias\/se-concreta-y-aplica-programa-de-preservacion-del-lago-de-patzcuaro-bedolla\/#primaryimage\",\"url\":\"https:\/\/diarioabcdemichoacan.com.mx\/lasnoticias\/wp-content\/uploads\/2024\/05\/IMG-20240516-WA0143.jpg\",\"contentUrl\":\"https:\/\/diarioabcdemichoacan.com.mx\/lasnoticias\/wp-content\/uploads\/2024\/05\/IMG-20240516-WA0143.jpg\",\"width\":1599,\"height\":1066},{\"@type\":\"BreadcrumbList\",\"@id\":\"https:\/\/diarioabcdemichoacan.com.mx\/lasnoticias\/se-concreta-y-aplica-programa-de-preservacion-del-lago-de-patzcuaro-bedolla\/#breadcrumb\",\"itemListElement\":[{\"@type\":\"ListItem\",\"position\":1,\"name\":\"Portada\",\"item\":\"https:\/\/diarioabcdemichoacan.com.mx\/lasnoticias\/\"},{\"@type\":\"ListItem\",\"position\":2,\"name\":\"Se concreta y aplica programa de preservaci\u00f3n del lago de P\u00e1tzcuaro: Bedolla\"}]},{\"@type\":\"WebSite\",\"@id\":\"https:\/\/diarioabcdemichoacan.com.mx\/lasnoticias\/#website\",\"url\":\"https:\/\/diarioabcdemichoacan.com.mx\/lasnoticias\/\",\"name\":\"Diario ABC de Michoac\u00e1n\",\"description\":\"Las noticias al momento\",\"potentialAction\":[{\"@type\":\"SearchAction\",\"target\":{\"@type\":\"EntryPoint\",\"urlTemplate\":\"https:\/\/diarioabcdemichoacan.com.mx\/lasnoticias\/?s={search_term_string}\"},\"query-input\":{\"@type\":\"PropertyValueSpecification\",\"valueRequired\":true,\"valueName\":\"search_term_string\"}}],\"inLanguage\":\"es\"},{\"@type\":\"Person\",\"@id\":\"https:\/\/diarioabcdemichoacan.com.mx\/lasnoticias\/#\/schema\/person\/657e7c20ff5297f317664d985712e8e8\",\"name\":\"MD\",\"image\":{\"@type\":\"ImageObject\",\"inLanguage\":\"es\",\"@id\":\"https:\/\/diarioabcdemichoacan.com.mx\/lasnoticias\/#\/schema\/person\/image\/\",\"url\":\"https:\/\/secure.gravatar.com\/avatar\/a769375eedc94419a5b67bc5d63567af?s=96&d=mm&r=g\",\"contentUrl\":\"https:\/\/secure.gravatar.com\/avatar\/a769375eedc94419a5b67bc5d63567af?s=96&d=mm&r=g\",\"caption\":\"MD\"},\"url\":\"https:\/\/diarioabcdemichoacan.com.mx\/lasnoticias\/author\/merelydpa\/\"}]}<\/script>\n<!-- \/ Yoast SEO plugin. -->","yoast_head_json":{"title":"Se concreta y aplica programa de preservaci\u00f3n del lago de P\u00e1tzcuaro: Bedolla - Diario ABC de Michoac\u00e1n","robots":{"index":"index","follow":"follow","max-snippet":"max-snippet:-1","max-image-preview":"max-image-preview:large","max-video-preview":"max-video-preview:-1"},"canonical":"https:\/\/diarioabcdemichoacan.com.mx\/lasnoticias\/se-concreta-y-aplica-programa-de-preservacion-del-lago-de-patzcuaro-bedolla\/","og_locale":"es_ES","og_type":"article","og_title":"Se concreta y aplica programa de preservaci\u00f3n del lago de P\u00e1tzcuaro: Bedolla - Diario ABC de Michoac\u00e1n","og_description":"Acciones de desazolve y mantenimiento avanzan en coordinaci\u00f3n con el estado, la Marina y comunidades. POR REDACCI\u00d3N, DIARIO ABC DE MICHOAC\u00c1N, 16 DE MAYO DE 2024. P\u00e1tzcuaro, Michoac\u00e1n, 16 de mayo de 2024.-* Al encabezar la reuni\u00f3n del Comit\u00e9 Interinstitucional para la Defensa del lago de P\u00e1tzcuaro, el gobernador Alfredo Ram\u00edrez Bedolla destac\u00f3 el trabajo [&hellip;]","og_url":"https:\/\/diarioabcdemichoacan.com.mx\/lasnoticias\/se-concreta-y-aplica-programa-de-preservacion-del-lago-de-patzcuaro-bedolla\/","og_site_name":"Diario ABC de Michoac\u00e1n","article_published_time":"2024-05-17T00:03:17+00:00","og_image":[{"width":1599,"height":1066,"url":"https:\/\/diarioabcdemichoacan.com.mx\/lasnoticias\/wp-content\/uploads\/2024\/05\/IMG-20240516-WA0143.jpg","type":"image\/jpeg"}],"author":"MD","twitter_card":"summary_large_image","twitter_misc":{"Escrito por":"MD","Tiempo de lectura":"2 minutos"},"schema":{"@context":"https:\/\/schema.org","@graph":[{"@type":"WebPage","@id":"https:\/\/diarioabcdemichoacan.com.mx\/lasnoticias\/se-concreta-y-aplica-programa-de-preservacion-del-lago-de-patzcuaro-bedolla\/","url":"https:\/\/diarioabcdemichoacan.com.mx\/lasnoticias\/se-concreta-y-aplica-programa-de-preservacion-del-lago-de-patzcuaro-bedolla\/","name":"Se concreta y aplica programa de preservaci\u00f3n del lago de P\u00e1tzcuaro: Bedolla - Diario ABC de Michoac\u00e1n","isPartOf":{"@id":"https:\/\/diarioabcdemichoacan.com.mx\/lasnoticias\/#website"},"primaryImageOfPage":{"@id":"https:\/\/diarioabcdemichoacan.com.mx\/lasnoticias\/se-concreta-y-aplica-programa-de-preservacion-del-lago-de-patzcuaro-bedolla\/#primaryimage"},"image":{"@id":"https:\/\/diarioabcdemichoacan.com.mx\/lasnoticias\/se-concreta-y-aplica-programa-de-preservacion-del-lago-de-patzcuaro-bedolla\/#primaryimage"},"thumbnailUrl":"https:\/\/diarioabcdemichoacan.com.mx\/lasnoticias\/wp-content\/uploads\/2024\/05\/IMG-20240516-WA0143.jpg","datePublished":"2024-05-17T00:03:17+00:00","dateModified":"2024-05-17T00:03:17+00:00","author":{"@id":"https:\/\/diarioabcdemichoacan.com.mx\/lasnoticias\/#\/schema\/person\/657e7c20ff5297f317664d985712e8e8"},"breadcrumb":{"@id":"https:\/\/diarioabcdemichoacan.com.mx\/lasnoticias\/se-concreta-y-aplica-programa-de-preservacion-del-lago-de-patzcuaro-bedolla\/#breadcrumb"},"inLanguage":"es","potentialAction":[{"@type":"ReadAction","target":["https:\/\/diarioabcdemichoacan.com.mx\/lasnoticias\/se-concreta-y-aplica-programa-de-preservacion-del-lago-de-patzcuaro-bedolla\/"]}]},{"@type":"ImageObject","inLanguage":"es","@id":"https:\/\/diarioabcdemichoacan.com.mx\/lasnoticias\/se-concreta-y-aplica-programa-de-preservacion-del-lago-de-patzcuaro-bedolla\/#primaryimage","url":"https:\/\/diarioabcdemichoacan.com.mx\/lasnoticias\/wp-content\/uploads\/2024\/05\/IMG-20240516-WA0143.jpg","contentUrl":"https:\/\/diarioabcdemichoacan.com.mx\/lasnoticias\/wp-content\/uploads\/2024\/05\/IMG-20240516-WA0143.jpg","width":1599,"height":1066},{"@type":"BreadcrumbList","@id":"https:\/\/diarioabcdemichoacan.com.mx\/lasnoticias\/se-concreta-y-aplica-programa-de-preservacion-del-lago-de-patzcuaro-bedolla\/#breadcrumb","itemListElement":[{"@type":"ListItem","position":1,"name":"Portada","item":"https:\/\/diarioabcdemichoacan.com.mx\/lasnoticias\/"},{"@type":"ListItem","position":2,"name":"Se concreta y aplica programa de preservaci\u00f3n del lago de P\u00e1tzcuaro: Bedolla"}]},{"@type":"WebSite","@id":"https:\/\/diarioabcdemichoacan.com.mx\/lasnoticias\/#website","url":"https:\/\/diarioabcdemichoacan.com.mx\/lasnoticias\/","name":"Diario ABC de Michoac\u00e1n","description":"Las noticias al momento","potentialAction":[{"@type":"SearchAction","target":{"@type":"EntryPoint","urlTemplate":"https:\/\/diarioabcdemichoacan.com.mx\/lasnoticias\/?s={search_term_string}"},"query-input":{"@type":"PropertyValueSpecification","valueRequired":true,"valueName":"search_term_string"}}],"inLanguage":"es"},{"@type":"Person","@id":"https:\/\/diarioabcdemichoacan.com.mx\/lasnoticias\/#\/schema\/person\/657e7c20ff5297f317664d985712e8e8","name":"MD","image":{"@type":"ImageObject","inLanguage":"es","@id":"https:\/\/diarioabcdemichoacan.com.mx\/lasnoticias\/#\/schema\/person\/image\/","url":"https:\/\/secure.gravatar.com\/avatar\/a769375eedc94419a5b67bc5d63567af?s=96&d=mm&r=g","contentUrl":"https:\/\/secure.gravatar.com\/avatar\/a769375eedc94419a5b67bc5d63567af?s=96&d=mm&r=g","caption":"MD"},"url":"https:\/\/diarioabcdemichoacan.com.mx\/lasnoticias\/author\/merelydpa\/"}]}},"_links":{"self":[{"href":"https:\/\/diarioabcdemichoacan.com.mx\/lasnoticias\/wp-json\/wp\/v2\/posts\/5814","targetHints":{"allow":["GET"]}}],"collection":[{"href":"https:\/\/diarioabcdemichoacan.com.mx\/lasnoticias\/wp-json\/wp\/v2\/posts"}],"about":[{"href":"https:\/\/diarioabcdemichoacan.com.mx\/lasnoticias\/wp-json\/wp\/v2\/types\/post"}],"author":[{"embeddable":true,"href":"https:\/\/diarioabcdemichoacan.com.mx\/lasnoticias\/wp-json\/wp\/v2\/users\/8"}],"replies":[{"embeddable":true,"href":"https:\/\/diarioabcdemichoacan.com.mx\/lasnoticias\/wp-json\/wp\/v2\/comments?post=5814"}],"version-history":[{"count":1,"href":"https:\/\/diarioabcdemichoacan.com.mx\/lasnoticias\/wp-json\/wp\/v2\/posts\/5814\/revisions"}],"predecessor-version":[{"id":5815,"href":"https:\/\/diarioabcdemichoacan.com.mx\/lasnoticias\/wp-json\/wp\/v2\/posts\/5814\/revisions\/5815"}],"wp:featuredmedia":[{"embeddable":true,"href":"https:\/\/diarioabcdemichoacan.com.mx\/lasnoticias\/wp-json\/wp\/v2\/media\/5811"}],"wp:attachment":[{"href":"https:\/\/diarioabcdemichoacan.com.mx\/lasnoticias\/wp-json\/wp\/v2\/media?parent=5814"}],"wp:term":[{"taxonomy":"category","embeddable":true,"href":"https:\/\/diarioabcdemichoacan.com.mx\/lasnoticias\/wp-json\/wp\/v2\/categories?post=5814"},{"taxonomy":"post_tag","embeddable":true,"href":"https:\/\/diarioabcdemichoacan.com.mx\/lasnoticias\/wp-json\/wp\/v2\/tags?post=5814"}],"curies":[{"name":"wp","href":"https:\/\/api.w.org\/{rel}","templated":true}]}}