{"id":58707,"date":"2025-05-13T15:55:13","date_gmt":"2025-05-13T21:55:13","guid":{"rendered":"https:\/\/diarioabcdemichoacan.com.mx\/lasnoticias\/?p=58707"},"modified":"2025-05-13T15:55:13","modified_gmt":"2025-05-13T21:55:13","slug":"pan-michoacan-condena-desaparicion-del-imaip-y-exige-respeto-a-derechos-laborales","status":"publish","type":"post","link":"https:\/\/diarioabcdemichoacan.com.mx\/lasnoticias\/pan-michoacan-condena-desaparicion-del-imaip-y-exige-respeto-a-derechos-laborales\/","title":{"rendered":"PAN Michoac\u00e1n condena desaparici\u00f3n del IMAIP y exige respeto a derechos laborales"},"content":{"rendered":"<h6>Por Am\u00e9rica Ju\u00e1rez Navarro<\/h6>\n<hr \/>\n<p>Morelia, Mich. &#8211; La desaparici\u00f3n del Instituto Michoacano de Transparencia, Acceso a la Informaci\u00f3n y Protecci\u00f3n de Datos Personales (IMAIP) fue condenada por el Partido Acci\u00f3n Nacional (PAN) en Michoac\u00e1n, que calific\u00f3 la medida como un golpe directo a la transparencia y a los contrapesos institucionales en el estado.<\/p>\n<p>La diputada local Teresita Herrera Maldonado afirm\u00f3 que, aunque el presupuesto estatal contempla m\u00e1s de 40 millones de pesos para la liquidaci\u00f3n de los cerca de 60 trabajadores del IMAIP \u2014seg\u00fan confirm\u00f3 el propio secretario de Finanzas\u2014, el grupo parlamentario del PAN estar\u00e1 vigilante para que no se atropellen sus derechos laborales.<\/p>\n<p>\u201cLamentamos profundamente que se termine con los organismos que garantizan la transparencia. Estaremos atentos desde el Congreso para que los derechos de los trabajadores sean respetados durante este proceso de liquidaci\u00f3n, previsto para concluir en junio\u201d, se\u00f1al\u00f3 Herrera.<\/p>\n<p>Agreg\u00f3 que, aunque la ley sigue vigente, es necesario que el Ejecutivo corrija cualquier irregularidad en la ejecuci\u00f3n de esta decisi\u00f3n, subrayando que su bancada actuar\u00e1 como contrapeso para proteger tanto los derechos laborales como el acceso a la informaci\u00f3n p\u00fablica.<\/p>\n<p>En la misma l\u00ednea, el dirigente estatal del PAN, Carlos Quintana Mart\u00ednez, arremeti\u00f3 contra Morena por impulsar la desaparici\u00f3n de organismos aut\u00f3nomos que \u2014dijo\u2014 han sido clave para construir condiciones m\u00e1s equitativas y transparentes en el pa\u00eds.<\/p>\n<p>\u201cMorena no busca ahorrar, busca controlar. El presupuesto del IMAIP representaba apenas el 0.04% del gasto estatal y no tuvo incrementos en a\u00f1os recientes. La verdadera raz\u00f3n detr\u00e1s de su eliminaci\u00f3n es que estorba a un gobierno que quiere cero transparencia\u201d, denunci\u00f3.<\/p>\n<p>Quintana tambi\u00e9n compar\u00f3 el caso con los altos montos observados por la Auditor\u00eda Superior de la Federaci\u00f3n durante el primer a\u00f1o del actual gobierno federal. \u201cCon esas observaciones se podr\u00eda haber financiado al IMAIP por un siglo\u201d, afirm\u00f3.<\/p>\n<p>El PAN en Michoac\u00e1n advirti\u00f3 que la eliminaci\u00f3n del IMAIP representa un serio retroceso democr\u00e1tico y llam\u00f3 a la sociedad a mantenerse alerta frente a decisiones que se\u00f1alaron amenazan la rendici\u00f3n de cuentas y los derechos ciudadanos.<\/p>\n","protected":false},"excerpt":{"rendered":"<p>Por Am\u00e9rica Ju\u00e1rez Navarro Morelia, Mich. &#8211; La desaparici\u00f3n del Instituto Michoacano de Transparencia, Acceso a la Informaci\u00f3n y Protecci\u00f3n de Datos Personales (IMAIP) fue condenada por el Partido Acci\u00f3n Nacional (PAN) en Michoac\u00e1n, que calific\u00f3 la medida como un golpe directo a la transparencia y a los contrapesos institucionales en el estado. La diputada [&hellip;]<\/p>\n","protected":false},"author":9,"featured_media":58708,"comment_status":"closed","ping_status":"closed","sticky":false,"template":"","format":"standard","meta":{"footnotes":""},"categories":[30,10,28,27],"tags":[],"class_list":{"0":"post-58707","1":"post","2":"type-post","3":"status-publish","4":"format-standard","5":"has-post-thumbnail","7":"category-columnas","8":"category-estado","9":"category-politica","10":"category-slider"},"yoast_head":"<!-- This site is optimized with the Yoast SEO plugin v24.0 - https:\/\/yoast.com\/wordpress\/plugins\/seo\/ -->\n<title>PAN Michoac\u00e1n condena desaparici\u00f3n del IMAIP y exige respeto a derechos laborales - Diario ABC de Michoac\u00e1n<\/title>\n<meta name=\"robots\" content=\"index, follow, max-snippet:-1, max-image-preview:large, max-video-preview:-1\" \/>\n<link rel=\"canonical\" href=\"https:\/\/diarioabcdemichoacan.com.mx\/lasnoticias\/pan-michoacan-condena-desaparicion-del-imaip-y-exige-respeto-a-derechos-laborales\/\" \/>\n<meta property=\"og:locale\" content=\"es_ES\" \/>\n<meta property=\"og:type\" content=\"article\" \/>\n<meta property=\"og:title\" content=\"PAN Michoac\u00e1n condena desaparici\u00f3n del IMAIP y exige respeto a derechos laborales - Diario ABC de Michoac\u00e1n\" \/>\n<meta property=\"og:description\" content=\"Por Am\u00e9rica Ju\u00e1rez Navarro Morelia, Mich. &#8211; La desaparici\u00f3n del Instituto Michoacano de Transparencia, Acceso a la Informaci\u00f3n y Protecci\u00f3n de Datos Personales (IMAIP) fue condenada por el Partido Acci\u00f3n Nacional (PAN) en Michoac\u00e1n, que calific\u00f3 la medida como un golpe directo a la transparencia y a los contrapesos institucionales en el estado. La diputada [&hellip;]\" \/>\n<meta property=\"og:url\" content=\"https:\/\/diarioabcdemichoacan.com.mx\/lasnoticias\/pan-michoacan-condena-desaparicion-del-imaip-y-exige-respeto-a-derechos-laborales\/\" \/>\n<meta property=\"og:site_name\" content=\"Diario ABC de Michoac\u00e1n\" \/>\n<meta property=\"article:published_time\" content=\"2025-05-13T21:55:13+00:00\" \/>\n<meta property=\"og:image\" content=\"https:\/\/diarioabcdemichoacan.com.mx\/lasnoticias\/wp-content\/uploads\/2025\/05\/Imagen-de-WhatsApp-2025-05-13-a-las-15.43.57_05f8854e.jpg\" \/>\n\t<meta property=\"og:image:width\" content=\"1599\" \/>\n\t<meta property=\"og:image:height\" content=\"899\" \/>\n\t<meta property=\"og:image:type\" content=\"image\/jpeg\" \/>\n<meta name=\"author\" content=\"AR\" \/>\n<meta name=\"twitter:card\" content=\"summary_large_image\" \/>\n<meta name=\"twitter:label1\" content=\"Escrito por\" \/>\n\t<meta name=\"twitter:data1\" content=\"AR\" \/>\n\t<meta name=\"twitter:label2\" content=\"Tiempo de lectura\" \/>\n\t<meta name=\"twitter:data2\" content=\"2 minutos\" \/>\n<script type=\"application\/ld+json\" class=\"yoast-schema-graph\">{\"@context\":\"https:\/\/schema.org\",\"@graph\":[{\"@type\":\"WebPage\",\"@id\":\"https:\/\/diarioabcdemichoacan.com.mx\/lasnoticias\/pan-michoacan-condena-desaparicion-del-imaip-y-exige-respeto-a-derechos-laborales\/\",\"url\":\"https:\/\/diarioabcdemichoacan.com.mx\/lasnoticias\/pan-michoacan-condena-desaparicion-del-imaip-y-exige-respeto-a-derechos-laborales\/\",\"name\":\"PAN Michoac\u00e1n condena desaparici\u00f3n del IMAIP y exige respeto a derechos laborales - Diario ABC de Michoac\u00e1n\",\"isPartOf\":{\"@id\":\"https:\/\/diarioabcdemichoacan.com.mx\/lasnoticias\/#website\"},\"primaryImageOfPage\":{\"@id\":\"https:\/\/diarioabcdemichoacan.com.mx\/lasnoticias\/pan-michoacan-condena-desaparicion-del-imaip-y-exige-respeto-a-derechos-laborales\/#primaryimage\"},\"image\":{\"@id\":\"https:\/\/diarioabcdemichoacan.com.mx\/lasnoticias\/pan-michoacan-condena-desaparicion-del-imaip-y-exige-respeto-a-derechos-laborales\/#primaryimage\"},\"thumbnailUrl\":\"https:\/\/diarioabcdemichoacan.com.mx\/lasnoticias\/wp-content\/uploads\/2025\/05\/Imagen-de-WhatsApp-2025-05-13-a-las-15.43.57_05f8854e.jpg\",\"datePublished\":\"2025-05-13T21:55:13+00:00\",\"dateModified\":\"2025-05-13T21:55:13+00:00\",\"author\":{\"@id\":\"https:\/\/diarioabcdemichoacan.com.mx\/lasnoticias\/#\/schema\/person\/19ae376040f6cbc489682ebdd8524852\"},\"breadcrumb\":{\"@id\":\"https:\/\/diarioabcdemichoacan.com.mx\/lasnoticias\/pan-michoacan-condena-desaparicion-del-imaip-y-exige-respeto-a-derechos-laborales\/#breadcrumb\"},\"inLanguage\":\"es\",\"potentialAction\":[{\"@type\":\"ReadAction\",\"target\":[\"https:\/\/diarioabcdemichoacan.com.mx\/lasnoticias\/pan-michoacan-condena-desaparicion-del-imaip-y-exige-respeto-a-derechos-laborales\/\"]}]},{\"@type\":\"ImageObject\",\"inLanguage\":\"es\",\"@id\":\"https:\/\/diarioabcdemichoacan.com.mx\/lasnoticias\/pan-michoacan-condena-desaparicion-del-imaip-y-exige-respeto-a-derechos-laborales\/#primaryimage\",\"url\":\"https:\/\/diarioabcdemichoacan.com.mx\/lasnoticias\/wp-content\/uploads\/2025\/05\/Imagen-de-WhatsApp-2025-05-13-a-las-15.43.57_05f8854e.jpg\",\"contentUrl\":\"https:\/\/diarioabcdemichoacan.com.mx\/lasnoticias\/wp-content\/uploads\/2025\/05\/Imagen-de-WhatsApp-2025-05-13-a-las-15.43.57_05f8854e.jpg\",\"width\":1599,\"height\":899},{\"@type\":\"BreadcrumbList\",\"@id\":\"https:\/\/diarioabcdemichoacan.com.mx\/lasnoticias\/pan-michoacan-condena-desaparicion-del-imaip-y-exige-respeto-a-derechos-laborales\/#breadcrumb\",\"itemListElement\":[{\"@type\":\"ListItem\",\"position\":1,\"name\":\"Portada\",\"item\":\"https:\/\/diarioabcdemichoacan.com.mx\/lasnoticias\/\"},{\"@type\":\"ListItem\",\"position\":2,\"name\":\"PAN Michoac\u00e1n condena desaparici\u00f3n del IMAIP y exige respeto a derechos laborales\"}]},{\"@type\":\"WebSite\",\"@id\":\"https:\/\/diarioabcdemichoacan.com.mx\/lasnoticias\/#website\",\"url\":\"https:\/\/diarioabcdemichoacan.com.mx\/lasnoticias\/\",\"name\":\"Diario ABC de Michoac\u00e1n\",\"description\":\"Las noticias al momento\",\"potentialAction\":[{\"@type\":\"SearchAction\",\"target\":{\"@type\":\"EntryPoint\",\"urlTemplate\":\"https:\/\/diarioabcdemichoacan.com.mx\/lasnoticias\/?s={search_term_string}\"},\"query-input\":{\"@type\":\"PropertyValueSpecification\",\"valueRequired\":true,\"valueName\":\"search_term_string\"}}],\"inLanguage\":\"es\"},{\"@type\":\"Person\",\"@id\":\"https:\/\/diarioabcdemichoacan.com.mx\/lasnoticias\/#\/schema\/person\/19ae376040f6cbc489682ebdd8524852\",\"name\":\"AR\",\"image\":{\"@type\":\"ImageObject\",\"inLanguage\":\"es\",\"@id\":\"https:\/\/diarioabcdemichoacan.com.mx\/lasnoticias\/#\/schema\/person\/image\/\",\"url\":\"https:\/\/secure.gravatar.com\/avatar\/44eca2ff970262234e20e1e082872af0?s=96&d=mm&r=g\",\"contentUrl\":\"https:\/\/secure.gravatar.com\/avatar\/44eca2ff970262234e20e1e082872af0?s=96&d=mm&r=g\",\"caption\":\"AR\"},\"url\":\"https:\/\/diarioabcdemichoacan.com.mx\/lasnoticias\/author\/adrian\/\"}]}<\/script>\n<!-- \/ Yoast SEO plugin. -->","yoast_head_json":{"title":"PAN Michoac\u00e1n condena desaparici\u00f3n del IMAIP y exige respeto a derechos laborales - Diario ABC de Michoac\u00e1n","robots":{"index":"index","follow":"follow","max-snippet":"max-snippet:-1","max-image-preview":"max-image-preview:large","max-video-preview":"max-video-preview:-1"},"canonical":"https:\/\/diarioabcdemichoacan.com.mx\/lasnoticias\/pan-michoacan-condena-desaparicion-del-imaip-y-exige-respeto-a-derechos-laborales\/","og_locale":"es_ES","og_type":"article","og_title":"PAN Michoac\u00e1n condena desaparici\u00f3n del IMAIP y exige respeto a derechos laborales - Diario ABC de Michoac\u00e1n","og_description":"Por Am\u00e9rica Ju\u00e1rez Navarro Morelia, Mich. &#8211; La desaparici\u00f3n del Instituto Michoacano de Transparencia, Acceso a la Informaci\u00f3n y Protecci\u00f3n de Datos Personales (IMAIP) fue condenada por el Partido Acci\u00f3n Nacional (PAN) en Michoac\u00e1n, que calific\u00f3 la medida como un golpe directo a la transparencia y a los contrapesos institucionales en el estado. La diputada [&hellip;]","og_url":"https:\/\/diarioabcdemichoacan.com.mx\/lasnoticias\/pan-michoacan-condena-desaparicion-del-imaip-y-exige-respeto-a-derechos-laborales\/","og_site_name":"Diario ABC de Michoac\u00e1n","article_published_time":"2025-05-13T21:55:13+00:00","og_image":[{"width":1599,"height":899,"url":"https:\/\/diarioabcdemichoacan.com.mx\/lasnoticias\/wp-content\/uploads\/2025\/05\/Imagen-de-WhatsApp-2025-05-13-a-las-15.43.57_05f8854e.jpg","type":"image\/jpeg"}],"author":"AR","twitter_card":"summary_large_image","twitter_misc":{"Escrito por":"AR","Tiempo de lectura":"2 minutos"},"schema":{"@context":"https:\/\/schema.org","@graph":[{"@type":"WebPage","@id":"https:\/\/diarioabcdemichoacan.com.mx\/lasnoticias\/pan-michoacan-condena-desaparicion-del-imaip-y-exige-respeto-a-derechos-laborales\/","url":"https:\/\/diarioabcdemichoacan.com.mx\/lasnoticias\/pan-michoacan-condena-desaparicion-del-imaip-y-exige-respeto-a-derechos-laborales\/","name":"PAN Michoac\u00e1n condena desaparici\u00f3n del IMAIP y exige respeto a derechos laborales - Diario ABC de Michoac\u00e1n","isPartOf":{"@id":"https:\/\/diarioabcdemichoacan.com.mx\/lasnoticias\/#website"},"primaryImageOfPage":{"@id":"https:\/\/diarioabcdemichoacan.com.mx\/lasnoticias\/pan-michoacan-condena-desaparicion-del-imaip-y-exige-respeto-a-derechos-laborales\/#primaryimage"},"image":{"@id":"https:\/\/diarioabcdemichoacan.com.mx\/lasnoticias\/pan-michoacan-condena-desaparicion-del-imaip-y-exige-respeto-a-derechos-laborales\/#primaryimage"},"thumbnailUrl":"https:\/\/diarioabcdemichoacan.com.mx\/lasnoticias\/wp-content\/uploads\/2025\/05\/Imagen-de-WhatsApp-2025-05-13-a-las-15.43.57_05f8854e.jpg","datePublished":"2025-05-13T21:55:13+00:00","dateModified":"2025-05-13T21:55:13+00:00","author":{"@id":"https:\/\/diarioabcdemichoacan.com.mx\/lasnoticias\/#\/schema\/person\/19ae376040f6cbc489682ebdd8524852"},"breadcrumb":{"@id":"https:\/\/diarioabcdemichoacan.com.mx\/lasnoticias\/pan-michoacan-condena-desaparicion-del-imaip-y-exige-respeto-a-derechos-laborales\/#breadcrumb"},"inLanguage":"es","potentialAction":[{"@type":"ReadAction","target":["https:\/\/diarioabcdemichoacan.com.mx\/lasnoticias\/pan-michoacan-condena-desaparicion-del-imaip-y-exige-respeto-a-derechos-laborales\/"]}]},{"@type":"ImageObject","inLanguage":"es","@id":"https:\/\/diarioabcdemichoacan.com.mx\/lasnoticias\/pan-michoacan-condena-desaparicion-del-imaip-y-exige-respeto-a-derechos-laborales\/#primaryimage","url":"https:\/\/diarioabcdemichoacan.com.mx\/lasnoticias\/wp-content\/uploads\/2025\/05\/Imagen-de-WhatsApp-2025-05-13-a-las-15.43.57_05f8854e.jpg","contentUrl":"https:\/\/diarioabcdemichoacan.com.mx\/lasnoticias\/wp-content\/uploads\/2025\/05\/Imagen-de-WhatsApp-2025-05-13-a-las-15.43.57_05f8854e.jpg","width":1599,"height":899},{"@type":"BreadcrumbList","@id":"https:\/\/diarioabcdemichoacan.com.mx\/lasnoticias\/pan-michoacan-condena-desaparicion-del-imaip-y-exige-respeto-a-derechos-laborales\/#breadcrumb","itemListElement":[{"@type":"ListItem","position":1,"name":"Portada","item":"https:\/\/diarioabcdemichoacan.com.mx\/lasnoticias\/"},{"@type":"ListItem","position":2,"name":"PAN Michoac\u00e1n condena desaparici\u00f3n del IMAIP y exige respeto a derechos laborales"}]},{"@type":"WebSite","@id":"https:\/\/diarioabcdemichoacan.com.mx\/lasnoticias\/#website","url":"https:\/\/diarioabcdemichoacan.com.mx\/lasnoticias\/","name":"Diario ABC de Michoac\u00e1n","description":"Las noticias al momento","potentialAction":[{"@type":"SearchAction","target":{"@type":"EntryPoint","urlTemplate":"https:\/\/diarioabcdemichoacan.com.mx\/lasnoticias\/?s={search_term_string}"},"query-input":{"@type":"PropertyValueSpecification","valueRequired":true,"valueName":"search_term_string"}}],"inLanguage":"es"},{"@type":"Person","@id":"https:\/\/diarioabcdemichoacan.com.mx\/lasnoticias\/#\/schema\/person\/19ae376040f6cbc489682ebdd8524852","name":"AR","image":{"@type":"ImageObject","inLanguage":"es","@id":"https:\/\/diarioabcdemichoacan.com.mx\/lasnoticias\/#\/schema\/person\/image\/","url":"https:\/\/secure.gravatar.com\/avatar\/44eca2ff970262234e20e1e082872af0?s=96&d=mm&r=g","contentUrl":"https:\/\/secure.gravatar.com\/avatar\/44eca2ff970262234e20e1e082872af0?s=96&d=mm&r=g","caption":"AR"},"url":"https:\/\/diarioabcdemichoacan.com.mx\/lasnoticias\/author\/adrian\/"}]}},"_links":{"self":[{"href":"https:\/\/diarioabcdemichoacan.com.mx\/lasnoticias\/wp-json\/wp\/v2\/posts\/58707","targetHints":{"allow":["GET"]}}],"collection":[{"href":"https:\/\/diarioabcdemichoacan.com.mx\/lasnoticias\/wp-json\/wp\/v2\/posts"}],"about":[{"href":"https:\/\/diarioabcdemichoacan.com.mx\/lasnoticias\/wp-json\/wp\/v2\/types\/post"}],"author":[{"embeddable":true,"href":"https:\/\/diarioabcdemichoacan.com.mx\/lasnoticias\/wp-json\/wp\/v2\/users\/9"}],"replies":[{"embeddable":true,"href":"https:\/\/diarioabcdemichoacan.com.mx\/lasnoticias\/wp-json\/wp\/v2\/comments?post=58707"}],"version-history":[{"count":1,"href":"https:\/\/diarioabcdemichoacan.com.mx\/lasnoticias\/wp-json\/wp\/v2\/posts\/58707\/revisions"}],"predecessor-version":[{"id":58709,"href":"https:\/\/diarioabcdemichoacan.com.mx\/lasnoticias\/wp-json\/wp\/v2\/posts\/58707\/revisions\/58709"}],"wp:featuredmedia":[{"embeddable":true,"href":"https:\/\/diarioabcdemichoacan.com.mx\/lasnoticias\/wp-json\/wp\/v2\/media\/58708"}],"wp:attachment":[{"href":"https:\/\/diarioabcdemichoacan.com.mx\/lasnoticias\/wp-json\/wp\/v2\/media?parent=58707"}],"wp:term":[{"taxonomy":"category","embeddable":true,"href":"https:\/\/diarioabcdemichoacan.com.mx\/lasnoticias\/wp-json\/wp\/v2\/categories?post=58707"},{"taxonomy":"post_tag","embeddable":true,"href":"https:\/\/diarioabcdemichoacan.com.mx\/lasnoticias\/wp-json\/wp\/v2\/tags?post=58707"}],"curies":[{"name":"wp","href":"https:\/\/api.w.org\/{rel}","templated":true}]}}