{"id":58823,"date":"2025-05-14T15:03:18","date_gmt":"2025-05-14T21:03:18","guid":{"rendered":"https:\/\/diarioabcdemichoacan.com.mx\/lasnoticias\/?p=58823"},"modified":"2025-05-14T15:03:18","modified_gmt":"2025-05-14T21:03:18","slug":"con-iniciativa-de-reforma-barragan-busca-frenar-la-automedicacion","status":"publish","type":"post","link":"https:\/\/diarioabcdemichoacan.com.mx\/lasnoticias\/con-iniciativa-de-reforma-barragan-busca-frenar-la-automedicacion\/","title":{"rendered":"Con iniciativa de reforma, Barrag\u00e1n busca frenar la automedicaci\u00f3n"},"content":{"rendered":"<p>La iniciativa propone que la Secretar\u00eda de Salud de Michoac\u00e1n desarrolle programas espec\u00edficos para prevenir la automedicaci\u00f3n y la autoprescripci\u00f3n de medicamentos, con un enfoque educativo, preventivo y de monitoreo constante, en coordinaci\u00f3n con la federaci\u00f3n y los municipios<\/p>\n<hr \/>\n<p>Morelia, Michoac\u00e1n.- Con el objetivo de proteger la salud de las y los michoacanos, el vicepresidente del Congreso del Estado, diputado Juan Carlos Barrag\u00e1n, present\u00f3 una iniciativa de reforma a la Ley de Salud del Estado para atender de manera integral los riesgos que representa la automedicaci\u00f3n.<\/p>\n<p>El legislador advirti\u00f3 que esta pr\u00e1ctica, com\u00fan en muchas comunidades, ha contribuido al agravamiento de padecimientos, al retraso en diagn\u00f3sticos oportunos y al aumento de la resistencia a antibi\u00f3ticos, lo cual pone en peligro la vida de miles de personas.<\/p>\n<p>\u201cLa automedicaci\u00f3n no puede seguir siendo vista como algo normal. Se trata de un problema de salud p\u00fablica que debe enfrentarse con informaci\u00f3n, prevenci\u00f3n y vigilancia institucional\u201d, subray\u00f3 Barrag\u00e1n.<\/p>\n<p>La iniciativa propone que la Secretar\u00eda de Salud de Michoac\u00e1n desarrolle programas espec\u00edficos para prevenir la automedicaci\u00f3n y la autoprescripci\u00f3n de medicamentos, con un enfoque educativo, preventivo y de monitoreo constante, en coordinaci\u00f3n con la federaci\u00f3n y los municipios.<\/p>\n<p>Adem\u00e1s, se establece la obligaci\u00f3n de incorporar campa\u00f1as permanentes de informaci\u00f3n y sensibilizaci\u00f3n dirigidas a la ciudadan\u00eda, con \u00e9nfasis en los efectos negativos del uso inadecuado de antibi\u00f3ticos, medicamentos controlados y el consumo de f\u00e1rmacos durante el embarazo.<\/p>\n<p>\u201cEl Estado debe fortalecer su capacidad para orientar y proteger a la poblaci\u00f3n. Esta reforma busca garantizar el acceso a informaci\u00f3n confiable y el uso responsable de los medicamentos, especialmente en zonas donde la atenci\u00f3n m\u00e9dica a\u00fan es limitada\u201d, agreg\u00f3 el diputado.<\/p>\n<p>Finalmente, Barrag\u00e1n record\u00f3 que esta propuesta responde al compromiso constitucional de garantizar el derecho a la salud, as\u00ed como a los est\u00e1ndares internacionales que M\u00e9xico ha adoptado en la materia.<\/p>\n","protected":false},"excerpt":{"rendered":"<p>La iniciativa propone que la Secretar\u00eda de Salud de Michoac\u00e1n desarrolle programas espec\u00edficos para prevenir la automedicaci\u00f3n y la autoprescripci\u00f3n de medicamentos, con un enfoque educativo, preventivo y de monitoreo constante, en coordinaci\u00f3n con la federaci\u00f3n y los municipios Morelia, Michoac\u00e1n.- Con el objetivo de proteger la salud de las y los michoacanos, el vicepresidente [&hellip;]<\/p>\n","protected":false},"author":6,"featured_media":58855,"comment_status":"closed","ping_status":"closed","sticky":false,"template":"","format":"standard","meta":{"footnotes":""},"categories":[13,22,10],"tags":[],"class_list":{"0":"post-58823","1":"post","2":"type-post","3":"status-publish","4":"format-standard","5":"has-post-thumbnail","7":"category-congreso","8":"category-congreso-de-michoacan","9":"category-estado"},"yoast_head":"<!-- This site is optimized with the Yoast SEO plugin v24.0 - https:\/\/yoast.com\/wordpress\/plugins\/seo\/ -->\n<title>Con iniciativa de reforma, Barrag\u00e1n busca frenar la automedicaci\u00f3n - Diario ABC de Michoac\u00e1n<\/title>\n<meta name=\"robots\" content=\"index, follow, max-snippet:-1, max-image-preview:large, max-video-preview:-1\" \/>\n<link rel=\"canonical\" href=\"https:\/\/diarioabcdemichoacan.com.mx\/lasnoticias\/con-iniciativa-de-reforma-barragan-busca-frenar-la-automedicacion\/\" \/>\n<meta property=\"og:locale\" content=\"es_ES\" \/>\n<meta property=\"og:type\" content=\"article\" \/>\n<meta property=\"og:title\" content=\"Con iniciativa de reforma, Barrag\u00e1n busca frenar la automedicaci\u00f3n - Diario ABC de Michoac\u00e1n\" \/>\n<meta property=\"og:description\" content=\"La iniciativa propone que la Secretar\u00eda de Salud de Michoac\u00e1n desarrolle programas espec\u00edficos para prevenir la automedicaci\u00f3n y la autoprescripci\u00f3n de medicamentos, con un enfoque educativo, preventivo y de monitoreo constante, en coordinaci\u00f3n con la federaci\u00f3n y los municipios Morelia, Michoac\u00e1n.- Con el objetivo de proteger la salud de las y los michoacanos, el vicepresidente [&hellip;]\" \/>\n<meta property=\"og:url\" content=\"https:\/\/diarioabcdemichoacan.com.mx\/lasnoticias\/con-iniciativa-de-reforma-barragan-busca-frenar-la-automedicacion\/\" \/>\n<meta property=\"og:site_name\" content=\"Diario ABC de Michoac\u00e1n\" \/>\n<meta property=\"article:published_time\" content=\"2025-05-14T21:03:18+00:00\" \/>\n<meta property=\"og:image\" content=\"https:\/\/diarioabcdemichoacan.com.mx\/lasnoticias\/wp-content\/uploads\/2025\/05\/Con-iniciativa-de-reforma-Barragan-busca-frenar-la-automedicacion.jpg\" \/>\n\t<meta property=\"og:image:width\" content=\"1600\" \/>\n\t<meta property=\"og:image:height\" content=\"1066\" \/>\n\t<meta property=\"og:image:type\" content=\"image\/jpeg\" \/>\n<meta name=\"author\" content=\"MB\" \/>\n<meta name=\"twitter:card\" content=\"summary_large_image\" \/>\n<meta name=\"twitter:label1\" content=\"Escrito por\" \/>\n\t<meta name=\"twitter:data1\" content=\"MB\" \/>\n\t<meta name=\"twitter:label2\" content=\"Tiempo de lectura\" \/>\n\t<meta name=\"twitter:data2\" content=\"2 minutos\" \/>\n<script type=\"application\/ld+json\" class=\"yoast-schema-graph\">{\"@context\":\"https:\/\/schema.org\",\"@graph\":[{\"@type\":\"WebPage\",\"@id\":\"https:\/\/diarioabcdemichoacan.com.mx\/lasnoticias\/con-iniciativa-de-reforma-barragan-busca-frenar-la-automedicacion\/\",\"url\":\"https:\/\/diarioabcdemichoacan.com.mx\/lasnoticias\/con-iniciativa-de-reforma-barragan-busca-frenar-la-automedicacion\/\",\"name\":\"Con iniciativa de reforma, Barrag\u00e1n busca frenar la automedicaci\u00f3n - Diario ABC de Michoac\u00e1n\",\"isPartOf\":{\"@id\":\"https:\/\/diarioabcdemichoacan.com.mx\/lasnoticias\/#website\"},\"primaryImageOfPage\":{\"@id\":\"https:\/\/diarioabcdemichoacan.com.mx\/lasnoticias\/con-iniciativa-de-reforma-barragan-busca-frenar-la-automedicacion\/#primaryimage\"},\"image\":{\"@id\":\"https:\/\/diarioabcdemichoacan.com.mx\/lasnoticias\/con-iniciativa-de-reforma-barragan-busca-frenar-la-automedicacion\/#primaryimage\"},\"thumbnailUrl\":\"https:\/\/diarioabcdemichoacan.com.mx\/lasnoticias\/wp-content\/uploads\/2025\/05\/Con-iniciativa-de-reforma-Barragan-busca-frenar-la-automedicacion.jpg\",\"datePublished\":\"2025-05-14T21:03:18+00:00\",\"dateModified\":\"2025-05-14T21:03:18+00:00\",\"author\":{\"@id\":\"https:\/\/diarioabcdemichoacan.com.mx\/lasnoticias\/#\/schema\/person\/0546f9c3407148f7452ca932715c5e88\"},\"breadcrumb\":{\"@id\":\"https:\/\/diarioabcdemichoacan.com.mx\/lasnoticias\/con-iniciativa-de-reforma-barragan-busca-frenar-la-automedicacion\/#breadcrumb\"},\"inLanguage\":\"es\",\"potentialAction\":[{\"@type\":\"ReadAction\",\"target\":[\"https:\/\/diarioabcdemichoacan.com.mx\/lasnoticias\/con-iniciativa-de-reforma-barragan-busca-frenar-la-automedicacion\/\"]}]},{\"@type\":\"ImageObject\",\"inLanguage\":\"es\",\"@id\":\"https:\/\/diarioabcdemichoacan.com.mx\/lasnoticias\/con-iniciativa-de-reforma-barragan-busca-frenar-la-automedicacion\/#primaryimage\",\"url\":\"https:\/\/diarioabcdemichoacan.com.mx\/lasnoticias\/wp-content\/uploads\/2025\/05\/Con-iniciativa-de-reforma-Barragan-busca-frenar-la-automedicacion.jpg\",\"contentUrl\":\"https:\/\/diarioabcdemichoacan.com.mx\/lasnoticias\/wp-content\/uploads\/2025\/05\/Con-iniciativa-de-reforma-Barragan-busca-frenar-la-automedicacion.jpg\",\"width\":1600,\"height\":1066},{\"@type\":\"BreadcrumbList\",\"@id\":\"https:\/\/diarioabcdemichoacan.com.mx\/lasnoticias\/con-iniciativa-de-reforma-barragan-busca-frenar-la-automedicacion\/#breadcrumb\",\"itemListElement\":[{\"@type\":\"ListItem\",\"position\":1,\"name\":\"Portada\",\"item\":\"https:\/\/diarioabcdemichoacan.com.mx\/lasnoticias\/\"},{\"@type\":\"ListItem\",\"position\":2,\"name\":\"Con iniciativa de reforma, Barrag\u00e1n busca frenar la automedicaci\u00f3n\"}]},{\"@type\":\"WebSite\",\"@id\":\"https:\/\/diarioabcdemichoacan.com.mx\/lasnoticias\/#website\",\"url\":\"https:\/\/diarioabcdemichoacan.com.mx\/lasnoticias\/\",\"name\":\"Diario ABC de Michoac\u00e1n\",\"description\":\"Las noticias al momento\",\"potentialAction\":[{\"@type\":\"SearchAction\",\"target\":{\"@type\":\"EntryPoint\",\"urlTemplate\":\"https:\/\/diarioabcdemichoacan.com.mx\/lasnoticias\/?s={search_term_string}\"},\"query-input\":{\"@type\":\"PropertyValueSpecification\",\"valueRequired\":true,\"valueName\":\"search_term_string\"}}],\"inLanguage\":\"es\"},{\"@type\":\"Person\",\"@id\":\"https:\/\/diarioabcdemichoacan.com.mx\/lasnoticias\/#\/schema\/person\/0546f9c3407148f7452ca932715c5e88\",\"name\":\"MB\",\"image\":{\"@type\":\"ImageObject\",\"inLanguage\":\"es\",\"@id\":\"https:\/\/diarioabcdemichoacan.com.mx\/lasnoticias\/#\/schema\/person\/image\/\",\"url\":\"https:\/\/secure.gravatar.com\/avatar\/adcd41fde6b8d0b5d9d0de001d3112b3?s=96&d=mm&r=g\",\"contentUrl\":\"https:\/\/secure.gravatar.com\/avatar\/adcd41fde6b8d0b5d9d0de001d3112b3?s=96&d=mm&r=g\",\"caption\":\"MB\"},\"url\":\"https:\/\/diarioabcdemichoacan.com.mx\/lasnoticias\/author\/bomariano03\/\"}]}<\/script>\n<!-- \/ Yoast SEO plugin. -->","yoast_head_json":{"title":"Con iniciativa de reforma, Barrag\u00e1n busca frenar la automedicaci\u00f3n - Diario ABC de Michoac\u00e1n","robots":{"index":"index","follow":"follow","max-snippet":"max-snippet:-1","max-image-preview":"max-image-preview:large","max-video-preview":"max-video-preview:-1"},"canonical":"https:\/\/diarioabcdemichoacan.com.mx\/lasnoticias\/con-iniciativa-de-reforma-barragan-busca-frenar-la-automedicacion\/","og_locale":"es_ES","og_type":"article","og_title":"Con iniciativa de reforma, Barrag\u00e1n busca frenar la automedicaci\u00f3n - Diario ABC de Michoac\u00e1n","og_description":"La iniciativa propone que la Secretar\u00eda de Salud de Michoac\u00e1n desarrolle programas espec\u00edficos para prevenir la automedicaci\u00f3n y la autoprescripci\u00f3n de medicamentos, con un enfoque educativo, preventivo y de monitoreo constante, en coordinaci\u00f3n con la federaci\u00f3n y los municipios Morelia, Michoac\u00e1n.- Con el objetivo de proteger la salud de las y los michoacanos, el vicepresidente [&hellip;]","og_url":"https:\/\/diarioabcdemichoacan.com.mx\/lasnoticias\/con-iniciativa-de-reforma-barragan-busca-frenar-la-automedicacion\/","og_site_name":"Diario ABC de Michoac\u00e1n","article_published_time":"2025-05-14T21:03:18+00:00","og_image":[{"width":1600,"height":1066,"url":"https:\/\/diarioabcdemichoacan.com.mx\/lasnoticias\/wp-content\/uploads\/2025\/05\/Con-iniciativa-de-reforma-Barragan-busca-frenar-la-automedicacion.jpg","type":"image\/jpeg"}],"author":"MB","twitter_card":"summary_large_image","twitter_misc":{"Escrito por":"MB","Tiempo de lectura":"2 minutos"},"schema":{"@context":"https:\/\/schema.org","@graph":[{"@type":"WebPage","@id":"https:\/\/diarioabcdemichoacan.com.mx\/lasnoticias\/con-iniciativa-de-reforma-barragan-busca-frenar-la-automedicacion\/","url":"https:\/\/diarioabcdemichoacan.com.mx\/lasnoticias\/con-iniciativa-de-reforma-barragan-busca-frenar-la-automedicacion\/","name":"Con iniciativa de reforma, Barrag\u00e1n busca frenar la automedicaci\u00f3n - Diario ABC de Michoac\u00e1n","isPartOf":{"@id":"https:\/\/diarioabcdemichoacan.com.mx\/lasnoticias\/#website"},"primaryImageOfPage":{"@id":"https:\/\/diarioabcdemichoacan.com.mx\/lasnoticias\/con-iniciativa-de-reforma-barragan-busca-frenar-la-automedicacion\/#primaryimage"},"image":{"@id":"https:\/\/diarioabcdemichoacan.com.mx\/lasnoticias\/con-iniciativa-de-reforma-barragan-busca-frenar-la-automedicacion\/#primaryimage"},"thumbnailUrl":"https:\/\/diarioabcdemichoacan.com.mx\/lasnoticias\/wp-content\/uploads\/2025\/05\/Con-iniciativa-de-reforma-Barragan-busca-frenar-la-automedicacion.jpg","datePublished":"2025-05-14T21:03:18+00:00","dateModified":"2025-05-14T21:03:18+00:00","author":{"@id":"https:\/\/diarioabcdemichoacan.com.mx\/lasnoticias\/#\/schema\/person\/0546f9c3407148f7452ca932715c5e88"},"breadcrumb":{"@id":"https:\/\/diarioabcdemichoacan.com.mx\/lasnoticias\/con-iniciativa-de-reforma-barragan-busca-frenar-la-automedicacion\/#breadcrumb"},"inLanguage":"es","potentialAction":[{"@type":"ReadAction","target":["https:\/\/diarioabcdemichoacan.com.mx\/lasnoticias\/con-iniciativa-de-reforma-barragan-busca-frenar-la-automedicacion\/"]}]},{"@type":"ImageObject","inLanguage":"es","@id":"https:\/\/diarioabcdemichoacan.com.mx\/lasnoticias\/con-iniciativa-de-reforma-barragan-busca-frenar-la-automedicacion\/#primaryimage","url":"https:\/\/diarioabcdemichoacan.com.mx\/lasnoticias\/wp-content\/uploads\/2025\/05\/Con-iniciativa-de-reforma-Barragan-busca-frenar-la-automedicacion.jpg","contentUrl":"https:\/\/diarioabcdemichoacan.com.mx\/lasnoticias\/wp-content\/uploads\/2025\/05\/Con-iniciativa-de-reforma-Barragan-busca-frenar-la-automedicacion.jpg","width":1600,"height":1066},{"@type":"BreadcrumbList","@id":"https:\/\/diarioabcdemichoacan.com.mx\/lasnoticias\/con-iniciativa-de-reforma-barragan-busca-frenar-la-automedicacion\/#breadcrumb","itemListElement":[{"@type":"ListItem","position":1,"name":"Portada","item":"https:\/\/diarioabcdemichoacan.com.mx\/lasnoticias\/"},{"@type":"ListItem","position":2,"name":"Con iniciativa de reforma, Barrag\u00e1n busca frenar la automedicaci\u00f3n"}]},{"@type":"WebSite","@id":"https:\/\/diarioabcdemichoacan.com.mx\/lasnoticias\/#website","url":"https:\/\/diarioabcdemichoacan.com.mx\/lasnoticias\/","name":"Diario ABC de Michoac\u00e1n","description":"Las noticias al momento","potentialAction":[{"@type":"SearchAction","target":{"@type":"EntryPoint","urlTemplate":"https:\/\/diarioabcdemichoacan.com.mx\/lasnoticias\/?s={search_term_string}"},"query-input":{"@type":"PropertyValueSpecification","valueRequired":true,"valueName":"search_term_string"}}],"inLanguage":"es"},{"@type":"Person","@id":"https:\/\/diarioabcdemichoacan.com.mx\/lasnoticias\/#\/schema\/person\/0546f9c3407148f7452ca932715c5e88","name":"MB","image":{"@type":"ImageObject","inLanguage":"es","@id":"https:\/\/diarioabcdemichoacan.com.mx\/lasnoticias\/#\/schema\/person\/image\/","url":"https:\/\/secure.gravatar.com\/avatar\/adcd41fde6b8d0b5d9d0de001d3112b3?s=96&d=mm&r=g","contentUrl":"https:\/\/secure.gravatar.com\/avatar\/adcd41fde6b8d0b5d9d0de001d3112b3?s=96&d=mm&r=g","caption":"MB"},"url":"https:\/\/diarioabcdemichoacan.com.mx\/lasnoticias\/author\/bomariano03\/"}]}},"_links":{"self":[{"href":"https:\/\/diarioabcdemichoacan.com.mx\/lasnoticias\/wp-json\/wp\/v2\/posts\/58823","targetHints":{"allow":["GET"]}}],"collection":[{"href":"https:\/\/diarioabcdemichoacan.com.mx\/lasnoticias\/wp-json\/wp\/v2\/posts"}],"about":[{"href":"https:\/\/diarioabcdemichoacan.com.mx\/lasnoticias\/wp-json\/wp\/v2\/types\/post"}],"author":[{"embeddable":true,"href":"https:\/\/diarioabcdemichoacan.com.mx\/lasnoticias\/wp-json\/wp\/v2\/users\/6"}],"replies":[{"embeddable":true,"href":"https:\/\/diarioabcdemichoacan.com.mx\/lasnoticias\/wp-json\/wp\/v2\/comments?post=58823"}],"version-history":[{"count":1,"href":"https:\/\/diarioabcdemichoacan.com.mx\/lasnoticias\/wp-json\/wp\/v2\/posts\/58823\/revisions"}],"predecessor-version":[{"id":58857,"href":"https:\/\/diarioabcdemichoacan.com.mx\/lasnoticias\/wp-json\/wp\/v2\/posts\/58823\/revisions\/58857"}],"wp:featuredmedia":[{"embeddable":true,"href":"https:\/\/diarioabcdemichoacan.com.mx\/lasnoticias\/wp-json\/wp\/v2\/media\/58855"}],"wp:attachment":[{"href":"https:\/\/diarioabcdemichoacan.com.mx\/lasnoticias\/wp-json\/wp\/v2\/media?parent=58823"}],"wp:term":[{"taxonomy":"category","embeddable":true,"href":"https:\/\/diarioabcdemichoacan.com.mx\/lasnoticias\/wp-json\/wp\/v2\/categories?post=58823"},{"taxonomy":"post_tag","embeddable":true,"href":"https:\/\/diarioabcdemichoacan.com.mx\/lasnoticias\/wp-json\/wp\/v2\/tags?post=58823"}],"curies":[{"name":"wp","href":"https:\/\/api.w.org\/{rel}","templated":true}]}}