{"id":58860,"date":"2025-05-14T15:11:13","date_gmt":"2025-05-14T21:11:13","guid":{"rendered":"https:\/\/diarioabcdemichoacan.com.mx\/lasnoticias\/?p=58860"},"modified":"2025-05-14T15:11:13","modified_gmt":"2025-05-14T21:11:13","slug":"carlos-bautista-denuncia-imposicion-en-el-congreso-de-michoacan-no-me-voy-a-prestar-a-un-circo-politico","status":"publish","type":"post","link":"https:\/\/diarioabcdemichoacan.com.mx\/lasnoticias\/carlos-bautista-denuncia-imposicion-en-el-congreso-de-michoacan-no-me-voy-a-prestar-a-un-circo-politico\/","title":{"rendered":"Carlos Bautista denuncia imposici\u00f3n en el Congreso de Michoac\u00e1n: \u201cNo me voy a prestar a un circo pol\u00edtico\u00bb"},"content":{"rendered":"<p>Por Am\u00e9rica Ju\u00e1rez Navarro<\/p>\n<hr \/>\n<p>Morelia, Mich. &#8211; El diputado independiente Carlos Bautista Tafolla, integrante de la agrupaci\u00f3n civil El Sombrero y presidente de la Comisi\u00f3n de Educaci\u00f3n en el Congreso del Estado, denunci\u00f3 p\u00fablicamente un intento de imposici\u00f3n por parte de la Junta de Coordinaci\u00f3n Pol\u00edtica (JUCOPO) en la elecci\u00f3n de un docente a reconocer por el D\u00eda del Maestro.<\/p>\n<p>Seg\u00fan Bautista Tafolla, tras un proceso transparente que incluy\u00f3 una convocatoria formal, la recepci\u00f3n de expedientes y una revisi\u00f3n colegiada de perfiles, la Comisi\u00f3n de Educaci\u00f3n eligi\u00f3 de manera un\u00e1nime a Mahatma Habyt Vel\u00e1zquez Pallares como el merecedor del reconocimiento. La selecci\u00f3n fue incluso validada a trav\u00e9s de inteligencia artificial, lo que reafirm\u00f3 el criterio t\u00e9cnico y objetivo de la comisi\u00f3n.<\/p>\n<p>Sin embargo, a menos de 24 horas del evento previsto para el 15 de mayo, Bautista afirma haber sido informado de que la JUCOPO ya hab\u00eda definido otro nombre como ganador, ignorando la propuesta oficial de la comisi\u00f3n.<br \/>\n\u201cEsto para m\u00ed es un circo. No puedo ser parte de una simulaci\u00f3n donde se desprecia el trabajo institucional y se priorizan los acuerdos pol\u00edticos de c\u00fapula\u201d, expres\u00f3 el legislador.<\/p>\n<p>Lo m\u00e1s grave, seg\u00fan se\u00f1al\u00f3, es que se habr\u00eda intentado circular un documento con un nombre distinto al aprobado por la comisi\u00f3n, sin la firma de los integrantes responsables. El diputado se neg\u00f3 a organizar el acto protocolario y exigi\u00f3 respeto a las facultades legales de las comisiones legislativas.<\/p>\n<p>Tambi\u00e9n alert\u00f3 sobre una pr\u00e1ctica sistem\u00e1tica de imposiciones que, seg\u00fan \u00e9l, ha venido ocurriendo en diversas decisiones dentro del Congreso, como el caso de iniciativas no turnadas a comisiones o la designaci\u00f3n unilateral de oradores hasta 2027.<\/p>\n<p>\u201cNo represento a partidos ni a grupos de poder. Represento a la gente. Y no voy a permitir que se pisotee la legalidad por intereses pol\u00edticos o compadrazgos\u201d, afirm\u00f3.<\/p>\n<p>Aunque Bautista no se\u00f1al\u00f3 directamente a personas espec\u00edficas, s\u00ed cuestion\u00f3 el funcionamiento interno de la JUCOPO y pidi\u00f3 que se revise la legalidad del procedimiento. Hasta el momento, no se ha informado si proceder\u00e1 con una denuncia formal.<\/p>\n","protected":false},"excerpt":{"rendered":"<p>Por Am\u00e9rica Ju\u00e1rez Navarro Morelia, Mich. &#8211; El diputado independiente Carlos Bautista Tafolla, integrante de la agrupaci\u00f3n civil El Sombrero y presidente de la Comisi\u00f3n de Educaci\u00f3n en el Congreso del Estado, denunci\u00f3 p\u00fablicamente un intento de imposici\u00f3n por parte de la Junta de Coordinaci\u00f3n Pol\u00edtica (JUCOPO) en la elecci\u00f3n de un docente a reconocer [&hellip;]<\/p>\n","protected":false},"author":9,"featured_media":58861,"comment_status":"closed","ping_status":"closed","sticky":false,"template":"","format":"standard","meta":{"footnotes":""},"categories":[30,13,28,27],"tags":[],"class_list":{"0":"post-58860","1":"post","2":"type-post","3":"status-publish","4":"format-standard","5":"has-post-thumbnail","7":"category-columnas","8":"category-congreso","9":"category-politica","10":"category-slider"},"yoast_head":"<!-- This site is optimized with the Yoast SEO plugin v24.0 - https:\/\/yoast.com\/wordpress\/plugins\/seo\/ -->\n<title>Carlos Bautista denuncia imposici\u00f3n en el Congreso de Michoac\u00e1n: \u201cNo me voy a prestar a un circo pol\u00edtico&quot; - Diario ABC de Michoac\u00e1n<\/title>\n<meta name=\"robots\" content=\"index, follow, max-snippet:-1, max-image-preview:large, max-video-preview:-1\" \/>\n<link rel=\"canonical\" href=\"https:\/\/diarioabcdemichoacan.com.mx\/lasnoticias\/carlos-bautista-denuncia-imposicion-en-el-congreso-de-michoacan-no-me-voy-a-prestar-a-un-circo-politico\/\" \/>\n<meta property=\"og:locale\" content=\"es_ES\" \/>\n<meta property=\"og:type\" content=\"article\" \/>\n<meta property=\"og:title\" content=\"Carlos Bautista denuncia imposici\u00f3n en el Congreso de Michoac\u00e1n: \u201cNo me voy a prestar a un circo pol\u00edtico&quot; - Diario ABC de Michoac\u00e1n\" \/>\n<meta property=\"og:description\" content=\"Por Am\u00e9rica Ju\u00e1rez Navarro Morelia, Mich. &#8211; El diputado independiente Carlos Bautista Tafolla, integrante de la agrupaci\u00f3n civil El Sombrero y presidente de la Comisi\u00f3n de Educaci\u00f3n en el Congreso del Estado, denunci\u00f3 p\u00fablicamente un intento de imposici\u00f3n por parte de la Junta de Coordinaci\u00f3n Pol\u00edtica (JUCOPO) en la elecci\u00f3n de un docente a reconocer [&hellip;]\" \/>\n<meta property=\"og:url\" content=\"https:\/\/diarioabcdemichoacan.com.mx\/lasnoticias\/carlos-bautista-denuncia-imposicion-en-el-congreso-de-michoacan-no-me-voy-a-prestar-a-un-circo-politico\/\" \/>\n<meta property=\"og:site_name\" content=\"Diario ABC de Michoac\u00e1n\" \/>\n<meta property=\"article:published_time\" content=\"2025-05-14T21:11:13+00:00\" \/>\n<meta property=\"og:image\" content=\"https:\/\/diarioabcdemichoacan.com.mx\/lasnoticias\/wp-content\/uploads\/2025\/05\/Imagen-de-WhatsApp-2025-05-14-a-las-15.07.00_5b5222fe.jpg\" \/>\n\t<meta property=\"og:image:width\" content=\"1599\" \/>\n\t<meta property=\"og:image:height\" content=\"899\" \/>\n\t<meta property=\"og:image:type\" content=\"image\/jpeg\" \/>\n<meta name=\"author\" content=\"AR\" \/>\n<meta name=\"twitter:card\" content=\"summary_large_image\" \/>\n<meta name=\"twitter:label1\" content=\"Escrito por\" \/>\n\t<meta name=\"twitter:data1\" content=\"AR\" \/>\n\t<meta name=\"twitter:label2\" content=\"Tiempo de lectura\" \/>\n\t<meta name=\"twitter:data2\" content=\"2 minutos\" \/>\n<script type=\"application\/ld+json\" class=\"yoast-schema-graph\">{\"@context\":\"https:\/\/schema.org\",\"@graph\":[{\"@type\":\"WebPage\",\"@id\":\"https:\/\/diarioabcdemichoacan.com.mx\/lasnoticias\/carlos-bautista-denuncia-imposicion-en-el-congreso-de-michoacan-no-me-voy-a-prestar-a-un-circo-politico\/\",\"url\":\"https:\/\/diarioabcdemichoacan.com.mx\/lasnoticias\/carlos-bautista-denuncia-imposicion-en-el-congreso-de-michoacan-no-me-voy-a-prestar-a-un-circo-politico\/\",\"name\":\"Carlos Bautista denuncia imposici\u00f3n en el Congreso de Michoac\u00e1n: \u201cNo me voy a prestar a un circo pol\u00edtico\\\" - Diario ABC de Michoac\u00e1n\",\"isPartOf\":{\"@id\":\"https:\/\/diarioabcdemichoacan.com.mx\/lasnoticias\/#website\"},\"primaryImageOfPage\":{\"@id\":\"https:\/\/diarioabcdemichoacan.com.mx\/lasnoticias\/carlos-bautista-denuncia-imposicion-en-el-congreso-de-michoacan-no-me-voy-a-prestar-a-un-circo-politico\/#primaryimage\"},\"image\":{\"@id\":\"https:\/\/diarioabcdemichoacan.com.mx\/lasnoticias\/carlos-bautista-denuncia-imposicion-en-el-congreso-de-michoacan-no-me-voy-a-prestar-a-un-circo-politico\/#primaryimage\"},\"thumbnailUrl\":\"https:\/\/diarioabcdemichoacan.com.mx\/lasnoticias\/wp-content\/uploads\/2025\/05\/Imagen-de-WhatsApp-2025-05-14-a-las-15.07.00_5b5222fe.jpg\",\"datePublished\":\"2025-05-14T21:11:13+00:00\",\"dateModified\":\"2025-05-14T21:11:13+00:00\",\"author\":{\"@id\":\"https:\/\/diarioabcdemichoacan.com.mx\/lasnoticias\/#\/schema\/person\/19ae376040f6cbc489682ebdd8524852\"},\"breadcrumb\":{\"@id\":\"https:\/\/diarioabcdemichoacan.com.mx\/lasnoticias\/carlos-bautista-denuncia-imposicion-en-el-congreso-de-michoacan-no-me-voy-a-prestar-a-un-circo-politico\/#breadcrumb\"},\"inLanguage\":\"es\",\"potentialAction\":[{\"@type\":\"ReadAction\",\"target\":[\"https:\/\/diarioabcdemichoacan.com.mx\/lasnoticias\/carlos-bautista-denuncia-imposicion-en-el-congreso-de-michoacan-no-me-voy-a-prestar-a-un-circo-politico\/\"]}]},{\"@type\":\"ImageObject\",\"inLanguage\":\"es\",\"@id\":\"https:\/\/diarioabcdemichoacan.com.mx\/lasnoticias\/carlos-bautista-denuncia-imposicion-en-el-congreso-de-michoacan-no-me-voy-a-prestar-a-un-circo-politico\/#primaryimage\",\"url\":\"https:\/\/diarioabcdemichoacan.com.mx\/lasnoticias\/wp-content\/uploads\/2025\/05\/Imagen-de-WhatsApp-2025-05-14-a-las-15.07.00_5b5222fe.jpg\",\"contentUrl\":\"https:\/\/diarioabcdemichoacan.com.mx\/lasnoticias\/wp-content\/uploads\/2025\/05\/Imagen-de-WhatsApp-2025-05-14-a-las-15.07.00_5b5222fe.jpg\",\"width\":1599,\"height\":899},{\"@type\":\"BreadcrumbList\",\"@id\":\"https:\/\/diarioabcdemichoacan.com.mx\/lasnoticias\/carlos-bautista-denuncia-imposicion-en-el-congreso-de-michoacan-no-me-voy-a-prestar-a-un-circo-politico\/#breadcrumb\",\"itemListElement\":[{\"@type\":\"ListItem\",\"position\":1,\"name\":\"Portada\",\"item\":\"https:\/\/diarioabcdemichoacan.com.mx\/lasnoticias\/\"},{\"@type\":\"ListItem\",\"position\":2,\"name\":\"Carlos Bautista denuncia imposici\u00f3n en el Congreso de Michoac\u00e1n: \u201cNo me voy a prestar a un circo pol\u00edtico\u00bb\"}]},{\"@type\":\"WebSite\",\"@id\":\"https:\/\/diarioabcdemichoacan.com.mx\/lasnoticias\/#website\",\"url\":\"https:\/\/diarioabcdemichoacan.com.mx\/lasnoticias\/\",\"name\":\"Diario ABC de Michoac\u00e1n\",\"description\":\"Las noticias al momento\",\"potentialAction\":[{\"@type\":\"SearchAction\",\"target\":{\"@type\":\"EntryPoint\",\"urlTemplate\":\"https:\/\/diarioabcdemichoacan.com.mx\/lasnoticias\/?s={search_term_string}\"},\"query-input\":{\"@type\":\"PropertyValueSpecification\",\"valueRequired\":true,\"valueName\":\"search_term_string\"}}],\"inLanguage\":\"es\"},{\"@type\":\"Person\",\"@id\":\"https:\/\/diarioabcdemichoacan.com.mx\/lasnoticias\/#\/schema\/person\/19ae376040f6cbc489682ebdd8524852\",\"name\":\"AR\",\"image\":{\"@type\":\"ImageObject\",\"inLanguage\":\"es\",\"@id\":\"https:\/\/diarioabcdemichoacan.com.mx\/lasnoticias\/#\/schema\/person\/image\/\",\"url\":\"https:\/\/secure.gravatar.com\/avatar\/44eca2ff970262234e20e1e082872af0?s=96&d=mm&r=g\",\"contentUrl\":\"https:\/\/secure.gravatar.com\/avatar\/44eca2ff970262234e20e1e082872af0?s=96&d=mm&r=g\",\"caption\":\"AR\"},\"url\":\"https:\/\/diarioabcdemichoacan.com.mx\/lasnoticias\/author\/adrian\/\"}]}<\/script>\n<!-- \/ Yoast SEO plugin. -->","yoast_head_json":{"title":"Carlos Bautista denuncia imposici\u00f3n en el Congreso de Michoac\u00e1n: \u201cNo me voy a prestar a un circo pol\u00edtico\" - Diario ABC de Michoac\u00e1n","robots":{"index":"index","follow":"follow","max-snippet":"max-snippet:-1","max-image-preview":"max-image-preview:large","max-video-preview":"max-video-preview:-1"},"canonical":"https:\/\/diarioabcdemichoacan.com.mx\/lasnoticias\/carlos-bautista-denuncia-imposicion-en-el-congreso-de-michoacan-no-me-voy-a-prestar-a-un-circo-politico\/","og_locale":"es_ES","og_type":"article","og_title":"Carlos Bautista denuncia imposici\u00f3n en el Congreso de Michoac\u00e1n: \u201cNo me voy a prestar a un circo pol\u00edtico\" - Diario ABC de Michoac\u00e1n","og_description":"Por Am\u00e9rica Ju\u00e1rez Navarro Morelia, Mich. &#8211; El diputado independiente Carlos Bautista Tafolla, integrante de la agrupaci\u00f3n civil El Sombrero y presidente de la Comisi\u00f3n de Educaci\u00f3n en el Congreso del Estado, denunci\u00f3 p\u00fablicamente un intento de imposici\u00f3n por parte de la Junta de Coordinaci\u00f3n Pol\u00edtica (JUCOPO) en la elecci\u00f3n de un docente a reconocer [&hellip;]","og_url":"https:\/\/diarioabcdemichoacan.com.mx\/lasnoticias\/carlos-bautista-denuncia-imposicion-en-el-congreso-de-michoacan-no-me-voy-a-prestar-a-un-circo-politico\/","og_site_name":"Diario ABC de Michoac\u00e1n","article_published_time":"2025-05-14T21:11:13+00:00","og_image":[{"width":1599,"height":899,"url":"https:\/\/diarioabcdemichoacan.com.mx\/lasnoticias\/wp-content\/uploads\/2025\/05\/Imagen-de-WhatsApp-2025-05-14-a-las-15.07.00_5b5222fe.jpg","type":"image\/jpeg"}],"author":"AR","twitter_card":"summary_large_image","twitter_misc":{"Escrito por":"AR","Tiempo de lectura":"2 minutos"},"schema":{"@context":"https:\/\/schema.org","@graph":[{"@type":"WebPage","@id":"https:\/\/diarioabcdemichoacan.com.mx\/lasnoticias\/carlos-bautista-denuncia-imposicion-en-el-congreso-de-michoacan-no-me-voy-a-prestar-a-un-circo-politico\/","url":"https:\/\/diarioabcdemichoacan.com.mx\/lasnoticias\/carlos-bautista-denuncia-imposicion-en-el-congreso-de-michoacan-no-me-voy-a-prestar-a-un-circo-politico\/","name":"Carlos Bautista denuncia imposici\u00f3n en el Congreso de Michoac\u00e1n: \u201cNo me voy a prestar a un circo pol\u00edtico\" - Diario ABC de Michoac\u00e1n","isPartOf":{"@id":"https:\/\/diarioabcdemichoacan.com.mx\/lasnoticias\/#website"},"primaryImageOfPage":{"@id":"https:\/\/diarioabcdemichoacan.com.mx\/lasnoticias\/carlos-bautista-denuncia-imposicion-en-el-congreso-de-michoacan-no-me-voy-a-prestar-a-un-circo-politico\/#primaryimage"},"image":{"@id":"https:\/\/diarioabcdemichoacan.com.mx\/lasnoticias\/carlos-bautista-denuncia-imposicion-en-el-congreso-de-michoacan-no-me-voy-a-prestar-a-un-circo-politico\/#primaryimage"},"thumbnailUrl":"https:\/\/diarioabcdemichoacan.com.mx\/lasnoticias\/wp-content\/uploads\/2025\/05\/Imagen-de-WhatsApp-2025-05-14-a-las-15.07.00_5b5222fe.jpg","datePublished":"2025-05-14T21:11:13+00:00","dateModified":"2025-05-14T21:11:13+00:00","author":{"@id":"https:\/\/diarioabcdemichoacan.com.mx\/lasnoticias\/#\/schema\/person\/19ae376040f6cbc489682ebdd8524852"},"breadcrumb":{"@id":"https:\/\/diarioabcdemichoacan.com.mx\/lasnoticias\/carlos-bautista-denuncia-imposicion-en-el-congreso-de-michoacan-no-me-voy-a-prestar-a-un-circo-politico\/#breadcrumb"},"inLanguage":"es","potentialAction":[{"@type":"ReadAction","target":["https:\/\/diarioabcdemichoacan.com.mx\/lasnoticias\/carlos-bautista-denuncia-imposicion-en-el-congreso-de-michoacan-no-me-voy-a-prestar-a-un-circo-politico\/"]}]},{"@type":"ImageObject","inLanguage":"es","@id":"https:\/\/diarioabcdemichoacan.com.mx\/lasnoticias\/carlos-bautista-denuncia-imposicion-en-el-congreso-de-michoacan-no-me-voy-a-prestar-a-un-circo-politico\/#primaryimage","url":"https:\/\/diarioabcdemichoacan.com.mx\/lasnoticias\/wp-content\/uploads\/2025\/05\/Imagen-de-WhatsApp-2025-05-14-a-las-15.07.00_5b5222fe.jpg","contentUrl":"https:\/\/diarioabcdemichoacan.com.mx\/lasnoticias\/wp-content\/uploads\/2025\/05\/Imagen-de-WhatsApp-2025-05-14-a-las-15.07.00_5b5222fe.jpg","width":1599,"height":899},{"@type":"BreadcrumbList","@id":"https:\/\/diarioabcdemichoacan.com.mx\/lasnoticias\/carlos-bautista-denuncia-imposicion-en-el-congreso-de-michoacan-no-me-voy-a-prestar-a-un-circo-politico\/#breadcrumb","itemListElement":[{"@type":"ListItem","position":1,"name":"Portada","item":"https:\/\/diarioabcdemichoacan.com.mx\/lasnoticias\/"},{"@type":"ListItem","position":2,"name":"Carlos Bautista denuncia imposici\u00f3n en el Congreso de Michoac\u00e1n: \u201cNo me voy a prestar a un circo pol\u00edtico\u00bb"}]},{"@type":"WebSite","@id":"https:\/\/diarioabcdemichoacan.com.mx\/lasnoticias\/#website","url":"https:\/\/diarioabcdemichoacan.com.mx\/lasnoticias\/","name":"Diario ABC de Michoac\u00e1n","description":"Las noticias al momento","potentialAction":[{"@type":"SearchAction","target":{"@type":"EntryPoint","urlTemplate":"https:\/\/diarioabcdemichoacan.com.mx\/lasnoticias\/?s={search_term_string}"},"query-input":{"@type":"PropertyValueSpecification","valueRequired":true,"valueName":"search_term_string"}}],"inLanguage":"es"},{"@type":"Person","@id":"https:\/\/diarioabcdemichoacan.com.mx\/lasnoticias\/#\/schema\/person\/19ae376040f6cbc489682ebdd8524852","name":"AR","image":{"@type":"ImageObject","inLanguage":"es","@id":"https:\/\/diarioabcdemichoacan.com.mx\/lasnoticias\/#\/schema\/person\/image\/","url":"https:\/\/secure.gravatar.com\/avatar\/44eca2ff970262234e20e1e082872af0?s=96&d=mm&r=g","contentUrl":"https:\/\/secure.gravatar.com\/avatar\/44eca2ff970262234e20e1e082872af0?s=96&d=mm&r=g","caption":"AR"},"url":"https:\/\/diarioabcdemichoacan.com.mx\/lasnoticias\/author\/adrian\/"}]}},"_links":{"self":[{"href":"https:\/\/diarioabcdemichoacan.com.mx\/lasnoticias\/wp-json\/wp\/v2\/posts\/58860","targetHints":{"allow":["GET"]}}],"collection":[{"href":"https:\/\/diarioabcdemichoacan.com.mx\/lasnoticias\/wp-json\/wp\/v2\/posts"}],"about":[{"href":"https:\/\/diarioabcdemichoacan.com.mx\/lasnoticias\/wp-json\/wp\/v2\/types\/post"}],"author":[{"embeddable":true,"href":"https:\/\/diarioabcdemichoacan.com.mx\/lasnoticias\/wp-json\/wp\/v2\/users\/9"}],"replies":[{"embeddable":true,"href":"https:\/\/diarioabcdemichoacan.com.mx\/lasnoticias\/wp-json\/wp\/v2\/comments?post=58860"}],"version-history":[{"count":1,"href":"https:\/\/diarioabcdemichoacan.com.mx\/lasnoticias\/wp-json\/wp\/v2\/posts\/58860\/revisions"}],"predecessor-version":[{"id":58862,"href":"https:\/\/diarioabcdemichoacan.com.mx\/lasnoticias\/wp-json\/wp\/v2\/posts\/58860\/revisions\/58862"}],"wp:featuredmedia":[{"embeddable":true,"href":"https:\/\/diarioabcdemichoacan.com.mx\/lasnoticias\/wp-json\/wp\/v2\/media\/58861"}],"wp:attachment":[{"href":"https:\/\/diarioabcdemichoacan.com.mx\/lasnoticias\/wp-json\/wp\/v2\/media?parent=58860"}],"wp:term":[{"taxonomy":"category","embeddable":true,"href":"https:\/\/diarioabcdemichoacan.com.mx\/lasnoticias\/wp-json\/wp\/v2\/categories?post=58860"},{"taxonomy":"post_tag","embeddable":true,"href":"https:\/\/diarioabcdemichoacan.com.mx\/lasnoticias\/wp-json\/wp\/v2\/tags?post=58860"}],"curies":[{"name":"wp","href":"https:\/\/api.w.org\/{rel}","templated":true}]}}