{"id":59300,"date":"2025-05-17T18:50:31","date_gmt":"2025-05-18T00:50:31","guid":{"rendered":"https:\/\/diarioabcdemichoacan.com.mx\/lasnoticias\/?p=59300"},"modified":"2025-05-17T18:50:31","modified_gmt":"2025-05-18T00:50:31","slug":"se-reune-alfonso-martinez-con-productores-y-liderazgos-de-taretan","status":"publish","type":"post","link":"https:\/\/diarioabcdemichoacan.com.mx\/lasnoticias\/se-reune-alfonso-martinez-con-productores-y-liderazgos-de-taretan\/","title":{"rendered":"Se re\u00fane Alfonso Mart\u00ednez con productores y liderazgos de Taretan"},"content":{"rendered":"<hr \/>\n<p>Taretan, Michoac\u00e1n.- Taretan es un municipio privilegiado por sus vastos recursos naturales, pero sobre todo, porque tiene gente muy trabajadora, destac\u00f3 el presidente de Morelia, Alfonso Mart\u00ednez Alc\u00e1zar, al atender una invitaci\u00f3n de productores, grupos civiles y liderazgos de la regi\u00f3n.<\/p>\n<p>En este municipio ubicado en la zona de transici\u00f3n con la Tierra Caliente, Alfonso Mart\u00ednez visit\u00f3 la panader\u00eda Cafermat, en la plaza principal, y la cual es conocida por ser la m\u00e1s antigua de Taretan. Ahi, aprovech\u00f3 para comprar decenas de fruta de horno y empanadas.<\/p>\n<p>Posteriormente, salud\u00f3 a integrantes del Colectivo Feminista \u201cLeonas de La Corregidora\u201d. Frente a la placa en honor a Mar\u00eda del Refugio Garc\u00eda Mart\u00ednez, ilustre defensora de los derechos de las mujeres e impulsora del voto femenino, el Alcalde coloc\u00f3 una ofrenda floral, adem\u00e1s de resaltar su importante papel en la construcci\u00f3n de un pa\u00eds m\u00e1s justo para todas y todos.<\/p>\n<p>Por \u00faltimo, Alfonso Mart\u00ednez acudi\u00f3 a un convivio con decenas de liderazgos y amigos de la regi\u00f3n, con el prop\u00f3sito de escucharlos y conocer el gran potencial humano y agrario que brinda la zona de Taretan.<\/p>\n<p>En este encuentro, estuvieron presentes el diputado, Alfonso Ch\u00e1vez Andrade; la presidenta del DIF municipal, Ireri Dimas Guti\u00e9rrez; Enrique Garc\u00eda \u00c1lvarez, dirigente del sindicato azucarero; Jos\u00e9 Ceja, l\u00edder ca\u00f1ero; el expresidente Julio Ch\u00e1vez Zavala; el ex presidente estatal del PRI y ex funcionario federal, Antonio Guzm\u00e1n Casta\u00f1eda; entre otros liderazgos y productores.<\/p>\n<p>En ese marco, Alfonso Mart\u00ednez dijo sentirse agradecido por la oportunidad de saludarlos. Reconoci\u00f3 la grandeza de Taretan, as\u00ed como el potencial que tiene la tierra en esta zona, \u00absi cae una semilla crece un \u00e1rbol y comienza a dar frutos; aqu\u00ed no se cosecha lo que no se siembra\u00bb.<\/p>\n<p>As\u00ed, Alfonso Mart\u00ednez acudi\u00f3 a este municipio conocido por su gran producci\u00f3n de ca\u00f1a, guayabas, berries y caf\u00e9, en donde vive miles de michoacanas y michoacanos trabajadores.<\/p>\n<p>COMUNICADO<\/p>\n","protected":false},"excerpt":{"rendered":"<p>Taretan, Michoac\u00e1n.- Taretan es un municipio privilegiado por sus vastos recursos naturales, pero sobre todo, porque tiene gente muy trabajadora, destac\u00f3 el presidente de Morelia, Alfonso Mart\u00ednez Alc\u00e1zar, al atender una invitaci\u00f3n de productores, grupos civiles y liderazgos de la regi\u00f3n. En este municipio ubicado en la zona de transici\u00f3n con la Tierra Caliente, Alfonso [&hellip;]<\/p>\n","protected":false},"author":8,"featured_media":59302,"comment_status":"closed","ping_status":"closed","sticky":false,"template":"","format":"standard","meta":{"footnotes":""},"categories":[18,7],"tags":[],"class_list":{"0":"post-59300","1":"post","2":"type-post","3":"status-publish","4":"format-standard","5":"has-post-thumbnail","7":"category-ayuntamiento-de-morelia","8":"category-morelia"},"yoast_head":"<!-- This site is optimized with the Yoast SEO plugin v24.0 - https:\/\/yoast.com\/wordpress\/plugins\/seo\/ -->\n<title>Se re\u00fane Alfonso Mart\u00ednez con productores y liderazgos de Taretan - Diario ABC de Michoac\u00e1n<\/title>\n<meta name=\"robots\" content=\"index, follow, max-snippet:-1, max-image-preview:large, max-video-preview:-1\" \/>\n<link rel=\"canonical\" href=\"https:\/\/diarioabcdemichoacan.com.mx\/lasnoticias\/se-reune-alfonso-martinez-con-productores-y-liderazgos-de-taretan\/\" \/>\n<meta property=\"og:locale\" content=\"es_ES\" \/>\n<meta property=\"og:type\" content=\"article\" \/>\n<meta property=\"og:title\" content=\"Se re\u00fane Alfonso Mart\u00ednez con productores y liderazgos de Taretan - Diario ABC de Michoac\u00e1n\" \/>\n<meta property=\"og:description\" content=\"Taretan, Michoac\u00e1n.- Taretan es un municipio privilegiado por sus vastos recursos naturales, pero sobre todo, porque tiene gente muy trabajadora, destac\u00f3 el presidente de Morelia, Alfonso Mart\u00ednez Alc\u00e1zar, al atender una invitaci\u00f3n de productores, grupos civiles y liderazgos de la regi\u00f3n. En este municipio ubicado en la zona de transici\u00f3n con la Tierra Caliente, Alfonso [&hellip;]\" \/>\n<meta property=\"og:url\" content=\"https:\/\/diarioabcdemichoacan.com.mx\/lasnoticias\/se-reune-alfonso-martinez-con-productores-y-liderazgos-de-taretan\/\" \/>\n<meta property=\"og:site_name\" content=\"Diario ABC de Michoac\u00e1n\" \/>\n<meta property=\"article:published_time\" content=\"2025-05-18T00:50:31+00:00\" \/>\n<meta property=\"og:image\" content=\"https:\/\/diarioabcdemichoacan.com.mx\/lasnoticias\/wp-content\/uploads\/2025\/05\/WhatsApp-Image-2025-05-17-at-18.48.12-scaled-e1747529408694.jpeg\" \/>\n\t<meta property=\"og:image:width\" content=\"800\" \/>\n\t<meta property=\"og:image:height\" content=\"533\" \/>\n\t<meta property=\"og:image:type\" content=\"image\/jpeg\" \/>\n<meta name=\"author\" content=\"MD\" \/>\n<meta name=\"twitter:card\" content=\"summary_large_image\" \/>\n<meta name=\"twitter:label1\" content=\"Escrito por\" \/>\n\t<meta name=\"twitter:data1\" content=\"MD\" \/>\n\t<meta name=\"twitter:label2\" content=\"Tiempo de lectura\" \/>\n\t<meta name=\"twitter:data2\" content=\"2 minutos\" \/>\n<script type=\"application\/ld+json\" class=\"yoast-schema-graph\">{\"@context\":\"https:\/\/schema.org\",\"@graph\":[{\"@type\":\"WebPage\",\"@id\":\"https:\/\/diarioabcdemichoacan.com.mx\/lasnoticias\/se-reune-alfonso-martinez-con-productores-y-liderazgos-de-taretan\/\",\"url\":\"https:\/\/diarioabcdemichoacan.com.mx\/lasnoticias\/se-reune-alfonso-martinez-con-productores-y-liderazgos-de-taretan\/\",\"name\":\"Se re\u00fane Alfonso Mart\u00ednez con productores y liderazgos de Taretan - Diario ABC de Michoac\u00e1n\",\"isPartOf\":{\"@id\":\"https:\/\/diarioabcdemichoacan.com.mx\/lasnoticias\/#website\"},\"primaryImageOfPage\":{\"@id\":\"https:\/\/diarioabcdemichoacan.com.mx\/lasnoticias\/se-reune-alfonso-martinez-con-productores-y-liderazgos-de-taretan\/#primaryimage\"},\"image\":{\"@id\":\"https:\/\/diarioabcdemichoacan.com.mx\/lasnoticias\/se-reune-alfonso-martinez-con-productores-y-liderazgos-de-taretan\/#primaryimage\"},\"thumbnailUrl\":\"https:\/\/diarioabcdemichoacan.com.mx\/lasnoticias\/wp-content\/uploads\/2025\/05\/WhatsApp-Image-2025-05-17-at-18.48.12-scaled-e1747529408694.jpeg\",\"datePublished\":\"2025-05-18T00:50:31+00:00\",\"dateModified\":\"2025-05-18T00:50:31+00:00\",\"author\":{\"@id\":\"https:\/\/diarioabcdemichoacan.com.mx\/lasnoticias\/#\/schema\/person\/657e7c20ff5297f317664d985712e8e8\"},\"breadcrumb\":{\"@id\":\"https:\/\/diarioabcdemichoacan.com.mx\/lasnoticias\/se-reune-alfonso-martinez-con-productores-y-liderazgos-de-taretan\/#breadcrumb\"},\"inLanguage\":\"es\",\"potentialAction\":[{\"@type\":\"ReadAction\",\"target\":[\"https:\/\/diarioabcdemichoacan.com.mx\/lasnoticias\/se-reune-alfonso-martinez-con-productores-y-liderazgos-de-taretan\/\"]}]},{\"@type\":\"ImageObject\",\"inLanguage\":\"es\",\"@id\":\"https:\/\/diarioabcdemichoacan.com.mx\/lasnoticias\/se-reune-alfonso-martinez-con-productores-y-liderazgos-de-taretan\/#primaryimage\",\"url\":\"https:\/\/diarioabcdemichoacan.com.mx\/lasnoticias\/wp-content\/uploads\/2025\/05\/WhatsApp-Image-2025-05-17-at-18.48.12-scaled-e1747529408694.jpeg\",\"contentUrl\":\"https:\/\/diarioabcdemichoacan.com.mx\/lasnoticias\/wp-content\/uploads\/2025\/05\/WhatsApp-Image-2025-05-17-at-18.48.12-scaled-e1747529408694.jpeg\",\"width\":800,\"height\":533},{\"@type\":\"BreadcrumbList\",\"@id\":\"https:\/\/diarioabcdemichoacan.com.mx\/lasnoticias\/se-reune-alfonso-martinez-con-productores-y-liderazgos-de-taretan\/#breadcrumb\",\"itemListElement\":[{\"@type\":\"ListItem\",\"position\":1,\"name\":\"Portada\",\"item\":\"https:\/\/diarioabcdemichoacan.com.mx\/lasnoticias\/\"},{\"@type\":\"ListItem\",\"position\":2,\"name\":\"Se re\u00fane Alfonso Mart\u00ednez con productores y liderazgos de Taretan\"}]},{\"@type\":\"WebSite\",\"@id\":\"https:\/\/diarioabcdemichoacan.com.mx\/lasnoticias\/#website\",\"url\":\"https:\/\/diarioabcdemichoacan.com.mx\/lasnoticias\/\",\"name\":\"Diario ABC de Michoac\u00e1n\",\"description\":\"Las noticias al momento\",\"potentialAction\":[{\"@type\":\"SearchAction\",\"target\":{\"@type\":\"EntryPoint\",\"urlTemplate\":\"https:\/\/diarioabcdemichoacan.com.mx\/lasnoticias\/?s={search_term_string}\"},\"query-input\":{\"@type\":\"PropertyValueSpecification\",\"valueRequired\":true,\"valueName\":\"search_term_string\"}}],\"inLanguage\":\"es\"},{\"@type\":\"Person\",\"@id\":\"https:\/\/diarioabcdemichoacan.com.mx\/lasnoticias\/#\/schema\/person\/657e7c20ff5297f317664d985712e8e8\",\"name\":\"MD\",\"image\":{\"@type\":\"ImageObject\",\"inLanguage\":\"es\",\"@id\":\"https:\/\/diarioabcdemichoacan.com.mx\/lasnoticias\/#\/schema\/person\/image\/\",\"url\":\"https:\/\/secure.gravatar.com\/avatar\/a769375eedc94419a5b67bc5d63567af?s=96&d=mm&r=g\",\"contentUrl\":\"https:\/\/secure.gravatar.com\/avatar\/a769375eedc94419a5b67bc5d63567af?s=96&d=mm&r=g\",\"caption\":\"MD\"},\"url\":\"https:\/\/diarioabcdemichoacan.com.mx\/lasnoticias\/author\/merelydpa\/\"}]}<\/script>\n<!-- \/ Yoast SEO plugin. -->","yoast_head_json":{"title":"Se re\u00fane Alfonso Mart\u00ednez con productores y liderazgos de Taretan - Diario ABC de Michoac\u00e1n","robots":{"index":"index","follow":"follow","max-snippet":"max-snippet:-1","max-image-preview":"max-image-preview:large","max-video-preview":"max-video-preview:-1"},"canonical":"https:\/\/diarioabcdemichoacan.com.mx\/lasnoticias\/se-reune-alfonso-martinez-con-productores-y-liderazgos-de-taretan\/","og_locale":"es_ES","og_type":"article","og_title":"Se re\u00fane Alfonso Mart\u00ednez con productores y liderazgos de Taretan - Diario ABC de Michoac\u00e1n","og_description":"Taretan, Michoac\u00e1n.- Taretan es un municipio privilegiado por sus vastos recursos naturales, pero sobre todo, porque tiene gente muy trabajadora, destac\u00f3 el presidente de Morelia, Alfonso Mart\u00ednez Alc\u00e1zar, al atender una invitaci\u00f3n de productores, grupos civiles y liderazgos de la regi\u00f3n. En este municipio ubicado en la zona de transici\u00f3n con la Tierra Caliente, Alfonso [&hellip;]","og_url":"https:\/\/diarioabcdemichoacan.com.mx\/lasnoticias\/se-reune-alfonso-martinez-con-productores-y-liderazgos-de-taretan\/","og_site_name":"Diario ABC de Michoac\u00e1n","article_published_time":"2025-05-18T00:50:31+00:00","og_image":[{"width":800,"height":533,"url":"https:\/\/diarioabcdemichoacan.com.mx\/lasnoticias\/wp-content\/uploads\/2025\/05\/WhatsApp-Image-2025-05-17-at-18.48.12-scaled-e1747529408694.jpeg","type":"image\/jpeg"}],"author":"MD","twitter_card":"summary_large_image","twitter_misc":{"Escrito por":"MD","Tiempo de lectura":"2 minutos"},"schema":{"@context":"https:\/\/schema.org","@graph":[{"@type":"WebPage","@id":"https:\/\/diarioabcdemichoacan.com.mx\/lasnoticias\/se-reune-alfonso-martinez-con-productores-y-liderazgos-de-taretan\/","url":"https:\/\/diarioabcdemichoacan.com.mx\/lasnoticias\/se-reune-alfonso-martinez-con-productores-y-liderazgos-de-taretan\/","name":"Se re\u00fane Alfonso Mart\u00ednez con productores y liderazgos de Taretan - Diario ABC de Michoac\u00e1n","isPartOf":{"@id":"https:\/\/diarioabcdemichoacan.com.mx\/lasnoticias\/#website"},"primaryImageOfPage":{"@id":"https:\/\/diarioabcdemichoacan.com.mx\/lasnoticias\/se-reune-alfonso-martinez-con-productores-y-liderazgos-de-taretan\/#primaryimage"},"image":{"@id":"https:\/\/diarioabcdemichoacan.com.mx\/lasnoticias\/se-reune-alfonso-martinez-con-productores-y-liderazgos-de-taretan\/#primaryimage"},"thumbnailUrl":"https:\/\/diarioabcdemichoacan.com.mx\/lasnoticias\/wp-content\/uploads\/2025\/05\/WhatsApp-Image-2025-05-17-at-18.48.12-scaled-e1747529408694.jpeg","datePublished":"2025-05-18T00:50:31+00:00","dateModified":"2025-05-18T00:50:31+00:00","author":{"@id":"https:\/\/diarioabcdemichoacan.com.mx\/lasnoticias\/#\/schema\/person\/657e7c20ff5297f317664d985712e8e8"},"breadcrumb":{"@id":"https:\/\/diarioabcdemichoacan.com.mx\/lasnoticias\/se-reune-alfonso-martinez-con-productores-y-liderazgos-de-taretan\/#breadcrumb"},"inLanguage":"es","potentialAction":[{"@type":"ReadAction","target":["https:\/\/diarioabcdemichoacan.com.mx\/lasnoticias\/se-reune-alfonso-martinez-con-productores-y-liderazgos-de-taretan\/"]}]},{"@type":"ImageObject","inLanguage":"es","@id":"https:\/\/diarioabcdemichoacan.com.mx\/lasnoticias\/se-reune-alfonso-martinez-con-productores-y-liderazgos-de-taretan\/#primaryimage","url":"https:\/\/diarioabcdemichoacan.com.mx\/lasnoticias\/wp-content\/uploads\/2025\/05\/WhatsApp-Image-2025-05-17-at-18.48.12-scaled-e1747529408694.jpeg","contentUrl":"https:\/\/diarioabcdemichoacan.com.mx\/lasnoticias\/wp-content\/uploads\/2025\/05\/WhatsApp-Image-2025-05-17-at-18.48.12-scaled-e1747529408694.jpeg","width":800,"height":533},{"@type":"BreadcrumbList","@id":"https:\/\/diarioabcdemichoacan.com.mx\/lasnoticias\/se-reune-alfonso-martinez-con-productores-y-liderazgos-de-taretan\/#breadcrumb","itemListElement":[{"@type":"ListItem","position":1,"name":"Portada","item":"https:\/\/diarioabcdemichoacan.com.mx\/lasnoticias\/"},{"@type":"ListItem","position":2,"name":"Se re\u00fane Alfonso Mart\u00ednez con productores y liderazgos de Taretan"}]},{"@type":"WebSite","@id":"https:\/\/diarioabcdemichoacan.com.mx\/lasnoticias\/#website","url":"https:\/\/diarioabcdemichoacan.com.mx\/lasnoticias\/","name":"Diario ABC de Michoac\u00e1n","description":"Las noticias al momento","potentialAction":[{"@type":"SearchAction","target":{"@type":"EntryPoint","urlTemplate":"https:\/\/diarioabcdemichoacan.com.mx\/lasnoticias\/?s={search_term_string}"},"query-input":{"@type":"PropertyValueSpecification","valueRequired":true,"valueName":"search_term_string"}}],"inLanguage":"es"},{"@type":"Person","@id":"https:\/\/diarioabcdemichoacan.com.mx\/lasnoticias\/#\/schema\/person\/657e7c20ff5297f317664d985712e8e8","name":"MD","image":{"@type":"ImageObject","inLanguage":"es","@id":"https:\/\/diarioabcdemichoacan.com.mx\/lasnoticias\/#\/schema\/person\/image\/","url":"https:\/\/secure.gravatar.com\/avatar\/a769375eedc94419a5b67bc5d63567af?s=96&d=mm&r=g","contentUrl":"https:\/\/secure.gravatar.com\/avatar\/a769375eedc94419a5b67bc5d63567af?s=96&d=mm&r=g","caption":"MD"},"url":"https:\/\/diarioabcdemichoacan.com.mx\/lasnoticias\/author\/merelydpa\/"}]}},"_links":{"self":[{"href":"https:\/\/diarioabcdemichoacan.com.mx\/lasnoticias\/wp-json\/wp\/v2\/posts\/59300","targetHints":{"allow":["GET"]}}],"collection":[{"href":"https:\/\/diarioabcdemichoacan.com.mx\/lasnoticias\/wp-json\/wp\/v2\/posts"}],"about":[{"href":"https:\/\/diarioabcdemichoacan.com.mx\/lasnoticias\/wp-json\/wp\/v2\/types\/post"}],"author":[{"embeddable":true,"href":"https:\/\/diarioabcdemichoacan.com.mx\/lasnoticias\/wp-json\/wp\/v2\/users\/8"}],"replies":[{"embeddable":true,"href":"https:\/\/diarioabcdemichoacan.com.mx\/lasnoticias\/wp-json\/wp\/v2\/comments?post=59300"}],"version-history":[{"count":1,"href":"https:\/\/diarioabcdemichoacan.com.mx\/lasnoticias\/wp-json\/wp\/v2\/posts\/59300\/revisions"}],"predecessor-version":[{"id":59304,"href":"https:\/\/diarioabcdemichoacan.com.mx\/lasnoticias\/wp-json\/wp\/v2\/posts\/59300\/revisions\/59304"}],"wp:featuredmedia":[{"embeddable":true,"href":"https:\/\/diarioabcdemichoacan.com.mx\/lasnoticias\/wp-json\/wp\/v2\/media\/59302"}],"wp:attachment":[{"href":"https:\/\/diarioabcdemichoacan.com.mx\/lasnoticias\/wp-json\/wp\/v2\/media?parent=59300"}],"wp:term":[{"taxonomy":"category","embeddable":true,"href":"https:\/\/diarioabcdemichoacan.com.mx\/lasnoticias\/wp-json\/wp\/v2\/categories?post=59300"},{"taxonomy":"post_tag","embeddable":true,"href":"https:\/\/diarioabcdemichoacan.com.mx\/lasnoticias\/wp-json\/wp\/v2\/tags?post=59300"}],"curies":[{"name":"wp","href":"https:\/\/api.w.org\/{rel}","templated":true}]}}